{"id":10200,"date":"2020-02-06T15:12:34","date_gmt":"2020-02-06T17:12:34","guid":{"rendered":"https:\/\/meusitejuridico.editorajuspodivm.com.br\/?p=10200"},"modified":"2022-01-18T16:24:02","modified_gmt":"2022-01-18T19:24:02","slug":"com-sete-votos-maioria-dos-ministros-decide-que-acordao-confirmatorio-da-condenacao-interrompe-prescricao","status":"publish","type":"post","link":"https:\/\/cdn.meusitejuridico.com.br\/2020\/02\/06\/com-sete-votos-maioria-dos-ministros-decide-que-acordao-confirmatorio-da-condenacao-interrompe-prescricao\/","title":{"rendered":"Com sete votos, maioria dos ministros decide que ac\u00f3rd\u00e3o confirmat\u00f3rio da condena\u00e7\u00e3o interrompe a prescri\u00e7\u00e3o"},"content":{"rendered":"<p>O inciso IV do art. 117 do C\u00f3digo Penal foi modificado pela Lei n\u00ba 11.596\/07 para anunciar que, al\u00e9m da senten\u00e7a condenat\u00f3ria, tamb\u00e9m o ac\u00f3rd\u00e3o condenat\u00f3rio interrompe o curso da prescri\u00e7\u00e3o. Antes, t\u00e3o somente a senten\u00e7a condenat\u00f3ria recorr\u00edvel era causa de interrup\u00e7\u00e3o. Com a edi\u00e7\u00e3o da lei, duas orienta\u00e7\u00f5es passaram a debater qual esp\u00e9cie de ac\u00f3rd\u00e3o condenat\u00f3rio recorr\u00edvel tem efeito interruptivo.<\/p>\n<p>H\u00e1 quem sustente que a altera\u00e7\u00e3o contempla <strong>somente os ac\u00f3rd\u00e3os condenat\u00f3rios em a\u00e7\u00f5es penais origin\u00e1rias e os reformat\u00f3rios da absolvi\u00e7\u00e3o em primeira inst\u00e2ncia<\/strong>. Por isso, tendo havido condena\u00e7\u00e3o em primeira inst\u00e2ncia, o ac\u00f3rd\u00e3o que simplesmente a confirma, negando provimento ao recurso da defesa, ou que somente majora a pena, n\u00e3o interrompe o prazo prescricional. Aqueles adeptos desta orienta\u00e7\u00e3o se alicer\u00e7am no fato de que a lei lan\u00e7a m\u00e3o da part\u00edcula \u201cou\u201d entre as express\u00f5es \u201cpublica\u00e7\u00e3o de senten\u00e7a\u201d e \u201cac\u00f3rd\u00e3o condenat\u00f3rio\u201d; logo, exclui-se a possibilidade de que ambos irradiem efeitos interruptivos do prazo fatal. Sintetizando este entendimento, temos o seguinte aresto do Superior Tribunal de Justi\u00e7a:<\/p>\n<p style=\"padding-left: 60px;\">\u201c1. O curso da prescri\u00e7\u00e3o interrompe-se pela publica\u00e7\u00e3o da senten\u00e7a ou do ac\u00f3rd\u00e3o condenat\u00f3rio recorr\u00edveis, o que ocorrer em primeiro lugar (art. 117, IV, do C\u00f3digo Penal). 2. A Corte Especial deste Tribunal Superior, no julgamento do AgRg no RE nos EDcl no REsp n. 1.301.820\/RJ (relator Ministro Humberto Martins, DJe 24\/11\/2016), pacificou o entendimento de que o ac\u00f3rd\u00e3o confirmat\u00f3rio da condena\u00e7\u00e3o n\u00e3o constitui novo marco interruptivo prescricional, ainda que modifique a pena fixada\u201d (AgRg nos EDcl no AREsp 359.573\/SP, j. 05\/09\/2019).<\/p>\n<p>Outra orienta\u00e7\u00e3o defende que a interrup\u00e7\u00e3o do prazo prescricional se d\u00e1 <strong>inclusive pelo ac\u00f3rd\u00e3o que se limita a confirmar a condena\u00e7\u00e3o de primeira inst\u00e2ncia ou a aumentar a pena<\/strong>, segundo, ali\u00e1s, deixou claro o relat\u00f3rio do projeto da lei que viria a alterar o C\u00f3digo Penal:<\/p>\n<p style=\"padding-left: 60px;\">\u201cO texto atual do C\u00f3digo Penal se refere \u00e0 senten\u00e7a condenat\u00f3ria recorr\u00edvel. O Projeto passa a fixar a data da publica\u00e7\u00e3o, n\u00e3o deixando margem a d\u00favidas quanto ao momento da senten\u00e7a, que ser\u00e1 o da publica\u00e7\u00e3o, e n\u00e3o o de sua prola\u00e7\u00e3o. Tamb\u00e9m o Projeto inclui, nesse inciso, a publica\u00e7\u00e3o do ac\u00f3rd\u00e3o condenat\u00f3rio recorr\u00edvel, contemplando a hip\u00f3tese de confirma\u00e7\u00e3o de condena\u00e7\u00e3o de primeira inst\u00e2ncia em grau recursal\u201d.<\/p>\n<p>Esta orienta\u00e7\u00e3o \u00e9 adotada h\u00e1 algum tempo pela 1\u00aa Turma do STF:<\/p>\n<p style=\"padding-left: 60px;\">\u201c1. A prescri\u00e7\u00e3o \u00e9, como se sabe, o perecimento da pretens\u00e3o punitiva ou da pretens\u00e3o execut\u00f3ria pela in\u00e9rcia do pr\u00f3prio Estado. No art. 117 do C\u00f3digo Penal, que deve ser interpretado de forma sistem\u00e1tica, todas as causas interruptivas da prescri\u00e7\u00e3o demonstram, em cada inciso, que o Estado n\u00e3o est\u00e1 inerte. 2. N\u00e3o obstante a posi\u00e7\u00e3o de parte da doutrina, o C\u00f3digo Penal n\u00e3o faz distin\u00e7\u00e3o entre ac\u00f3rd\u00e3o condenat\u00f3rio inicial e ac\u00f3rd\u00e3o condenat\u00f3rio confirmat\u00f3rio da decis\u00e3o. N\u00e3o h\u00e1, sistematicamente, justificativa para tratamentos d\u00edspares. 3. A ideia de prescri\u00e7\u00e3o est\u00e1 vinculada \u00e0 in\u00e9rcia estatal e o que existe na confirma\u00e7\u00e3o da condena\u00e7\u00e3o \u00e9 a atua\u00e7\u00e3o do Tribunal. Consequentemente, se o Estado n\u00e3o est\u00e1 inerte, h\u00e1 necessidade de se interromper a prescri\u00e7\u00e3o para o cumprimento do devido processo legal\u201d (RE 1.182.718 AgR\/RS, j. 15\/03\/2019).<\/p>\n<p>A 2\u00aa Turma, por sua vez, vinha se orientando em sentido diverso:<\/p>\n<p style=\"padding-left: 60px;\">\u201cJurisprud\u00eancia desta Suprema Corte, cujas decis\u00f5es corretamente distinguem, para efeito de interrup\u00e7\u00e3o da\u00a0prescri\u00e7\u00e3o\u00a0penal (CP, art. 117, IV), entre\u00a0ac\u00f3rd\u00e3o\u00a0condenat\u00f3rio e\u00a0ac\u00f3rd\u00e3o\u00a0meramente confirmat\u00f3rio de anterior condena\u00e7\u00e3o penal, em ordem a n\u00e3o atribuir efic\u00e1cia interruptiva do lapso prescricional \u00e0 decis\u00e3o do Tribunal que simplesmente nega provimento ao recurso interposto pelo r\u00e9u contra anterior senten\u00e7a condenat\u00f3ria. Precedentes. Doutrina\u201d (RE 1.227.490 AgR\/RS, j. 29\/11\/2019).<\/p>\n<p>Em sess\u00e3o plen\u00e1ria realizada ontem (05\/02\/2020), a maioria dos ministros adotou a orienta\u00e7\u00e3o da 1\u00aa Turma. Interrompido por pedido de vista do ministro Dias Toffoli, o julgamento do HC 176.473 teve sete votos favor\u00e1veis e dois votos contr\u00e1rios \u00e0 interrup\u00e7\u00e3o do prazo prescricional pelo acord\u00e3o confirmat\u00f3rio da condena\u00e7\u00e3o.<\/p>\n<p>Em resumo, para os ministros contr\u00e1rios \u00e0 interrup\u00e7\u00e3o o ac\u00f3rd\u00e3o que simplesmente confirma a condena\u00e7\u00e3o ou altera a pena n\u00e3o tem natureza substitutiva, mas meramente declarat\u00f3ria da situa\u00e7\u00e3o jur\u00eddica que se firmou na senten\u00e7a de primeiro grau. Por isso, o ac\u00f3rd\u00e3o de que trata o art. 117 do CP \u00e9 apenas o condenat\u00f3rio. Interpreta\u00e7\u00e3o diversa contraria a natureza do instituto da prescri\u00e7\u00e3o e viola o direito fundamental ao julgamento em prazo razo\u00e1vel.<\/p>\n<p>J\u00e1 os ministros que votaram pela tese da interrup\u00e7\u00e3o o fizeram sob o fundamento de que a prescri\u00e7\u00e3o \u00e9 uma esp\u00e9cie de puni\u00e7\u00e3o pela in\u00e9rcia do Estado, que, obviamente, n\u00e3o pode ser invocada quando atuam os \u00f3rg\u00e3os de justi\u00e7a criminal, ainda que em segunda inst\u00e2ncia e em car\u00e1ter apenas reiterativo. Al\u00e9m disso, o texto do inciso IV do art. 117 n\u00e3o faz nenhuma distin\u00e7\u00e3o entre o acord\u00e3o condenat\u00f3rio e o confirmat\u00f3rio, e n\u00e3o h\u00e1 raz\u00f5es plaus\u00edveis para interromper a prescri\u00e7\u00e3o quando um r\u00e9u \u00e9 absolvido na primeira inst\u00e2ncia e condenado na segunda e n\u00e3o o fazer quando \u00e9 condenado nas duas inst\u00e2ncias. Concluindo o voto, o relator prop\u00f4s a seguinte tese, adotada por outros seis ministros:<\/p>\n<p style=\"padding-left: 60px;\">\u201cNos termos do inciso IV do artigo 117 do C\u00f3digo Penal, o ac\u00f3rd\u00e3o condenat\u00f3rio sempre interrompe a prescri\u00e7\u00e3o, inclusive quando confirmat\u00f3rio da senten\u00e7a de primeiro grau, seja mantendo, reduzindo ou aumentando a pena anteriormente imposta\u201d.<\/p>\n<p><strong>Para se aprofundar, recomendamos:<\/strong><\/p>\n<p>Livro:\u00a0<a href=\"https:\/\/www.editorajuspodivm.com.br\/manual-de-direito-penal-parte-geral-2020\" target=\"_blank\" rel=\"noopener\">Manual de Direito Penal (parte geral)<\/a><\/p>\n","protected":false},"excerpt":{"rendered":"<p>O inciso IV do art. 117 do C\u00f3digo Penal foi modificado pela Lei n\u00ba 11.596\/07 para anunciar que, al\u00e9m da senten\u00e7a condenat\u00f3ria, tamb\u00e9m o ac\u00f3rd\u00e3o condenat\u00f3rio interrompe o curso da prescri\u00e7\u00e3o. Antes, t\u00e3o somente a senten\u00e7a condenat\u00f3ria recorr\u00edvel era causa de interrup\u00e7\u00e3o. Com a edi\u00e7\u00e3o da lei, duas orienta\u00e7\u00f5es passaram a debater qual esp\u00e9cie de [&hellip;]<\/p>\n","protected":false},"author":3,"featured_media":10204,"comment_status":"open","ping_status":"open","sticky":false,"template":"","format":"standard","meta":{"_acf_changed":false,"footnotes":""},"categories":[75,79],"tags":[1027,2806,3088,3089,107,2152,111],"class_list":["post-10200","post","type-post","status-publish","format-standard","has-post-thumbnail","hentry","category-jurisprudencia-comentada","category-informativos-stf","tag-acordao","tag-art-117","tag-condenatorio","tag-confirmatorio","tag-direito-penal","tag-interrupcao","tag-prescricao"],"acf":[],"yoast_head":"<!-- This site is optimized with the Yoast SEO plugin v24.8.1 - https:\/\/yoast.com\/wordpress\/plugins\/seo\/ -->\n<title>Com sete votos, maioria dos ministros decide que ac\u00f3rd\u00e3o confirmat\u00f3rio da condena\u00e7\u00e3o interrompe a prescri\u00e7\u00e3o - Meu site jur\u00eddico<\/title>\n<meta name=\"robots\" content=\"index, follow, max-snippet:-1, max-image-preview:large, max-video-preview:-1\" \/>\n<link rel=\"canonical\" href=\"https:\/\/meusitejuridico.com.br\/2020\/02\/06\/com-sete-votos-maioria-dos-ministros-decide-que-acordao-confirmatorio-da-condenacao-interrompe-prescricao\/\" \/>\n<meta property=\"og:locale\" content=\"pt_BR\" \/>\n<meta property=\"og:type\" content=\"article\" \/>\n<meta property=\"og:title\" content=\"Com sete votos, maioria dos ministros decide que ac\u00f3rd\u00e3o confirmat\u00f3rio da condena\u00e7\u00e3o interrompe a prescri\u00e7\u00e3o - Meu site jur\u00eddico\" \/>\n<meta property=\"og:description\" content=\"O inciso IV do art. 117 do C\u00f3digo Penal foi modificado pela Lei n\u00ba 11.596\/07 para anunciar que, al\u00e9m da senten\u00e7a condenat\u00f3ria, tamb\u00e9m o ac\u00f3rd\u00e3o condenat\u00f3rio interrompe o curso da prescri\u00e7\u00e3o. Antes, t\u00e3o somente a senten\u00e7a condenat\u00f3ria recorr\u00edvel era causa de interrup\u00e7\u00e3o. Com a edi\u00e7\u00e3o da lei, duas orienta\u00e7\u00f5es passaram a debater qual esp\u00e9cie de [&hellip;]\" \/>\n<meta property=\"og:url\" content=\"https:\/\/meusitejuridico.com.br\/2020\/02\/06\/com-sete-votos-maioria-dos-ministros-decide-que-acordao-confirmatorio-da-condenacao-interrompe-prescricao\/\" \/>\n<meta property=\"og:site_name\" content=\"Meu site jur\u00eddico\" \/>\n<meta property=\"article:author\" content=\"https:\/\/www.facebook.com\/RogerioSanchesC\" \/>\n<meta property=\"article:published_time\" content=\"2020-02-06T17:12:34+00:00\" \/>\n<meta property=\"article:modified_time\" content=\"2022-01-18T19:24:02+00:00\" \/>\n<meta property=\"og:image\" content=\"https:\/\/meusitejuridico.com.br\/s.meusitejuridico\/2020\/02\/1695243a-shutterstock-1410054074.jpg\" \/>\n\t<meta property=\"og:image:width\" content=\"1280\" \/>\n\t<meta property=\"og:image:height\" content=\"719\" \/>\n\t<meta property=\"og:image:type\" content=\"image\/jpeg\" \/>\n<meta name=\"author\" content=\"Rog\u00e9rio Sanches Cunha\" \/>\n<meta name=\"twitter:card\" content=\"summary_large_image\" \/>\n<meta name=\"twitter:creator\" content=\"@RogerioSanchesC\" \/>\n<meta name=\"twitter:label1\" content=\"Escrito por\" \/>\n\t<meta name=\"twitter:data1\" content=\"Rog\u00e9rio Sanches Cunha\" \/>\n\t<meta name=\"twitter:label2\" content=\"Est. tempo de leitura\" \/>\n\t<meta name=\"twitter:data2\" content=\"5 minutos\" \/>\n<script type=\"application\/ld+json\" class=\"yoast-schema-graph\">{\"@context\":\"https:\/\/schema.org\",\"@graph\":[{\"@type\":\"Article\",\"@id\":\"https:\/\/meusitejuridico.com.br\/2020\/02\/06\/com-sete-votos-maioria-dos-ministros-decide-que-acordao-confirmatorio-da-condenacao-interrompe-prescricao\/#article\",\"isPartOf\":{\"@id\":\"https:\/\/meusitejuridico.com.br\/2020\/02\/06\/com-sete-votos-maioria-dos-ministros-decide-que-acordao-confirmatorio-da-condenacao-interrompe-prescricao\/\"},\"author\":{\"name\":\"Rog\u00e9rio Sanches Cunha\",\"@id\":\"https:\/\/meusitejuridico.editorajuspodivm.com.br\/#\/schema\/person\/a3cebf06fd267ee700aae09eb6722d16\"},\"headline\":\"Com sete votos, maioria dos ministros decide que ac\u00f3rd\u00e3o confirmat\u00f3rio da condena\u00e7\u00e3o interrompe a prescri\u00e7\u00e3o\",\"datePublished\":\"2020-02-06T17:12:34+00:00\",\"dateModified\":\"2022-01-18T19:24:02+00:00\",\"mainEntityOfPage\":{\"@id\":\"https:\/\/meusitejuridico.com.br\/2020\/02\/06\/com-sete-votos-maioria-dos-ministros-decide-que-acordao-confirmatorio-da-condenacao-interrompe-prescricao\/\"},\"wordCount\":1045,\"commentCount\":0,\"publisher\":{\"@id\":\"https:\/\/meusitejuridico.editorajuspodivm.com.br\/#organization\"},\"image\":{\"@id\":\"https:\/\/meusitejuridico.com.br\/2020\/02\/06\/com-sete-votos-maioria-dos-ministros-decide-que-acordao-confirmatorio-da-condenacao-interrompe-prescricao\/#primaryimage\"},\"thumbnailUrl\":\"https:\/\/cdn.meusitejuridico.com.br\/s.meusitejuridico\/2020\/02\/1695243a-shutterstock-1410054074.jpg\",\"keywords\":[\"ac\u00f3rd\u00e3o\",\"art. 117\",\"condenat\u00f3rio\",\"confirmat\u00f3rio\",\"Direito Penal\",\"interrup\u00e7\u00e3o\",\"Prescri\u00e7\u00e3o\"],\"articleSection\":[\"Jurisprud\u00eancia\",\"STF\"],\"inLanguage\":\"pt-BR\",\"potentialAction\":[{\"@type\":\"CommentAction\",\"name\":\"Comment\",\"target\":[\"https:\/\/meusitejuridico.com.br\/2020\/02\/06\/com-sete-votos-maioria-dos-ministros-decide-que-acordao-confirmatorio-da-condenacao-interrompe-prescricao\/#respond\"]}]},{\"@type\":\"WebPage\",\"@id\":\"https:\/\/meusitejuridico.com.br\/2020\/02\/06\/com-sete-votos-maioria-dos-ministros-decide-que-acordao-confirmatorio-da-condenacao-interrompe-prescricao\/\",\"url\":\"https:\/\/meusitejuridico.com.br\/2020\/02\/06\/com-sete-votos-maioria-dos-ministros-decide-que-acordao-confirmatorio-da-condenacao-interrompe-prescricao\/\",\"name\":\"Com sete votos, maioria dos ministros decide que ac\u00f3rd\u00e3o confirmat\u00f3rio da condena\u00e7\u00e3o interrompe a prescri\u00e7\u00e3o - Meu site jur\u00eddico\",\"isPartOf\":{\"@id\":\"https:\/\/meusitejuridico.editorajuspodivm.com.br\/#website\"},\"primaryImageOfPage\":{\"@id\":\"https:\/\/meusitejuridico.com.br\/2020\/02\/06\/com-sete-votos-maioria-dos-ministros-decide-que-acordao-confirmatorio-da-condenacao-interrompe-prescricao\/#primaryimage\"},\"image\":{\"@id\":\"https:\/\/meusitejuridico.com.br\/2020\/02\/06\/com-sete-votos-maioria-dos-ministros-decide-que-acordao-confirmatorio-da-condenacao-interrompe-prescricao\/#primaryimage\"},\"thumbnailUrl\":\"https:\/\/cdn.meusitejuridico.com.br\/s.meusitejuridico\/2020\/02\/1695243a-shutterstock-1410054074.jpg\",\"datePublished\":\"2020-02-06T17:12:34+00:00\",\"dateModified\":\"2022-01-18T19:24:02+00:00\",\"breadcrumb\":{\"@id\":\"https:\/\/meusitejuridico.com.br\/2020\/02\/06\/com-sete-votos-maioria-dos-ministros-decide-que-acordao-confirmatorio-da-condenacao-interrompe-prescricao\/#breadcrumb\"},\"inLanguage\":\"pt-BR\",\"potentialAction\":[{\"@type\":\"ReadAction\",\"target\":[\"https:\/\/meusitejuridico.com.br\/2020\/02\/06\/com-sete-votos-maioria-dos-ministros-decide-que-acordao-confirmatorio-da-condenacao-interrompe-prescricao\/\"]}]},{\"@type\":\"ImageObject\",\"inLanguage\":\"pt-BR\",\"@id\":\"https:\/\/meusitejuridico.com.br\/2020\/02\/06\/com-sete-votos-maioria-dos-ministros-decide-que-acordao-confirmatorio-da-condenacao-interrompe-prescricao\/#primaryimage\",\"url\":\"https:\/\/cdn.meusitejuridico.com.br\/s.meusitejuridico\/2020\/02\/1695243a-shutterstock-1410054074.jpg\",\"contentUrl\":\"https:\/\/cdn.meusitejuridico.com.br\/s.meusitejuridico\/2020\/02\/1695243a-shutterstock-1410054074.jpg\",\"width\":1280,\"height\":719},{\"@type\":\"BreadcrumbList\",\"@id\":\"https:\/\/meusitejuridico.com.br\/2020\/02\/06\/com-sete-votos-maioria-dos-ministros-decide-que-acordao-confirmatorio-da-condenacao-interrompe-prescricao\/#breadcrumb\",\"itemListElement\":[{\"@type\":\"ListItem\",\"position\":1,\"name\":\"In\u00edcio\",\"item\":\"https:\/\/meusitejuridico.editorajuspodivm.com.br\/\"},{\"@type\":\"ListItem\",\"position\":2,\"name\":\"Com sete votos, maioria dos ministros decide que ac\u00f3rd\u00e3o confirmat\u00f3rio da condena\u00e7\u00e3o interrompe a prescri\u00e7\u00e3o\"}]},{\"@type\":\"WebSite\",\"@id\":\"https:\/\/meusitejuridico.editorajuspodivm.com.br\/#website\",\"url\":\"https:\/\/meusitejuridico.editorajuspodivm.com.br\/\",\"name\":\"Meu site jur\u00eddico\",\"description\":\"Meu site jur\u00eddico\",\"publisher\":{\"@id\":\"https:\/\/meusitejuridico.editorajuspodivm.com.br\/#organization\"},\"potentialAction\":[{\"@type\":\"SearchAction\",\"target\":{\"@type\":\"EntryPoint\",\"urlTemplate\":\"https:\/\/meusitejuridico.editorajuspodivm.com.br\/?s={search_term_string}\"},\"query-input\":{\"@type\":\"PropertyValueSpecification\",\"valueRequired\":true,\"valueName\":\"search_term_string\"}}],\"inLanguage\":\"pt-BR\"},{\"@type\":\"Organization\",\"@id\":\"https:\/\/meusitejuridico.editorajuspodivm.com.br\/#organization\",\"name\":\"Meu site jur\u00eddico\",\"url\":\"https:\/\/meusitejuridico.editorajuspodivm.com.br\/\",\"logo\":{\"@type\":\"ImageObject\",\"inLanguage\":\"pt-BR\",\"@id\":\"https:\/\/meusitejuridico.editorajuspodivm.com.br\/#\/schema\/logo\/image\/\",\"url\":\"https:\/\/cdn.meusitejuridico.com.br\/s.meusitejuridico\/2022\/03\/cropped-baeec2a3-msj-02-01-01.png\",\"contentUrl\":\"https:\/\/cdn.meusitejuridico.com.br\/s.meusitejuridico\/2022\/03\/cropped-baeec2a3-msj-02-01-01.png\",\"width\":349,\"height\":243,\"caption\":\"Meu site jur\u00eddico\"},\"image\":{\"@id\":\"https:\/\/meusitejuridico.editorajuspodivm.com.br\/#\/schema\/logo\/image\/\"}},{\"@type\":\"Person\",\"@id\":\"https:\/\/meusitejuridico.editorajuspodivm.com.br\/#\/schema\/person\/a3cebf06fd267ee700aae09eb6722d16\",\"name\":\"Rog\u00e9rio Sanches Cunha\",\"image\":{\"@type\":\"ImageObject\",\"inLanguage\":\"pt-BR\",\"@id\":\"https:\/\/meusitejuridico.editorajuspodivm.com.br\/#\/schema\/person\/image\/\",\"url\":\"https:\/\/cdn.meusitejuridico.com.br\/s.meusitejuridico\/2023\/04\/7de31285-rsc-0054-scaled-e1681840173909-150x150.jpg\",\"contentUrl\":\"https:\/\/cdn.meusitejuridico.com.br\/s.meusitejuridico\/2023\/04\/7de31285-rsc-0054-scaled-e1681840173909-150x150.jpg\",\"caption\":\"Rog\u00e9rio Sanches Cunha\"},\"description\":\"Membro do Ministe\u0301rio Pu\u0301blico do Estado de Sa\u0303o Paulo. Professor da Escola Superior do Ministe\u0301rio Pu\u0301blico dos estados de Sa\u0303o Paulo, Mato Grosso e Santa Catarina. Coordenador Pedag\u00f3gico e Professor de Penal e Processo Penal do Curso RSConline. Fundador do site www.meusitejuridico.com.br. Cofundador e coordenador pedago\u0301gico do JUSPLAY. Autor de obras juri\u0301dicas.\",\"sameAs\":[\"https:\/\/www.editorajuspodivm.com.br\/autores\/detalhe\/107?idtag=ebe04ee0-bb3c-4b7f-96b9-fcd9428789d5\",\"https:\/\/www.facebook.com\/RogerioSanchesC\",\"https:\/\/www.instagram.com\/rogeriosanchescunha\/\",\"https:\/\/x.com\/RogerioSanchesC\",\"https:\/\/www.youtube.com\/user\/RogerioSanchesC\"],\"url\":\"https:\/\/cdn.meusitejuridico.com.br\/author\/redesrogeriogmail-com\/\"}]}<\/script>\n<!-- \/ Yoast SEO plugin. -->","yoast_head_json":{"title":"Com sete votos, maioria dos ministros decide que ac\u00f3rd\u00e3o confirmat\u00f3rio da condena\u00e7\u00e3o interrompe a prescri\u00e7\u00e3o - Meu site jur\u00eddico","robots":{"index":"index","follow":"follow","max-snippet":"max-snippet:-1","max-image-preview":"max-image-preview:large","max-video-preview":"max-video-preview:-1"},"canonical":"https:\/\/meusitejuridico.com.br\/2020\/02\/06\/com-sete-votos-maioria-dos-ministros-decide-que-acordao-confirmatorio-da-condenacao-interrompe-prescricao\/","og_locale":"pt_BR","og_type":"article","og_title":"Com sete votos, maioria dos ministros decide que ac\u00f3rd\u00e3o confirmat\u00f3rio da condena\u00e7\u00e3o interrompe a prescri\u00e7\u00e3o - Meu site jur\u00eddico","og_description":"O inciso IV do art. 117 do C\u00f3digo Penal foi modificado pela Lei n\u00ba 11.596\/07 para anunciar que, al\u00e9m da senten\u00e7a condenat\u00f3ria, tamb\u00e9m o ac\u00f3rd\u00e3o condenat\u00f3rio interrompe o curso da prescri\u00e7\u00e3o. Antes, t\u00e3o somente a senten\u00e7a condenat\u00f3ria recorr\u00edvel era causa de interrup\u00e7\u00e3o. Com a edi\u00e7\u00e3o da lei, duas orienta\u00e7\u00f5es passaram a debater qual esp\u00e9cie de [&hellip;]","og_url":"https:\/\/meusitejuridico.com.br\/2020\/02\/06\/com-sete-votos-maioria-dos-ministros-decide-que-acordao-confirmatorio-da-condenacao-interrompe-prescricao\/","og_site_name":"Meu site jur\u00eddico","article_author":"https:\/\/www.facebook.com\/RogerioSanchesC","article_published_time":"2020-02-06T17:12:34+00:00","article_modified_time":"2022-01-18T19:24:02+00:00","og_image":[{"width":1280,"height":719,"url":"https:\/\/meusitejuridico.com.br\/s.meusitejuridico\/2020\/02\/1695243a-shutterstock-1410054074.jpg","type":"image\/jpeg"}],"author":"Rog\u00e9rio Sanches Cunha","twitter_card":"summary_large_image","twitter_creator":"@RogerioSanchesC","twitter_misc":{"Escrito por":"Rog\u00e9rio Sanches Cunha","Est. tempo de leitura":"5 minutos"},"schema":{"@context":"https:\/\/schema.org","@graph":[{"@type":"Article","@id":"https:\/\/meusitejuridico.com.br\/2020\/02\/06\/com-sete-votos-maioria-dos-ministros-decide-que-acordao-confirmatorio-da-condenacao-interrompe-prescricao\/#article","isPartOf":{"@id":"https:\/\/meusitejuridico.com.br\/2020\/02\/06\/com-sete-votos-maioria-dos-ministros-decide-que-acordao-confirmatorio-da-condenacao-interrompe-prescricao\/"},"author":{"name":"Rog\u00e9rio Sanches Cunha","@id":"https:\/\/meusitejuridico.editorajuspodivm.com.br\/#\/schema\/person\/a3cebf06fd267ee700aae09eb6722d16"},"headline":"Com sete votos, maioria dos ministros decide que ac\u00f3rd\u00e3o confirmat\u00f3rio da condena\u00e7\u00e3o interrompe a prescri\u00e7\u00e3o","datePublished":"2020-02-06T17:12:34+00:00","dateModified":"2022-01-18T19:24:02+00:00","mainEntityOfPage":{"@id":"https:\/\/meusitejuridico.com.br\/2020\/02\/06\/com-sete-votos-maioria-dos-ministros-decide-que-acordao-confirmatorio-da-condenacao-interrompe-prescricao\/"},"wordCount":1045,"commentCount":0,"publisher":{"@id":"https:\/\/meusitejuridico.editorajuspodivm.com.br\/#organization"},"image":{"@id":"https:\/\/meusitejuridico.com.br\/2020\/02\/06\/com-sete-votos-maioria-dos-ministros-decide-que-acordao-confirmatorio-da-condenacao-interrompe-prescricao\/#primaryimage"},"thumbnailUrl":"https:\/\/cdn.meusitejuridico.com.br\/s.meusitejuridico\/2020\/02\/1695243a-shutterstock-1410054074.jpg","keywords":["ac\u00f3rd\u00e3o","art. 117","condenat\u00f3rio","confirmat\u00f3rio","Direito Penal","interrup\u00e7\u00e3o","Prescri\u00e7\u00e3o"],"articleSection":["Jurisprud\u00eancia","STF"],"inLanguage":"pt-BR","potentialAction":[{"@type":"CommentAction","name":"Comment","target":["https:\/\/meusitejuridico.com.br\/2020\/02\/06\/com-sete-votos-maioria-dos-ministros-decide-que-acordao-confirmatorio-da-condenacao-interrompe-prescricao\/#respond"]}]},{"@type":"WebPage","@id":"https:\/\/meusitejuridico.com.br\/2020\/02\/06\/com-sete-votos-maioria-dos-ministros-decide-que-acordao-confirmatorio-da-condenacao-interrompe-prescricao\/","url":"https:\/\/meusitejuridico.com.br\/2020\/02\/06\/com-sete-votos-maioria-dos-ministros-decide-que-acordao-confirmatorio-da-condenacao-interrompe-prescricao\/","name":"Com sete votos, maioria dos ministros decide que ac\u00f3rd\u00e3o confirmat\u00f3rio da condena\u00e7\u00e3o interrompe a prescri\u00e7\u00e3o - Meu site jur\u00eddico","isPartOf":{"@id":"https:\/\/meusitejuridico.editorajuspodivm.com.br\/#website"},"primaryImageOfPage":{"@id":"https:\/\/meusitejuridico.com.br\/2020\/02\/06\/com-sete-votos-maioria-dos-ministros-decide-que-acordao-confirmatorio-da-condenacao-interrompe-prescricao\/#primaryimage"},"image":{"@id":"https:\/\/meusitejuridico.com.br\/2020\/02\/06\/com-sete-votos-maioria-dos-ministros-decide-que-acordao-confirmatorio-da-condenacao-interrompe-prescricao\/#primaryimage"},"thumbnailUrl":"https:\/\/cdn.meusitejuridico.com.br\/s.meusitejuridico\/2020\/02\/1695243a-shutterstock-1410054074.jpg","datePublished":"2020-02-06T17:12:34+00:00","dateModified":"2022-01-18T19:24:02+00:00","breadcrumb":{"@id":"https:\/\/meusitejuridico.com.br\/2020\/02\/06\/com-sete-votos-maioria-dos-ministros-decide-que-acordao-confirmatorio-da-condenacao-interrompe-prescricao\/#breadcrumb"},"inLanguage":"pt-BR","potentialAction":[{"@type":"ReadAction","target":["https:\/\/meusitejuridico.com.br\/2020\/02\/06\/com-sete-votos-maioria-dos-ministros-decide-que-acordao-confirmatorio-da-condenacao-interrompe-prescricao\/"]}]},{"@type":"ImageObject","inLanguage":"pt-BR","@id":"https:\/\/meusitejuridico.com.br\/2020\/02\/06\/com-sete-votos-maioria-dos-ministros-decide-que-acordao-confirmatorio-da-condenacao-interrompe-prescricao\/#primaryimage","url":"https:\/\/cdn.meusitejuridico.com.br\/s.meusitejuridico\/2020\/02\/1695243a-shutterstock-1410054074.jpg","contentUrl":"https:\/\/cdn.meusitejuridico.com.br\/s.meusitejuridico\/2020\/02\/1695243a-shutterstock-1410054074.jpg","width":1280,"height":719},{"@type":"BreadcrumbList","@id":"https:\/\/meusitejuridico.com.br\/2020\/02\/06\/com-sete-votos-maioria-dos-ministros-decide-que-acordao-confirmatorio-da-condenacao-interrompe-prescricao\/#breadcrumb","itemListElement":[{"@type":"ListItem","position":1,"name":"In\u00edcio","item":"https:\/\/meusitejuridico.editorajuspodivm.com.br\/"},{"@type":"ListItem","position":2,"name":"Com sete votos, maioria dos ministros decide que ac\u00f3rd\u00e3o confirmat\u00f3rio da condena\u00e7\u00e3o interrompe a prescri\u00e7\u00e3o"}]},{"@type":"WebSite","@id":"https:\/\/meusitejuridico.editorajuspodivm.com.br\/#website","url":"https:\/\/meusitejuridico.editorajuspodivm.com.br\/","name":"Meu site jur\u00eddico","description":"Meu site jur\u00eddico","publisher":{"@id":"https:\/\/meusitejuridico.editorajuspodivm.com.br\/#organization"},"potentialAction":[{"@type":"SearchAction","target":{"@type":"EntryPoint","urlTemplate":"https:\/\/meusitejuridico.editorajuspodivm.com.br\/?s={search_term_string}"},"query-input":{"@type":"PropertyValueSpecification","valueRequired":true,"valueName":"search_term_string"}}],"inLanguage":"pt-BR"},{"@type":"Organization","@id":"https:\/\/meusitejuridico.editorajuspodivm.com.br\/#organization","name":"Meu site jur\u00eddico","url":"https:\/\/meusitejuridico.editorajuspodivm.com.br\/","logo":{"@type":"ImageObject","inLanguage":"pt-BR","@id":"https:\/\/meusitejuridico.editorajuspodivm.com.br\/#\/schema\/logo\/image\/","url":"https:\/\/cdn.meusitejuridico.com.br\/s.meusitejuridico\/2022\/03\/cropped-baeec2a3-msj-02-01-01.png","contentUrl":"https:\/\/cdn.meusitejuridico.com.br\/s.meusitejuridico\/2022\/03\/cropped-baeec2a3-msj-02-01-01.png","width":349,"height":243,"caption":"Meu site jur\u00eddico"},"image":{"@id":"https:\/\/meusitejuridico.editorajuspodivm.com.br\/#\/schema\/logo\/image\/"}},{"@type":"Person","@id":"https:\/\/meusitejuridico.editorajuspodivm.com.br\/#\/schema\/person\/a3cebf06fd267ee700aae09eb6722d16","name":"Rog\u00e9rio Sanches Cunha","image":{"@type":"ImageObject","inLanguage":"pt-BR","@id":"https:\/\/meusitejuridico.editorajuspodivm.com.br\/#\/schema\/person\/image\/","url":"https:\/\/cdn.meusitejuridico.com.br\/s.meusitejuridico\/2023\/04\/7de31285-rsc-0054-scaled-e1681840173909-150x150.jpg","contentUrl":"https:\/\/cdn.meusitejuridico.com.br\/s.meusitejuridico\/2023\/04\/7de31285-rsc-0054-scaled-e1681840173909-150x150.jpg","caption":"Rog\u00e9rio Sanches Cunha"},"description":"Membro do Ministe\u0301rio Pu\u0301blico do Estado de Sa\u0303o Paulo. Professor da Escola Superior do Ministe\u0301rio Pu\u0301blico dos estados de Sa\u0303o Paulo, Mato Grosso e Santa Catarina. Coordenador Pedag\u00f3gico e Professor de Penal e Processo Penal do Curso RSConline. Fundador do site www.meusitejuridico.com.br. Cofundador e coordenador pedago\u0301gico do JUSPLAY. Autor de obras juri\u0301dicas.","sameAs":["https:\/\/www.editorajuspodivm.com.br\/autores\/detalhe\/107?idtag=ebe04ee0-bb3c-4b7f-96b9-fcd9428789d5","https:\/\/www.facebook.com\/RogerioSanchesC","https:\/\/www.instagram.com\/rogeriosanchescunha\/","https:\/\/x.com\/RogerioSanchesC","https:\/\/www.youtube.com\/user\/RogerioSanchesC"],"url":"https:\/\/cdn.meusitejuridico.com.br\/author\/redesrogeriogmail-com\/"}]}},"_links":{"self":[{"href":"https:\/\/cdn.meusitejuridico.com.br\/api\/wp\/v2\/posts\/10200","targetHints":{"allow":["GET"]}}],"collection":[{"href":"https:\/\/cdn.meusitejuridico.com.br\/api\/wp\/v2\/posts"}],"about":[{"href":"https:\/\/cdn.meusitejuridico.com.br\/api\/wp\/v2\/types\/post"}],"author":[{"embeddable":true,"href":"https:\/\/cdn.meusitejuridico.com.br\/api\/wp\/v2\/users\/3"}],"replies":[{"embeddable":true,"href":"https:\/\/cdn.meusitejuridico.com.br\/api\/wp\/v2\/comments?post=10200"}],"version-history":[{"count":4,"href":"https:\/\/cdn.meusitejuridico.com.br\/api\/wp\/v2\/posts\/10200\/revisions"}],"predecessor-version":[{"id":10205,"href":"https:\/\/cdn.meusitejuridico.com.br\/api\/wp\/v2\/posts\/10200\/revisions\/10205"}],"wp:featuredmedia":[{"embeddable":true,"href":"https:\/\/cdn.meusitejuridico.com.br\/api\/wp\/v2\/media\/10204"}],"wp:attachment":[{"href":"https:\/\/cdn.meusitejuridico.com.br\/api\/wp\/v2\/media?parent=10200"}],"wp:term":[{"taxonomy":"category","embeddable":true,"href":"https:\/\/cdn.meusitejuridico.com.br\/api\/wp\/v2\/categories?post=10200"},{"taxonomy":"post_tag","embeddable":true,"href":"https:\/\/cdn.meusitejuridico.com.br\/api\/wp\/v2\/tags?post=10200"}],"curies":[{"name":"wp","href":"https:\/\/api.w.org\/{rel}","templated":true}]}}