{"id":10622,"date":"2020-04-01T19:11:04","date_gmt":"2020-04-01T22:11:04","guid":{"rendered":"https:\/\/meusitejuridico.editorajuspodivm.com.br\/?p=10622"},"modified":"2020-04-02T12:44:52","modified_gmt":"2020-04-02T15:44:52","slug":"reflexos-processuais-da-lei-13-9812020","status":"publish","type":"post","link":"https:\/\/cdn.meusitejuridico.com.br\/2020\/04\/01\/reflexos-processuais-da-lei-13-9812020\/","title":{"rendered":"Reflexos Processuais da Lei 13.981\/2020"},"content":{"rendered":"<p>Em 23.3.2020 foi publicada a Lei 13.981\/2020, que altera a faixa de renda para obten\u00e7\u00e3o do benef\u00edcio de presta\u00e7\u00e3o continuada da Assist\u00eancia Social (Lei 8.742\/1993). O limite de renda <em>per capita <\/em>familiar mensal foi elevado de \u00bc para \u00bd sal\u00e1rio m\u00ednimo, passando a acomodar mais pessoas nessa pol\u00edtica p\u00fablica. Veja-se a nova reda\u00e7\u00e3o do art. 20, \u00a7 3\u00ba, da Lei 8.742\/1993:<\/p>\n<ul>\n<li>3\u00ba Considera-se incapaz de prover a manuten\u00e7\u00e3o da pessoa com defici\u00eancia ou idosa a fam\u00edlia cuja renda mensal per capita seja inferior a 1\/2 (meio) sal\u00e1rio-m\u00ednimo.<\/li>\n<\/ul>\n<p>Doravante, os idosos com mais de 65 anos e as pessoas com defici\u00eancia que n\u00e3o tenham condi\u00e7\u00f5es de prover seu sustento, ou sua fam\u00edlia faz\u00ea-lo, far\u00e3o jus a um sal\u00e1rio m\u00ednimo mensal, desde que sua renda mensal <em>per capita<\/em> seja inferior a 1\/2 (meio) sal\u00e1rio-m\u00ednimo. Anteriormente, como se falou, o crit\u00e9rio econ\u00f4mico era possuir renda <em>per capita <\/em>familiar mensal inferior a \u00bc do sal\u00e1rio m\u00ednimo.<\/p>\n<p>Esse tema \u00e9 um dos mais discutidas nas a\u00e7\u00f5es previdenci\u00e1rias. Tanto o STJ (REsp repetitivo 1.112.557\/MG) como o STF (em uma s\u00e9rie de reclama\u00e7\u00f5es constitucionais) j\u00e1 indicaram que \u00e9 poss\u00edvel ao Judici\u00e1rio utilizar outros crit\u00e9rios de prova, al\u00e9m do crit\u00e9rio de renda, para a comprova\u00e7\u00e3o da situa\u00e7\u00e3o de hipossufici\u00eancia econ\u00f4mica. Assim, a altera\u00e7\u00e3o trazida pela Lei 13.981\/2020 vem em boa hora.<\/p>\n<p>Quais os reflexos processuais dessa inova\u00e7\u00e3o legislativa?<\/p>\n<p>O efeito processual mais not\u00f3rio decorre da aplica\u00e7\u00e3o do artigo 493 do CPC:<\/p>\n<p>Art. 493. Se, depois da propositura da a\u00e7\u00e3o, algum fato constitutivo, modificativo ou extintivo do direito influir no julgamento do m\u00e9rito, caber\u00e1 ao juiz tom\u00e1-lo em considera\u00e7\u00e3o, de of\u00edcio ou a requerimento da parte, no momento de proferir a decis\u00e3o.<\/p>\n<p>Par\u00e1grafo \u00fanico. Se constatar de of\u00edcio o fato novo, o juiz ouvir\u00e1 as partes sobre ele antes de decidir.<\/p>\n<p>Assim, o direito superveniente se aplicar\u00e1 aos processos em curso, inclusive em segundo grau de jurisdi\u00e7\u00e3o. A restri\u00e7\u00e3o contida no art. 1.014, do CPC, que permite a apresenta\u00e7\u00e3o, na apela\u00e7\u00e3o, de quest\u00f5es de fato n\u00e3o apresentadas no ju\u00edzo inferior somente quando houver motivos de for\u00e7a maior, n\u00e3o se aplica \u00e0s quest\u00f5es de direito:<\/p>\n<p>\u201cNote-se um importante detalhe: o art. 1.014 do CPC <em>n\u00e3o trata da alega\u00e7\u00e3o de fatos novos (supervenientes). <\/em>Estes podem ser veiculados, na apela\u00e7\u00e3o ou outro momento, porque o art. 493 do CPC assim autoriza expressamente.<\/p>\n<p>O objeto da norma s\u00e3o os <em>fatos antigos que n\u00e3o foram alegados a seu tempo<\/em>. Se houver justo motivo, podem ser veiculados de forma in\u00e9dita na apela\u00e7\u00e3o. Atente-se apenas para a necessidade de contradit\u00f3rio.<\/p>\n<p>Por fim, a restri\u00e7\u00e3o alcan\u00e7a apenas as quest\u00f5es de fato, mas n\u00e3o as de direito, que podem ser alegadas a qualquer tempo, em raz\u00e3o do princ\u00edpio processual <em>juria novit c\u00faria<\/em>. Igualmente, n\u00e3o limita a possibilidade de levantar aquelas quest\u00f5es n\u00e3o alcan\u00e7adas pela preclus\u00e3o.\u201d<\/p>\n<p>(DONOSO, Denis; SERAU JR., Marco- Aur\u00e9lio. <strong>Manual dos Recursos C\u00edveis \u2013 Teoria e Pr\u00e1tica, <\/strong>5\u00aa ed., Juspodivm, 2020, p. 185-186)<\/p>\n<p>Por fim, deve-se falar da coisa julgada. Nas a\u00e7\u00f5es previdenci\u00e1rias, em especial naquelas em que se busca o benef\u00edcio de presta\u00e7\u00e3o continuada da Assist\u00eancia Social, h\u00e1 o entendimento pela possibilidade de relativiza\u00e7\u00e3o da coisa julgada, admitindo-se a propositura de nova demanda com a mesma finalidade, pois haveria mudan\u00e7a no quadro f\u00e1tico da insufici\u00eancia econ\u00f4mica ou novas provas a demonstrar esse quadro de hipossufici\u00eancia econ\u00f4mica (coisa julgada <em>secundum eventum probationis<\/em>).<\/p>\n<p>Cremos que a novidade trazida pela Lei 13.981\/2020 n\u00e3o ensejar\u00e1, imediatamente, o ajuizamento de a\u00e7\u00f5es rescis\u00f3ria, pois os pressupostos legais s\u00e3o diferentes, nem tampouco a mencionada tese da flexibiliza\u00e7\u00e3o da coisa julgada, mas ser\u00e1 poss\u00edvel, de outra forma, o requerimento de novo pedido administrativo perante o INSS, j\u00e1 nos termos da nova legisla\u00e7\u00e3o e, no caso de eventual indeferimento administrativo, novo ajuizamento perante o Poder Judici\u00e1rio, pois a\u00ed a causa de pedir ser\u00e1 diversa.<\/p>\n<p>&nbsp;<\/p>\n<p><strong>Para se aprofundar, recomendamos:<\/strong><\/p>\n<p><a href=\"https:\/\/www.editorajuspodivm.com.br\/manual-dos-recursos-civeis-teoria-e-pratica-2020\">Manual dos Recursos C\u00edveis &#8211; Teoria e Pr\u00e1tica (2020)<\/a><\/p>\n","protected":false},"excerpt":{"rendered":"<p>Em 23.3.2020 foi publicada a Lei 13.981\/2020, que altera a faixa de renda para obten\u00e7\u00e3o do benef\u00edcio de presta\u00e7\u00e3o continuada da Assist\u00eancia Social (Lei 8.742\/1993). O limite de renda per capita familiar mensal foi elevado de \u00bc para \u00bd sal\u00e1rio m\u00ednimo, passando a acomodar mais pessoas nessa pol\u00edtica p\u00fablica. Veja-se a nova reda\u00e7\u00e3o do art. [&hellip;]<\/p>\n","protected":false},"author":118,"featured_media":10623,"comment_status":"open","ping_status":"open","sticky":false,"template":"","format":"standard","meta":{"_acf_changed":false,"footnotes":""},"categories":[1],"tags":[],"class_list":["post-10622","post","type-post","status-publish","format-standard","has-post-thumbnail","hentry","category-artigos"],"acf":[],"yoast_head":"<!-- This site is optimized with the Yoast SEO plugin v24.8.1 - https:\/\/yoast.com\/wordpress\/plugins\/seo\/ -->\n<title>Reflexos Processuais da Lei 13.981\/2020 - Meu site jur\u00eddico<\/title>\n<meta name=\"robots\" content=\"index, follow, max-snippet:-1, max-image-preview:large, max-video-preview:-1\" \/>\n<link rel=\"canonical\" href=\"https:\/\/meusitejuridico.com.br\/2020\/04\/01\/reflexos-processuais-da-lei-13-9812020\/\" \/>\n<meta property=\"og:locale\" content=\"pt_BR\" \/>\n<meta property=\"og:type\" content=\"article\" \/>\n<meta property=\"og:title\" content=\"Reflexos Processuais da Lei 13.981\/2020 - Meu site jur\u00eddico\" \/>\n<meta property=\"og:description\" content=\"Em 23.3.2020 foi publicada a Lei 13.981\/2020, que altera a faixa de renda para obten\u00e7\u00e3o do benef\u00edcio de presta\u00e7\u00e3o continuada da Assist\u00eancia Social (Lei 8.742\/1993). O limite de renda per capita familiar mensal foi elevado de \u00bc para \u00bd sal\u00e1rio m\u00ednimo, passando a acomodar mais pessoas nessa pol\u00edtica p\u00fablica. Veja-se a nova reda\u00e7\u00e3o do art. [&hellip;]\" \/>\n<meta property=\"og:url\" content=\"https:\/\/meusitejuridico.com.br\/2020\/04\/01\/reflexos-processuais-da-lei-13-9812020\/\" \/>\n<meta property=\"og:site_name\" content=\"Meu site jur\u00eddico\" \/>\n<meta property=\"article:author\" content=\"https:\/\/www.facebook.com\/prof.marco.serau\/\" \/>\n<meta property=\"article:published_time\" content=\"2020-04-01T22:11:04+00:00\" \/>\n<meta property=\"article:modified_time\" content=\"2020-04-02T15:44:52+00:00\" \/>\n<meta property=\"og:image\" content=\"https:\/\/meusitejuridico.com.br\/s.meusitejuridico\/2020\/04\/6b5aa5d0-shutterstock-1029430792.jpg\" \/>\n\t<meta property=\"og:image:width\" content=\"1000\" \/>\n\t<meta property=\"og:image:height\" content=\"667\" \/>\n\t<meta property=\"og:image:type\" content=\"image\/jpeg\" \/>\n<meta name=\"author\" content=\"Marco Aur\u00e9lio Serau Jr.\" \/>\n<meta name=\"twitter:card\" content=\"summary_large_image\" \/>\n<meta name=\"twitter:creator\" content=\"@marcoserau\" \/>\n<meta name=\"twitter:label1\" content=\"Escrito por\" \/>\n\t<meta name=\"twitter:data1\" content=\"Marco Aur\u00e9lio Serau Jr.\" \/>\n\t<meta name=\"twitter:label2\" content=\"Est. tempo de leitura\" \/>\n\t<meta name=\"twitter:data2\" content=\"4 minutos\" \/>\n<script type=\"application\/ld+json\" class=\"yoast-schema-graph\">{\"@context\":\"https:\/\/schema.org\",\"@graph\":[{\"@type\":\"Article\",\"@id\":\"https:\/\/meusitejuridico.com.br\/2020\/04\/01\/reflexos-processuais-da-lei-13-9812020\/#article\",\"isPartOf\":{\"@id\":\"https:\/\/meusitejuridico.com.br\/2020\/04\/01\/reflexos-processuais-da-lei-13-9812020\/\"},\"author\":{\"name\":\"Marco Aur\u00e9lio Serau Jr.\",\"@id\":\"https:\/\/cdn.meusitejuridico.com.br\/#\/schema\/person\/1abc56520713c7a1399250f164c32604\"},\"headline\":\"Reflexos Processuais da Lei 13.981\/2020\",\"datePublished\":\"2020-04-01T22:11:04+00:00\",\"dateModified\":\"2020-04-02T15:44:52+00:00\",\"mainEntityOfPage\":{\"@id\":\"https:\/\/meusitejuridico.com.br\/2020\/04\/01\/reflexos-processuais-da-lei-13-9812020\/\"},\"wordCount\":719,\"commentCount\":0,\"publisher\":{\"@id\":\"https:\/\/cdn.meusitejuridico.com.br\/#organization\"},\"image\":{\"@id\":\"https:\/\/meusitejuridico.com.br\/2020\/04\/01\/reflexos-processuais-da-lei-13-9812020\/#primaryimage\"},\"thumbnailUrl\":\"https:\/\/cdn.meusitejuridico.com.br\/s.meusitejuridico\/2020\/04\/6b5aa5d0-shutterstock-1029430792.jpg\",\"articleSection\":[\"Artigos\"],\"inLanguage\":\"pt-BR\",\"potentialAction\":[{\"@type\":\"CommentAction\",\"name\":\"Comment\",\"target\":[\"https:\/\/meusitejuridico.com.br\/2020\/04\/01\/reflexos-processuais-da-lei-13-9812020\/#respond\"]}]},{\"@type\":\"WebPage\",\"@id\":\"https:\/\/meusitejuridico.com.br\/2020\/04\/01\/reflexos-processuais-da-lei-13-9812020\/\",\"url\":\"https:\/\/meusitejuridico.com.br\/2020\/04\/01\/reflexos-processuais-da-lei-13-9812020\/\",\"name\":\"Reflexos Processuais da Lei 13.981\/2020 - Meu site jur\u00eddico\",\"isPartOf\":{\"@id\":\"https:\/\/cdn.meusitejuridico.com.br\/#website\"},\"primaryImageOfPage\":{\"@id\":\"https:\/\/meusitejuridico.com.br\/2020\/04\/01\/reflexos-processuais-da-lei-13-9812020\/#primaryimage\"},\"image\":{\"@id\":\"https:\/\/meusitejuridico.com.br\/2020\/04\/01\/reflexos-processuais-da-lei-13-9812020\/#primaryimage\"},\"thumbnailUrl\":\"https:\/\/cdn.meusitejuridico.com.br\/s.meusitejuridico\/2020\/04\/6b5aa5d0-shutterstock-1029430792.jpg\",\"datePublished\":\"2020-04-01T22:11:04+00:00\",\"dateModified\":\"2020-04-02T15:44:52+00:00\",\"breadcrumb\":{\"@id\":\"https:\/\/meusitejuridico.com.br\/2020\/04\/01\/reflexos-processuais-da-lei-13-9812020\/#breadcrumb\"},\"inLanguage\":\"pt-BR\",\"potentialAction\":[{\"@type\":\"ReadAction\",\"target\":[\"https:\/\/meusitejuridico.com.br\/2020\/04\/01\/reflexos-processuais-da-lei-13-9812020\/\"]}]},{\"@type\":\"ImageObject\",\"inLanguage\":\"pt-BR\",\"@id\":\"https:\/\/meusitejuridico.com.br\/2020\/04\/01\/reflexos-processuais-da-lei-13-9812020\/#primaryimage\",\"url\":\"https:\/\/cdn.meusitejuridico.com.br\/s.meusitejuridico\/2020\/04\/6b5aa5d0-shutterstock-1029430792.jpg\",\"contentUrl\":\"https:\/\/cdn.meusitejuridico.com.br\/s.meusitejuridico\/2020\/04\/6b5aa5d0-shutterstock-1029430792.jpg\",\"width\":1000,\"height\":667},{\"@type\":\"BreadcrumbList\",\"@id\":\"https:\/\/meusitejuridico.com.br\/2020\/04\/01\/reflexos-processuais-da-lei-13-9812020\/#breadcrumb\",\"itemListElement\":[{\"@type\":\"ListItem\",\"position\":1,\"name\":\"In\u00edcio\",\"item\":\"https:\/\/cdn.meusitejuridico.com.br\/\"},{\"@type\":\"ListItem\",\"position\":2,\"name\":\"Reflexos Processuais da Lei 13.981\/2020\"}]},{\"@type\":\"WebSite\",\"@id\":\"https:\/\/cdn.meusitejuridico.com.br\/#website\",\"url\":\"https:\/\/cdn.meusitejuridico.com.br\/\",\"name\":\"Meu site jur\u00eddico\",\"description\":\"Meu site jur\u00eddico\",\"publisher\":{\"@id\":\"https:\/\/cdn.meusitejuridico.com.br\/#organization\"},\"potentialAction\":[{\"@type\":\"SearchAction\",\"target\":{\"@type\":\"EntryPoint\",\"urlTemplate\":\"https:\/\/cdn.meusitejuridico.com.br\/?s={search_term_string}\"},\"query-input\":{\"@type\":\"PropertyValueSpecification\",\"valueRequired\":true,\"valueName\":\"search_term_string\"}}],\"inLanguage\":\"pt-BR\"},{\"@type\":\"Organization\",\"@id\":\"https:\/\/cdn.meusitejuridico.com.br\/#organization\",\"name\":\"Meu site jur\u00eddico\",\"url\":\"https:\/\/cdn.meusitejuridico.com.br\/\",\"logo\":{\"@type\":\"ImageObject\",\"inLanguage\":\"pt-BR\",\"@id\":\"https:\/\/cdn.meusitejuridico.com.br\/#\/schema\/logo\/image\/\",\"url\":\"https:\/\/cdn.meusitejuridico.com.br\/s.meusitejuridico\/2022\/03\/cropped-baeec2a3-msj-02-01-01.png\",\"contentUrl\":\"https:\/\/cdn.meusitejuridico.com.br\/s.meusitejuridico\/2022\/03\/cropped-baeec2a3-msj-02-01-01.png\",\"width\":349,\"height\":243,\"caption\":\"Meu site jur\u00eddico\"},\"image\":{\"@id\":\"https:\/\/cdn.meusitejuridico.com.br\/#\/schema\/logo\/image\/\"}},{\"@type\":\"Person\",\"@id\":\"https:\/\/cdn.meusitejuridico.com.br\/#\/schema\/person\/1abc56520713c7a1399250f164c32604\",\"name\":\"Marco Aur\u00e9lio Serau Jr.\",\"image\":{\"@type\":\"ImageObject\",\"inLanguage\":\"pt-BR\",\"@id\":\"https:\/\/cdn.meusitejuridico.com.br\/#\/schema\/person\/image\/\",\"url\":\"https:\/\/cdn.meusitejuridico.com.br\/s.meusitejuridico\/2024\/11\/Captura-de-tela-2024-11-22-140046-150x150.jpg\",\"contentUrl\":\"https:\/\/cdn.meusitejuridico.com.br\/s.meusitejuridico\/2024\/11\/Captura-de-tela-2024-11-22-140046-150x150.jpg\",\"caption\":\"Marco Aur\u00e9lio Serau Jr.\"},\"description\":\"Professor da UFPR \u2013 Universidade Federal do Paran\u00e1, na gradua\u00e7\u00e3o e p\u00f3s-gradua\u00e7\u00e3o. Doutor e Mestre em Direito pela USP \u2013 Universidade de S\u00e3o Paulo. Advogado e Consultor. Diretor Cient\u00edfico do IEPREV - Instituto de Estudos Previdenci\u00e1rios. Autor de diversas obras jur\u00eddicas, dentre elas Manual dos Recursos C\u00edveis \u2013 Teoria e Pr\u00e1tica, 8\u00aa ed., Juspodivm, 2023 (em coautoria com o Professor Denis Donoso).\",\"sameAs\":[\"https:\/\/www.editorajuspodivm.com.br\/autores\/detalhe\/695?idtag=ebe04ee0-bb3c-4b7f-96b9-fcd9428789d5\",\"https:\/\/www.facebook.com\/prof.marco.serau\/\",\"https:\/\/www.instagram.com\/prof.marcoserau\/\",\"https:\/\/x.com\/marcoserau\"],\"url\":\"https:\/\/cdn.meusitejuridico.com.br\/author\/918132643179\/\"}]}<\/script>\n<!-- \/ Yoast SEO plugin. -->","yoast_head_json":{"title":"Reflexos Processuais da Lei 13.981\/2020 - Meu site jur\u00eddico","robots":{"index":"index","follow":"follow","max-snippet":"max-snippet:-1","max-image-preview":"max-image-preview:large","max-video-preview":"max-video-preview:-1"},"canonical":"https:\/\/meusitejuridico.com.br\/2020\/04\/01\/reflexos-processuais-da-lei-13-9812020\/","og_locale":"pt_BR","og_type":"article","og_title":"Reflexos Processuais da Lei 13.981\/2020 - Meu site jur\u00eddico","og_description":"Em 23.3.2020 foi publicada a Lei 13.981\/2020, que altera a faixa de renda para obten\u00e7\u00e3o do benef\u00edcio de presta\u00e7\u00e3o continuada da Assist\u00eancia Social (Lei 8.742\/1993). O limite de renda per capita familiar mensal foi elevado de \u00bc para \u00bd sal\u00e1rio m\u00ednimo, passando a acomodar mais pessoas nessa pol\u00edtica p\u00fablica. Veja-se a nova reda\u00e7\u00e3o do art. [&hellip;]","og_url":"https:\/\/meusitejuridico.com.br\/2020\/04\/01\/reflexos-processuais-da-lei-13-9812020\/","og_site_name":"Meu site jur\u00eddico","article_author":"https:\/\/www.facebook.com\/prof.marco.serau\/","article_published_time":"2020-04-01T22:11:04+00:00","article_modified_time":"2020-04-02T15:44:52+00:00","og_image":[{"width":1000,"height":667,"url":"https:\/\/meusitejuridico.com.br\/s.meusitejuridico\/2020\/04\/6b5aa5d0-shutterstock-1029430792.jpg","type":"image\/jpeg"}],"author":"Marco Aur\u00e9lio Serau Jr.","twitter_card":"summary_large_image","twitter_creator":"@marcoserau","twitter_misc":{"Escrito por":"Marco Aur\u00e9lio Serau Jr.","Est. tempo de leitura":"4 minutos"},"schema":{"@context":"https:\/\/schema.org","@graph":[{"@type":"Article","@id":"https:\/\/meusitejuridico.com.br\/2020\/04\/01\/reflexos-processuais-da-lei-13-9812020\/#article","isPartOf":{"@id":"https:\/\/meusitejuridico.com.br\/2020\/04\/01\/reflexos-processuais-da-lei-13-9812020\/"},"author":{"name":"Marco Aur\u00e9lio Serau Jr.","@id":"https:\/\/cdn.meusitejuridico.com.br\/#\/schema\/person\/1abc56520713c7a1399250f164c32604"},"headline":"Reflexos Processuais da Lei 13.981\/2020","datePublished":"2020-04-01T22:11:04+00:00","dateModified":"2020-04-02T15:44:52+00:00","mainEntityOfPage":{"@id":"https:\/\/meusitejuridico.com.br\/2020\/04\/01\/reflexos-processuais-da-lei-13-9812020\/"},"wordCount":719,"commentCount":0,"publisher":{"@id":"https:\/\/cdn.meusitejuridico.com.br\/#organization"},"image":{"@id":"https:\/\/meusitejuridico.com.br\/2020\/04\/01\/reflexos-processuais-da-lei-13-9812020\/#primaryimage"},"thumbnailUrl":"https:\/\/cdn.meusitejuridico.com.br\/s.meusitejuridico\/2020\/04\/6b5aa5d0-shutterstock-1029430792.jpg","articleSection":["Artigos"],"inLanguage":"pt-BR","potentialAction":[{"@type":"CommentAction","name":"Comment","target":["https:\/\/meusitejuridico.com.br\/2020\/04\/01\/reflexos-processuais-da-lei-13-9812020\/#respond"]}]},{"@type":"WebPage","@id":"https:\/\/meusitejuridico.com.br\/2020\/04\/01\/reflexos-processuais-da-lei-13-9812020\/","url":"https:\/\/meusitejuridico.com.br\/2020\/04\/01\/reflexos-processuais-da-lei-13-9812020\/","name":"Reflexos Processuais da Lei 13.981\/2020 - Meu site jur\u00eddico","isPartOf":{"@id":"https:\/\/cdn.meusitejuridico.com.br\/#website"},"primaryImageOfPage":{"@id":"https:\/\/meusitejuridico.com.br\/2020\/04\/01\/reflexos-processuais-da-lei-13-9812020\/#primaryimage"},"image":{"@id":"https:\/\/meusitejuridico.com.br\/2020\/04\/01\/reflexos-processuais-da-lei-13-9812020\/#primaryimage"},"thumbnailUrl":"https:\/\/cdn.meusitejuridico.com.br\/s.meusitejuridico\/2020\/04\/6b5aa5d0-shutterstock-1029430792.jpg","datePublished":"2020-04-01T22:11:04+00:00","dateModified":"2020-04-02T15:44:52+00:00","breadcrumb":{"@id":"https:\/\/meusitejuridico.com.br\/2020\/04\/01\/reflexos-processuais-da-lei-13-9812020\/#breadcrumb"},"inLanguage":"pt-BR","potentialAction":[{"@type":"ReadAction","target":["https:\/\/meusitejuridico.com.br\/2020\/04\/01\/reflexos-processuais-da-lei-13-9812020\/"]}]},{"@type":"ImageObject","inLanguage":"pt-BR","@id":"https:\/\/meusitejuridico.com.br\/2020\/04\/01\/reflexos-processuais-da-lei-13-9812020\/#primaryimage","url":"https:\/\/cdn.meusitejuridico.com.br\/s.meusitejuridico\/2020\/04\/6b5aa5d0-shutterstock-1029430792.jpg","contentUrl":"https:\/\/cdn.meusitejuridico.com.br\/s.meusitejuridico\/2020\/04\/6b5aa5d0-shutterstock-1029430792.jpg","width":1000,"height":667},{"@type":"BreadcrumbList","@id":"https:\/\/meusitejuridico.com.br\/2020\/04\/01\/reflexos-processuais-da-lei-13-9812020\/#breadcrumb","itemListElement":[{"@type":"ListItem","position":1,"name":"In\u00edcio","item":"https:\/\/cdn.meusitejuridico.com.br\/"},{"@type":"ListItem","position":2,"name":"Reflexos Processuais da Lei 13.981\/2020"}]},{"@type":"WebSite","@id":"https:\/\/cdn.meusitejuridico.com.br\/#website","url":"https:\/\/cdn.meusitejuridico.com.br\/","name":"Meu site jur\u00eddico","description":"Meu site jur\u00eddico","publisher":{"@id":"https:\/\/cdn.meusitejuridico.com.br\/#organization"},"potentialAction":[{"@type":"SearchAction","target":{"@type":"EntryPoint","urlTemplate":"https:\/\/cdn.meusitejuridico.com.br\/?s={search_term_string}"},"query-input":{"@type":"PropertyValueSpecification","valueRequired":true,"valueName":"search_term_string"}}],"inLanguage":"pt-BR"},{"@type":"Organization","@id":"https:\/\/cdn.meusitejuridico.com.br\/#organization","name":"Meu site jur\u00eddico","url":"https:\/\/cdn.meusitejuridico.com.br\/","logo":{"@type":"ImageObject","inLanguage":"pt-BR","@id":"https:\/\/cdn.meusitejuridico.com.br\/#\/schema\/logo\/image\/","url":"https:\/\/cdn.meusitejuridico.com.br\/s.meusitejuridico\/2022\/03\/cropped-baeec2a3-msj-02-01-01.png","contentUrl":"https:\/\/cdn.meusitejuridico.com.br\/s.meusitejuridico\/2022\/03\/cropped-baeec2a3-msj-02-01-01.png","width":349,"height":243,"caption":"Meu site jur\u00eddico"},"image":{"@id":"https:\/\/cdn.meusitejuridico.com.br\/#\/schema\/logo\/image\/"}},{"@type":"Person","@id":"https:\/\/cdn.meusitejuridico.com.br\/#\/schema\/person\/1abc56520713c7a1399250f164c32604","name":"Marco Aur\u00e9lio Serau Jr.","image":{"@type":"ImageObject","inLanguage":"pt-BR","@id":"https:\/\/cdn.meusitejuridico.com.br\/#\/schema\/person\/image\/","url":"https:\/\/cdn.meusitejuridico.com.br\/s.meusitejuridico\/2024\/11\/Captura-de-tela-2024-11-22-140046-150x150.jpg","contentUrl":"https:\/\/cdn.meusitejuridico.com.br\/s.meusitejuridico\/2024\/11\/Captura-de-tela-2024-11-22-140046-150x150.jpg","caption":"Marco Aur\u00e9lio Serau Jr."},"description":"Professor da UFPR \u2013 Universidade Federal do Paran\u00e1, na gradua\u00e7\u00e3o e p\u00f3s-gradua\u00e7\u00e3o. Doutor e Mestre em Direito pela USP \u2013 Universidade de S\u00e3o Paulo. Advogado e Consultor. Diretor Cient\u00edfico do IEPREV - Instituto de Estudos Previdenci\u00e1rios. Autor de diversas obras jur\u00eddicas, dentre elas Manual dos Recursos C\u00edveis \u2013 Teoria e Pr\u00e1tica, 8\u00aa ed., Juspodivm, 2023 (em coautoria com o Professor Denis Donoso).","sameAs":["https:\/\/www.editorajuspodivm.com.br\/autores\/detalhe\/695?idtag=ebe04ee0-bb3c-4b7f-96b9-fcd9428789d5","https:\/\/www.facebook.com\/prof.marco.serau\/","https:\/\/www.instagram.com\/prof.marcoserau\/","https:\/\/x.com\/marcoserau"],"url":"https:\/\/cdn.meusitejuridico.com.br\/author\/918132643179\/"}]}},"_links":{"self":[{"href":"https:\/\/cdn.meusitejuridico.com.br\/api\/wp\/v2\/posts\/10622","targetHints":{"allow":["GET"]}}],"collection":[{"href":"https:\/\/cdn.meusitejuridico.com.br\/api\/wp\/v2\/posts"}],"about":[{"href":"https:\/\/cdn.meusitejuridico.com.br\/api\/wp\/v2\/types\/post"}],"author":[{"embeddable":true,"href":"https:\/\/cdn.meusitejuridico.com.br\/api\/wp\/v2\/users\/118"}],"replies":[{"embeddable":true,"href":"https:\/\/cdn.meusitejuridico.com.br\/api\/wp\/v2\/comments?post=10622"}],"version-history":[{"count":4,"href":"https:\/\/cdn.meusitejuridico.com.br\/api\/wp\/v2\/posts\/10622\/revisions"}],"predecessor-version":[{"id":10642,"href":"https:\/\/cdn.meusitejuridico.com.br\/api\/wp\/v2\/posts\/10622\/revisions\/10642"}],"wp:featuredmedia":[{"embeddable":true,"href":"https:\/\/cdn.meusitejuridico.com.br\/api\/wp\/v2\/media\/10623"}],"wp:attachment":[{"href":"https:\/\/cdn.meusitejuridico.com.br\/api\/wp\/v2\/media?parent=10622"}],"wp:term":[{"taxonomy":"category","embeddable":true,"href":"https:\/\/cdn.meusitejuridico.com.br\/api\/wp\/v2\/categories?post=10622"},{"taxonomy":"post_tag","embeddable":true,"href":"https:\/\/cdn.meusitejuridico.com.br\/api\/wp\/v2\/tags?post=10622"}],"curies":[{"name":"wp","href":"https:\/\/api.w.org\/{rel}","templated":true}]}}