{"id":10725,"date":"2020-04-09T10:12:58","date_gmt":"2020-04-09T13:12:58","guid":{"rendered":"https:\/\/meusitejuridico.editorajuspodivm.com.br\/?p=10725"},"modified":"2022-01-18T16:31:09","modified_gmt":"2022-01-18T19:31:09","slug":"responsabilidade-civil-estado","status":"publish","type":"post","link":"https:\/\/cdn.meusitejuridico.com.br\/2020\/04\/09\/responsabilidade-civil-estado\/","title":{"rendered":"A responsabilidade civil do Estado"},"content":{"rendered":"<p>A responsabilidade civil do Estado \u00e9 tema central do direito contempor\u00e2neo. Conv\u00e9m lembrar que a mat\u00e9ria, no Brasil, sempre esteve em boas m\u00e3os doutrin\u00e1rias. No come\u00e7o do s\u00e9culo passado tivemos a obra de Amaro Cavalcanti, publicada em 1904. Depois, em 1944, tivemos o cl\u00e1ssico de Aguiar Dias. H\u00e1\u00a0cerca de trinta anos, o livro de Yussef Said Cahali. Mais recentemente temos as reflex\u00f5es, sofisticadas e consistentes, de Juarez Freitas e dos autores que de certo modo dialogam com suas pesquisas. Al\u00e9m, \u00e9 claro, das contribui\u00e7\u00f5es valiosas de autores variados, brasileiros ou n\u00e3o, que com suas pesquisas fazem o conhecimento acerca da responsabilidade civil do Estado ascender nesse ou naquele ponto.<\/p>\n<p>N\u00e3o temos no Brasil uma lei que trate do tema com generalidade. A responsabilidade civil do Estado navega, atrav\u00e9s dos s\u00e9culos, mais nas \u00e1guas da jurisprud\u00eancia (e da doutrina) do que propriamente da lei.. Nesse contexto, Barbosa Moreira lembra que h\u00e1 temas, como a responsabilidade civil do Estado e o abuso de direito, em que os avan\u00e7os n\u00e3o vieram da lei nem da doutrina, mas da jurisprud\u00eancia. Talvez n\u00e3o seja exagero afirmar que uma nova responsabilidade civil est\u00e1 sendo criada, talvez seja o momento de sistematizar as diretrizes atuais da mat\u00e9ria, \u00e0 luz da jurisprud\u00eancia formada nos \u00faltimos anos.<\/p>\n<p>Os problemas (e as solu\u00e7\u00f5es) que a responsabilidade civil do Estado enfrenta, hoje, s\u00e3o diferentes daqueles dos s\u00e9culos anteriores. A velocidade da informa\u00e7\u00e3o, as novas tecnologias, o perfil plural da sociedade atual, o crescimento da viol\u00eancia urbana, s\u00e3o apenas algumas das novas quest\u00f5es que chegam, diariamente, aos tribunais, e redefinem o contorno do direito dos danos, sobretudo no que diz respeito aos deveres que cabem ao Estado. Cabe lembrar que o tema da responsabilidade civil do Estado se situa atualmente no campo de discuss\u00e3o te\u00f3rica sobre a tutela dos direitos fundamentais. A\u00a0teoria dos direitos fundamentais, a for\u00e7a normativa dos princ\u00edpios (e sua aplica\u00e7\u00e3o direta \u00e0s rela\u00e7\u00f5es privadas), a funcionaliza\u00e7\u00e3o social dos conceitos e categorias, a prioriza\u00e7\u00e3o das situa\u00e7\u00f5es existenciais em rela\u00e7\u00e3o \u00e0s patrimoniais, a repulsa ao abuso de direito, tudo isso ajuda a construir a teoria da responsabilidade civil do Estado no s\u00e9culo XXI.<\/p>\n<p>A responsabilidade civil do Estado \u00e9, neste in\u00edcio de s\u00e9culo, um tema sedutor e fascinante. H\u00e1 vastas pol\u00eamicas, na doutrina e na jurisprud\u00eancia, e mesmo o que parece pac\u00edfico n\u00e3o \u00e9 (sem esquecer a advert\u00eancia de Perelman de que muitas vezes a clareza da norma significa apenas falta de imagina\u00e7\u00e3o do int\u00e9rprete). Chamamos aten\u00e7\u00e3o para as ondula\u00e7\u00f5es, te\u00f3ricas e jurisprudenciais, acerca do tema, com exemplos. H\u00e1, tamb\u00e9m, como dissemos, aspectos te\u00f3ricos relevantes. A quarta fase ou gera\u00e7\u00e3o na responsabilidade civil do Estado apresenta, segundo cremos, repercuss\u00f5es hermen\u00eauticas consider\u00e1veis. O princ\u00edpio da prote\u00e7\u00e3o imp\u00f5e ao Estado um dever de agir qualificado e proporcional.<\/p>\n<p>Vivemos tempos menos autorit\u00e1rios, na rela\u00e7\u00e3o entre Estado e cidad\u00e3os. Crescem os deveres de fundamenta\u00e7\u00e3o por parte do Estado. Diminuem os espa\u00e7os de arb\u00edtrio, de abuso de poder. Podemos observar duas caracter\u00edsticas que assinalam a evolu\u00e7\u00e3o recente da responsabilidade civil do Estado: a) a progressiva amplia\u00e7\u00e3o dos danos indeniz\u00e1veis pelo Estado; b) a progressiva redu\u00e7\u00e3o dos espa\u00e7os de omiss\u00e3o estatal leg\u00edtima.<\/p>\n<p>Em rela\u00e7\u00e3o ao item <em>a<\/em>, \u00e9 f\u00e1cil perceber que caminhamos no sentido da progressiva amplia\u00e7\u00e3o das hip\u00f3teses de danos indeniz\u00e1veis. N\u00e3o s\u00f3 em rela\u00e7\u00e3o ao Estado, \u00e9 uma tend\u00eancia que se observa em toda a responsabilidade civil. Mais intensa, por\u00e9m, em rela\u00e7\u00e3o ao Estado. O que ontem n\u00e3o causava responsabilidade civil do Estado, hoje pode causar. \u00c9 poss\u00edvel que o futuro contemple, entre as a\u00e7\u00f5es ou omiss\u00f5es que responsabilizam o Estado, fatos que atualmente n\u00f3s n\u00e3o nos atrever\u00edamos a colocar como fatores de responsabiliza\u00e7\u00e3o estatal. Basta comparar a jurisprud\u00eancia brasileira, na linha do tempo, e se verificar\u00e1 a verdade deste enunciado.<\/p>\n<p>Em rela\u00e7\u00e3o ao item <em>b <\/em>\u2013 obviamente, os fen\u00f4menos <em>a <\/em>e <em>b <\/em>est\u00e3o intimamente relacionados, a separa\u00e7\u00e3o \u00e9 apenas did\u00e1tica \u2013, cabe dizer que as sociedades contempor\u00e2neas, plurais e complexas, exigem uma redefini\u00e7\u00e3o das fun\u00e7\u00f5es do Estado. Uma nova compreens\u00e3o acerca dos seus deveres. Essa nova compreens\u00e3o dos seus deveres leva, inevitavelmente, a uma redu\u00e7\u00e3o dos espa\u00e7os em que seria aceit\u00e1vel uma omiss\u00e3o estatal. Ao Estado de hoje n\u00e3o se permitem omiss\u00f5es que no passado talvez se permitissem. Em outras palavras: exige-se cada vez mais do Estado que aja. N\u00e3o qualquer agir, mas um agir cauteloso, eficaz, proporcional.<\/p>\n<p>\u00c9 lugar comum dizer que o mundo se transformou imensamente, nos \u00faltimos anos. Mas essas mudan\u00e7as nem sempre se refletem nos livros jur\u00eddicos, que continuam (\u00e0s vezes) a trabalhar com exemplos e modelos de pensamento dos s\u00e9culos passados. Na responsabilidade civil do Estado, os desafios s\u00e3o novos, os problemas in\u00e9ditos, e as solu\u00e7\u00f5es exigem razoabilidade e contextualiza\u00e7\u00e3o. Os dias em que vivemos \u2013 cuja \u00fanica perman\u00eancia \u00e9 a mudan\u00e7a \u2013 exigem um int\u00e9rprete que n\u00e3o se d\u00ea por satisfeito com o que aprendeu no passado, que perceba que a realidade de hoje n\u00e3o \u00e9 aquela de ontem. Aquele senso \u2013 dizia Pontes de Miranda \u2013 para que o jurista n\u00e3o se apegue, demasiado, \u00e0s convic\u00e7\u00f5es que tem, nem se deixe levar facilmente pela sedu\u00e7\u00e3o do novo.<\/p>\n<p>O novo n\u00e3o \u00e9 necessariamente sin\u00f4nimo de qualidade. O autenticamente novo dialoga com a tradi\u00e7\u00e3o. Nesse momento hist\u00f3rico em que a sociedade se reinventa, o que se espera de n\u00f3s \u00e9 que sejamos capazes de construir, atrav\u00e9s da interpreta\u00e7\u00e3o, um direito que incorpore o passado e acompanhe o novo.<\/p>\n<hr \/>\n<p><strong>Quer conhecer responsabilidade civil, de forma \u00e1gil e clara?\u00a0Os conceitos atuais, as discuss\u00f5es modernas e recentes? A \u00faltima palavra da jurisprud\u00eancia sobre todos os temas?\u00a0<\/strong>\u00c9 o que este livro tenta oferecer. Numa mistura bem dosada de doutrina e jurisprud\u00eancia, o autor oferece, em t\u00f3picos sugestivos e criativos, a mais completa informa\u00e7\u00e3o sobre a responsabilidade civil \u2013 seja nos conceitos gerais, seja nos setores espec\u00edficos. \u00c9 um livro que instiga por sua atualidade, cativa por sua clareza e impressiona pelo seu conte\u00fado. E por fim mas n\u00e3o menos importante: \u00e9 um livro f\u00e1cil de ler, com linguagem direta e atraente.<\/p>\n<p><a href=\"https:\/\/www.editorajuspodivm.com.br\/novo-manual-de-responsabilidade-civil-2019\" target=\"_blank\" rel=\"noopener\">NOVO MANUAL DE RESPONSABILIDADE CIVIL (2019)<\/a><\/p>\n","protected":false},"excerpt":{"rendered":"<p>A responsabilidade civil do Estado \u00e9 tema central do direito contempor\u00e2neo. Conv\u00e9m lembrar que a mat\u00e9ria, no Brasil, sempre esteve em boas m\u00e3os doutrin\u00e1rias. No come\u00e7o do s\u00e9culo passado tivemos a obra de Amaro Cavalcanti, publicada em 1904. Depois, em 1944, tivemos o cl\u00e1ssico de Aguiar Dias. H\u00e1\u00a0cerca de trinta anos, o livro de Yussef [&hellip;]<\/p>\n","protected":false},"author":91,"featured_media":8266,"comment_status":"open","ping_status":"open","sticky":false,"template":"","format":"gallery","meta":{"_acf_changed":false,"footnotes":""},"categories":[1,255],"tags":[396,2640,1182],"class_list":["post-10725","post","type-post","status-publish","format-gallery","has-post-thumbnail","hentry","category-artigos","category-direito-civil","tag-estado","tag-manual-de-responsabilidade-civil","tag-responsabilidade-civil","post_format-post-format-gallery"],"acf":[],"yoast_head":"<!-- This site is optimized with the Yoast SEO plugin v24.8.1 - https:\/\/yoast.com\/wordpress\/plugins\/seo\/ -->\n<title>A responsabilidade civil do Estado - Meu site jur\u00eddico<\/title>\n<meta name=\"robots\" content=\"index, follow, max-snippet:-1, max-image-preview:large, max-video-preview:-1\" \/>\n<link rel=\"canonical\" href=\"https:\/\/meusitejuridico.com.br\/2020\/04\/09\/responsabilidade-civil-estado\/\" \/>\n<meta property=\"og:locale\" content=\"pt_BR\" \/>\n<meta property=\"og:type\" content=\"article\" \/>\n<meta property=\"og:title\" content=\"A responsabilidade civil do Estado - Meu site jur\u00eddico\" \/>\n<meta property=\"og:description\" content=\"A responsabilidade civil do Estado \u00e9 tema central do direito contempor\u00e2neo. Conv\u00e9m lembrar que a mat\u00e9ria, no Brasil, sempre esteve em boas m\u00e3os doutrin\u00e1rias. No come\u00e7o do s\u00e9culo passado tivemos a obra de Amaro Cavalcanti, publicada em 1904. Depois, em 1944, tivemos o cl\u00e1ssico de Aguiar Dias. H\u00e1\u00a0cerca de trinta anos, o livro de Yussef [&hellip;]\" \/>\n<meta property=\"og:url\" content=\"https:\/\/meusitejuridico.com.br\/2020\/04\/09\/responsabilidade-civil-estado\/\" \/>\n<meta property=\"og:site_name\" content=\"Meu site jur\u00eddico\" \/>\n<meta property=\"article:published_time\" content=\"2020-04-09T13:12:58+00:00\" \/>\n<meta property=\"article:modified_time\" content=\"2022-01-18T19:31:09+00:00\" \/>\n<meta property=\"og:image\" content=\"https:\/\/meusitejuridico.com.br\/s.meusitejuridico\/2019\/05\/f23b0302-law-books-291676-640.jpg\" \/>\n\t<meta property=\"og:image:width\" content=\"640\" \/>\n\t<meta property=\"og:image:height\" content=\"480\" \/>\n\t<meta property=\"og:image:type\" content=\"image\/jpeg\" \/>\n<meta name=\"author\" content=\"Felipe Braga Netto\" \/>\n<meta name=\"twitter:card\" content=\"summary_large_image\" \/>\n<meta name=\"twitter:label1\" content=\"Escrito por\" \/>\n\t<meta name=\"twitter:data1\" content=\"Felipe Braga Netto\" \/>\n\t<meta name=\"twitter:label2\" content=\"Est. tempo de leitura\" \/>\n\t<meta name=\"twitter:data2\" content=\"6 minutos\" \/>\n<script type=\"application\/ld+json\" class=\"yoast-schema-graph\">{\"@context\":\"https:\/\/schema.org\",\"@graph\":[{\"@type\":\"Article\",\"@id\":\"https:\/\/meusitejuridico.com.br\/2020\/04\/09\/responsabilidade-civil-estado\/#article\",\"isPartOf\":{\"@id\":\"https:\/\/meusitejuridico.com.br\/2020\/04\/09\/responsabilidade-civil-estado\/\"},\"author\":{\"name\":\"Felipe Braga Netto\",\"@id\":\"https:\/\/cdn.meusitejuridico.com.br\/#\/schema\/person\/144ad40d907f2c1d73fc6b431f000178\"},\"headline\":\"A responsabilidade civil do Estado\",\"datePublished\":\"2020-04-09T13:12:58+00:00\",\"dateModified\":\"2022-01-18T19:31:09+00:00\",\"mainEntityOfPage\":{\"@id\":\"https:\/\/meusitejuridico.com.br\/2020\/04\/09\/responsabilidade-civil-estado\/\"},\"wordCount\":1118,\"commentCount\":0,\"publisher\":{\"@id\":\"https:\/\/cdn.meusitejuridico.com.br\/#organization\"},\"image\":{\"@id\":\"https:\/\/meusitejuridico.com.br\/2020\/04\/09\/responsabilidade-civil-estado\/#primaryimage\"},\"thumbnailUrl\":\"https:\/\/cdn.meusitejuridico.com.br\/s.meusitejuridico\/2019\/05\/f23b0302-law-books-291676-640.jpg\",\"keywords\":[\"#Estado\",\"manual de responsabilidade civil\",\"responsabilidade civil\"],\"articleSection\":[\"Artigos\",\"Direito Civil\"],\"inLanguage\":\"pt-BR\",\"potentialAction\":[{\"@type\":\"CommentAction\",\"name\":\"Comment\",\"target\":[\"https:\/\/meusitejuridico.com.br\/2020\/04\/09\/responsabilidade-civil-estado\/#respond\"]}]},{\"@type\":\"WebPage\",\"@id\":\"https:\/\/meusitejuridico.com.br\/2020\/04\/09\/responsabilidade-civil-estado\/\",\"url\":\"https:\/\/meusitejuridico.com.br\/2020\/04\/09\/responsabilidade-civil-estado\/\",\"name\":\"A responsabilidade civil do Estado - Meu site jur\u00eddico\",\"isPartOf\":{\"@id\":\"https:\/\/cdn.meusitejuridico.com.br\/#website\"},\"primaryImageOfPage\":{\"@id\":\"https:\/\/meusitejuridico.com.br\/2020\/04\/09\/responsabilidade-civil-estado\/#primaryimage\"},\"image\":{\"@id\":\"https:\/\/meusitejuridico.com.br\/2020\/04\/09\/responsabilidade-civil-estado\/#primaryimage\"},\"thumbnailUrl\":\"https:\/\/cdn.meusitejuridico.com.br\/s.meusitejuridico\/2019\/05\/f23b0302-law-books-291676-640.jpg\",\"datePublished\":\"2020-04-09T13:12:58+00:00\",\"dateModified\":\"2022-01-18T19:31:09+00:00\",\"breadcrumb\":{\"@id\":\"https:\/\/meusitejuridico.com.br\/2020\/04\/09\/responsabilidade-civil-estado\/#breadcrumb\"},\"inLanguage\":\"pt-BR\",\"potentialAction\":[{\"@type\":\"ReadAction\",\"target\":[\"https:\/\/meusitejuridico.com.br\/2020\/04\/09\/responsabilidade-civil-estado\/\"]}]},{\"@type\":\"ImageObject\",\"inLanguage\":\"pt-BR\",\"@id\":\"https:\/\/meusitejuridico.com.br\/2020\/04\/09\/responsabilidade-civil-estado\/#primaryimage\",\"url\":\"https:\/\/cdn.meusitejuridico.com.br\/s.meusitejuridico\/2019\/05\/f23b0302-law-books-291676-640.jpg\",\"contentUrl\":\"https:\/\/cdn.meusitejuridico.com.br\/s.meusitejuridico\/2019\/05\/f23b0302-law-books-291676-640.jpg\",\"width\":640,\"height\":480},{\"@type\":\"BreadcrumbList\",\"@id\":\"https:\/\/meusitejuridico.com.br\/2020\/04\/09\/responsabilidade-civil-estado\/#breadcrumb\",\"itemListElement\":[{\"@type\":\"ListItem\",\"position\":1,\"name\":\"In\u00edcio\",\"item\":\"https:\/\/cdn.meusitejuridico.com.br\/\"},{\"@type\":\"ListItem\",\"position\":2,\"name\":\"A responsabilidade civil do Estado\"}]},{\"@type\":\"WebSite\",\"@id\":\"https:\/\/cdn.meusitejuridico.com.br\/#website\",\"url\":\"https:\/\/cdn.meusitejuridico.com.br\/\",\"name\":\"Meu site jur\u00eddico\",\"description\":\"Meu site jur\u00eddico\",\"publisher\":{\"@id\":\"https:\/\/cdn.meusitejuridico.com.br\/#organization\"},\"potentialAction\":[{\"@type\":\"SearchAction\",\"target\":{\"@type\":\"EntryPoint\",\"urlTemplate\":\"https:\/\/cdn.meusitejuridico.com.br\/?s={search_term_string}\"},\"query-input\":{\"@type\":\"PropertyValueSpecification\",\"valueRequired\":true,\"valueName\":\"search_term_string\"}}],\"inLanguage\":\"pt-BR\"},{\"@type\":\"Organization\",\"@id\":\"https:\/\/cdn.meusitejuridico.com.br\/#organization\",\"name\":\"Meu site jur\u00eddico\",\"url\":\"https:\/\/cdn.meusitejuridico.com.br\/\",\"logo\":{\"@type\":\"ImageObject\",\"inLanguage\":\"pt-BR\",\"@id\":\"https:\/\/cdn.meusitejuridico.com.br\/#\/schema\/logo\/image\/\",\"url\":\"https:\/\/cdn.meusitejuridico.com.br\/s.meusitejuridico\/2022\/03\/cropped-baeec2a3-msj-02-01-01.png\",\"contentUrl\":\"https:\/\/cdn.meusitejuridico.com.br\/s.meusitejuridico\/2022\/03\/cropped-baeec2a3-msj-02-01-01.png\",\"width\":349,\"height\":243,\"caption\":\"Meu site jur\u00eddico\"},\"image\":{\"@id\":\"https:\/\/cdn.meusitejuridico.com.br\/#\/schema\/logo\/image\/\"}},{\"@type\":\"Person\",\"@id\":\"https:\/\/cdn.meusitejuridico.com.br\/#\/schema\/person\/144ad40d907f2c1d73fc6b431f000178\",\"name\":\"Felipe Braga Netto\",\"image\":{\"@type\":\"ImageObject\",\"inLanguage\":\"pt-BR\",\"@id\":\"https:\/\/cdn.meusitejuridico.com.br\/#\/schema\/person\/image\/\",\"url\":\"https:\/\/cdn.meusitejuridico.com.br\/s.meusitejuridico\/2019\/05\/e6c75c8c-felipe-braga-netto-150x150.jpg\",\"contentUrl\":\"https:\/\/cdn.meusitejuridico.com.br\/s.meusitejuridico\/2019\/05\/e6c75c8c-felipe-braga-netto-150x150.jpg\",\"caption\":\"Felipe Braga Netto\"},\"description\":\"Membro do Minist\u00e9rio P\u00fablico Federal (Procurador da Rep\u00fablica). Doutor pela Pontif\u00edcia Universidade Cat\u00f3lica do Rio de Janeiro. Mestre pela Universidade Federal de Pernambuco. Procurador Regional Eleitoral de Minas Gerais (2010\/2012). Professor de Direito Civil e Direito do Consumidor da Dom Helder \u2013 Escola de Direito (2003\/2017). Professor de Teoria Geral do Direito, Direito Civil e Direito do Consumidor da PUC-MINAS (2002\/2006). Professor da Escola Superior do Minist\u00e9rio P\u00fablico da Uni\u00e3o \u2013 ESMPU. Professor nas Escolas de Magistratura de Minas Gerais e do Esp\u00edrito Santo. Publicou cap\u00edtulos de livros em 28 obras coletivas.\",\"sameAs\":[\"https:\/\/www.instagram.com\/felipebraganetto\/\"],\"url\":\"https:\/\/cdn.meusitejuridico.com.br\/author\/felipe-braga-netto\/\"}]}<\/script>\n<!-- \/ Yoast SEO plugin. -->","yoast_head_json":{"title":"A responsabilidade civil do Estado - Meu site jur\u00eddico","robots":{"index":"index","follow":"follow","max-snippet":"max-snippet:-1","max-image-preview":"max-image-preview:large","max-video-preview":"max-video-preview:-1"},"canonical":"https:\/\/meusitejuridico.com.br\/2020\/04\/09\/responsabilidade-civil-estado\/","og_locale":"pt_BR","og_type":"article","og_title":"A responsabilidade civil do Estado - Meu site jur\u00eddico","og_description":"A responsabilidade civil do Estado \u00e9 tema central do direito contempor\u00e2neo. Conv\u00e9m lembrar que a mat\u00e9ria, no Brasil, sempre esteve em boas m\u00e3os doutrin\u00e1rias. No come\u00e7o do s\u00e9culo passado tivemos a obra de Amaro Cavalcanti, publicada em 1904. Depois, em 1944, tivemos o cl\u00e1ssico de Aguiar Dias. H\u00e1\u00a0cerca de trinta anos, o livro de Yussef [&hellip;]","og_url":"https:\/\/meusitejuridico.com.br\/2020\/04\/09\/responsabilidade-civil-estado\/","og_site_name":"Meu site jur\u00eddico","article_published_time":"2020-04-09T13:12:58+00:00","article_modified_time":"2022-01-18T19:31:09+00:00","og_image":[{"width":640,"height":480,"url":"https:\/\/meusitejuridico.com.br\/s.meusitejuridico\/2019\/05\/f23b0302-law-books-291676-640.jpg","type":"image\/jpeg"}],"author":"Felipe Braga Netto","twitter_card":"summary_large_image","twitter_misc":{"Escrito por":"Felipe Braga Netto","Est. tempo de leitura":"6 minutos"},"schema":{"@context":"https:\/\/schema.org","@graph":[{"@type":"Article","@id":"https:\/\/meusitejuridico.com.br\/2020\/04\/09\/responsabilidade-civil-estado\/#article","isPartOf":{"@id":"https:\/\/meusitejuridico.com.br\/2020\/04\/09\/responsabilidade-civil-estado\/"},"author":{"name":"Felipe Braga Netto","@id":"https:\/\/cdn.meusitejuridico.com.br\/#\/schema\/person\/144ad40d907f2c1d73fc6b431f000178"},"headline":"A responsabilidade civil do Estado","datePublished":"2020-04-09T13:12:58+00:00","dateModified":"2022-01-18T19:31:09+00:00","mainEntityOfPage":{"@id":"https:\/\/meusitejuridico.com.br\/2020\/04\/09\/responsabilidade-civil-estado\/"},"wordCount":1118,"commentCount":0,"publisher":{"@id":"https:\/\/cdn.meusitejuridico.com.br\/#organization"},"image":{"@id":"https:\/\/meusitejuridico.com.br\/2020\/04\/09\/responsabilidade-civil-estado\/#primaryimage"},"thumbnailUrl":"https:\/\/cdn.meusitejuridico.com.br\/s.meusitejuridico\/2019\/05\/f23b0302-law-books-291676-640.jpg","keywords":["#Estado","manual de responsabilidade civil","responsabilidade civil"],"articleSection":["Artigos","Direito Civil"],"inLanguage":"pt-BR","potentialAction":[{"@type":"CommentAction","name":"Comment","target":["https:\/\/meusitejuridico.com.br\/2020\/04\/09\/responsabilidade-civil-estado\/#respond"]}]},{"@type":"WebPage","@id":"https:\/\/meusitejuridico.com.br\/2020\/04\/09\/responsabilidade-civil-estado\/","url":"https:\/\/meusitejuridico.com.br\/2020\/04\/09\/responsabilidade-civil-estado\/","name":"A responsabilidade civil do Estado - Meu site jur\u00eddico","isPartOf":{"@id":"https:\/\/cdn.meusitejuridico.com.br\/#website"},"primaryImageOfPage":{"@id":"https:\/\/meusitejuridico.com.br\/2020\/04\/09\/responsabilidade-civil-estado\/#primaryimage"},"image":{"@id":"https:\/\/meusitejuridico.com.br\/2020\/04\/09\/responsabilidade-civil-estado\/#primaryimage"},"thumbnailUrl":"https:\/\/cdn.meusitejuridico.com.br\/s.meusitejuridico\/2019\/05\/f23b0302-law-books-291676-640.jpg","datePublished":"2020-04-09T13:12:58+00:00","dateModified":"2022-01-18T19:31:09+00:00","breadcrumb":{"@id":"https:\/\/meusitejuridico.com.br\/2020\/04\/09\/responsabilidade-civil-estado\/#breadcrumb"},"inLanguage":"pt-BR","potentialAction":[{"@type":"ReadAction","target":["https:\/\/meusitejuridico.com.br\/2020\/04\/09\/responsabilidade-civil-estado\/"]}]},{"@type":"ImageObject","inLanguage":"pt-BR","@id":"https:\/\/meusitejuridico.com.br\/2020\/04\/09\/responsabilidade-civil-estado\/#primaryimage","url":"https:\/\/cdn.meusitejuridico.com.br\/s.meusitejuridico\/2019\/05\/f23b0302-law-books-291676-640.jpg","contentUrl":"https:\/\/cdn.meusitejuridico.com.br\/s.meusitejuridico\/2019\/05\/f23b0302-law-books-291676-640.jpg","width":640,"height":480},{"@type":"BreadcrumbList","@id":"https:\/\/meusitejuridico.com.br\/2020\/04\/09\/responsabilidade-civil-estado\/#breadcrumb","itemListElement":[{"@type":"ListItem","position":1,"name":"In\u00edcio","item":"https:\/\/cdn.meusitejuridico.com.br\/"},{"@type":"ListItem","position":2,"name":"A responsabilidade civil do Estado"}]},{"@type":"WebSite","@id":"https:\/\/cdn.meusitejuridico.com.br\/#website","url":"https:\/\/cdn.meusitejuridico.com.br\/","name":"Meu site jur\u00eddico","description":"Meu site jur\u00eddico","publisher":{"@id":"https:\/\/cdn.meusitejuridico.com.br\/#organization"},"potentialAction":[{"@type":"SearchAction","target":{"@type":"EntryPoint","urlTemplate":"https:\/\/cdn.meusitejuridico.com.br\/?s={search_term_string}"},"query-input":{"@type":"PropertyValueSpecification","valueRequired":true,"valueName":"search_term_string"}}],"inLanguage":"pt-BR"},{"@type":"Organization","@id":"https:\/\/cdn.meusitejuridico.com.br\/#organization","name":"Meu site jur\u00eddico","url":"https:\/\/cdn.meusitejuridico.com.br\/","logo":{"@type":"ImageObject","inLanguage":"pt-BR","@id":"https:\/\/cdn.meusitejuridico.com.br\/#\/schema\/logo\/image\/","url":"https:\/\/cdn.meusitejuridico.com.br\/s.meusitejuridico\/2022\/03\/cropped-baeec2a3-msj-02-01-01.png","contentUrl":"https:\/\/cdn.meusitejuridico.com.br\/s.meusitejuridico\/2022\/03\/cropped-baeec2a3-msj-02-01-01.png","width":349,"height":243,"caption":"Meu site jur\u00eddico"},"image":{"@id":"https:\/\/cdn.meusitejuridico.com.br\/#\/schema\/logo\/image\/"}},{"@type":"Person","@id":"https:\/\/cdn.meusitejuridico.com.br\/#\/schema\/person\/144ad40d907f2c1d73fc6b431f000178","name":"Felipe Braga Netto","image":{"@type":"ImageObject","inLanguage":"pt-BR","@id":"https:\/\/cdn.meusitejuridico.com.br\/#\/schema\/person\/image\/","url":"https:\/\/cdn.meusitejuridico.com.br\/s.meusitejuridico\/2019\/05\/e6c75c8c-felipe-braga-netto-150x150.jpg","contentUrl":"https:\/\/cdn.meusitejuridico.com.br\/s.meusitejuridico\/2019\/05\/e6c75c8c-felipe-braga-netto-150x150.jpg","caption":"Felipe Braga Netto"},"description":"Membro do Minist\u00e9rio P\u00fablico Federal (Procurador da Rep\u00fablica). Doutor pela Pontif\u00edcia Universidade Cat\u00f3lica do Rio de Janeiro. Mestre pela Universidade Federal de Pernambuco. Procurador Regional Eleitoral de Minas Gerais (2010\/2012). Professor de Direito Civil e Direito do Consumidor da Dom Helder \u2013 Escola de Direito (2003\/2017). Professor de Teoria Geral do Direito, Direito Civil e Direito do Consumidor da PUC-MINAS (2002\/2006). Professor da Escola Superior do Minist\u00e9rio P\u00fablico da Uni\u00e3o \u2013 ESMPU. Professor nas Escolas de Magistratura de Minas Gerais e do Esp\u00edrito Santo. Publicou cap\u00edtulos de livros em 28 obras coletivas.","sameAs":["https:\/\/www.instagram.com\/felipebraganetto\/"],"url":"https:\/\/cdn.meusitejuridico.com.br\/author\/felipe-braga-netto\/"}]}},"_links":{"self":[{"href":"https:\/\/cdn.meusitejuridico.com.br\/api\/wp\/v2\/posts\/10725","targetHints":{"allow":["GET"]}}],"collection":[{"href":"https:\/\/cdn.meusitejuridico.com.br\/api\/wp\/v2\/posts"}],"about":[{"href":"https:\/\/cdn.meusitejuridico.com.br\/api\/wp\/v2\/types\/post"}],"author":[{"embeddable":true,"href":"https:\/\/cdn.meusitejuridico.com.br\/api\/wp\/v2\/users\/91"}],"replies":[{"embeddable":true,"href":"https:\/\/cdn.meusitejuridico.com.br\/api\/wp\/v2\/comments?post=10725"}],"version-history":[{"count":1,"href":"https:\/\/cdn.meusitejuridico.com.br\/api\/wp\/v2\/posts\/10725\/revisions"}],"predecessor-version":[{"id":10726,"href":"https:\/\/cdn.meusitejuridico.com.br\/api\/wp\/v2\/posts\/10725\/revisions\/10726"}],"wp:featuredmedia":[{"embeddable":true,"href":"https:\/\/cdn.meusitejuridico.com.br\/api\/wp\/v2\/media\/8266"}],"wp:attachment":[{"href":"https:\/\/cdn.meusitejuridico.com.br\/api\/wp\/v2\/media?parent=10725"}],"wp:term":[{"taxonomy":"category","embeddable":true,"href":"https:\/\/cdn.meusitejuridico.com.br\/api\/wp\/v2\/categories?post=10725"},{"taxonomy":"post_tag","embeddable":true,"href":"https:\/\/cdn.meusitejuridico.com.br\/api\/wp\/v2\/tags?post=10725"}],"curies":[{"name":"wp","href":"https:\/\/api.w.org\/{rel}","templated":true}]}}