{"id":11065,"date":"2020-05-14T14:00:21","date_gmt":"2020-05-14T17:00:21","guid":{"rendered":"https:\/\/meusitejuridico.editorajuspodivm.com.br\/?p=11065"},"modified":"2020-05-14T08:46:35","modified_gmt":"2020-05-14T11:46:35","slug":"prisao-preventiva-de-oficio-e-pacote-anticrime-em-tempos-de-covid-19","status":"publish","type":"post","link":"https:\/\/cdn.meusitejuridico.com.br\/2020\/05\/14\/prisao-preventiva-de-oficio-e-pacote-anticrime-em-tempos-de-covid-19\/","title":{"rendered":"Pris\u00e3o preventiva de of\u00edcio e \u201cPacote Anticrime\u201d em tempos de COVID-19"},"content":{"rendered":"<p>Com lastro em regramento infralegal extraordin\u00e1rio, editado pelos tribunais estaduais visando o enfrentamento \u00e0 grave pandemia do COVID-19, se tem admitido, de forma generalizada e sem maiores questionamentos, a dispensa de realiza\u00e7\u00e3o de audi\u00eancia de cust\u00f3dia. Contudo, outro problema surge com essa dispensa da audi\u00eancia de cust\u00f3dia, que n\u00e3o tem sido objeto da devida aten\u00e7\u00e3o dos \u201coperadores do Direito\u201d: Seria, ainda, admiss\u00edvel a convers\u00e3o da pris\u00e3o em flagrante em pris\u00e3o preventiva sem pr\u00e9via representa\u00e7\u00e3o do Delegado de Pol\u00edcia ou requerimento do Minist\u00e9rio P\u00fablico?<\/p>\n<p>Acerca do ponto, em aten\u00e7\u00e3o, mesmo, ao Princ\u00edpio Acusat\u00f3rio, h\u00e1 muito encampado no processo penal p\u00e1trio, como decorr\u00eancia l\u00f3gica do Estatuto Constitucional do Direito de Defesa, integrado por diversos Direitos e Garantias Individuais previstos no art. 5\u00ba da CR, entre os quais se destaca o Princ\u00edpio do Devido Processo Legal (CR, art. 5\u00ba, LIV) e o Princ\u00edpio do Contradit\u00f3rio e da Ampla Defesa (CR, art. 5\u00ba, LV), que t\u00eam como pressuposto necess\u00e1rio a fiel observ\u00e2ncia ao Princ\u00edpio da Imparcialidade do Juiz, extra\u00eddo, por interpreta\u00e7\u00e3o sistem\u00e1tica e teleol\u00f3gica, do art. 5\u00ba, XXXVII e LIII , c\/c o art. 95, incisos , ambos da CR, h\u00e1 muito que \u00e9 incab\u00edvel ativismo judicial de tal envergadura.<\/p>\n<p>N\u00e3o \u00e9 outra a principiologia vigente nos tratados internacionais de Direitos Humanos, tal como, e.g., positivado, em especial, no art. 8, item 1, da Conven\u00e7\u00e3o Americana de Direitos Humanos , que, expressamente, imp\u00f5e aos estados signat\u00e1rios o dever de garantir acesso a um juiz competente, independente e imparcial a toda e qualquer pessoa acusada da pr\u00e1tica de algum crime, a refor\u00e7ar a veda\u00e7\u00e3o de qualquer forma de ativismo judicial, sempre incompat\u00edvel com essa garantia, tal como a imposi\u00e7\u00e3o da medida cautelar extrema por decis\u00e3o proferida de of\u00edcio pela autoridade judicial.<\/p>\n<p>Para aqueles que n\u00e3o se convenceram disso com os regramentos constitucional e supralegal acima referidos, n\u00e3o h\u00e1 como manter posi\u00e7\u00e3o contr\u00e1ria \u00e0 que ora se sustenta com o extraordin\u00e1rio e objetivo refor\u00e7o que adveio da publica\u00e7\u00e3o da Lei n. 13.964\/2019, afastando os espa\u00e7os de nebulosidade antes existentes ao clarear e conferir regramento detalhado e espec\u00edfico a diversos aspectos do nosso Sistema Acusat\u00f3rio de Processo Penal.<\/p>\n<p>No que diz respeito ao tema objeto dessas linhas, n\u00e3o foi diferente. Ficou mais do que claro que, para a validade de qualquer decis\u00e3o que imponha pris\u00e3o preventiva, mesmo a t\u00edtulo de \u201cconvers\u00e3o\u201d de pris\u00e3o pr\u00e9-cautelar, no atual contexto legal, \u00e9 imprescind\u00edvel a provoca\u00e7\u00e3o do magistrado pelos \u201coperadores do Direito\u201d com atribui\u00e7\u00e3o para tal, no caso, o Delegado de Pol\u00edcia ou o presentante do Minist\u00e9rio P\u00fablico.<\/p>\n<p>N\u00e3o \u00e9 demais repisar, j\u00e1 n\u00e3o havia como escapar dessa conclus\u00e3o, quando se tinha em conta o Princ\u00edpio Acusat\u00f3rio, de longa data afirmado no Brasil, pela Doutrina e jurisprud\u00eancia, como baliza essencial do processo penal, em decorr\u00eancia, como dito, da pr\u00f3pria fei\u00e7\u00e3o constitucional atribu\u00edda ao processo pela Constitui\u00e7\u00e3o da Rep\u00fablica.<\/p>\n<p>Mas especificamente sobre o tema em quest\u00e3o \u2013 imposi\u00e7\u00e3o de pris\u00e3o cautelar de of\u00edcio, mormente a partir da referida Lei n. 13.964\/2019, exsurge cristalino o regramento contido no reformado C\u00f3digo de Processo Penal.<br \/>\nO chamado \u201cPacote Anticrime\u201d, ao afirmar a \u201cestrutura acusat\u00f3ria\u201d do processo penal e criar o Juiz de Garantias (CPP, arts. 3\u00ba-A a 3\u00ba-F) , deixou claro que o magistrado deve exercer o papel de garantidor das Liberdades e dos Direitos Fundamentais, n\u00e3o podendo, por isso, determinar pris\u00e3o preventiva ex officio.<\/p>\n<p>Na mesma linha, o art. 310, caput, do CPP, que antes da nova reda\u00e7\u00e3o aparentava autorizar a convers\u00e3o da pris\u00e3o sem representa\u00e7\u00e3o da Autoridade Policial ou requerimento do Minist\u00e9rio P\u00fablico, passou a exigir, ainda que implicitamente, agora no contexto da audi\u00eancia de cust\u00f3dia, a pr\u00e9via manifesta\u00e7\u00e3o do Autor da A\u00e7\u00e3o Penal P\u00fablica, ao afirmar a obrigatoriedade da presen\u00e7a desse \u00d3rg\u00e3o naquele solene ato processual.<\/p>\n<p>A imprescindibilidade de pr\u00e9via representa\u00e7\u00e3o ou requerimento de \u00f3rg\u00e3o ou pessoa, para tanto, legitimada, \u00e9 reafirmada, desta feita, expressamente e em temos categ\u00f3ricos, pelo novo texto do art. 311 do CPP, dado pela Lei n. 13.964\/2019 , o que vem sendo objeto de reiterada reafirma\u00e7\u00e3o em recentes precedentes do Tribunal de Justi\u00e7a do Estado de S\u00e3o Paulo, formados ap\u00f3s a vig\u00eancia do \u201cPacote Anticrime\u201d .<br \/>\nN\u00e3o para por a\u00ed o t\u00e3o aguardado refor\u00e7o de esclarecimento normativo trazido pela nova Lei.<\/p>\n<p>Logo no Cap\u00edtulo I do T\u00edtulo IX do CPP, que trata das disposi\u00e7\u00f5es gerais sobre a pris\u00e3o, as demais medidas cautelares e a liberdade provis\u00f3ria, o art. 282, \u00a7 2\u00ba, tamb\u00e9m com reda\u00e7\u00e3o da Lei n. 13.964\/2019 , imp\u00f5e a mesma exig\u00eancia de pr\u00e9via manifesta\u00e7\u00e3o para a prola\u00e7\u00e3o de decis\u00e3o concernente a toda e qualquer medida cautelar em processo penal. Categoria que, indiscutivelmente, abrange as pris\u00f5es provis\u00f3rias.<\/p>\n<p>Portanto, a convers\u00e3o de of\u00edcio de pr\u00e9-cautelar em preventiva pelo juiz, seja na fase inquisitiva seja no curso do processo, conforme ensinam Paulo Queiroz e Renato Brasileiro de Lima n\u00e3o tem nenhum cabimento a partir do novo regramento legal dado \u00e0 mat\u00e9ria.<\/p>\n<p>Com rela\u00e7\u00e3o \u00e0 fase inquisitiva, na verdade, mesmo a anterior reda\u00e7\u00e3o do art. 311 do CPP j\u00e1 desautorizava a imposi\u00e7\u00e3o ex officio de pris\u00e3o preventiva.<br \/>\nNesse sentido, cabe fazer remiss\u00e3o \u00e0 percuciente li\u00e7\u00e3o extra\u00edda de vasta obra de Pacelli e Fischer e a preciso precedente do Tribunal de Justi\u00e7a do Estado de Minas Gerais .<\/p>\n<p>N\u00e3o \u00e9 muito consignar que, embora houvessem precedentes em sentido diverso, eles se amparavam, sempre, na ora revogada reda\u00e7\u00e3o do art. 310, caput, do CPP , que, a partir da vigente reda\u00e7\u00e3o, passou a fazer expressa alus\u00e3o \u00e0 obrigatoriedade da participa\u00e7\u00e3o do Minist\u00e9rio P\u00fablico no ato processual que culmina com a decis\u00e3o acerca da pris\u00e3o provis\u00f3ria, i.e., a audi\u00eancia de cust\u00f3dia.<\/p>\n<p>Desse modo, a nova reda\u00e7\u00e3o do dispositivo exclui essa \u201cpossibilidade\u201d de flerte com o Sistema Inquisit\u00f3rio de Justi\u00e7a Penal, inviabilizando aquela antiga interpreta\u00e7\u00e3o, completamente dissociada do Princ\u00edpio Acusat\u00f3rio, que chegava ao ponto de, pretensamente, autorizar decreta\u00e7\u00e3o de pris\u00e3o preventiva de of\u00edcio, o que \u00e9 mais grave, mesmo na fase inquisitiva da persecu\u00e7\u00e3o penal.<br \/>\nSendo, por todas as raz\u00f5es explicitadas nas linhas anteriores, ilegal a pris\u00e3o preventiva imposta de of\u00edcio pelo juiz, por infra\u00e7\u00e3o ao Princ\u00edpio Acusat\u00f3rio e a diversos dispositivos legais expressos e espec\u00edficos sobre o tema no vigente CPP, deve tal ilegalidade ser reparada pela via do relaxamento, garantida pela categ\u00f3rica literalidade do art. 5\u00ba, inciso LXV, da CR .<\/p>\n<p>Cuidando-se de pris\u00e3o ilegal, cujo rem\u00e9dio pr\u00f3prio \u00e9 o relaxamento, a liberdade deve ser restitu\u00edda em sua forma plena, sem aplica\u00e7\u00e3o de quaisquer outras medidas cautelares restritivas de direitos, conforme abalizada Doutrina e preciso precedente do Tribunal de Justi\u00e7a do Estado de Minas Gerais.<\/p>\n<p>Desse modo, n\u00e3o h\u00e1 como negar a ilegalidade de pris\u00f5es preventivas decretadas de of\u00edcio, sob o vigente ordenamento jur\u00eddico nacional, o que remete \u00e0 necessidade de pronto relaxamento da medida cautelar extrema assim imposta, que, sendo ilegal, n\u00e3o legitima sua substitui\u00e7\u00e3o por nenhuma outra medida cautelar prevista no art. 319 do CPP, uma vez que essa substitui\u00e7\u00e3o pressup\u00f5e a legalidade da cautelar substitu\u00edda. Logo, a liberdade, em tal situa\u00e7\u00e3o, deve ser restitu\u00edda na \u00edntegra.<\/p>\n","protected":false},"excerpt":{"rendered":"<p>Com lastro em regramento infralegal extraordin\u00e1rio, editado pelos tribunais estaduais visando o enfrentamento \u00e0 grave pandemia do COVID-19, se tem admitido, de forma generalizada e sem maiores questionamentos, a dispensa de realiza\u00e7\u00e3o de audi\u00eancia de cust\u00f3dia. Contudo, outro problema surge com essa dispensa da audi\u00eancia de cust\u00f3dia, que n\u00e3o tem sido objeto da devida aten\u00e7\u00e3o [&hellip;]<\/p>\n","protected":false},"author":142,"featured_media":11066,"comment_status":"open","ping_status":"open","sticky":false,"template":"","format":"standard","meta":{"_acf_changed":false,"footnotes":""},"categories":[1,114],"tags":[1960,3128,3140,1014,119],"class_list":["post-11065","post","type-post","status-publish","format-standard","has-post-thumbnail","hentry","category-artigos","category-direito-processual-penal","tag-audiencia-de-custodia","tag-coronavirus","tag-covid-19","tag-preventiva","tag-processo-penal"],"acf":[],"yoast_head":"<!-- This site is optimized with the Yoast SEO plugin v24.8.1 - https:\/\/yoast.com\/wordpress\/plugins\/seo\/ -->\n<title>Pris\u00e3o preventiva de of\u00edcio e \u201cPacote Anticrime\u201d em tempos de COVID-19 - Meu site jur\u00eddico<\/title>\n<meta name=\"robots\" content=\"index, follow, max-snippet:-1, max-image-preview:large, max-video-preview:-1\" \/>\n<link rel=\"canonical\" href=\"https:\/\/meusitejuridico.editorajuspodivm.com.br\/2020\/05\/14\/prisao-preventiva-de-oficio-e-pacote-anticrime-em-tempos-de-covid-19\/\" \/>\n<meta property=\"og:locale\" content=\"pt_BR\" \/>\n<meta property=\"og:type\" content=\"article\" \/>\n<meta property=\"og:title\" content=\"Pris\u00e3o preventiva de of\u00edcio e \u201cPacote Anticrime\u201d em tempos de COVID-19 - Meu site jur\u00eddico\" \/>\n<meta property=\"og:description\" content=\"Com lastro em regramento infralegal extraordin\u00e1rio, editado pelos tribunais estaduais visando o enfrentamento \u00e0 grave pandemia do COVID-19, se tem admitido, de forma generalizada e sem maiores questionamentos, a dispensa de realiza\u00e7\u00e3o de audi\u00eancia de cust\u00f3dia. Contudo, outro problema surge com essa dispensa da audi\u00eancia de cust\u00f3dia, que n\u00e3o tem sido objeto da devida aten\u00e7\u00e3o [&hellip;]\" \/>\n<meta property=\"og:url\" content=\"https:\/\/meusitejuridico.editorajuspodivm.com.br\/2020\/05\/14\/prisao-preventiva-de-oficio-e-pacote-anticrime-em-tempos-de-covid-19\/\" \/>\n<meta property=\"og:site_name\" content=\"Meu site jur\u00eddico\" \/>\n<meta property=\"article:published_time\" content=\"2020-05-14T17:00:21+00:00\" \/>\n<meta property=\"og:image\" content=\"https:\/\/meusitejuridico.editorajuspodivm.com.br\/s.meusitejuridico\/2020\/05\/5dad6991-handcuffs-354042-640.jpg\" \/>\n\t<meta property=\"og:image:width\" content=\"640\" \/>\n\t<meta property=\"og:image:height\" content=\"480\" \/>\n\t<meta property=\"og:image:type\" content=\"image\/jpeg\" \/>\n<meta name=\"author\" content=\"Odonias Fran\u00e7a de Oliveira\" \/>\n<meta name=\"twitter:card\" content=\"summary_large_image\" \/>\n<meta name=\"twitter:label1\" content=\"Escrito por\" \/>\n\t<meta name=\"twitter:data1\" content=\"Odonias Fran\u00e7a de Oliveira\" \/>\n\t<meta name=\"twitter:label2\" content=\"Est. tempo de leitura\" \/>\n\t<meta name=\"twitter:data2\" content=\"6 minutos\" \/>\n<script type=\"application\/ld+json\" class=\"yoast-schema-graph\">{\"@context\":\"https:\/\/schema.org\",\"@graph\":[{\"@type\":\"Article\",\"@id\":\"https:\/\/meusitejuridico.editorajuspodivm.com.br\/2020\/05\/14\/prisao-preventiva-de-oficio-e-pacote-anticrime-em-tempos-de-covid-19\/#article\",\"isPartOf\":{\"@id\":\"https:\/\/meusitejuridico.editorajuspodivm.com.br\/2020\/05\/14\/prisao-preventiva-de-oficio-e-pacote-anticrime-em-tempos-de-covid-19\/\"},\"author\":{\"name\":\"Odonias Fran\u00e7a de Oliveira\",\"@id\":\"https:\/\/cdn.meusitejuridico.com.br\/#\/schema\/person\/e1d7eafd9ec05dd4202877a746fd800b\"},\"headline\":\"Pris\u00e3o preventiva de of\u00edcio e \u201cPacote Anticrime\u201d em tempos de COVID-19\",\"datePublished\":\"2020-05-14T17:00:21+00:00\",\"mainEntityOfPage\":{\"@id\":\"https:\/\/meusitejuridico.editorajuspodivm.com.br\/2020\/05\/14\/prisao-preventiva-de-oficio-e-pacote-anticrime-em-tempos-de-covid-19\/\"},\"wordCount\":1308,\"commentCount\":0,\"publisher\":{\"@id\":\"https:\/\/cdn.meusitejuridico.com.br\/#organization\"},\"image\":{\"@id\":\"https:\/\/meusitejuridico.editorajuspodivm.com.br\/2020\/05\/14\/prisao-preventiva-de-oficio-e-pacote-anticrime-em-tempos-de-covid-19\/#primaryimage\"},\"thumbnailUrl\":\"https:\/\/cdn.meusitejuridico.com.br\/s.meusitejuridico\/2020\/05\/5dad6991-handcuffs-354042-640.jpg\",\"keywords\":[\"audi\u00eancia de cust\u00f3dia\",\"coronav\u00edrus\",\"covid-19\",\"preventiva\",\"Processo Penal\"],\"articleSection\":[\"Artigos\",\"Direito Processual Penal\"],\"inLanguage\":\"pt-BR\",\"potentialAction\":[{\"@type\":\"CommentAction\",\"name\":\"Comment\",\"target\":[\"https:\/\/meusitejuridico.editorajuspodivm.com.br\/2020\/05\/14\/prisao-preventiva-de-oficio-e-pacote-anticrime-em-tempos-de-covid-19\/#respond\"]}]},{\"@type\":\"WebPage\",\"@id\":\"https:\/\/meusitejuridico.editorajuspodivm.com.br\/2020\/05\/14\/prisao-preventiva-de-oficio-e-pacote-anticrime-em-tempos-de-covid-19\/\",\"url\":\"https:\/\/meusitejuridico.editorajuspodivm.com.br\/2020\/05\/14\/prisao-preventiva-de-oficio-e-pacote-anticrime-em-tempos-de-covid-19\/\",\"name\":\"Pris\u00e3o preventiva de of\u00edcio e \u201cPacote Anticrime\u201d em tempos de COVID-19 - Meu site jur\u00eddico\",\"isPartOf\":{\"@id\":\"https:\/\/cdn.meusitejuridico.com.br\/#website\"},\"primaryImageOfPage\":{\"@id\":\"https:\/\/meusitejuridico.editorajuspodivm.com.br\/2020\/05\/14\/prisao-preventiva-de-oficio-e-pacote-anticrime-em-tempos-de-covid-19\/#primaryimage\"},\"image\":{\"@id\":\"https:\/\/meusitejuridico.editorajuspodivm.com.br\/2020\/05\/14\/prisao-preventiva-de-oficio-e-pacote-anticrime-em-tempos-de-covid-19\/#primaryimage\"},\"thumbnailUrl\":\"https:\/\/cdn.meusitejuridico.com.br\/s.meusitejuridico\/2020\/05\/5dad6991-handcuffs-354042-640.jpg\",\"datePublished\":\"2020-05-14T17:00:21+00:00\",\"breadcrumb\":{\"@id\":\"https:\/\/meusitejuridico.editorajuspodivm.com.br\/2020\/05\/14\/prisao-preventiva-de-oficio-e-pacote-anticrime-em-tempos-de-covid-19\/#breadcrumb\"},\"inLanguage\":\"pt-BR\",\"potentialAction\":[{\"@type\":\"ReadAction\",\"target\":[\"https:\/\/meusitejuridico.editorajuspodivm.com.br\/2020\/05\/14\/prisao-preventiva-de-oficio-e-pacote-anticrime-em-tempos-de-covid-19\/\"]}]},{\"@type\":\"ImageObject\",\"inLanguage\":\"pt-BR\",\"@id\":\"https:\/\/meusitejuridico.editorajuspodivm.com.br\/2020\/05\/14\/prisao-preventiva-de-oficio-e-pacote-anticrime-em-tempos-de-covid-19\/#primaryimage\",\"url\":\"https:\/\/cdn.meusitejuridico.com.br\/s.meusitejuridico\/2020\/05\/5dad6991-handcuffs-354042-640.jpg\",\"contentUrl\":\"https:\/\/cdn.meusitejuridico.com.br\/s.meusitejuridico\/2020\/05\/5dad6991-handcuffs-354042-640.jpg\",\"width\":640,\"height\":480},{\"@type\":\"BreadcrumbList\",\"@id\":\"https:\/\/meusitejuridico.editorajuspodivm.com.br\/2020\/05\/14\/prisao-preventiva-de-oficio-e-pacote-anticrime-em-tempos-de-covid-19\/#breadcrumb\",\"itemListElement\":[{\"@type\":\"ListItem\",\"position\":1,\"name\":\"In\u00edcio\",\"item\":\"https:\/\/cdn.meusitejuridico.com.br\/\"},{\"@type\":\"ListItem\",\"position\":2,\"name\":\"Pris\u00e3o preventiva de of\u00edcio e \u201cPacote Anticrime\u201d em tempos de COVID-19\"}]},{\"@type\":\"WebSite\",\"@id\":\"https:\/\/cdn.meusitejuridico.com.br\/#website\",\"url\":\"https:\/\/cdn.meusitejuridico.com.br\/\",\"name\":\"Meu site jur\u00eddico\",\"description\":\"Meu site jur\u00eddico\",\"publisher\":{\"@id\":\"https:\/\/cdn.meusitejuridico.com.br\/#organization\"},\"potentialAction\":[{\"@type\":\"SearchAction\",\"target\":{\"@type\":\"EntryPoint\",\"urlTemplate\":\"https:\/\/cdn.meusitejuridico.com.br\/?s={search_term_string}\"},\"query-input\":{\"@type\":\"PropertyValueSpecification\",\"valueRequired\":true,\"valueName\":\"search_term_string\"}}],\"inLanguage\":\"pt-BR\"},{\"@type\":\"Organization\",\"@id\":\"https:\/\/cdn.meusitejuridico.com.br\/#organization\",\"name\":\"Meu site jur\u00eddico\",\"url\":\"https:\/\/cdn.meusitejuridico.com.br\/\",\"logo\":{\"@type\":\"ImageObject\",\"inLanguage\":\"pt-BR\",\"@id\":\"https:\/\/cdn.meusitejuridico.com.br\/#\/schema\/logo\/image\/\",\"url\":\"https:\/\/cdn.meusitejuridico.com.br\/s.meusitejuridico\/2022\/03\/cropped-baeec2a3-msj-02-01-01.png\",\"contentUrl\":\"https:\/\/cdn.meusitejuridico.com.br\/s.meusitejuridico\/2022\/03\/cropped-baeec2a3-msj-02-01-01.png\",\"width\":349,\"height\":243,\"caption\":\"Meu site jur\u00eddico\"},\"image\":{\"@id\":\"https:\/\/cdn.meusitejuridico.com.br\/#\/schema\/logo\/image\/\"}},{\"@type\":\"Person\",\"@id\":\"https:\/\/cdn.meusitejuridico.com.br\/#\/schema\/person\/e1d7eafd9ec05dd4202877a746fd800b\",\"name\":\"Odonias Fran\u00e7a de Oliveira\",\"image\":{\"@type\":\"ImageObject\",\"inLanguage\":\"pt-BR\",\"@id\":\"https:\/\/cdn.meusitejuridico.com.br\/#\/schema\/person\/image\/\",\"url\":\"https:\/\/cdn.meusitejuridico.com.br\/s.meusitejuridico\/2020\/05\/f11cdb90-odonias-150x150.png\",\"contentUrl\":\"https:\/\/cdn.meusitejuridico.com.br\/s.meusitejuridico\/2020\/05\/f11cdb90-odonias-150x150.png\",\"caption\":\"Odonias Fran\u00e7a de Oliveira\"},\"description\":\"Defensor P\u00fablico do Estado de Mato Grosso desde outubro de 2010, Graduado pela UNEMAT - Universidade do Estado de Mato Grosso, P\u00f3s-Gradua\u00e7\u00e3o em Direito P\u00fablico pelo IELF - Instituto Educacional Lu\u00eds Fl\u00e1vio Gomes.\",\"url\":\"https:\/\/cdn.meusitejuridico.com.br\/author\/odoniasodonias\/\"}]}<\/script>\n<!-- \/ Yoast SEO plugin. -->","yoast_head_json":{"title":"Pris\u00e3o preventiva de of\u00edcio e \u201cPacote Anticrime\u201d em tempos de COVID-19 - Meu site jur\u00eddico","robots":{"index":"index","follow":"follow","max-snippet":"max-snippet:-1","max-image-preview":"max-image-preview:large","max-video-preview":"max-video-preview:-1"},"canonical":"https:\/\/meusitejuridico.editorajuspodivm.com.br\/2020\/05\/14\/prisao-preventiva-de-oficio-e-pacote-anticrime-em-tempos-de-covid-19\/","og_locale":"pt_BR","og_type":"article","og_title":"Pris\u00e3o preventiva de of\u00edcio e \u201cPacote Anticrime\u201d em tempos de COVID-19 - Meu site jur\u00eddico","og_description":"Com lastro em regramento infralegal extraordin\u00e1rio, editado pelos tribunais estaduais visando o enfrentamento \u00e0 grave pandemia do COVID-19, se tem admitido, de forma generalizada e sem maiores questionamentos, a dispensa de realiza\u00e7\u00e3o de audi\u00eancia de cust\u00f3dia. Contudo, outro problema surge com essa dispensa da audi\u00eancia de cust\u00f3dia, que n\u00e3o tem sido objeto da devida aten\u00e7\u00e3o [&hellip;]","og_url":"https:\/\/meusitejuridico.editorajuspodivm.com.br\/2020\/05\/14\/prisao-preventiva-de-oficio-e-pacote-anticrime-em-tempos-de-covid-19\/","og_site_name":"Meu site jur\u00eddico","article_published_time":"2020-05-14T17:00:21+00:00","og_image":[{"width":640,"height":480,"url":"https:\/\/meusitejuridico.editorajuspodivm.com.br\/s.meusitejuridico\/2020\/05\/5dad6991-handcuffs-354042-640.jpg","type":"image\/jpeg"}],"author":"Odonias Fran\u00e7a de Oliveira","twitter_card":"summary_large_image","twitter_misc":{"Escrito por":"Odonias Fran\u00e7a de Oliveira","Est. tempo de leitura":"6 minutos"},"schema":{"@context":"https:\/\/schema.org","@graph":[{"@type":"Article","@id":"https:\/\/meusitejuridico.editorajuspodivm.com.br\/2020\/05\/14\/prisao-preventiva-de-oficio-e-pacote-anticrime-em-tempos-de-covid-19\/#article","isPartOf":{"@id":"https:\/\/meusitejuridico.editorajuspodivm.com.br\/2020\/05\/14\/prisao-preventiva-de-oficio-e-pacote-anticrime-em-tempos-de-covid-19\/"},"author":{"name":"Odonias Fran\u00e7a de Oliveira","@id":"https:\/\/cdn.meusitejuridico.com.br\/#\/schema\/person\/e1d7eafd9ec05dd4202877a746fd800b"},"headline":"Pris\u00e3o preventiva de of\u00edcio e \u201cPacote Anticrime\u201d em tempos de COVID-19","datePublished":"2020-05-14T17:00:21+00:00","mainEntityOfPage":{"@id":"https:\/\/meusitejuridico.editorajuspodivm.com.br\/2020\/05\/14\/prisao-preventiva-de-oficio-e-pacote-anticrime-em-tempos-de-covid-19\/"},"wordCount":1308,"commentCount":0,"publisher":{"@id":"https:\/\/cdn.meusitejuridico.com.br\/#organization"},"image":{"@id":"https:\/\/meusitejuridico.editorajuspodivm.com.br\/2020\/05\/14\/prisao-preventiva-de-oficio-e-pacote-anticrime-em-tempos-de-covid-19\/#primaryimage"},"thumbnailUrl":"https:\/\/cdn.meusitejuridico.com.br\/s.meusitejuridico\/2020\/05\/5dad6991-handcuffs-354042-640.jpg","keywords":["audi\u00eancia de cust\u00f3dia","coronav\u00edrus","covid-19","preventiva","Processo Penal"],"articleSection":["Artigos","Direito Processual Penal"],"inLanguage":"pt-BR","potentialAction":[{"@type":"CommentAction","name":"Comment","target":["https:\/\/meusitejuridico.editorajuspodivm.com.br\/2020\/05\/14\/prisao-preventiva-de-oficio-e-pacote-anticrime-em-tempos-de-covid-19\/#respond"]}]},{"@type":"WebPage","@id":"https:\/\/meusitejuridico.editorajuspodivm.com.br\/2020\/05\/14\/prisao-preventiva-de-oficio-e-pacote-anticrime-em-tempos-de-covid-19\/","url":"https:\/\/meusitejuridico.editorajuspodivm.com.br\/2020\/05\/14\/prisao-preventiva-de-oficio-e-pacote-anticrime-em-tempos-de-covid-19\/","name":"Pris\u00e3o preventiva de of\u00edcio e \u201cPacote Anticrime\u201d em tempos de COVID-19 - Meu site jur\u00eddico","isPartOf":{"@id":"https:\/\/cdn.meusitejuridico.com.br\/#website"},"primaryImageOfPage":{"@id":"https:\/\/meusitejuridico.editorajuspodivm.com.br\/2020\/05\/14\/prisao-preventiva-de-oficio-e-pacote-anticrime-em-tempos-de-covid-19\/#primaryimage"},"image":{"@id":"https:\/\/meusitejuridico.editorajuspodivm.com.br\/2020\/05\/14\/prisao-preventiva-de-oficio-e-pacote-anticrime-em-tempos-de-covid-19\/#primaryimage"},"thumbnailUrl":"https:\/\/cdn.meusitejuridico.com.br\/s.meusitejuridico\/2020\/05\/5dad6991-handcuffs-354042-640.jpg","datePublished":"2020-05-14T17:00:21+00:00","breadcrumb":{"@id":"https:\/\/meusitejuridico.editorajuspodivm.com.br\/2020\/05\/14\/prisao-preventiva-de-oficio-e-pacote-anticrime-em-tempos-de-covid-19\/#breadcrumb"},"inLanguage":"pt-BR","potentialAction":[{"@type":"ReadAction","target":["https:\/\/meusitejuridico.editorajuspodivm.com.br\/2020\/05\/14\/prisao-preventiva-de-oficio-e-pacote-anticrime-em-tempos-de-covid-19\/"]}]},{"@type":"ImageObject","inLanguage":"pt-BR","@id":"https:\/\/meusitejuridico.editorajuspodivm.com.br\/2020\/05\/14\/prisao-preventiva-de-oficio-e-pacote-anticrime-em-tempos-de-covid-19\/#primaryimage","url":"https:\/\/cdn.meusitejuridico.com.br\/s.meusitejuridico\/2020\/05\/5dad6991-handcuffs-354042-640.jpg","contentUrl":"https:\/\/cdn.meusitejuridico.com.br\/s.meusitejuridico\/2020\/05\/5dad6991-handcuffs-354042-640.jpg","width":640,"height":480},{"@type":"BreadcrumbList","@id":"https:\/\/meusitejuridico.editorajuspodivm.com.br\/2020\/05\/14\/prisao-preventiva-de-oficio-e-pacote-anticrime-em-tempos-de-covid-19\/#breadcrumb","itemListElement":[{"@type":"ListItem","position":1,"name":"In\u00edcio","item":"https:\/\/cdn.meusitejuridico.com.br\/"},{"@type":"ListItem","position":2,"name":"Pris\u00e3o preventiva de of\u00edcio e \u201cPacote Anticrime\u201d em tempos de COVID-19"}]},{"@type":"WebSite","@id":"https:\/\/cdn.meusitejuridico.com.br\/#website","url":"https:\/\/cdn.meusitejuridico.com.br\/","name":"Meu site jur\u00eddico","description":"Meu site jur\u00eddico","publisher":{"@id":"https:\/\/cdn.meusitejuridico.com.br\/#organization"},"potentialAction":[{"@type":"SearchAction","target":{"@type":"EntryPoint","urlTemplate":"https:\/\/cdn.meusitejuridico.com.br\/?s={search_term_string}"},"query-input":{"@type":"PropertyValueSpecification","valueRequired":true,"valueName":"search_term_string"}}],"inLanguage":"pt-BR"},{"@type":"Organization","@id":"https:\/\/cdn.meusitejuridico.com.br\/#organization","name":"Meu site jur\u00eddico","url":"https:\/\/cdn.meusitejuridico.com.br\/","logo":{"@type":"ImageObject","inLanguage":"pt-BR","@id":"https:\/\/cdn.meusitejuridico.com.br\/#\/schema\/logo\/image\/","url":"https:\/\/cdn.meusitejuridico.com.br\/s.meusitejuridico\/2022\/03\/cropped-baeec2a3-msj-02-01-01.png","contentUrl":"https:\/\/cdn.meusitejuridico.com.br\/s.meusitejuridico\/2022\/03\/cropped-baeec2a3-msj-02-01-01.png","width":349,"height":243,"caption":"Meu site jur\u00eddico"},"image":{"@id":"https:\/\/cdn.meusitejuridico.com.br\/#\/schema\/logo\/image\/"}},{"@type":"Person","@id":"https:\/\/cdn.meusitejuridico.com.br\/#\/schema\/person\/e1d7eafd9ec05dd4202877a746fd800b","name":"Odonias Fran\u00e7a de Oliveira","image":{"@type":"ImageObject","inLanguage":"pt-BR","@id":"https:\/\/cdn.meusitejuridico.com.br\/#\/schema\/person\/image\/","url":"https:\/\/cdn.meusitejuridico.com.br\/s.meusitejuridico\/2020\/05\/f11cdb90-odonias-150x150.png","contentUrl":"https:\/\/cdn.meusitejuridico.com.br\/s.meusitejuridico\/2020\/05\/f11cdb90-odonias-150x150.png","caption":"Odonias Fran\u00e7a de Oliveira"},"description":"Defensor P\u00fablico do Estado de Mato Grosso desde outubro de 2010, Graduado pela UNEMAT - Universidade do Estado de Mato Grosso, P\u00f3s-Gradua\u00e7\u00e3o em Direito P\u00fablico pelo IELF - Instituto Educacional Lu\u00eds Fl\u00e1vio Gomes.","url":"https:\/\/cdn.meusitejuridico.com.br\/author\/odoniasodonias\/"}]}},"_links":{"self":[{"href":"https:\/\/cdn.meusitejuridico.com.br\/api\/wp\/v2\/posts\/11065","targetHints":{"allow":["GET"]}}],"collection":[{"href":"https:\/\/cdn.meusitejuridico.com.br\/api\/wp\/v2\/posts"}],"about":[{"href":"https:\/\/cdn.meusitejuridico.com.br\/api\/wp\/v2\/types\/post"}],"author":[{"embeddable":true,"href":"https:\/\/cdn.meusitejuridico.com.br\/api\/wp\/v2\/users\/142"}],"replies":[{"embeddable":true,"href":"https:\/\/cdn.meusitejuridico.com.br\/api\/wp\/v2\/comments?post=11065"}],"version-history":[{"count":3,"href":"https:\/\/cdn.meusitejuridico.com.br\/api\/wp\/v2\/posts\/11065\/revisions"}],"predecessor-version":[{"id":11069,"href":"https:\/\/cdn.meusitejuridico.com.br\/api\/wp\/v2\/posts\/11065\/revisions\/11069"}],"wp:featuredmedia":[{"embeddable":true,"href":"https:\/\/cdn.meusitejuridico.com.br\/api\/wp\/v2\/media\/11066"}],"wp:attachment":[{"href":"https:\/\/cdn.meusitejuridico.com.br\/api\/wp\/v2\/media?parent=11065"}],"wp:term":[{"taxonomy":"category","embeddable":true,"href":"https:\/\/cdn.meusitejuridico.com.br\/api\/wp\/v2\/categories?post=11065"},{"taxonomy":"post_tag","embeddable":true,"href":"https:\/\/cdn.meusitejuridico.com.br\/api\/wp\/v2\/tags?post=11065"}],"curies":[{"name":"wp","href":"https:\/\/api.w.org\/{rel}","templated":true}]}}