{"id":11929,"date":"2020-09-14T14:00:10","date_gmt":"2020-09-14T17:00:10","guid":{"rendered":"https:\/\/meusitejuridico.editorajuspodivm.com.br\/?p=11929"},"modified":"2020-09-14T16:20:36","modified_gmt":"2020-09-14T19:20:36","slug":"inadimplencia-da-prestadora-de-servico-transfere-automaticamente-responsabilidade-para-administracao-publica","status":"publish","type":"post","link":"https:\/\/cdn.meusitejuridico.com.br\/2020\/09\/14\/inadimplencia-da-prestadora-de-servico-transfere-automaticamente-responsabilidade-para-administracao-publica\/","title":{"rendered":"A  inadimpl\u00eancia da prestadora de servi\u00e7o transfere automaticamente a responsabilidade para a Administra\u00e7\u00e3o P\u00fablica?"},"content":{"rendered":"<p class=\"x_MsoNormal\">O debate em torno do tema envolve a interpreta\u00e7\u00e3o do\u00a0<b>art. 71 da Lei n. 8.666\/93<\/b>, dispositivo que prev\u00ea o seguinte:<\/p>\n<p style=\"padding-left: 60px;\"><b>\u201cArt.\u00a071.\u00a0\u00a0<\/b>O contratado \u00e9 respons\u00e1vel pelos encargos trabalhistas, previdenci\u00e1rios, fiscais e comerciais resultantes da execu\u00e7\u00e3o do contrato.<\/p>\n<p style=\"padding-left: 60px;\"><b>\u00a7\u00a01<u><\/u><\/b><b>\u00ba<\/b>\u00a0\u00a0<b><\/b>A inadimpl\u00eancia do contratado, com refer\u00eancia aos encargos trabalhistas, fiscais e comerciais n\u00e3o transfere \u00e0 Administra\u00e7\u00e3o P\u00fablica a responsabilidade por seu pagamento, nem poder\u00e1 onerar o objeto do contrato ou restringir a regulariza\u00e7\u00e3o e o uso das obras e edifica\u00e7\u00f5es, inclusive perante o Registro de Im\u00f3veis.\u201d<\/p>\n<p><b>\u00a0<\/b><b>Mar\u00e7al Justen Filho<\/b>\u00a0(<i>Coment\u00e1rios \u00e0 Lei de Licita\u00e7\u00f5es e Contratos Administrativos<\/i>. S\u00e3o Paulo, RT, 2019, RL-1.15) defende a aus\u00eancia de responsabilidade do Poder P\u00fablico. Segundo ele,<\/p>\n<p style=\"padding-left: 60px;\">\u201cTamb\u00e9m fica expressamente ressalvada a inexist\u00eancia de responsabilidade da Administra\u00e7\u00e3o P\u00fablica por encargos e d\u00edvidas pessoais do contratado. A Administra\u00e7\u00e3o P\u00fablica n\u00e3o se transforma em devedora solid\u00e1ria ou subsidi\u00e1ria perante os credores do contratado. Mesmo quando as d\u00edvidas se originarem de opera\u00e7\u00e3o necess\u00e1ria \u00e0 execu\u00e7\u00e3o do contrato, o contratado permanecer\u00e1 como \u00fanico devedor perante terceiros.\u201d<\/p>\n<p class=\"x_MsoNormal\">Para o STF, todavia, o art. 71, \u00a7 1\u00ba, da Lei n. 8.666\/93<b>\u00a0\u00e9 constitucional<\/b>\u00a0e h\u00e1\u00a0<b>responsabilidade subsidi\u00e1ria<\/b>\u00a0da Administra\u00e7\u00e3o em caso de inadimplemento do contratado pelo encargos trabalhistas, fiscais e comerciais. O tema foi decidido na ADC 16\/DF:<\/p>\n<p class=\"x_MsoNormal\" style=\"padding-left: 60px;\">\u201c<b>EMENTA:<\/b>\u00a0RESPONSABILIDADE CONTRATUAL. Subsidi\u00e1ria. Contrato com a administra\u00e7\u00e3o p\u00fablica. Inadimpl\u00eancia negocial do outro contraente. Transfer\u00eancia consequente e autom\u00e1tica dos seus encargos trabalhistas, fiscais e comerciais, resultantes da execu\u00e7\u00e3o do contrato, \u00e0 administra\u00e7\u00e3o. Impossibilidade jur\u00eddica. Consequ\u00eancia proibida pelo art., 71, \u00a7 1\u00ba, da Lei federal n\u00ba 8.666\/93. Constitucionalidade reconhecida dessa norma. A\u00e7\u00e3o direta de constitucionalidade julgada, nesse sentido, procedente. Voto vencido. \u00c9 constitucional a norma inscrita no art. 71, \u00a7 1\u00ba, da Lei federal n\u00ba 8.666, de 26 de junho de 1993, com a reda\u00e7\u00e3o dada pela Lei n\u00ba 9.032, de 1995.\u201d (<b>ADC 16\/DF<\/b>, Rel. Cezer Peluso, Tribunal Pleno, julgado em 24\/11\/2010, DJe 08\/09\/2011)<\/p>\n<p class=\"x_MsoNormal\">Essa posi\u00e7\u00e3o foi reiterada no\u00a0<b>RE 760.931\/DF<\/b>, 12\/09\/2017, quando se assentou que \u201co inadimplemento dos encargos trabalhistas dos empregados do contratado n\u00e3o transfere automaticamente ao Poder P\u00fablico contratante a responsabilidade pelo seu pagamento, seja em car\u00e1ter solid\u00e1rio ou subsidi\u00e1rio, nos termos do art. 71, \u00a7 1\u00ba, da Lei n\u00ba 8.666\/93\u201d.<\/p>\n<p class=\"x_MsoNormal\">Novamente, em\u00a0<b>08 de setembro de 2020<\/b>, a Primeira Turma repetiu o entendimento do Tribunal. A posi\u00e7\u00e3o do STF \u00e9 a que mais se adequa ao caso:\u00a0<b>i)<\/b>\u00a0a responsabilidade prim\u00e1ria pelos encargos trabalhistas, fiscais e comerciais \u00e9 do contratado e\u00a0<b>ii)<\/b>\u00a0de forma subsidi\u00e1ria, o Poder P\u00fablico poder\u00e1 ser responsabilizado se restar evidenciado que foi omisso quanto \u00e0 fiscaliza\u00e7\u00e3o da contratada.<\/p>\n<p class=\"x_MsoNormal\">Compreendo que por ser um \u00f4nus que, eventualmente, recair\u00e1 sobre a Administra\u00e7\u00e3o P\u00fablica, caber\u00e1 a ela a tarefa de provar que realizou a fiscaliza\u00e7\u00e3o devida nas atividades de seu contratado.<\/p>\n<p class=\"x_MsoNormal\">No caso analisado, entendeu a Primeira Turma que a inadimpl\u00eancia de obriga\u00e7\u00f5es trabalhistas de empresas prestadoras de servi\u00e7os\u00a0<b>n\u00e3o transfere automaticamente<\/b>\u00a0a responsabilidade \u00e0 administra\u00e7\u00e3o p\u00fablica \u2013 STF, Rcls 36958, 40652 e 40759, julgadas em 08\/09\/2020.<\/p>\n<p class=\"x_MsoNormal\"><b>N\u00e3o h\u00e1 responsabiliza\u00e7\u00e3o autom\u00e1tica da administra\u00e7\u00e3o p\u00fablica<\/b>. O Poder P\u00fablico somente responder\u00e1 se existir prova inequ\u00edvoca de\u00a0<b>conduta omissiva<\/b>\u00a0ou comissiva na fiscaliza\u00e7\u00e3o dos contratos de terceiriza\u00e7\u00e3o<\/p>\n<p class=\"x_MsoNormal\">Para o STF, somente est\u00e1 autorizada a mitiga\u00e7\u00e3o da regra de n\u00e3o responsabiliza\u00e7\u00e3o, contida no artigo 71, par\u00e1grafo 1\u00ba, da Lei de Licita\u00e7\u00f5es (Lei 8.666\/1993), se for demonstrado que a administra\u00e7\u00e3o p\u00fablica teve ci\u00eancia do reiterado descumprimento de deveres trabalhistas relativamente ao contrato de terceiriza\u00e7\u00e3o e, apesar disso, permaneceu inerte.<\/p>\n<p>***<\/p>\n<p><strong>Telegram:\u00a0<\/strong><a href=\"https:\/\/t.me\/pilulasjuridicasSTFSTJ\" target=\"_blank\" rel=\"noopener\"><strong>https:\/\/t.me\/pilulasjuridicasSTFSTJ<\/strong><\/a><strong><u>\u00a0<\/u><\/strong>\u00a0|\u00a0<strong>Instagram:<\/strong>\u00a0@rodrigocrleite<\/p>\n","protected":false},"excerpt":{"rendered":"<p>O debate em torno do tema envolve a interpreta\u00e7\u00e3o do\u00a0art. 71 da Lei n. 8.666\/93, dispositivo que prev\u00ea o seguinte: \u201cArt.\u00a071.\u00a0\u00a0O contratado \u00e9 respons\u00e1vel pelos encargos trabalhistas, previdenci\u00e1rios, fiscais e comerciais resultantes da execu\u00e7\u00e3o do contrato. \u00a7\u00a01\u00ba\u00a0\u00a0A inadimpl\u00eancia do contratado, com refer\u00eancia aos encargos trabalhistas, fiscais e comerciais n\u00e3o transfere \u00e0 Administra\u00e7\u00e3o P\u00fablica a responsabilidade [&hellip;]<\/p>\n","protected":false},"author":131,"featured_media":10590,"comment_status":"open","ping_status":"open","sticky":false,"template":"","format":"standard","meta":{"_acf_changed":false,"footnotes":""},"categories":[1,1896],"tags":[806,2801,1881,222,2900,1575],"class_list":["post-11929","post","type-post","status-publish","format-standard","has-post-thumbnail","hentry","category-artigos","category-direito-administrativo","tag-administracao-publica","tag-direito-administrativo","tag-lei-8-66693","tag-responsabilidade","tag-solidariedade","tag-subsidiariedade"],"acf":[],"yoast_head":"<!-- This site is optimized with the Yoast SEO plugin v24.8.1 - https:\/\/yoast.com\/wordpress\/plugins\/seo\/ -->\n<title>A inadimpl\u00eancia da prestadora de servi\u00e7o transfere automaticamente a responsabilidade para a Administra\u00e7\u00e3o P\u00fablica? - Meu site jur\u00eddico<\/title>\n<meta name=\"robots\" content=\"index, follow, max-snippet:-1, max-image-preview:large, max-video-preview:-1\" \/>\n<link rel=\"canonical\" href=\"https:\/\/meusitejuridico.com.br\/2020\/09\/14\/inadimplencia-da-prestadora-de-servico-transfere-automaticamente-responsabilidade-para-administracao-publica\/\" \/>\n<meta property=\"og:locale\" content=\"pt_BR\" \/>\n<meta property=\"og:type\" content=\"article\" \/>\n<meta property=\"og:title\" content=\"A inadimpl\u00eancia da prestadora de servi\u00e7o transfere automaticamente a responsabilidade para a Administra\u00e7\u00e3o P\u00fablica? - Meu site jur\u00eddico\" \/>\n<meta property=\"og:description\" content=\"O debate em torno do tema envolve a interpreta\u00e7\u00e3o do\u00a0art. 71 da Lei n. 8.666\/93, dispositivo que prev\u00ea o seguinte: \u201cArt.\u00a071.\u00a0\u00a0O contratado \u00e9 respons\u00e1vel pelos encargos trabalhistas, previdenci\u00e1rios, fiscais e comerciais resultantes da execu\u00e7\u00e3o do contrato. \u00a7\u00a01\u00ba\u00a0\u00a0A inadimpl\u00eancia do contratado, com refer\u00eancia aos encargos trabalhistas, fiscais e comerciais n\u00e3o transfere \u00e0 Administra\u00e7\u00e3o P\u00fablica a responsabilidade [&hellip;]\" \/>\n<meta property=\"og:url\" content=\"https:\/\/meusitejuridico.com.br\/2020\/09\/14\/inadimplencia-da-prestadora-de-servico-transfere-automaticamente-responsabilidade-para-administracao-publica\/\" \/>\n<meta property=\"og:site_name\" content=\"Meu site jur\u00eddico\" \/>\n<meta property=\"article:published_time\" content=\"2020-09-14T17:00:10+00:00\" \/>\n<meta property=\"article:modified_time\" content=\"2020-09-14T19:20:36+00:00\" \/>\n<meta property=\"og:image\" content=\"https:\/\/meusitejuridico.com.br\/s.meusitejuridico\/2020\/03\/fe9d3047-shutterstock-1198000291.png\" \/>\n\t<meta property=\"og:image:width\" content=\"1200\" \/>\n\t<meta property=\"og:image:height\" content=\"800\" \/>\n\t<meta property=\"og:image:type\" content=\"image\/png\" \/>\n<meta name=\"author\" content=\"Rodrigo Leite\" \/>\n<meta name=\"twitter:card\" content=\"summary_large_image\" \/>\n<meta name=\"twitter:creator\" content=\"@rodrigocrleite\" \/>\n<meta name=\"twitter:label1\" content=\"Escrito por\" \/>\n\t<meta name=\"twitter:data1\" content=\"Rodrigo Leite\" \/>\n\t<meta name=\"twitter:label2\" content=\"Est. tempo de leitura\" \/>\n\t<meta name=\"twitter:data2\" content=\"3 minutos\" \/>\n<script type=\"application\/ld+json\" class=\"yoast-schema-graph\">{\"@context\":\"https:\/\/schema.org\",\"@graph\":[{\"@type\":\"Article\",\"@id\":\"https:\/\/meusitejuridico.com.br\/2020\/09\/14\/inadimplencia-da-prestadora-de-servico-transfere-automaticamente-responsabilidade-para-administracao-publica\/#article\",\"isPartOf\":{\"@id\":\"https:\/\/meusitejuridico.com.br\/2020\/09\/14\/inadimplencia-da-prestadora-de-servico-transfere-automaticamente-responsabilidade-para-administracao-publica\/\"},\"author\":{\"name\":\"Rodrigo Leite\",\"@id\":\"https:\/\/cdn.meusitejuridico.com.br\/#\/schema\/person\/ae56313f17950dccef13d0989efd6d50\"},\"headline\":\"A inadimpl\u00eancia da prestadora de servi\u00e7o transfere automaticamente a responsabilidade para a Administra\u00e7\u00e3o P\u00fablica?\",\"datePublished\":\"2020-09-14T17:00:10+00:00\",\"dateModified\":\"2020-09-14T19:20:36+00:00\",\"mainEntityOfPage\":{\"@id\":\"https:\/\/meusitejuridico.com.br\/2020\/09\/14\/inadimplencia-da-prestadora-de-servico-transfere-automaticamente-responsabilidade-para-administracao-publica\/\"},\"wordCount\":625,\"commentCount\":1,\"publisher\":{\"@id\":\"https:\/\/cdn.meusitejuridico.com.br\/#organization\"},\"image\":{\"@id\":\"https:\/\/meusitejuridico.com.br\/2020\/09\/14\/inadimplencia-da-prestadora-de-servico-transfere-automaticamente-responsabilidade-para-administracao-publica\/#primaryimage\"},\"thumbnailUrl\":\"https:\/\/cdn.meusitejuridico.com.br\/s.meusitejuridico\/2020\/03\/fe9d3047-shutterstock-1198000291.png\",\"keywords\":[\"Administra\u00e7\u00e3o P\u00fablica\",\"Direito Administrativo\",\"Lei 8.666\/93\",\"responsabilidade\",\"solidariedade\",\"subsidiariedade\"],\"articleSection\":[\"Artigos\",\"Direito Administrativo\"],\"inLanguage\":\"pt-BR\",\"potentialAction\":[{\"@type\":\"CommentAction\",\"name\":\"Comment\",\"target\":[\"https:\/\/meusitejuridico.com.br\/2020\/09\/14\/inadimplencia-da-prestadora-de-servico-transfere-automaticamente-responsabilidade-para-administracao-publica\/#respond\"]}]},{\"@type\":\"WebPage\",\"@id\":\"https:\/\/meusitejuridico.com.br\/2020\/09\/14\/inadimplencia-da-prestadora-de-servico-transfere-automaticamente-responsabilidade-para-administracao-publica\/\",\"url\":\"https:\/\/meusitejuridico.com.br\/2020\/09\/14\/inadimplencia-da-prestadora-de-servico-transfere-automaticamente-responsabilidade-para-administracao-publica\/\",\"name\":\"A inadimpl\u00eancia da prestadora de servi\u00e7o transfere automaticamente a responsabilidade para a Administra\u00e7\u00e3o P\u00fablica? - Meu site jur\u00eddico\",\"isPartOf\":{\"@id\":\"https:\/\/cdn.meusitejuridico.com.br\/#website\"},\"primaryImageOfPage\":{\"@id\":\"https:\/\/meusitejuridico.com.br\/2020\/09\/14\/inadimplencia-da-prestadora-de-servico-transfere-automaticamente-responsabilidade-para-administracao-publica\/#primaryimage\"},\"image\":{\"@id\":\"https:\/\/meusitejuridico.com.br\/2020\/09\/14\/inadimplencia-da-prestadora-de-servico-transfere-automaticamente-responsabilidade-para-administracao-publica\/#primaryimage\"},\"thumbnailUrl\":\"https:\/\/cdn.meusitejuridico.com.br\/s.meusitejuridico\/2020\/03\/fe9d3047-shutterstock-1198000291.png\",\"datePublished\":\"2020-09-14T17:00:10+00:00\",\"dateModified\":\"2020-09-14T19:20:36+00:00\",\"breadcrumb\":{\"@id\":\"https:\/\/meusitejuridico.com.br\/2020\/09\/14\/inadimplencia-da-prestadora-de-servico-transfere-automaticamente-responsabilidade-para-administracao-publica\/#breadcrumb\"},\"inLanguage\":\"pt-BR\",\"potentialAction\":[{\"@type\":\"ReadAction\",\"target\":[\"https:\/\/meusitejuridico.com.br\/2020\/09\/14\/inadimplencia-da-prestadora-de-servico-transfere-automaticamente-responsabilidade-para-administracao-publica\/\"]}]},{\"@type\":\"ImageObject\",\"inLanguage\":\"pt-BR\",\"@id\":\"https:\/\/meusitejuridico.com.br\/2020\/09\/14\/inadimplencia-da-prestadora-de-servico-transfere-automaticamente-responsabilidade-para-administracao-publica\/#primaryimage\",\"url\":\"https:\/\/cdn.meusitejuridico.com.br\/s.meusitejuridico\/2020\/03\/fe9d3047-shutterstock-1198000291.png\",\"contentUrl\":\"https:\/\/cdn.meusitejuridico.com.br\/s.meusitejuridico\/2020\/03\/fe9d3047-shutterstock-1198000291.png\",\"width\":1200,\"height\":800},{\"@type\":\"BreadcrumbList\",\"@id\":\"https:\/\/meusitejuridico.com.br\/2020\/09\/14\/inadimplencia-da-prestadora-de-servico-transfere-automaticamente-responsabilidade-para-administracao-publica\/#breadcrumb\",\"itemListElement\":[{\"@type\":\"ListItem\",\"position\":1,\"name\":\"In\u00edcio\",\"item\":\"https:\/\/cdn.meusitejuridico.com.br\/\"},{\"@type\":\"ListItem\",\"position\":2,\"name\":\"A inadimpl\u00eancia da prestadora de servi\u00e7o transfere automaticamente a responsabilidade para a Administra\u00e7\u00e3o P\u00fablica?\"}]},{\"@type\":\"WebSite\",\"@id\":\"https:\/\/cdn.meusitejuridico.com.br\/#website\",\"url\":\"https:\/\/cdn.meusitejuridico.com.br\/\",\"name\":\"Meu site jur\u00eddico\",\"description\":\"Meu site jur\u00eddico\",\"publisher\":{\"@id\":\"https:\/\/cdn.meusitejuridico.com.br\/#organization\"},\"potentialAction\":[{\"@type\":\"SearchAction\",\"target\":{\"@type\":\"EntryPoint\",\"urlTemplate\":\"https:\/\/cdn.meusitejuridico.com.br\/?s={search_term_string}\"},\"query-input\":{\"@type\":\"PropertyValueSpecification\",\"valueRequired\":true,\"valueName\":\"search_term_string\"}}],\"inLanguage\":\"pt-BR\"},{\"@type\":\"Organization\",\"@id\":\"https:\/\/cdn.meusitejuridico.com.br\/#organization\",\"name\":\"Meu site jur\u00eddico\",\"url\":\"https:\/\/cdn.meusitejuridico.com.br\/\",\"logo\":{\"@type\":\"ImageObject\",\"inLanguage\":\"pt-BR\",\"@id\":\"https:\/\/cdn.meusitejuridico.com.br\/#\/schema\/logo\/image\/\",\"url\":\"https:\/\/cdn.meusitejuridico.com.br\/s.meusitejuridico\/2022\/03\/cropped-baeec2a3-msj-02-01-01.png\",\"contentUrl\":\"https:\/\/cdn.meusitejuridico.com.br\/s.meusitejuridico\/2022\/03\/cropped-baeec2a3-msj-02-01-01.png\",\"width\":349,\"height\":243,\"caption\":\"Meu site jur\u00eddico\"},\"image\":{\"@id\":\"https:\/\/cdn.meusitejuridico.com.br\/#\/schema\/logo\/image\/\"}},{\"@type\":\"Person\",\"@id\":\"https:\/\/cdn.meusitejuridico.com.br\/#\/schema\/person\/ae56313f17950dccef13d0989efd6d50\",\"name\":\"Rodrigo Leite\",\"image\":{\"@type\":\"ImageObject\",\"inLanguage\":\"pt-BR\",\"@id\":\"https:\/\/cdn.meusitejuridico.com.br\/#\/schema\/person\/image\/\",\"url\":\"https:\/\/cdn.meusitejuridico.com.br\/s.meusitejuridico\/2021\/05\/8455192b-foto-site-rodrigo-leite-150x150.jpeg\",\"contentUrl\":\"https:\/\/cdn.meusitejuridico.com.br\/s.meusitejuridico\/2021\/05\/8455192b-foto-site-rodrigo-leite-150x150.jpeg\",\"caption\":\"Rodrigo Leite\"},\"description\":\"Coautor do livro \u201cAn\u00e1lise das Diverg\u00eancias Jurisprudenciais no STF e STJ\u201d, Editora Juspodivm. Autor do livro \u201cTombamento \u2013 Vol. 36 \u2013 Cole\u00e7\u00e3o Leis Especiais para Concursos\u201d, Editora Juspodivm. Autor do livro \u201cDesapropria\u00e7\u00e3o \u2013 Vol. 39 \u2013 Cole\u00e7\u00e3o Especiais para Concursos\u201d, Editora Juspodivm. Coautor do livro \u201cSaberes Jurisprudenciais\u201d, Editora Saraiva. Coorganizador do livro \u201cCPC na Jurisprud\u00eancia\\\", Editora Foco. Especialista em Direito P\u00fablico e Direito Processual Civil. Mestre em Direito Constitucional. Professor da P\u00f3s-gradua\u00e7\u00e3o em Direito Civil da Rede Anhaguera-Kroton. M\u00e1ster Universit\u00e1rio em Direito Constitucional pela Universidad Del Pa\u00eds Vasco, San Sebasti\u00e1n, Espanha. Advogado licenciado. Analista Judici\u00e1rio do TJRN. Assessor de Desembargador do TJRN.\",\"sameAs\":[\"https:\/\/www.editorajuspodivm.com.br\/autores\/detalhe\/85\",\"https:\/\/www.instagram.com\/rodrigocrleite\/\",\"https:\/\/x.com\/rodrigocrleite\"],\"url\":\"https:\/\/cdn.meusitejuridico.com.br\/author\/rodrigoleiterodrigoleite\/\"}]}<\/script>\n<!-- \/ Yoast SEO plugin. -->","yoast_head_json":{"title":"A inadimpl\u00eancia da prestadora de servi\u00e7o transfere automaticamente a responsabilidade para a Administra\u00e7\u00e3o P\u00fablica? - Meu site jur\u00eddico","robots":{"index":"index","follow":"follow","max-snippet":"max-snippet:-1","max-image-preview":"max-image-preview:large","max-video-preview":"max-video-preview:-1"},"canonical":"https:\/\/meusitejuridico.com.br\/2020\/09\/14\/inadimplencia-da-prestadora-de-servico-transfere-automaticamente-responsabilidade-para-administracao-publica\/","og_locale":"pt_BR","og_type":"article","og_title":"A inadimpl\u00eancia da prestadora de servi\u00e7o transfere automaticamente a responsabilidade para a Administra\u00e7\u00e3o P\u00fablica? - Meu site jur\u00eddico","og_description":"O debate em torno do tema envolve a interpreta\u00e7\u00e3o do\u00a0art. 71 da Lei n. 8.666\/93, dispositivo que prev\u00ea o seguinte: \u201cArt.\u00a071.\u00a0\u00a0O contratado \u00e9 respons\u00e1vel pelos encargos trabalhistas, previdenci\u00e1rios, fiscais e comerciais resultantes da execu\u00e7\u00e3o do contrato. \u00a7\u00a01\u00ba\u00a0\u00a0A inadimpl\u00eancia do contratado, com refer\u00eancia aos encargos trabalhistas, fiscais e comerciais n\u00e3o transfere \u00e0 Administra\u00e7\u00e3o P\u00fablica a responsabilidade [&hellip;]","og_url":"https:\/\/meusitejuridico.com.br\/2020\/09\/14\/inadimplencia-da-prestadora-de-servico-transfere-automaticamente-responsabilidade-para-administracao-publica\/","og_site_name":"Meu site jur\u00eddico","article_published_time":"2020-09-14T17:00:10+00:00","article_modified_time":"2020-09-14T19:20:36+00:00","og_image":[{"width":1200,"height":800,"url":"https:\/\/meusitejuridico.com.br\/s.meusitejuridico\/2020\/03\/fe9d3047-shutterstock-1198000291.png","type":"image\/png"}],"author":"Rodrigo Leite","twitter_card":"summary_large_image","twitter_creator":"@rodrigocrleite","twitter_misc":{"Escrito por":"Rodrigo Leite","Est. tempo de leitura":"3 minutos"},"schema":{"@context":"https:\/\/schema.org","@graph":[{"@type":"Article","@id":"https:\/\/meusitejuridico.com.br\/2020\/09\/14\/inadimplencia-da-prestadora-de-servico-transfere-automaticamente-responsabilidade-para-administracao-publica\/#article","isPartOf":{"@id":"https:\/\/meusitejuridico.com.br\/2020\/09\/14\/inadimplencia-da-prestadora-de-servico-transfere-automaticamente-responsabilidade-para-administracao-publica\/"},"author":{"name":"Rodrigo Leite","@id":"https:\/\/cdn.meusitejuridico.com.br\/#\/schema\/person\/ae56313f17950dccef13d0989efd6d50"},"headline":"A inadimpl\u00eancia da prestadora de servi\u00e7o transfere automaticamente a responsabilidade para a Administra\u00e7\u00e3o P\u00fablica?","datePublished":"2020-09-14T17:00:10+00:00","dateModified":"2020-09-14T19:20:36+00:00","mainEntityOfPage":{"@id":"https:\/\/meusitejuridico.com.br\/2020\/09\/14\/inadimplencia-da-prestadora-de-servico-transfere-automaticamente-responsabilidade-para-administracao-publica\/"},"wordCount":625,"commentCount":1,"publisher":{"@id":"https:\/\/cdn.meusitejuridico.com.br\/#organization"},"image":{"@id":"https:\/\/meusitejuridico.com.br\/2020\/09\/14\/inadimplencia-da-prestadora-de-servico-transfere-automaticamente-responsabilidade-para-administracao-publica\/#primaryimage"},"thumbnailUrl":"https:\/\/cdn.meusitejuridico.com.br\/s.meusitejuridico\/2020\/03\/fe9d3047-shutterstock-1198000291.png","keywords":["Administra\u00e7\u00e3o P\u00fablica","Direito Administrativo","Lei 8.666\/93","responsabilidade","solidariedade","subsidiariedade"],"articleSection":["Artigos","Direito Administrativo"],"inLanguage":"pt-BR","potentialAction":[{"@type":"CommentAction","name":"Comment","target":["https:\/\/meusitejuridico.com.br\/2020\/09\/14\/inadimplencia-da-prestadora-de-servico-transfere-automaticamente-responsabilidade-para-administracao-publica\/#respond"]}]},{"@type":"WebPage","@id":"https:\/\/meusitejuridico.com.br\/2020\/09\/14\/inadimplencia-da-prestadora-de-servico-transfere-automaticamente-responsabilidade-para-administracao-publica\/","url":"https:\/\/meusitejuridico.com.br\/2020\/09\/14\/inadimplencia-da-prestadora-de-servico-transfere-automaticamente-responsabilidade-para-administracao-publica\/","name":"A inadimpl\u00eancia da prestadora de servi\u00e7o transfere automaticamente a responsabilidade para a Administra\u00e7\u00e3o P\u00fablica? - Meu site jur\u00eddico","isPartOf":{"@id":"https:\/\/cdn.meusitejuridico.com.br\/#website"},"primaryImageOfPage":{"@id":"https:\/\/meusitejuridico.com.br\/2020\/09\/14\/inadimplencia-da-prestadora-de-servico-transfere-automaticamente-responsabilidade-para-administracao-publica\/#primaryimage"},"image":{"@id":"https:\/\/meusitejuridico.com.br\/2020\/09\/14\/inadimplencia-da-prestadora-de-servico-transfere-automaticamente-responsabilidade-para-administracao-publica\/#primaryimage"},"thumbnailUrl":"https:\/\/cdn.meusitejuridico.com.br\/s.meusitejuridico\/2020\/03\/fe9d3047-shutterstock-1198000291.png","datePublished":"2020-09-14T17:00:10+00:00","dateModified":"2020-09-14T19:20:36+00:00","breadcrumb":{"@id":"https:\/\/meusitejuridico.com.br\/2020\/09\/14\/inadimplencia-da-prestadora-de-servico-transfere-automaticamente-responsabilidade-para-administracao-publica\/#breadcrumb"},"inLanguage":"pt-BR","potentialAction":[{"@type":"ReadAction","target":["https:\/\/meusitejuridico.com.br\/2020\/09\/14\/inadimplencia-da-prestadora-de-servico-transfere-automaticamente-responsabilidade-para-administracao-publica\/"]}]},{"@type":"ImageObject","inLanguage":"pt-BR","@id":"https:\/\/meusitejuridico.com.br\/2020\/09\/14\/inadimplencia-da-prestadora-de-servico-transfere-automaticamente-responsabilidade-para-administracao-publica\/#primaryimage","url":"https:\/\/cdn.meusitejuridico.com.br\/s.meusitejuridico\/2020\/03\/fe9d3047-shutterstock-1198000291.png","contentUrl":"https:\/\/cdn.meusitejuridico.com.br\/s.meusitejuridico\/2020\/03\/fe9d3047-shutterstock-1198000291.png","width":1200,"height":800},{"@type":"BreadcrumbList","@id":"https:\/\/meusitejuridico.com.br\/2020\/09\/14\/inadimplencia-da-prestadora-de-servico-transfere-automaticamente-responsabilidade-para-administracao-publica\/#breadcrumb","itemListElement":[{"@type":"ListItem","position":1,"name":"In\u00edcio","item":"https:\/\/cdn.meusitejuridico.com.br\/"},{"@type":"ListItem","position":2,"name":"A inadimpl\u00eancia da prestadora de servi\u00e7o transfere automaticamente a responsabilidade para a Administra\u00e7\u00e3o P\u00fablica?"}]},{"@type":"WebSite","@id":"https:\/\/cdn.meusitejuridico.com.br\/#website","url":"https:\/\/cdn.meusitejuridico.com.br\/","name":"Meu site jur\u00eddico","description":"Meu site jur\u00eddico","publisher":{"@id":"https:\/\/cdn.meusitejuridico.com.br\/#organization"},"potentialAction":[{"@type":"SearchAction","target":{"@type":"EntryPoint","urlTemplate":"https:\/\/cdn.meusitejuridico.com.br\/?s={search_term_string}"},"query-input":{"@type":"PropertyValueSpecification","valueRequired":true,"valueName":"search_term_string"}}],"inLanguage":"pt-BR"},{"@type":"Organization","@id":"https:\/\/cdn.meusitejuridico.com.br\/#organization","name":"Meu site jur\u00eddico","url":"https:\/\/cdn.meusitejuridico.com.br\/","logo":{"@type":"ImageObject","inLanguage":"pt-BR","@id":"https:\/\/cdn.meusitejuridico.com.br\/#\/schema\/logo\/image\/","url":"https:\/\/cdn.meusitejuridico.com.br\/s.meusitejuridico\/2022\/03\/cropped-baeec2a3-msj-02-01-01.png","contentUrl":"https:\/\/cdn.meusitejuridico.com.br\/s.meusitejuridico\/2022\/03\/cropped-baeec2a3-msj-02-01-01.png","width":349,"height":243,"caption":"Meu site jur\u00eddico"},"image":{"@id":"https:\/\/cdn.meusitejuridico.com.br\/#\/schema\/logo\/image\/"}},{"@type":"Person","@id":"https:\/\/cdn.meusitejuridico.com.br\/#\/schema\/person\/ae56313f17950dccef13d0989efd6d50","name":"Rodrigo Leite","image":{"@type":"ImageObject","inLanguage":"pt-BR","@id":"https:\/\/cdn.meusitejuridico.com.br\/#\/schema\/person\/image\/","url":"https:\/\/cdn.meusitejuridico.com.br\/s.meusitejuridico\/2021\/05\/8455192b-foto-site-rodrigo-leite-150x150.jpeg","contentUrl":"https:\/\/cdn.meusitejuridico.com.br\/s.meusitejuridico\/2021\/05\/8455192b-foto-site-rodrigo-leite-150x150.jpeg","caption":"Rodrigo Leite"},"description":"Coautor do livro \u201cAn\u00e1lise das Diverg\u00eancias Jurisprudenciais no STF e STJ\u201d, Editora Juspodivm. Autor do livro \u201cTombamento \u2013 Vol. 36 \u2013 Cole\u00e7\u00e3o Leis Especiais para Concursos\u201d, Editora Juspodivm. Autor do livro \u201cDesapropria\u00e7\u00e3o \u2013 Vol. 39 \u2013 Cole\u00e7\u00e3o Especiais para Concursos\u201d, Editora Juspodivm. Coautor do livro \u201cSaberes Jurisprudenciais\u201d, Editora Saraiva. Coorganizador do livro \u201cCPC na Jurisprud\u00eancia\", Editora Foco. Especialista em Direito P\u00fablico e Direito Processual Civil. Mestre em Direito Constitucional. Professor da P\u00f3s-gradua\u00e7\u00e3o em Direito Civil da Rede Anhaguera-Kroton. M\u00e1ster Universit\u00e1rio em Direito Constitucional pela Universidad Del Pa\u00eds Vasco, San Sebasti\u00e1n, Espanha. Advogado licenciado. Analista Judici\u00e1rio do TJRN. Assessor de Desembargador do TJRN.","sameAs":["https:\/\/www.editorajuspodivm.com.br\/autores\/detalhe\/85","https:\/\/www.instagram.com\/rodrigocrleite\/","https:\/\/x.com\/rodrigocrleite"],"url":"https:\/\/cdn.meusitejuridico.com.br\/author\/rodrigoleiterodrigoleite\/"}]}},"_links":{"self":[{"href":"https:\/\/cdn.meusitejuridico.com.br\/api\/wp\/v2\/posts\/11929","targetHints":{"allow":["GET"]}}],"collection":[{"href":"https:\/\/cdn.meusitejuridico.com.br\/api\/wp\/v2\/posts"}],"about":[{"href":"https:\/\/cdn.meusitejuridico.com.br\/api\/wp\/v2\/types\/post"}],"author":[{"embeddable":true,"href":"https:\/\/cdn.meusitejuridico.com.br\/api\/wp\/v2\/users\/131"}],"replies":[{"embeddable":true,"href":"https:\/\/cdn.meusitejuridico.com.br\/api\/wp\/v2\/comments?post=11929"}],"version-history":[{"count":1,"href":"https:\/\/cdn.meusitejuridico.com.br\/api\/wp\/v2\/posts\/11929\/revisions"}],"predecessor-version":[{"id":11930,"href":"https:\/\/cdn.meusitejuridico.com.br\/api\/wp\/v2\/posts\/11929\/revisions\/11930"}],"wp:featuredmedia":[{"embeddable":true,"href":"https:\/\/cdn.meusitejuridico.com.br\/api\/wp\/v2\/media\/10590"}],"wp:attachment":[{"href":"https:\/\/cdn.meusitejuridico.com.br\/api\/wp\/v2\/media?parent=11929"}],"wp:term":[{"taxonomy":"category","embeddable":true,"href":"https:\/\/cdn.meusitejuridico.com.br\/api\/wp\/v2\/categories?post=11929"},{"taxonomy":"post_tag","embeddable":true,"href":"https:\/\/cdn.meusitejuridico.com.br\/api\/wp\/v2\/tags?post=11929"}],"curies":[{"name":"wp","href":"https:\/\/api.w.org\/{rel}","templated":true}]}}