{"id":12532,"date":"2020-12-15T09:30:55","date_gmt":"2020-12-15T11:30:55","guid":{"rendered":"https:\/\/meusitejuridico.editorajuspodivm.com.br\/?p=12532"},"modified":"2020-12-15T06:25:55","modified_gmt":"2020-12-15T08:25:55","slug":"causas-de-extincao-de-punibilidade-sempre-se-comunicam-aos-coautores-e-participes-em-razao-de-se-tratar-de-materia-de-ordem-publica","status":"publish","type":"post","link":"https:\/\/cdn.meusitejuridico.com.br\/2020\/12\/15\/causas-de-extincao-de-punibilidade-sempre-se-comunicam-aos-coautores-e-participes-em-razao-de-se-tratar-de-materia-de-ordem-publica\/","title":{"rendered":"As causas de extin\u00e7\u00e3o de punibilidade sempre se comunicam aos coautores e part\u00edcipes, em raz\u00e3o de se tratar de mat\u00e9ria de ordem p\u00fablica"},"content":{"rendered":"<p><strong>ERRADO<\/strong><\/p>\n<p>A assertiva est\u00e1 errada porque as causas de extin\u00e7\u00e3o da punibilidade podem ou n\u00e3o se estender aos coautores ou part\u00edcipes. O perd\u00e3o do ofendido, por exemplo, se aceito extingue a punibilidade e aproveita a todos os querelados. Mas h\u00e1 causas extintivas da punibilidade que podem n\u00e3o se comunicar. Na prescri\u00e7\u00e3o, h\u00e1 marcos interruptivos e causas suspensivas que podem ser diferentes para algum dos coautores ou part\u00edcipes, o que resulta no c\u00f4mputo diverso do prazo prescricional e, consequentemente, na incid\u00eancia n\u00e3o unificada da extin\u00e7\u00e3o da punibilidade.<\/p>\n","protected":false},"excerpt":{"rendered":"<p>ERRADO A assertiva est\u00e1 errada porque as causas de extin\u00e7\u00e3o da punibilidade podem ou n\u00e3o se estender aos coautores ou part\u00edcipes. O perd\u00e3o do ofendido, por exemplo, se aceito extingue a punibilidade e aproveita a todos os querelados. Mas h\u00e1 causas extintivas da punibilidade que podem n\u00e3o se comunicar. Na prescri\u00e7\u00e3o, h\u00e1 marcos interruptivos e [&hellip;]<\/p>\n","protected":false},"author":7,"featured_media":4886,"comment_status":"open","ping_status":"open","sticky":false,"template":"","format":"standard","meta":{"_acf_changed":false,"footnotes":""},"categories":[3090,78,437],"tags":[465,107,1637],"class_list":["post-12532","post","type-post","status-publish","format-standard","has-post-thumbnail","hentry","category-certo-ou-errado","category-material-de-aula","category-perguntas-e-respostas","tag-concurso-de-pessoas","tag-direito-penal","tag-extincao-da-punibilidade"],"acf":[],"yoast_head":"<!-- This site is optimized with the Yoast SEO plugin v24.8.1 - https:\/\/yoast.com\/wordpress\/plugins\/seo\/ -->\n<title>As causas de extin\u00e7\u00e3o de punibilidade sempre se comunicam aos coautores e part\u00edcipes, em raz\u00e3o de se tratar de mat\u00e9ria de ordem p\u00fablica - Meu site jur\u00eddico<\/title>\n<meta name=\"robots\" content=\"index, follow, max-snippet:-1, max-image-preview:large, max-video-preview:-1\" \/>\n<link rel=\"canonical\" href=\"https:\/\/webmail.meusitejuridico.com.br\/2020\/12\/15\/causas-de-extincao-de-punibilidade-sempre-se-comunicam-aos-coautores-e-participes-em-razao-de-se-tratar-de-materia-de-ordem-publica\/\" \/>\n<meta property=\"og:locale\" content=\"pt_BR\" \/>\n<meta property=\"og:type\" content=\"article\" \/>\n<meta property=\"og:title\" content=\"As causas de extin\u00e7\u00e3o de punibilidade sempre se comunicam aos coautores e part\u00edcipes, em raz\u00e3o de se tratar de mat\u00e9ria de ordem p\u00fablica - Meu site jur\u00eddico\" \/>\n<meta property=\"og:description\" content=\"ERRADO A assertiva est\u00e1 errada porque as causas de extin\u00e7\u00e3o da punibilidade podem ou n\u00e3o se estender aos coautores ou part\u00edcipes. O perd\u00e3o do ofendido, por exemplo, se aceito extingue a punibilidade e aproveita a todos os querelados. Mas h\u00e1 causas extintivas da punibilidade que podem n\u00e3o se comunicar. Na prescri\u00e7\u00e3o, h\u00e1 marcos interruptivos e [&hellip;]\" \/>\n<meta property=\"og:url\" content=\"https:\/\/webmail.meusitejuridico.com.br\/2020\/12\/15\/causas-de-extincao-de-punibilidade-sempre-se-comunicam-aos-coautores-e-participes-em-razao-de-se-tratar-de-materia-de-ordem-publica\/\" \/>\n<meta property=\"og:site_name\" content=\"Meu site jur\u00eddico\" \/>\n<meta property=\"article:published_time\" content=\"2020-12-15T11:30:55+00:00\" \/>\n<meta property=\"og:image\" content=\"https:\/\/webmail.meusitejuridico.com.br\/s.meusitejuridico\/2018\/03\/4584c839-shutterstock-1013395753.jpg\" \/>\n\t<meta property=\"og:image:width\" content=\"1000\" \/>\n\t<meta property=\"og:image:height\" content=\"790\" \/>\n\t<meta property=\"og:image:type\" content=\"image\/jpeg\" \/>\n<meta name=\"author\" content=\"Equipe Meu Site Jur\u00eddico\" \/>\n<meta name=\"twitter:card\" content=\"summary_large_image\" \/>\n<meta name=\"twitter:label1\" content=\"Escrito por\" \/>\n\t<meta name=\"twitter:data1\" content=\"Equipe Meu Site Jur\u00eddico\" \/>\n<script type=\"application\/ld+json\" class=\"yoast-schema-graph\">{\"@context\":\"https:\/\/schema.org\",\"@graph\":[{\"@type\":\"Article\",\"@id\":\"https:\/\/webmail.meusitejuridico.com.br\/2020\/12\/15\/causas-de-extincao-de-punibilidade-sempre-se-comunicam-aos-coautores-e-participes-em-razao-de-se-tratar-de-materia-de-ordem-publica\/#article\",\"isPartOf\":{\"@id\":\"https:\/\/webmail.meusitejuridico.com.br\/2020\/12\/15\/causas-de-extincao-de-punibilidade-sempre-se-comunicam-aos-coautores-e-participes-em-razao-de-se-tratar-de-materia-de-ordem-publica\/\"},\"author\":{\"name\":\"Equipe Meu Site Jur\u00eddico\",\"@id\":\"https:\/\/meusitejuridico.editorajuspodivm.com.br\/#\/schema\/person\/5c2237ac0c8ff03bcf1a09fe3e45dfce\"},\"headline\":\"As causas de extin\u00e7\u00e3o de punibilidade sempre se comunicam aos coautores e part\u00edcipes, em raz\u00e3o de se tratar de mat\u00e9ria de ordem p\u00fablica\",\"datePublished\":\"2020-12-15T11:30:55+00:00\",\"mainEntityOfPage\":{\"@id\":\"https:\/\/webmail.meusitejuridico.com.br\/2020\/12\/15\/causas-de-extincao-de-punibilidade-sempre-se-comunicam-aos-coautores-e-participes-em-razao-de-se-tratar-de-materia-de-ordem-publica\/\"},\"wordCount\":125,\"commentCount\":0,\"publisher\":{\"@id\":\"https:\/\/meusitejuridico.editorajuspodivm.com.br\/#organization\"},\"image\":{\"@id\":\"https:\/\/webmail.meusitejuridico.com.br\/2020\/12\/15\/causas-de-extincao-de-punibilidade-sempre-se-comunicam-aos-coautores-e-participes-em-razao-de-se-tratar-de-materia-de-ordem-publica\/#primaryimage\"},\"thumbnailUrl\":\"https:\/\/cdn.meusitejuridico.com.br\/s.meusitejuridico\/2018\/03\/4584c839-shutterstock-1013395753.jpg\",\"keywords\":[\"concurso de pessoas\",\"Direito Penal\",\"extin\u00e7\u00e3o da punibilidade\"],\"articleSection\":[\"Certo ou errado?\",\"Material de aula\",\"Perguntas e Respostas\"],\"inLanguage\":\"pt-BR\",\"potentialAction\":[{\"@type\":\"CommentAction\",\"name\":\"Comment\",\"target\":[\"https:\/\/webmail.meusitejuridico.com.br\/2020\/12\/15\/causas-de-extincao-de-punibilidade-sempre-se-comunicam-aos-coautores-e-participes-em-razao-de-se-tratar-de-materia-de-ordem-publica\/#respond\"]}]},{\"@type\":\"WebPage\",\"@id\":\"https:\/\/webmail.meusitejuridico.com.br\/2020\/12\/15\/causas-de-extincao-de-punibilidade-sempre-se-comunicam-aos-coautores-e-participes-em-razao-de-se-tratar-de-materia-de-ordem-publica\/\",\"url\":\"https:\/\/webmail.meusitejuridico.com.br\/2020\/12\/15\/causas-de-extincao-de-punibilidade-sempre-se-comunicam-aos-coautores-e-participes-em-razao-de-se-tratar-de-materia-de-ordem-publica\/\",\"name\":\"As causas de extin\u00e7\u00e3o de punibilidade sempre se comunicam aos coautores e part\u00edcipes, em raz\u00e3o de se tratar de mat\u00e9ria de ordem p\u00fablica - Meu site jur\u00eddico\",\"isPartOf\":{\"@id\":\"https:\/\/meusitejuridico.editorajuspodivm.com.br\/#website\"},\"primaryImageOfPage\":{\"@id\":\"https:\/\/webmail.meusitejuridico.com.br\/2020\/12\/15\/causas-de-extincao-de-punibilidade-sempre-se-comunicam-aos-coautores-e-participes-em-razao-de-se-tratar-de-materia-de-ordem-publica\/#primaryimage\"},\"image\":{\"@id\":\"https:\/\/webmail.meusitejuridico.com.br\/2020\/12\/15\/causas-de-extincao-de-punibilidade-sempre-se-comunicam-aos-coautores-e-participes-em-razao-de-se-tratar-de-materia-de-ordem-publica\/#primaryimage\"},\"thumbnailUrl\":\"https:\/\/cdn.meusitejuridico.com.br\/s.meusitejuridico\/2018\/03\/4584c839-shutterstock-1013395753.jpg\",\"datePublished\":\"2020-12-15T11:30:55+00:00\",\"breadcrumb\":{\"@id\":\"https:\/\/webmail.meusitejuridico.com.br\/2020\/12\/15\/causas-de-extincao-de-punibilidade-sempre-se-comunicam-aos-coautores-e-participes-em-razao-de-se-tratar-de-materia-de-ordem-publica\/#breadcrumb\"},\"inLanguage\":\"pt-BR\",\"potentialAction\":[{\"@type\":\"ReadAction\",\"target\":[\"https:\/\/webmail.meusitejuridico.com.br\/2020\/12\/15\/causas-de-extincao-de-punibilidade-sempre-se-comunicam-aos-coautores-e-participes-em-razao-de-se-tratar-de-materia-de-ordem-publica\/\"]}]},{\"@type\":\"ImageObject\",\"inLanguage\":\"pt-BR\",\"@id\":\"https:\/\/webmail.meusitejuridico.com.br\/2020\/12\/15\/causas-de-extincao-de-punibilidade-sempre-se-comunicam-aos-coautores-e-participes-em-razao-de-se-tratar-de-materia-de-ordem-publica\/#primaryimage\",\"url\":\"https:\/\/cdn.meusitejuridico.com.br\/s.meusitejuridico\/2018\/03\/4584c839-shutterstock-1013395753.jpg\",\"contentUrl\":\"https:\/\/cdn.meusitejuridico.com.br\/s.meusitejuridico\/2018\/03\/4584c839-shutterstock-1013395753.jpg\",\"width\":1000,\"height\":790},{\"@type\":\"BreadcrumbList\",\"@id\":\"https:\/\/webmail.meusitejuridico.com.br\/2020\/12\/15\/causas-de-extincao-de-punibilidade-sempre-se-comunicam-aos-coautores-e-participes-em-razao-de-se-tratar-de-materia-de-ordem-publica\/#breadcrumb\",\"itemListElement\":[{\"@type\":\"ListItem\",\"position\":1,\"name\":\"In\u00edcio\",\"item\":\"https:\/\/meusitejuridico.editorajuspodivm.com.br\/\"},{\"@type\":\"ListItem\",\"position\":2,\"name\":\"As causas de extin\u00e7\u00e3o de punibilidade sempre se comunicam aos coautores e part\u00edcipes, em raz\u00e3o de se tratar de mat\u00e9ria de ordem p\u00fablica\"}]},{\"@type\":\"WebSite\",\"@id\":\"https:\/\/meusitejuridico.editorajuspodivm.com.br\/#website\",\"url\":\"https:\/\/meusitejuridico.editorajuspodivm.com.br\/\",\"name\":\"Meu site jur\u00eddico\",\"description\":\"Meu site jur\u00eddico\",\"publisher\":{\"@id\":\"https:\/\/meusitejuridico.editorajuspodivm.com.br\/#organization\"},\"potentialAction\":[{\"@type\":\"SearchAction\",\"target\":{\"@type\":\"EntryPoint\",\"urlTemplate\":\"https:\/\/meusitejuridico.editorajuspodivm.com.br\/?s={search_term_string}\"},\"query-input\":{\"@type\":\"PropertyValueSpecification\",\"valueRequired\":true,\"valueName\":\"search_term_string\"}}],\"inLanguage\":\"pt-BR\"},{\"@type\":\"Organization\",\"@id\":\"https:\/\/meusitejuridico.editorajuspodivm.com.br\/#organization\",\"name\":\"Meu site jur\u00eddico\",\"url\":\"https:\/\/meusitejuridico.editorajuspodivm.com.br\/\",\"logo\":{\"@type\":\"ImageObject\",\"inLanguage\":\"pt-BR\",\"@id\":\"https:\/\/meusitejuridico.editorajuspodivm.com.br\/#\/schema\/logo\/image\/\",\"url\":\"https:\/\/cdn.meusitejuridico.com.br\/s.meusitejuridico\/2022\/03\/cropped-baeec2a3-msj-02-01-01.png\",\"contentUrl\":\"https:\/\/cdn.meusitejuridico.com.br\/s.meusitejuridico\/2022\/03\/cropped-baeec2a3-msj-02-01-01.png\",\"width\":349,\"height\":243,\"caption\":\"Meu site jur\u00eddico\"},\"image\":{\"@id\":\"https:\/\/meusitejuridico.editorajuspodivm.com.br\/#\/schema\/logo\/image\/\"}},{\"@type\":\"Person\",\"@id\":\"https:\/\/meusitejuridico.editorajuspodivm.com.br\/#\/schema\/person\/5c2237ac0c8ff03bcf1a09fe3e45dfce\",\"name\":\"Equipe Meu Site Jur\u00eddico\",\"image\":{\"@type\":\"ImageObject\",\"inLanguage\":\"pt-BR\",\"@id\":\"https:\/\/meusitejuridico.editorajuspodivm.com.br\/#\/schema\/person\/image\/\",\"url\":\"https:\/\/cdn.meusitejuridico.com.br\/s.meusitejuridico\/2020\/07\/6be289aa-logo-msj.png\",\"contentUrl\":\"https:\/\/cdn.meusitejuridico.com.br\/s.meusitejuridico\/2020\/07\/6be289aa-logo-msj.png\",\"caption\":\"Equipe Meu Site Jur\u00eddico\"},\"description\":\"Contem conosco!\",\"url\":\"https:\/\/cdn.meusitejuridico.com.br\/author\/equipe-meu-site-juridico\/\"}]}<\/script>\n<!-- \/ Yoast SEO plugin. -->","yoast_head_json":{"title":"As causas de extin\u00e7\u00e3o de punibilidade sempre se comunicam aos coautores e part\u00edcipes, em raz\u00e3o de se tratar de mat\u00e9ria de ordem p\u00fablica - Meu site jur\u00eddico","robots":{"index":"index","follow":"follow","max-snippet":"max-snippet:-1","max-image-preview":"max-image-preview:large","max-video-preview":"max-video-preview:-1"},"canonical":"https:\/\/webmail.meusitejuridico.com.br\/2020\/12\/15\/causas-de-extincao-de-punibilidade-sempre-se-comunicam-aos-coautores-e-participes-em-razao-de-se-tratar-de-materia-de-ordem-publica\/","og_locale":"pt_BR","og_type":"article","og_title":"As causas de extin\u00e7\u00e3o de punibilidade sempre se comunicam aos coautores e part\u00edcipes, em raz\u00e3o de se tratar de mat\u00e9ria de ordem p\u00fablica - Meu site jur\u00eddico","og_description":"ERRADO A assertiva est\u00e1 errada porque as causas de extin\u00e7\u00e3o da punibilidade podem ou n\u00e3o se estender aos coautores ou part\u00edcipes. O perd\u00e3o do ofendido, por exemplo, se aceito extingue a punibilidade e aproveita a todos os querelados. Mas h\u00e1 causas extintivas da punibilidade que podem n\u00e3o se comunicar. Na prescri\u00e7\u00e3o, h\u00e1 marcos interruptivos e [&hellip;]","og_url":"https:\/\/webmail.meusitejuridico.com.br\/2020\/12\/15\/causas-de-extincao-de-punibilidade-sempre-se-comunicam-aos-coautores-e-participes-em-razao-de-se-tratar-de-materia-de-ordem-publica\/","og_site_name":"Meu site jur\u00eddico","article_published_time":"2020-12-15T11:30:55+00:00","og_image":[{"width":1000,"height":790,"url":"https:\/\/webmail.meusitejuridico.com.br\/s.meusitejuridico\/2018\/03\/4584c839-shutterstock-1013395753.jpg","type":"image\/jpeg"}],"author":"Equipe Meu Site Jur\u00eddico","twitter_card":"summary_large_image","twitter_misc":{"Escrito por":"Equipe Meu Site Jur\u00eddico"},"schema":{"@context":"https:\/\/schema.org","@graph":[{"@type":"Article","@id":"https:\/\/webmail.meusitejuridico.com.br\/2020\/12\/15\/causas-de-extincao-de-punibilidade-sempre-se-comunicam-aos-coautores-e-participes-em-razao-de-se-tratar-de-materia-de-ordem-publica\/#article","isPartOf":{"@id":"https:\/\/webmail.meusitejuridico.com.br\/2020\/12\/15\/causas-de-extincao-de-punibilidade-sempre-se-comunicam-aos-coautores-e-participes-em-razao-de-se-tratar-de-materia-de-ordem-publica\/"},"author":{"name":"Equipe Meu Site Jur\u00eddico","@id":"https:\/\/meusitejuridico.editorajuspodivm.com.br\/#\/schema\/person\/5c2237ac0c8ff03bcf1a09fe3e45dfce"},"headline":"As causas de extin\u00e7\u00e3o de punibilidade sempre se comunicam aos coautores e part\u00edcipes, em raz\u00e3o de se tratar de mat\u00e9ria de ordem p\u00fablica","datePublished":"2020-12-15T11:30:55+00:00","mainEntityOfPage":{"@id":"https:\/\/webmail.meusitejuridico.com.br\/2020\/12\/15\/causas-de-extincao-de-punibilidade-sempre-se-comunicam-aos-coautores-e-participes-em-razao-de-se-tratar-de-materia-de-ordem-publica\/"},"wordCount":125,"commentCount":0,"publisher":{"@id":"https:\/\/meusitejuridico.editorajuspodivm.com.br\/#organization"},"image":{"@id":"https:\/\/webmail.meusitejuridico.com.br\/2020\/12\/15\/causas-de-extincao-de-punibilidade-sempre-se-comunicam-aos-coautores-e-participes-em-razao-de-se-tratar-de-materia-de-ordem-publica\/#primaryimage"},"thumbnailUrl":"https:\/\/cdn.meusitejuridico.com.br\/s.meusitejuridico\/2018\/03\/4584c839-shutterstock-1013395753.jpg","keywords":["concurso de pessoas","Direito Penal","extin\u00e7\u00e3o da punibilidade"],"articleSection":["Certo ou errado?","Material de aula","Perguntas e Respostas"],"inLanguage":"pt-BR","potentialAction":[{"@type":"CommentAction","name":"Comment","target":["https:\/\/webmail.meusitejuridico.com.br\/2020\/12\/15\/causas-de-extincao-de-punibilidade-sempre-se-comunicam-aos-coautores-e-participes-em-razao-de-se-tratar-de-materia-de-ordem-publica\/#respond"]}]},{"@type":"WebPage","@id":"https:\/\/webmail.meusitejuridico.com.br\/2020\/12\/15\/causas-de-extincao-de-punibilidade-sempre-se-comunicam-aos-coautores-e-participes-em-razao-de-se-tratar-de-materia-de-ordem-publica\/","url":"https:\/\/webmail.meusitejuridico.com.br\/2020\/12\/15\/causas-de-extincao-de-punibilidade-sempre-se-comunicam-aos-coautores-e-participes-em-razao-de-se-tratar-de-materia-de-ordem-publica\/","name":"As causas de extin\u00e7\u00e3o de punibilidade sempre se comunicam aos coautores e part\u00edcipes, em raz\u00e3o de se tratar de mat\u00e9ria de ordem p\u00fablica - Meu site jur\u00eddico","isPartOf":{"@id":"https:\/\/meusitejuridico.editorajuspodivm.com.br\/#website"},"primaryImageOfPage":{"@id":"https:\/\/webmail.meusitejuridico.com.br\/2020\/12\/15\/causas-de-extincao-de-punibilidade-sempre-se-comunicam-aos-coautores-e-participes-em-razao-de-se-tratar-de-materia-de-ordem-publica\/#primaryimage"},"image":{"@id":"https:\/\/webmail.meusitejuridico.com.br\/2020\/12\/15\/causas-de-extincao-de-punibilidade-sempre-se-comunicam-aos-coautores-e-participes-em-razao-de-se-tratar-de-materia-de-ordem-publica\/#primaryimage"},"thumbnailUrl":"https:\/\/cdn.meusitejuridico.com.br\/s.meusitejuridico\/2018\/03\/4584c839-shutterstock-1013395753.jpg","datePublished":"2020-12-15T11:30:55+00:00","breadcrumb":{"@id":"https:\/\/webmail.meusitejuridico.com.br\/2020\/12\/15\/causas-de-extincao-de-punibilidade-sempre-se-comunicam-aos-coautores-e-participes-em-razao-de-se-tratar-de-materia-de-ordem-publica\/#breadcrumb"},"inLanguage":"pt-BR","potentialAction":[{"@type":"ReadAction","target":["https:\/\/webmail.meusitejuridico.com.br\/2020\/12\/15\/causas-de-extincao-de-punibilidade-sempre-se-comunicam-aos-coautores-e-participes-em-razao-de-se-tratar-de-materia-de-ordem-publica\/"]}]},{"@type":"ImageObject","inLanguage":"pt-BR","@id":"https:\/\/webmail.meusitejuridico.com.br\/2020\/12\/15\/causas-de-extincao-de-punibilidade-sempre-se-comunicam-aos-coautores-e-participes-em-razao-de-se-tratar-de-materia-de-ordem-publica\/#primaryimage","url":"https:\/\/cdn.meusitejuridico.com.br\/s.meusitejuridico\/2018\/03\/4584c839-shutterstock-1013395753.jpg","contentUrl":"https:\/\/cdn.meusitejuridico.com.br\/s.meusitejuridico\/2018\/03\/4584c839-shutterstock-1013395753.jpg","width":1000,"height":790},{"@type":"BreadcrumbList","@id":"https:\/\/webmail.meusitejuridico.com.br\/2020\/12\/15\/causas-de-extincao-de-punibilidade-sempre-se-comunicam-aos-coautores-e-participes-em-razao-de-se-tratar-de-materia-de-ordem-publica\/#breadcrumb","itemListElement":[{"@type":"ListItem","position":1,"name":"In\u00edcio","item":"https:\/\/meusitejuridico.editorajuspodivm.com.br\/"},{"@type":"ListItem","position":2,"name":"As causas de extin\u00e7\u00e3o de punibilidade sempre se comunicam aos coautores e part\u00edcipes, em raz\u00e3o de se tratar de mat\u00e9ria de ordem p\u00fablica"}]},{"@type":"WebSite","@id":"https:\/\/meusitejuridico.editorajuspodivm.com.br\/#website","url":"https:\/\/meusitejuridico.editorajuspodivm.com.br\/","name":"Meu site jur\u00eddico","description":"Meu site jur\u00eddico","publisher":{"@id":"https:\/\/meusitejuridico.editorajuspodivm.com.br\/#organization"},"potentialAction":[{"@type":"SearchAction","target":{"@type":"EntryPoint","urlTemplate":"https:\/\/meusitejuridico.editorajuspodivm.com.br\/?s={search_term_string}"},"query-input":{"@type":"PropertyValueSpecification","valueRequired":true,"valueName":"search_term_string"}}],"inLanguage":"pt-BR"},{"@type":"Organization","@id":"https:\/\/meusitejuridico.editorajuspodivm.com.br\/#organization","name":"Meu site jur\u00eddico","url":"https:\/\/meusitejuridico.editorajuspodivm.com.br\/","logo":{"@type":"ImageObject","inLanguage":"pt-BR","@id":"https:\/\/meusitejuridico.editorajuspodivm.com.br\/#\/schema\/logo\/image\/","url":"https:\/\/cdn.meusitejuridico.com.br\/s.meusitejuridico\/2022\/03\/cropped-baeec2a3-msj-02-01-01.png","contentUrl":"https:\/\/cdn.meusitejuridico.com.br\/s.meusitejuridico\/2022\/03\/cropped-baeec2a3-msj-02-01-01.png","width":349,"height":243,"caption":"Meu site jur\u00eddico"},"image":{"@id":"https:\/\/meusitejuridico.editorajuspodivm.com.br\/#\/schema\/logo\/image\/"}},{"@type":"Person","@id":"https:\/\/meusitejuridico.editorajuspodivm.com.br\/#\/schema\/person\/5c2237ac0c8ff03bcf1a09fe3e45dfce","name":"Equipe Meu Site Jur\u00eddico","image":{"@type":"ImageObject","inLanguage":"pt-BR","@id":"https:\/\/meusitejuridico.editorajuspodivm.com.br\/#\/schema\/person\/image\/","url":"https:\/\/cdn.meusitejuridico.com.br\/s.meusitejuridico\/2020\/07\/6be289aa-logo-msj.png","contentUrl":"https:\/\/cdn.meusitejuridico.com.br\/s.meusitejuridico\/2020\/07\/6be289aa-logo-msj.png","caption":"Equipe Meu Site Jur\u00eddico"},"description":"Contem conosco!","url":"https:\/\/cdn.meusitejuridico.com.br\/author\/equipe-meu-site-juridico\/"}]}},"_links":{"self":[{"href":"https:\/\/cdn.meusitejuridico.com.br\/api\/wp\/v2\/posts\/12532","targetHints":{"allow":["GET"]}}],"collection":[{"href":"https:\/\/cdn.meusitejuridico.com.br\/api\/wp\/v2\/posts"}],"about":[{"href":"https:\/\/cdn.meusitejuridico.com.br\/api\/wp\/v2\/types\/post"}],"author":[{"embeddable":true,"href":"https:\/\/cdn.meusitejuridico.com.br\/api\/wp\/v2\/users\/7"}],"replies":[{"embeddable":true,"href":"https:\/\/cdn.meusitejuridico.com.br\/api\/wp\/v2\/comments?post=12532"}],"version-history":[{"count":3,"href":"https:\/\/cdn.meusitejuridico.com.br\/api\/wp\/v2\/posts\/12532\/revisions"}],"predecessor-version":[{"id":12535,"href":"https:\/\/cdn.meusitejuridico.com.br\/api\/wp\/v2\/posts\/12532\/revisions\/12535"}],"wp:featuredmedia":[{"embeddable":true,"href":"https:\/\/cdn.meusitejuridico.com.br\/api\/wp\/v2\/media\/4886"}],"wp:attachment":[{"href":"https:\/\/cdn.meusitejuridico.com.br\/api\/wp\/v2\/media?parent=12532"}],"wp:term":[{"taxonomy":"category","embeddable":true,"href":"https:\/\/cdn.meusitejuridico.com.br\/api\/wp\/v2\/categories?post=12532"},{"taxonomy":"post_tag","embeddable":true,"href":"https:\/\/cdn.meusitejuridico.com.br\/api\/wp\/v2\/tags?post=12532"}],"curies":[{"name":"wp","href":"https:\/\/api.w.org\/{rel}","templated":true}]}}