{"id":12618,"date":"2020-12-30T15:00:32","date_gmt":"2020-12-30T17:00:32","guid":{"rendered":"https:\/\/meusitejuridico.editorajuspodivm.com.br\/?p=12618"},"modified":"2020-12-30T06:30:25","modified_gmt":"2020-12-30T08:30:25","slug":"683-apelacao-e-o-recurso-adequado-contra-recusa-homologacao-da-colaboracao-premiada","status":"publish","type":"post","link":"https:\/\/cdn.meusitejuridico.com.br\/2020\/12\/30\/683-apelacao-e-o-recurso-adequado-contra-recusa-homologacao-da-colaboracao-premiada\/","title":{"rendered":"683: Apela\u00e7\u00e3o \u00e9 o recurso adequado contra a recusa \u00e0 homologa\u00e7\u00e3o da colabora\u00e7\u00e3o premiada"},"content":{"rendered":"<p><strong>Informativo:<\/strong>\u00a0683 do STJ \u2013 Processo Penal<\/p>\n<p><strong>Resumo: <\/strong>A apela\u00e7\u00e3o criminal \u00e9 o recurso adequado para impugnar a decis\u00e3o que recusa a homologa\u00e7\u00e3o do acordo de colabora\u00e7\u00e3o premiada, mas ante a exist\u00eancia de d\u00favida objetiva \u00e9 cab\u00edvel a aplica\u00e7\u00e3o do princ\u00edpio da fungibilidade.<\/p>\n<p><strong>Coment\u00e1rios:<\/strong><\/p>\n<p>Vencida a etapa de tratativas e negocia\u00e7\u00f5es da colabora\u00e7\u00e3o premiada, marcada pela lavratura do termo que re\u00fane as aven\u00e7as rec\u00edprocas, medidas acess\u00f3rias e absoluta exclus\u00e3o de participa\u00e7\u00e3o judicial, segue-se para a segunda etapa, que se refere ao ju\u00edzo homologat\u00f3rio. Nessa fase, n\u00e3o h\u00e1 aferi\u00e7\u00e3o concreta dos benef\u00edcios premiais, atividade reservada para a terceira etapa, a ser exercida no momento da senten\u00e7a do processo a que responde o colaborador, conforme se extrai do \u00a7 11 do art. 4\u00ba da Lei 12.850\/13.<\/p>\n<p>Prevalece que a decis\u00e3o homologat\u00f3ria, destinada \u00e0 an\u00e1lise dos requisitos legais de regularidade do acordo, legalidade de seu conte\u00fado e voluntariedade do colaborador, al\u00e9m de integrar o Poder Judici\u00e1rio \u00e0 colabora\u00e7\u00e3o premiada, visa a resguardar os limites da autonomia da vontade, da convencionalidade entre as partes e dos efeitos protetivos dos bens jur\u00eddicos, isto \u00e9, da utilidade e interesses p\u00fablicos. Por isso a homologa\u00e7\u00e3o \u00e9 considerada condi\u00e7\u00e3o inicial para a validade do neg\u00f3cio jur\u00eddico, obtida ap\u00f3s a chancela decorrente da participa\u00e7\u00e3o do Poder Judici\u00e1rio, respons\u00e1vel pela salvaguarda dos interesses do acusado e, de outro lado, do interesse p\u00fablico.<\/p>\n<p>Segundo o disposto no \u00a7 8\u00ba do art. 4\u00ba da Lei 12.850\/13, o juiz pode recusar a homologa\u00e7\u00e3o do acordo por entender violado algum requisito legal, como a falta de advogado ou defensor do acusado na fase de tratativa (Art. 3\u00ba-C, \u00a7 1\u00ba).<\/p>\n<p>Pode haver a <em>recusa total<\/em>, se n\u00e3o observados os requisitos legais m\u00ednimos, como no caso em que combinada a imunidade de um l\u00edder de organiza\u00e7\u00e3o criminosa, situa\u00e7\u00e3o vedada pelo art. 4\u00ba, \u00a7 4\u00ba, inciso I, da Lei 12.850\/13. Mas, segundo entendimento consolidado pelo STF (Pet. 5.244), tamb\u00e9m \u00e9 poss\u00edvel a <em>recusa parcial<\/em>, com a possibilidade de ser decotada apenas a cl\u00e1usula ilegal, desde que essa opera\u00e7\u00e3o n\u00e3o desnature o equil\u00edbrio sinalagm\u00e1tico do ajuste.<\/p>\n<p>H\u00e1 controv\u00e9rsia sobre o recurso cab\u00edvel contra a decis\u00e3o de recusa, tendo em vista a omiss\u00e3o legal a esse respeito. De acordo com o que decidiu o STJ, a recusa deve ser atacada por apela\u00e7\u00e3o, embora seja poss\u00edvel aplicar o princ\u00edpio da fungibilidade dos recursos em caso de d\u00favida objetiva:<\/p>\n<p style=\"padding-left: 60px;\">\u201cA teor das disposi\u00e7\u00f5es contidas na Lei n. 12.850\/2013, realizado o acordo de colabora\u00e7\u00e3o premiada, ser\u00e3o remetidos ao juiz, para verifica\u00e7\u00e3o de sua regularidade, legalidade, adequa\u00e7\u00e3o e voluntariedade, os termos do ajuste, as declara\u00e7\u00f5es do colaborador e c\u00f3pia da investiga\u00e7\u00e3o. Tem-se, nessa fase, a fiscaliza\u00e7\u00e3o dos aspectos previstos no art. 4\u00ba, \u00a7 7\u00ba, do mesmo regramento legal, com reda\u00e7\u00e3o inclu\u00edda pela Lei n. 13.964\/2019.<\/p>\n<p style=\"padding-left: 60px;\">O magistrado poder\u00e1 recusar a homologa\u00e7\u00e3o da proposta que n\u00e3o atender aos requisitos legais e esse ato judicial tem conte\u00fado decis\u00f3rio, pois impede o meio de obten\u00e7\u00e3o da prova. Entretanto, n\u00e3o existe previs\u00e3o normativa sobre o recurso cab\u00edvel para a sua impugna\u00e7\u00e3o.<\/p>\n<p style=\"padding-left: 60px;\">Nesse contexto, ante a lacuna na lei, o operador do direito tem de identificar, entre os instrumentos recursais existentes no direito processual penal, aquele mais adequado para a revis\u00e3o da decis\u00e3o proferida em primeira inst\u00e2ncia.<\/p>\n<p style=\"padding-left: 60px;\">Desse modo, analisadas as esp\u00e9cies de recursos elencados no C\u00f3digo de Processo Penal, tem-se que a apela\u00e7\u00e3o criminal \u00e9 apropriada para confrontar a decis\u00e3o que recusar a homologa\u00e7\u00e3o da proposta de acordo de colabora\u00e7\u00e3o premiada.<\/p>\n<p style=\"padding-left: 60px;\">Isso porque, o ato judicial: a) n\u00e3o ocasiona uma situa\u00e7\u00e3o de invers\u00e3o tumultu\u00e1ria do processo, a atrair o uso da correi\u00e7\u00e3o parcial e b) tem for\u00e7a definitiva, uma vez que impede o neg\u00f3cio jur\u00eddico processual, com preju\u00edzo \u00e0s partes interessadas. Ademais, o cabimento do recurso em sentido estrito est\u00e1 taxativamente previsto no art. 581 do CPP e seus incisos n\u00e3o tratam de hip\u00f3tese concreta que se assemelha \u00e0quela prevista no art. 4\u00b0, \u00a7 8\u00b0, da Lei n. 12.850\/2013.<\/p>\n<p style=\"padding-left: 60px;\">De toda forma, ante a exist\u00eancia de d\u00favida objetiva quanto ao instrumento adequado para combater o provimento jurisdicional, n\u00e3o constitui erro grosseiro o manejo de correi\u00e7\u00e3o parcial, principalmente quando esse instrumento foi aceito em situa\u00e7\u00f5es outras pelo Tribunal de origem. Interposta a insurg\u00eancia no interst\u00edcio de cinco dias, sem que se possa falar em sua intempestividade, \u00e9 perfeitamente aplic\u00e1vel o princ\u00edpio da fungibilidade recursal.<\/p>\n<p style=\"padding-left: 60px;\">Assim, consoante preceitua o art. 579 do CPP: \u2018salvo a hip\u00f3tese de m\u00e1-f\u00e9, a parte n\u00e3o ser\u00e1 prejudicada pela interposi\u00e7\u00e3o de um recurso por outro\u2019\u201d (REsp 1.834.215\/RS, Rel. Min. Rogerio Schietti Cruz, j. 27\/10\/2020).<\/p>\n<p><strong>Para se aprofundar, recomendamos:<\/strong><\/p>\n<p>Livro: <a href=\"https:\/\/www.editorajuspodivm.com.br\/leis-penais-especiais-comentadas-2020\" target=\"_blank\" rel=\"noopener\">Leis Penais Especiais \u2013 Comentadas artigo por artigo<\/a><\/p>\n<p><strong>Conhe\u00e7a os cursos do Minist\u00e9rio P\u00fablico da Lesen, coordenados pelo professor Rog\u00e9rio Sanches:<\/strong><\/p>\n<p><a href=\"https:\/\/lesencursos.com.br\/ministerio-publico-estadual\" target=\"_blank\" rel=\"noopener\">Clique aqui<\/a><\/p>\n","protected":false},"excerpt":{"rendered":"<p>Informativo:\u00a0683 do STJ \u2013 Processo Penal Resumo: A apela\u00e7\u00e3o criminal \u00e9 o recurso adequado para impugnar a decis\u00e3o que recusa a homologa\u00e7\u00e3o do acordo de colabora\u00e7\u00e3o premiada, mas ante a exist\u00eancia de d\u00favida objetiva \u00e9 cab\u00edvel a aplica\u00e7\u00e3o do princ\u00edpio da fungibilidade. Coment\u00e1rios: Vencida a etapa de tratativas e negocia\u00e7\u00f5es da colabora\u00e7\u00e3o premiada, marcada pela [&hellip;]<\/p>\n","protected":false},"author":3,"featured_media":7422,"comment_status":"open","ping_status":"open","sticky":false,"template":"","format":"standard","meta":{"_acf_changed":false,"footnotes":""},"categories":[70,80],"tags":[3505,364,468,1139,1855,2476,1183],"class_list":["post-12618","post","type-post","status-publish","format-standard","has-post-thumbnail","hentry","category-informativos-comentados","category-informativos-stj","tag-683-stj","tag-colaboracao-premiada","tag-crime-organizado","tag-homologacao","tag-lei-12-85013","tag-organizacao-criminosa","tag-recurso"],"acf":[],"yoast_head":"<!-- This site is optimized with the Yoast SEO plugin v24.8.1 - https:\/\/yoast.com\/wordpress\/plugins\/seo\/ -->\n<title>683: Apela\u00e7\u00e3o \u00e9 o recurso adequado contra a recusa \u00e0 homologa\u00e7\u00e3o da colabora\u00e7\u00e3o premiada - Meu site jur\u00eddico<\/title>\n<meta name=\"robots\" content=\"index, follow, max-snippet:-1, max-image-preview:large, max-video-preview:-1\" \/>\n<link rel=\"canonical\" href=\"https:\/\/cdn.meusitejuridico.com.br\/2020\/12\/30\/683-apelacao-e-o-recurso-adequado-contra-recusa-homologacao-da-colaboracao-premiada\/\" \/>\n<meta property=\"og:locale\" content=\"pt_BR\" \/>\n<meta property=\"og:type\" content=\"article\" \/>\n<meta property=\"og:title\" content=\"683: Apela\u00e7\u00e3o \u00e9 o recurso adequado contra a recusa \u00e0 homologa\u00e7\u00e3o da colabora\u00e7\u00e3o premiada - Meu site jur\u00eddico\" \/>\n<meta property=\"og:description\" content=\"Informativo:\u00a0683 do STJ \u2013 Processo Penal Resumo: A apela\u00e7\u00e3o criminal \u00e9 o recurso adequado para impugnar a decis\u00e3o que recusa a homologa\u00e7\u00e3o do acordo de colabora\u00e7\u00e3o premiada, mas ante a exist\u00eancia de d\u00favida objetiva \u00e9 cab\u00edvel a aplica\u00e7\u00e3o do princ\u00edpio da fungibilidade. Coment\u00e1rios: Vencida a etapa de tratativas e negocia\u00e7\u00f5es da colabora\u00e7\u00e3o premiada, marcada pela [&hellip;]\" \/>\n<meta property=\"og:url\" content=\"https:\/\/cdn.meusitejuridico.com.br\/2020\/12\/30\/683-apelacao-e-o-recurso-adequado-contra-recusa-homologacao-da-colaboracao-premiada\/\" \/>\n<meta property=\"og:site_name\" content=\"Meu site jur\u00eddico\" \/>\n<meta property=\"article:author\" content=\"https:\/\/www.facebook.com\/RogerioSanchesC\" \/>\n<meta property=\"article:published_time\" content=\"2020-12-30T17:00:32+00:00\" \/>\n<meta property=\"og:image\" content=\"https:\/\/cdn.meusitejuridico.com.br\/s.meusitejuridico\/2019\/01\/733b78de-whatsapp-image-2019-01-24-at-144424.jpeg\" \/>\n\t<meta property=\"og:image:width\" content=\"1280\" \/>\n\t<meta property=\"og:image:height\" content=\"853\" \/>\n\t<meta property=\"og:image:type\" content=\"image\/jpeg\" \/>\n<meta name=\"author\" content=\"Rog\u00e9rio Sanches Cunha\" \/>\n<meta name=\"twitter:card\" content=\"summary_large_image\" \/>\n<meta name=\"twitter:creator\" content=\"@RogerioSanchesC\" \/>\n<meta name=\"twitter:label1\" content=\"Escrito por\" \/>\n\t<meta name=\"twitter:data1\" content=\"Rog\u00e9rio Sanches Cunha\" \/>\n\t<meta name=\"twitter:label2\" content=\"Est. tempo de leitura\" \/>\n\t<meta name=\"twitter:data2\" content=\"4 minutos\" \/>\n<script type=\"application\/ld+json\" class=\"yoast-schema-graph\">{\"@context\":\"https:\/\/schema.org\",\"@graph\":[{\"@type\":\"Article\",\"@id\":\"https:\/\/cdn.meusitejuridico.com.br\/2020\/12\/30\/683-apelacao-e-o-recurso-adequado-contra-recusa-homologacao-da-colaboracao-premiada\/#article\",\"isPartOf\":{\"@id\":\"https:\/\/cdn.meusitejuridico.com.br\/2020\/12\/30\/683-apelacao-e-o-recurso-adequado-contra-recusa-homologacao-da-colaboracao-premiada\/\"},\"author\":{\"name\":\"Rog\u00e9rio Sanches Cunha\",\"@id\":\"https:\/\/cdn.meusitejuridico.com.br\/#\/schema\/person\/a3cebf06fd267ee700aae09eb6722d16\"},\"headline\":\"683: Apela\u00e7\u00e3o \u00e9 o recurso adequado contra a recusa \u00e0 homologa\u00e7\u00e3o da colabora\u00e7\u00e3o premiada\",\"datePublished\":\"2020-12-30T17:00:32+00:00\",\"mainEntityOfPage\":{\"@id\":\"https:\/\/cdn.meusitejuridico.com.br\/2020\/12\/30\/683-apelacao-e-o-recurso-adequado-contra-recusa-homologacao-da-colaboracao-premiada\/\"},\"wordCount\":863,\"commentCount\":0,\"publisher\":{\"@id\":\"https:\/\/cdn.meusitejuridico.com.br\/#organization\"},\"image\":{\"@id\":\"https:\/\/cdn.meusitejuridico.com.br\/2020\/12\/30\/683-apelacao-e-o-recurso-adequado-contra-recusa-homologacao-da-colaboracao-premiada\/#primaryimage\"},\"thumbnailUrl\":\"https:\/\/cdn.meusitejuridico.com.br\/s.meusitejuridico\/2019\/01\/733b78de-whatsapp-image-2019-01-24-at-144424.jpeg\",\"keywords\":[\"683 STJ\",\"colabora\u00e7\u00e3o premiada\",\"crime organizado\",\"homologa\u00e7\u00e3o\",\"Lei 12.850\/13\",\"organiza\u00e7\u00e3o criminosa\",\"recurso\"],\"articleSection\":[\"Informativos\",\"STJ\"],\"inLanguage\":\"pt-BR\",\"potentialAction\":[{\"@type\":\"CommentAction\",\"name\":\"Comment\",\"target\":[\"https:\/\/cdn.meusitejuridico.com.br\/2020\/12\/30\/683-apelacao-e-o-recurso-adequado-contra-recusa-homologacao-da-colaboracao-premiada\/#respond\"]}]},{\"@type\":\"WebPage\",\"@id\":\"https:\/\/cdn.meusitejuridico.com.br\/2020\/12\/30\/683-apelacao-e-o-recurso-adequado-contra-recusa-homologacao-da-colaboracao-premiada\/\",\"url\":\"https:\/\/cdn.meusitejuridico.com.br\/2020\/12\/30\/683-apelacao-e-o-recurso-adequado-contra-recusa-homologacao-da-colaboracao-premiada\/\",\"name\":\"683: Apela\u00e7\u00e3o \u00e9 o recurso adequado contra a recusa \u00e0 homologa\u00e7\u00e3o da colabora\u00e7\u00e3o premiada - Meu site jur\u00eddico\",\"isPartOf\":{\"@id\":\"https:\/\/cdn.meusitejuridico.com.br\/#website\"},\"primaryImageOfPage\":{\"@id\":\"https:\/\/cdn.meusitejuridico.com.br\/2020\/12\/30\/683-apelacao-e-o-recurso-adequado-contra-recusa-homologacao-da-colaboracao-premiada\/#primaryimage\"},\"image\":{\"@id\":\"https:\/\/cdn.meusitejuridico.com.br\/2020\/12\/30\/683-apelacao-e-o-recurso-adequado-contra-recusa-homologacao-da-colaboracao-premiada\/#primaryimage\"},\"thumbnailUrl\":\"https:\/\/cdn.meusitejuridico.com.br\/s.meusitejuridico\/2019\/01\/733b78de-whatsapp-image-2019-01-24-at-144424.jpeg\",\"datePublished\":\"2020-12-30T17:00:32+00:00\",\"breadcrumb\":{\"@id\":\"https:\/\/cdn.meusitejuridico.com.br\/2020\/12\/30\/683-apelacao-e-o-recurso-adequado-contra-recusa-homologacao-da-colaboracao-premiada\/#breadcrumb\"},\"inLanguage\":\"pt-BR\",\"potentialAction\":[{\"@type\":\"ReadAction\",\"target\":[\"https:\/\/cdn.meusitejuridico.com.br\/2020\/12\/30\/683-apelacao-e-o-recurso-adequado-contra-recusa-homologacao-da-colaboracao-premiada\/\"]}]},{\"@type\":\"ImageObject\",\"inLanguage\":\"pt-BR\",\"@id\":\"https:\/\/cdn.meusitejuridico.com.br\/2020\/12\/30\/683-apelacao-e-o-recurso-adequado-contra-recusa-homologacao-da-colaboracao-premiada\/#primaryimage\",\"url\":\"https:\/\/cdn.meusitejuridico.com.br\/s.meusitejuridico\/2019\/01\/733b78de-whatsapp-image-2019-01-24-at-144424.jpeg\",\"contentUrl\":\"https:\/\/cdn.meusitejuridico.com.br\/s.meusitejuridico\/2019\/01\/733b78de-whatsapp-image-2019-01-24-at-144424.jpeg\",\"width\":1280,\"height\":853},{\"@type\":\"BreadcrumbList\",\"@id\":\"https:\/\/cdn.meusitejuridico.com.br\/2020\/12\/30\/683-apelacao-e-o-recurso-adequado-contra-recusa-homologacao-da-colaboracao-premiada\/#breadcrumb\",\"itemListElement\":[{\"@type\":\"ListItem\",\"position\":1,\"name\":\"In\u00edcio\",\"item\":\"https:\/\/cdn.meusitejuridico.com.br\/\"},{\"@type\":\"ListItem\",\"position\":2,\"name\":\"683: Apela\u00e7\u00e3o \u00e9 o recurso adequado contra a recusa \u00e0 homologa\u00e7\u00e3o da colabora\u00e7\u00e3o premiada\"}]},{\"@type\":\"WebSite\",\"@id\":\"https:\/\/cdn.meusitejuridico.com.br\/#website\",\"url\":\"https:\/\/cdn.meusitejuridico.com.br\/\",\"name\":\"Meu site jur\u00eddico\",\"description\":\"Meu site jur\u00eddico\",\"publisher\":{\"@id\":\"https:\/\/cdn.meusitejuridico.com.br\/#organization\"},\"potentialAction\":[{\"@type\":\"SearchAction\",\"target\":{\"@type\":\"EntryPoint\",\"urlTemplate\":\"https:\/\/cdn.meusitejuridico.com.br\/?s={search_term_string}\"},\"query-input\":{\"@type\":\"PropertyValueSpecification\",\"valueRequired\":true,\"valueName\":\"search_term_string\"}}],\"inLanguage\":\"pt-BR\"},{\"@type\":\"Organization\",\"@id\":\"https:\/\/cdn.meusitejuridico.com.br\/#organization\",\"name\":\"Meu site jur\u00eddico\",\"url\":\"https:\/\/cdn.meusitejuridico.com.br\/\",\"logo\":{\"@type\":\"ImageObject\",\"inLanguage\":\"pt-BR\",\"@id\":\"https:\/\/cdn.meusitejuridico.com.br\/#\/schema\/logo\/image\/\",\"url\":\"https:\/\/cdn.meusitejuridico.com.br\/s.meusitejuridico\/2022\/03\/cropped-baeec2a3-msj-02-01-01.png\",\"contentUrl\":\"https:\/\/cdn.meusitejuridico.com.br\/s.meusitejuridico\/2022\/03\/cropped-baeec2a3-msj-02-01-01.png\",\"width\":349,\"height\":243,\"caption\":\"Meu site jur\u00eddico\"},\"image\":{\"@id\":\"https:\/\/cdn.meusitejuridico.com.br\/#\/schema\/logo\/image\/\"}},{\"@type\":\"Person\",\"@id\":\"https:\/\/cdn.meusitejuridico.com.br\/#\/schema\/person\/a3cebf06fd267ee700aae09eb6722d16\",\"name\":\"Rog\u00e9rio Sanches Cunha\",\"image\":{\"@type\":\"ImageObject\",\"inLanguage\":\"pt-BR\",\"@id\":\"https:\/\/cdn.meusitejuridico.com.br\/#\/schema\/person\/image\/\",\"url\":\"https:\/\/cdn.meusitejuridico.com.br\/s.meusitejuridico\/2023\/04\/7de31285-rsc-0054-scaled-e1681840173909-150x150.jpg\",\"contentUrl\":\"https:\/\/cdn.meusitejuridico.com.br\/s.meusitejuridico\/2023\/04\/7de31285-rsc-0054-scaled-e1681840173909-150x150.jpg\",\"caption\":\"Rog\u00e9rio Sanches Cunha\"},\"description\":\"Membro do Ministe\u0301rio Pu\u0301blico do Estado de Sa\u0303o Paulo. Professor da Escola Superior do Ministe\u0301rio Pu\u0301blico dos estados de Sa\u0303o Paulo, Mato Grosso e Santa Catarina. Coordenador Pedag\u00f3gico e Professor de Penal e Processo Penal do Curso RSConline. Fundador do site www.meusitejuridico.com.br. Cofundador e coordenador pedago\u0301gico do JUSPLAY. Autor de obras juri\u0301dicas.\",\"sameAs\":[\"https:\/\/www.editorajuspodivm.com.br\/autores\/detalhe\/107?idtag=ebe04ee0-bb3c-4b7f-96b9-fcd9428789d5\",\"https:\/\/www.facebook.com\/RogerioSanchesC\",\"https:\/\/www.instagram.com\/rogeriosanchescunha\/\",\"https:\/\/x.com\/RogerioSanchesC\",\"https:\/\/www.youtube.com\/user\/RogerioSanchesC\"],\"url\":\"https:\/\/cdn.meusitejuridico.com.br\/author\/redesrogeriogmail-com\/\"}]}<\/script>\n<!-- \/ Yoast SEO plugin. -->","yoast_head_json":{"title":"683: Apela\u00e7\u00e3o \u00e9 o recurso adequado contra a recusa \u00e0 homologa\u00e7\u00e3o da colabora\u00e7\u00e3o premiada - Meu site jur\u00eddico","robots":{"index":"index","follow":"follow","max-snippet":"max-snippet:-1","max-image-preview":"max-image-preview:large","max-video-preview":"max-video-preview:-1"},"canonical":"https:\/\/cdn.meusitejuridico.com.br\/2020\/12\/30\/683-apelacao-e-o-recurso-adequado-contra-recusa-homologacao-da-colaboracao-premiada\/","og_locale":"pt_BR","og_type":"article","og_title":"683: Apela\u00e7\u00e3o \u00e9 o recurso adequado contra a recusa \u00e0 homologa\u00e7\u00e3o da colabora\u00e7\u00e3o premiada - Meu site jur\u00eddico","og_description":"Informativo:\u00a0683 do STJ \u2013 Processo Penal Resumo: A apela\u00e7\u00e3o criminal \u00e9 o recurso adequado para impugnar a decis\u00e3o que recusa a homologa\u00e7\u00e3o do acordo de colabora\u00e7\u00e3o premiada, mas ante a exist\u00eancia de d\u00favida objetiva \u00e9 cab\u00edvel a aplica\u00e7\u00e3o do princ\u00edpio da fungibilidade. Coment\u00e1rios: Vencida a etapa de tratativas e negocia\u00e7\u00f5es da colabora\u00e7\u00e3o premiada, marcada pela [&hellip;]","og_url":"https:\/\/cdn.meusitejuridico.com.br\/2020\/12\/30\/683-apelacao-e-o-recurso-adequado-contra-recusa-homologacao-da-colaboracao-premiada\/","og_site_name":"Meu site jur\u00eddico","article_author":"https:\/\/www.facebook.com\/RogerioSanchesC","article_published_time":"2020-12-30T17:00:32+00:00","og_image":[{"width":1280,"height":853,"url":"https:\/\/cdn.meusitejuridico.com.br\/s.meusitejuridico\/2019\/01\/733b78de-whatsapp-image-2019-01-24-at-144424.jpeg","type":"image\/jpeg"}],"author":"Rog\u00e9rio Sanches Cunha","twitter_card":"summary_large_image","twitter_creator":"@RogerioSanchesC","twitter_misc":{"Escrito por":"Rog\u00e9rio Sanches Cunha","Est. tempo de leitura":"4 minutos"},"schema":{"@context":"https:\/\/schema.org","@graph":[{"@type":"Article","@id":"https:\/\/cdn.meusitejuridico.com.br\/2020\/12\/30\/683-apelacao-e-o-recurso-adequado-contra-recusa-homologacao-da-colaboracao-premiada\/#article","isPartOf":{"@id":"https:\/\/cdn.meusitejuridico.com.br\/2020\/12\/30\/683-apelacao-e-o-recurso-adequado-contra-recusa-homologacao-da-colaboracao-premiada\/"},"author":{"name":"Rog\u00e9rio Sanches Cunha","@id":"https:\/\/cdn.meusitejuridico.com.br\/#\/schema\/person\/a3cebf06fd267ee700aae09eb6722d16"},"headline":"683: Apela\u00e7\u00e3o \u00e9 o recurso adequado contra a recusa \u00e0 homologa\u00e7\u00e3o da colabora\u00e7\u00e3o premiada","datePublished":"2020-12-30T17:00:32+00:00","mainEntityOfPage":{"@id":"https:\/\/cdn.meusitejuridico.com.br\/2020\/12\/30\/683-apelacao-e-o-recurso-adequado-contra-recusa-homologacao-da-colaboracao-premiada\/"},"wordCount":863,"commentCount":0,"publisher":{"@id":"https:\/\/cdn.meusitejuridico.com.br\/#organization"},"image":{"@id":"https:\/\/cdn.meusitejuridico.com.br\/2020\/12\/30\/683-apelacao-e-o-recurso-adequado-contra-recusa-homologacao-da-colaboracao-premiada\/#primaryimage"},"thumbnailUrl":"https:\/\/cdn.meusitejuridico.com.br\/s.meusitejuridico\/2019\/01\/733b78de-whatsapp-image-2019-01-24-at-144424.jpeg","keywords":["683 STJ","colabora\u00e7\u00e3o premiada","crime organizado","homologa\u00e7\u00e3o","Lei 12.850\/13","organiza\u00e7\u00e3o criminosa","recurso"],"articleSection":["Informativos","STJ"],"inLanguage":"pt-BR","potentialAction":[{"@type":"CommentAction","name":"Comment","target":["https:\/\/cdn.meusitejuridico.com.br\/2020\/12\/30\/683-apelacao-e-o-recurso-adequado-contra-recusa-homologacao-da-colaboracao-premiada\/#respond"]}]},{"@type":"WebPage","@id":"https:\/\/cdn.meusitejuridico.com.br\/2020\/12\/30\/683-apelacao-e-o-recurso-adequado-contra-recusa-homologacao-da-colaboracao-premiada\/","url":"https:\/\/cdn.meusitejuridico.com.br\/2020\/12\/30\/683-apelacao-e-o-recurso-adequado-contra-recusa-homologacao-da-colaboracao-premiada\/","name":"683: Apela\u00e7\u00e3o \u00e9 o recurso adequado contra a recusa \u00e0 homologa\u00e7\u00e3o da colabora\u00e7\u00e3o premiada - Meu site jur\u00eddico","isPartOf":{"@id":"https:\/\/cdn.meusitejuridico.com.br\/#website"},"primaryImageOfPage":{"@id":"https:\/\/cdn.meusitejuridico.com.br\/2020\/12\/30\/683-apelacao-e-o-recurso-adequado-contra-recusa-homologacao-da-colaboracao-premiada\/#primaryimage"},"image":{"@id":"https:\/\/cdn.meusitejuridico.com.br\/2020\/12\/30\/683-apelacao-e-o-recurso-adequado-contra-recusa-homologacao-da-colaboracao-premiada\/#primaryimage"},"thumbnailUrl":"https:\/\/cdn.meusitejuridico.com.br\/s.meusitejuridico\/2019\/01\/733b78de-whatsapp-image-2019-01-24-at-144424.jpeg","datePublished":"2020-12-30T17:00:32+00:00","breadcrumb":{"@id":"https:\/\/cdn.meusitejuridico.com.br\/2020\/12\/30\/683-apelacao-e-o-recurso-adequado-contra-recusa-homologacao-da-colaboracao-premiada\/#breadcrumb"},"inLanguage":"pt-BR","potentialAction":[{"@type":"ReadAction","target":["https:\/\/cdn.meusitejuridico.com.br\/2020\/12\/30\/683-apelacao-e-o-recurso-adequado-contra-recusa-homologacao-da-colaboracao-premiada\/"]}]},{"@type":"ImageObject","inLanguage":"pt-BR","@id":"https:\/\/cdn.meusitejuridico.com.br\/2020\/12\/30\/683-apelacao-e-o-recurso-adequado-contra-recusa-homologacao-da-colaboracao-premiada\/#primaryimage","url":"https:\/\/cdn.meusitejuridico.com.br\/s.meusitejuridico\/2019\/01\/733b78de-whatsapp-image-2019-01-24-at-144424.jpeg","contentUrl":"https:\/\/cdn.meusitejuridico.com.br\/s.meusitejuridico\/2019\/01\/733b78de-whatsapp-image-2019-01-24-at-144424.jpeg","width":1280,"height":853},{"@type":"BreadcrumbList","@id":"https:\/\/cdn.meusitejuridico.com.br\/2020\/12\/30\/683-apelacao-e-o-recurso-adequado-contra-recusa-homologacao-da-colaboracao-premiada\/#breadcrumb","itemListElement":[{"@type":"ListItem","position":1,"name":"In\u00edcio","item":"https:\/\/cdn.meusitejuridico.com.br\/"},{"@type":"ListItem","position":2,"name":"683: Apela\u00e7\u00e3o \u00e9 o recurso adequado contra a recusa \u00e0 homologa\u00e7\u00e3o da colabora\u00e7\u00e3o premiada"}]},{"@type":"WebSite","@id":"https:\/\/cdn.meusitejuridico.com.br\/#website","url":"https:\/\/cdn.meusitejuridico.com.br\/","name":"Meu site jur\u00eddico","description":"Meu site jur\u00eddico","publisher":{"@id":"https:\/\/cdn.meusitejuridico.com.br\/#organization"},"potentialAction":[{"@type":"SearchAction","target":{"@type":"EntryPoint","urlTemplate":"https:\/\/cdn.meusitejuridico.com.br\/?s={search_term_string}"},"query-input":{"@type":"PropertyValueSpecification","valueRequired":true,"valueName":"search_term_string"}}],"inLanguage":"pt-BR"},{"@type":"Organization","@id":"https:\/\/cdn.meusitejuridico.com.br\/#organization","name":"Meu site jur\u00eddico","url":"https:\/\/cdn.meusitejuridico.com.br\/","logo":{"@type":"ImageObject","inLanguage":"pt-BR","@id":"https:\/\/cdn.meusitejuridico.com.br\/#\/schema\/logo\/image\/","url":"https:\/\/cdn.meusitejuridico.com.br\/s.meusitejuridico\/2022\/03\/cropped-baeec2a3-msj-02-01-01.png","contentUrl":"https:\/\/cdn.meusitejuridico.com.br\/s.meusitejuridico\/2022\/03\/cropped-baeec2a3-msj-02-01-01.png","width":349,"height":243,"caption":"Meu site jur\u00eddico"},"image":{"@id":"https:\/\/cdn.meusitejuridico.com.br\/#\/schema\/logo\/image\/"}},{"@type":"Person","@id":"https:\/\/cdn.meusitejuridico.com.br\/#\/schema\/person\/a3cebf06fd267ee700aae09eb6722d16","name":"Rog\u00e9rio Sanches Cunha","image":{"@type":"ImageObject","inLanguage":"pt-BR","@id":"https:\/\/cdn.meusitejuridico.com.br\/#\/schema\/person\/image\/","url":"https:\/\/cdn.meusitejuridico.com.br\/s.meusitejuridico\/2023\/04\/7de31285-rsc-0054-scaled-e1681840173909-150x150.jpg","contentUrl":"https:\/\/cdn.meusitejuridico.com.br\/s.meusitejuridico\/2023\/04\/7de31285-rsc-0054-scaled-e1681840173909-150x150.jpg","caption":"Rog\u00e9rio Sanches Cunha"},"description":"Membro do Ministe\u0301rio Pu\u0301blico do Estado de Sa\u0303o Paulo. Professor da Escola Superior do Ministe\u0301rio Pu\u0301blico dos estados de Sa\u0303o Paulo, Mato Grosso e Santa Catarina. Coordenador Pedag\u00f3gico e Professor de Penal e Processo Penal do Curso RSConline. Fundador do site www.meusitejuridico.com.br. Cofundador e coordenador pedago\u0301gico do JUSPLAY. Autor de obras juri\u0301dicas.","sameAs":["https:\/\/www.editorajuspodivm.com.br\/autores\/detalhe\/107?idtag=ebe04ee0-bb3c-4b7f-96b9-fcd9428789d5","https:\/\/www.facebook.com\/RogerioSanchesC","https:\/\/www.instagram.com\/rogeriosanchescunha\/","https:\/\/x.com\/RogerioSanchesC","https:\/\/www.youtube.com\/user\/RogerioSanchesC"],"url":"https:\/\/cdn.meusitejuridico.com.br\/author\/redesrogeriogmail-com\/"}]}},"_links":{"self":[{"href":"https:\/\/cdn.meusitejuridico.com.br\/api\/wp\/v2\/posts\/12618","targetHints":{"allow":["GET"]}}],"collection":[{"href":"https:\/\/cdn.meusitejuridico.com.br\/api\/wp\/v2\/posts"}],"about":[{"href":"https:\/\/cdn.meusitejuridico.com.br\/api\/wp\/v2\/types\/post"}],"author":[{"embeddable":true,"href":"https:\/\/cdn.meusitejuridico.com.br\/api\/wp\/v2\/users\/3"}],"replies":[{"embeddable":true,"href":"https:\/\/cdn.meusitejuridico.com.br\/api\/wp\/v2\/comments?post=12618"}],"version-history":[{"count":1,"href":"https:\/\/cdn.meusitejuridico.com.br\/api\/wp\/v2\/posts\/12618\/revisions"}],"predecessor-version":[{"id":12619,"href":"https:\/\/cdn.meusitejuridico.com.br\/api\/wp\/v2\/posts\/12618\/revisions\/12619"}],"wp:featuredmedia":[{"embeddable":true,"href":"https:\/\/cdn.meusitejuridico.com.br\/api\/wp\/v2\/media\/7422"}],"wp:attachment":[{"href":"https:\/\/cdn.meusitejuridico.com.br\/api\/wp\/v2\/media?parent=12618"}],"wp:term":[{"taxonomy":"category","embeddable":true,"href":"https:\/\/cdn.meusitejuridico.com.br\/api\/wp\/v2\/categories?post=12618"},{"taxonomy":"post_tag","embeddable":true,"href":"https:\/\/cdn.meusitejuridico.com.br\/api\/wp\/v2\/tags?post=12618"}],"curies":[{"name":"wp","href":"https:\/\/api.w.org\/{rel}","templated":true}]}}