{"id":12834,"date":"2021-02-11T15:00:18","date_gmt":"2021-02-11T17:00:18","guid":{"rendered":"https:\/\/meusitejuridico.editorajuspodivm.com.br\/?p=12834"},"modified":"2021-02-11T08:19:03","modified_gmt":"2021-02-11T10:19:03","slug":"qual-o-prazo-para-propositura-de-acao-visando-cobranca-de-parcelas-de-emprestimo-consignado-em-folha-de-pagamento","status":"publish","type":"post","link":"https:\/\/cdn.meusitejuridico.com.br\/2021\/02\/11\/qual-o-prazo-para-propositura-de-acao-visando-cobranca-de-parcelas-de-emprestimo-consignado-em-folha-de-pagamento\/","title":{"rendered":"Qual o prazo para a propositura de a\u00e7\u00e3o visando a cobran\u00e7a de parcelas de empr\u00e9stimo consignado em folha de pagamento?"},"content":{"rendered":"<p>Ao julgar o <strong>REsp 1.742.514\/RJ<\/strong>, Rel. Min. Paulo de Tarso Sanseverino, em 28\/10\/2020, a Terceira Turma do STJ compreendeu que \u201c\u00e9 de cinco anos o prazo prescricional para a propositura de a\u00e7\u00e3o de cobran\u00e7a em raz\u00e3o da falta de pagamento das parcelas com previs\u00e3o de desconto no contracheque do devedor, decorrente da perda da margem consign\u00e1vel.\u201d<\/p>\n<p>Entendeu o \u00f3rg\u00e3o que o caso atrai a incid\u00eancia da prescri\u00e7\u00e3o quinquenal prevista no art. 206, \u00a7 5\u00ba, I, do C\u00f3digo Civil de 2002:<\/p>\n<p style=\"padding-left: 60px;\"><strong>\u201cArt. 206. Prescreve:<\/strong><\/p>\n<p style=\"padding-left: 60px;\">(&#8230;)<\/p>\n<p style=\"padding-left: 60px;\">\u00a7 5\u00ba Em cinco anos:<\/p>\n<p style=\"padding-left: 60px;\">I &#8211; a pretens\u00e3o de cobran\u00e7a de d\u00edvidas l\u00edquidas constantes de instrumento p\u00fablico ou particular;\u201d<\/p>\n<p>Segundo <strong>Nestor Duarte<\/strong> (<em>C\u00f3digo Civil Comentado<\/em>. S\u00e3o Paulo: Manole, 2020, p. 146-147) pelo atual C\u00f3digo, qualquer d\u00edvida resultante de documento p\u00fablico ou particular, tenha ou n\u00e3o for\u00e7a executiva, submete-se \u00e0 prescri\u00e7\u00e3o quinquenal, contando-se do respectivo vencimento. \u00c9 necess\u00e1rio, por\u00e9m, que a d\u00edvida seja l\u00edquida, cuja defini\u00e7\u00e3o a lei n\u00e3o repetiu, mas vinha, com propriedade, definida no art. 1.533 do CC\/1916: \u201c<strong>Considera-se l\u00edquida a obriga\u00e7\u00e3o certa, quanto \u00e0 sua exist\u00eancia, e determinada, quanto ao seu objeto<\/strong>\u201d. Sendo il\u00edquida a obriga\u00e7\u00e3o, n\u00e3o se aplica essa regra; por\u00e9m, n\u00e3o se considera il\u00edquida a d\u00edvida cuja import\u00e2ncia, para ser determinada, depende apenas de opera\u00e7\u00e3o aritm\u00e9tica.<\/p>\n<p>Tamb\u00e9m <strong>Fl\u00e1vio Tartuce<\/strong> (<em>C\u00f3digo Civil Interpretado<\/em>. In: CHINELLATO, Silmara Juny (coord.). S\u00e3o Paulo: Manole, 2016, p. 228) ao comentar o dispositivo registra:<\/p>\n<p style=\"padding-left: 60px;\">\u201cNovidade interessante, o Co\u0301digo privado especifica prazo para propositura de ac\u0327a\u0303o condenato\u0301ria em sentido amplo, visando ao recebimento de cre\u0301dito de valor consubstanciado em instrumento pu\u0301blico ou particular. Este dispositivo, sem du\u0301vida, aplica-se aos contratos em geral, bem como aos nego\u0301cios juri\u0301dicos nos quais se convenciona a confissa\u0303o de uma di\u0301vida. O prazo, antes de vinte anos, cai substancialmente para cinco anos, contados, como regra, do vencimento da di\u0301vida, aplicando-se a regra <em>dies interpellat por ho\u00ad mine<\/em>. Por tratar de caso de responsabilidade contratual, na\u0303o merece mais aplicac\u0327a\u0303o, para os casos nos quais houver contrato escrito, a Su\u0301mula n. 194 do STJ: \u2018prescreve em vinte anos a ac\u0327a\u0303o para obter, do construtor, indenizac\u0327a\u0303o por defeitos da obra\u201d\u2019 A previsa\u0303o legal especi\u0301fica afasta a aplicac\u0327a\u0303o do entendimento jurisprudencial anteriormente consolidado.\u201d<\/p>\n<p>No caso, compreendeu o Tribunal que a situa\u00e7\u00e3o debatida representa uma d\u00edvida l\u00edquida constante de instrumento particular de natureza pessoal. De fato, o empr\u00e9stimo consignado tomado pelo devedor \u00e9 uma d\u00edvida l\u00edquida materializada num instrumento contratual. O STJ reformou ac\u00f3rd\u00e3o do TJRJ que havia aplicado o prazo prescricional decenal previsto no art. 205 do C\u00f3digo Civil.<\/p>\n<p>Eis a ementa da decis\u00e3o do STJ:<\/p>\n<p style=\"padding-left: 60px;\">RECURSO ESPECIAL. DIREITO CIVIL E PROCESSUAL CIVIL. A\u00c7\u00c3O DE COBRAN\u00c7A. EMPR\u00c9STIMO CONSIGNADO. PARCELAS INADIMPLIDAS. PRESCRI\u00c7\u00c3O QUINQUENAL.<\/p>\n<p style=\"padding-left: 60px;\">1. Controv\u00e9rsia em torno do prazo prescricional para a propositura de a\u00e7\u00e3o de cobran\u00e7a, em raz\u00e3o do inadimplemento pelo devedor das parcelas descontadas em seu contracheque decorrente da perda da margem consign\u00e1vel.<\/p>\n<p style=\"padding-left: 60px;\">2. A pretens\u00e3o de cobran\u00e7a de d\u00edvida l\u00edquida constante de instrumento p\u00fablico ou particular, conforme o art. 206, \u00a7 5\u00ba, I, do C\u00f3digo Civil, prescreve em cinco anos.<\/p>\n<p style=\"padding-left: 60px;\">3. Recurso especial conhecido e provido.<\/p>\n<p>***<\/p>\n<p><b><strong>Telegram<\/strong><\/b>:<strong>\u00a0<\/strong><a href=\"https:\/\/t.me\/pilulasjuridicasSTFSTJ\" target=\"_blank\" rel=\"noopener noreferrer\" data-auth=\"NotApplicable\"><strong>https:\/\/t.me\/pilulasjuridicasSTFSTJ<\/strong><\/a><strong>\u00a0| Instagram: @rodrigocrleite<\/strong><\/p>\n<div class=\"clearfix\"><\/div>\n","protected":false},"excerpt":{"rendered":"<p>Ao julgar o REsp 1.742.514\/RJ, Rel. Min. Paulo de Tarso Sanseverino, em 28\/10\/2020, a Terceira Turma do STJ compreendeu que \u201c\u00e9 de cinco anos o prazo prescricional para a propositura de a\u00e7\u00e3o de cobran\u00e7a em raz\u00e3o da falta de pagamento das parcelas com previs\u00e3o de desconto no contracheque do devedor, decorrente da perda da margem [&hellip;]<\/p>\n","protected":false},"author":131,"featured_media":12835,"comment_status":"open","ping_status":"open","sticky":false,"template":"","format":"standard","meta":{"_acf_changed":false,"footnotes":""},"categories":[1,255],"tags":[3113,257,3559,111],"class_list":["post-12834","post","type-post","status-publish","format-standard","has-post-thumbnail","hentry","category-artigos","category-direito-civil","tag-consignado","tag-direito-civil","tag-emprestimo","tag-prescricao"],"acf":[],"yoast_head":"<!-- This site is optimized with the Yoast SEO plugin v24.8.1 - https:\/\/yoast.com\/wordpress\/plugins\/seo\/ -->\n<title>Qual o prazo para a propositura de a\u00e7\u00e3o visando a cobran\u00e7a de parcelas de empr\u00e9stimo consignado em folha de pagamento? - Meu site jur\u00eddico<\/title>\n<meta name=\"robots\" content=\"index, follow, max-snippet:-1, max-image-preview:large, max-video-preview:-1\" \/>\n<link rel=\"canonical\" href=\"https:\/\/meusitejuridico.editorajuspodivm.com.br\/2021\/02\/11\/qual-o-prazo-para-propositura-de-acao-visando-cobranca-de-parcelas-de-emprestimo-consignado-em-folha-de-pagamento\/\" \/>\n<meta property=\"og:locale\" content=\"pt_BR\" \/>\n<meta property=\"og:type\" content=\"article\" \/>\n<meta property=\"og:title\" content=\"Qual o prazo para a propositura de a\u00e7\u00e3o visando a cobran\u00e7a de parcelas de empr\u00e9stimo consignado em folha de pagamento? - Meu site jur\u00eddico\" \/>\n<meta property=\"og:description\" content=\"Ao julgar o REsp 1.742.514\/RJ, Rel. Min. Paulo de Tarso Sanseverino, em 28\/10\/2020, a Terceira Turma do STJ compreendeu que \u201c\u00e9 de cinco anos o prazo prescricional para a propositura de a\u00e7\u00e3o de cobran\u00e7a em raz\u00e3o da falta de pagamento das parcelas com previs\u00e3o de desconto no contracheque do devedor, decorrente da perda da margem [&hellip;]\" \/>\n<meta property=\"og:url\" content=\"https:\/\/meusitejuridico.editorajuspodivm.com.br\/2021\/02\/11\/qual-o-prazo-para-propositura-de-acao-visando-cobranca-de-parcelas-de-emprestimo-consignado-em-folha-de-pagamento\/\" \/>\n<meta property=\"og:site_name\" content=\"Meu site jur\u00eddico\" \/>\n<meta property=\"article:published_time\" content=\"2021-02-11T17:00:18+00:00\" \/>\n<meta property=\"og:image\" content=\"https:\/\/meusitejuridico.editorajuspodivm.com.br\/s.meusitejuridico\/2021\/02\/b1ce0fbd-financial-4560047-640.jpg\" \/>\n\t<meta property=\"og:image:width\" content=\"640\" \/>\n\t<meta property=\"og:image:height\" content=\"412\" \/>\n\t<meta property=\"og:image:type\" content=\"image\/jpeg\" \/>\n<meta name=\"author\" content=\"Rodrigo Leite\" \/>\n<meta name=\"twitter:card\" content=\"summary_large_image\" \/>\n<meta name=\"twitter:creator\" content=\"@rodrigocrleite\" \/>\n<meta name=\"twitter:label1\" content=\"Escrito por\" \/>\n\t<meta name=\"twitter:data1\" content=\"Rodrigo Leite\" \/>\n\t<meta name=\"twitter:label2\" content=\"Est. tempo de leitura\" \/>\n\t<meta name=\"twitter:data2\" content=\"3 minutos\" \/>\n<script type=\"application\/ld+json\" class=\"yoast-schema-graph\">{\"@context\":\"https:\/\/schema.org\",\"@graph\":[{\"@type\":\"Article\",\"@id\":\"https:\/\/meusitejuridico.editorajuspodivm.com.br\/2021\/02\/11\/qual-o-prazo-para-propositura-de-acao-visando-cobranca-de-parcelas-de-emprestimo-consignado-em-folha-de-pagamento\/#article\",\"isPartOf\":{\"@id\":\"https:\/\/meusitejuridico.editorajuspodivm.com.br\/2021\/02\/11\/qual-o-prazo-para-propositura-de-acao-visando-cobranca-de-parcelas-de-emprestimo-consignado-em-folha-de-pagamento\/\"},\"author\":{\"name\":\"Rodrigo Leite\",\"@id\":\"https:\/\/meusitejuridico.editorajuspodivm.com.br\/#\/schema\/person\/ae56313f17950dccef13d0989efd6d50\"},\"headline\":\"Qual o prazo para a propositura de a\u00e7\u00e3o visando a cobran\u00e7a de parcelas de empr\u00e9stimo consignado em folha de pagamento?\",\"datePublished\":\"2021-02-11T17:00:18+00:00\",\"mainEntityOfPage\":{\"@id\":\"https:\/\/meusitejuridico.editorajuspodivm.com.br\/2021\/02\/11\/qual-o-prazo-para-propositura-de-acao-visando-cobranca-de-parcelas-de-emprestimo-consignado-em-folha-de-pagamento\/\"},\"wordCount\":599,\"commentCount\":0,\"publisher\":{\"@id\":\"https:\/\/meusitejuridico.editorajuspodivm.com.br\/#organization\"},\"image\":{\"@id\":\"https:\/\/meusitejuridico.editorajuspodivm.com.br\/2021\/02\/11\/qual-o-prazo-para-propositura-de-acao-visando-cobranca-de-parcelas-de-emprestimo-consignado-em-folha-de-pagamento\/#primaryimage\"},\"thumbnailUrl\":\"https:\/\/cdn.meusitejuridico.com.br\/s.meusitejuridico\/2021\/02\/b1ce0fbd-financial-4560047-640.jpg\",\"keywords\":[\"consignado\",\"Direito Civil\",\"empr\u00e9stimo\",\"Prescri\u00e7\u00e3o\"],\"articleSection\":[\"Artigos\",\"Direito Civil\"],\"inLanguage\":\"pt-BR\",\"potentialAction\":[{\"@type\":\"CommentAction\",\"name\":\"Comment\",\"target\":[\"https:\/\/meusitejuridico.editorajuspodivm.com.br\/2021\/02\/11\/qual-o-prazo-para-propositura-de-acao-visando-cobranca-de-parcelas-de-emprestimo-consignado-em-folha-de-pagamento\/#respond\"]}]},{\"@type\":\"WebPage\",\"@id\":\"https:\/\/meusitejuridico.editorajuspodivm.com.br\/2021\/02\/11\/qual-o-prazo-para-propositura-de-acao-visando-cobranca-de-parcelas-de-emprestimo-consignado-em-folha-de-pagamento\/\",\"url\":\"https:\/\/meusitejuridico.editorajuspodivm.com.br\/2021\/02\/11\/qual-o-prazo-para-propositura-de-acao-visando-cobranca-de-parcelas-de-emprestimo-consignado-em-folha-de-pagamento\/\",\"name\":\"Qual o prazo para a propositura de a\u00e7\u00e3o visando a cobran\u00e7a de parcelas de empr\u00e9stimo consignado em folha de pagamento? - Meu site jur\u00eddico\",\"isPartOf\":{\"@id\":\"https:\/\/meusitejuridico.editorajuspodivm.com.br\/#website\"},\"primaryImageOfPage\":{\"@id\":\"https:\/\/meusitejuridico.editorajuspodivm.com.br\/2021\/02\/11\/qual-o-prazo-para-propositura-de-acao-visando-cobranca-de-parcelas-de-emprestimo-consignado-em-folha-de-pagamento\/#primaryimage\"},\"image\":{\"@id\":\"https:\/\/meusitejuridico.editorajuspodivm.com.br\/2021\/02\/11\/qual-o-prazo-para-propositura-de-acao-visando-cobranca-de-parcelas-de-emprestimo-consignado-em-folha-de-pagamento\/#primaryimage\"},\"thumbnailUrl\":\"https:\/\/cdn.meusitejuridico.com.br\/s.meusitejuridico\/2021\/02\/b1ce0fbd-financial-4560047-640.jpg\",\"datePublished\":\"2021-02-11T17:00:18+00:00\",\"breadcrumb\":{\"@id\":\"https:\/\/meusitejuridico.editorajuspodivm.com.br\/2021\/02\/11\/qual-o-prazo-para-propositura-de-acao-visando-cobranca-de-parcelas-de-emprestimo-consignado-em-folha-de-pagamento\/#breadcrumb\"},\"inLanguage\":\"pt-BR\",\"potentialAction\":[{\"@type\":\"ReadAction\",\"target\":[\"https:\/\/meusitejuridico.editorajuspodivm.com.br\/2021\/02\/11\/qual-o-prazo-para-propositura-de-acao-visando-cobranca-de-parcelas-de-emprestimo-consignado-em-folha-de-pagamento\/\"]}]},{\"@type\":\"ImageObject\",\"inLanguage\":\"pt-BR\",\"@id\":\"https:\/\/meusitejuridico.editorajuspodivm.com.br\/2021\/02\/11\/qual-o-prazo-para-propositura-de-acao-visando-cobranca-de-parcelas-de-emprestimo-consignado-em-folha-de-pagamento\/#primaryimage\",\"url\":\"https:\/\/cdn.meusitejuridico.com.br\/s.meusitejuridico\/2021\/02\/b1ce0fbd-financial-4560047-640.jpg\",\"contentUrl\":\"https:\/\/cdn.meusitejuridico.com.br\/s.meusitejuridico\/2021\/02\/b1ce0fbd-financial-4560047-640.jpg\",\"width\":640,\"height\":412},{\"@type\":\"BreadcrumbList\",\"@id\":\"https:\/\/meusitejuridico.editorajuspodivm.com.br\/2021\/02\/11\/qual-o-prazo-para-propositura-de-acao-visando-cobranca-de-parcelas-de-emprestimo-consignado-em-folha-de-pagamento\/#breadcrumb\",\"itemListElement\":[{\"@type\":\"ListItem\",\"position\":1,\"name\":\"In\u00edcio\",\"item\":\"https:\/\/meusitejuridico.editorajuspodivm.com.br\/\"},{\"@type\":\"ListItem\",\"position\":2,\"name\":\"Qual o prazo para a propositura de a\u00e7\u00e3o visando a cobran\u00e7a de parcelas de empr\u00e9stimo consignado em folha de pagamento?\"}]},{\"@type\":\"WebSite\",\"@id\":\"https:\/\/meusitejuridico.editorajuspodivm.com.br\/#website\",\"url\":\"https:\/\/meusitejuridico.editorajuspodivm.com.br\/\",\"name\":\"Meu site jur\u00eddico\",\"description\":\"Meu site jur\u00eddico\",\"publisher\":{\"@id\":\"https:\/\/meusitejuridico.editorajuspodivm.com.br\/#organization\"},\"potentialAction\":[{\"@type\":\"SearchAction\",\"target\":{\"@type\":\"EntryPoint\",\"urlTemplate\":\"https:\/\/meusitejuridico.editorajuspodivm.com.br\/?s={search_term_string}\"},\"query-input\":{\"@type\":\"PropertyValueSpecification\",\"valueRequired\":true,\"valueName\":\"search_term_string\"}}],\"inLanguage\":\"pt-BR\"},{\"@type\":\"Organization\",\"@id\":\"https:\/\/meusitejuridico.editorajuspodivm.com.br\/#organization\",\"name\":\"Meu site jur\u00eddico\",\"url\":\"https:\/\/meusitejuridico.editorajuspodivm.com.br\/\",\"logo\":{\"@type\":\"ImageObject\",\"inLanguage\":\"pt-BR\",\"@id\":\"https:\/\/meusitejuridico.editorajuspodivm.com.br\/#\/schema\/logo\/image\/\",\"url\":\"https:\/\/cdn.meusitejuridico.com.br\/s.meusitejuridico\/2022\/03\/cropped-baeec2a3-msj-02-01-01.png\",\"contentUrl\":\"https:\/\/cdn.meusitejuridico.com.br\/s.meusitejuridico\/2022\/03\/cropped-baeec2a3-msj-02-01-01.png\",\"width\":349,\"height\":243,\"caption\":\"Meu site jur\u00eddico\"},\"image\":{\"@id\":\"https:\/\/meusitejuridico.editorajuspodivm.com.br\/#\/schema\/logo\/image\/\"}},{\"@type\":\"Person\",\"@id\":\"https:\/\/meusitejuridico.editorajuspodivm.com.br\/#\/schema\/person\/ae56313f17950dccef13d0989efd6d50\",\"name\":\"Rodrigo Leite\",\"image\":{\"@type\":\"ImageObject\",\"inLanguage\":\"pt-BR\",\"@id\":\"https:\/\/meusitejuridico.editorajuspodivm.com.br\/#\/schema\/person\/image\/\",\"url\":\"https:\/\/cdn.meusitejuridico.com.br\/s.meusitejuridico\/2021\/05\/8455192b-foto-site-rodrigo-leite-150x150.jpeg\",\"contentUrl\":\"https:\/\/cdn.meusitejuridico.com.br\/s.meusitejuridico\/2021\/05\/8455192b-foto-site-rodrigo-leite-150x150.jpeg\",\"caption\":\"Rodrigo Leite\"},\"description\":\"Coautor do livro \u201cAn\u00e1lise das Diverg\u00eancias Jurisprudenciais no STF e STJ\u201d, Editora Juspodivm. Autor do livro \u201cTombamento \u2013 Vol. 36 \u2013 Cole\u00e7\u00e3o Leis Especiais para Concursos\u201d, Editora Juspodivm. Autor do livro \u201cDesapropria\u00e7\u00e3o \u2013 Vol. 39 \u2013 Cole\u00e7\u00e3o Especiais para Concursos\u201d, Editora Juspodivm. Coautor do livro \u201cSaberes Jurisprudenciais\u201d, Editora Saraiva. Coorganizador do livro \u201cCPC na Jurisprud\u00eancia\\\", Editora Foco. Especialista em Direito P\u00fablico e Direito Processual Civil. Mestre em Direito Constitucional. Professor da P\u00f3s-gradua\u00e7\u00e3o em Direito Civil da Rede Anhaguera-Kroton. M\u00e1ster Universit\u00e1rio em Direito Constitucional pela Universidad Del Pa\u00eds Vasco, San Sebasti\u00e1n, Espanha. Advogado licenciado. Analista Judici\u00e1rio do TJRN. Assessor de Desembargador do TJRN.\",\"sameAs\":[\"https:\/\/www.editorajuspodivm.com.br\/autores\/detalhe\/85\",\"https:\/\/www.instagram.com\/rodrigocrleite\/\",\"https:\/\/x.com\/rodrigocrleite\"],\"url\":\"https:\/\/cdn.meusitejuridico.com.br\/author\/rodrigoleiterodrigoleite\/\"}]}<\/script>\n<!-- \/ Yoast SEO plugin. -->","yoast_head_json":{"title":"Qual o prazo para a propositura de a\u00e7\u00e3o visando a cobran\u00e7a de parcelas de empr\u00e9stimo consignado em folha de pagamento? - Meu site jur\u00eddico","robots":{"index":"index","follow":"follow","max-snippet":"max-snippet:-1","max-image-preview":"max-image-preview:large","max-video-preview":"max-video-preview:-1"},"canonical":"https:\/\/meusitejuridico.editorajuspodivm.com.br\/2021\/02\/11\/qual-o-prazo-para-propositura-de-acao-visando-cobranca-de-parcelas-de-emprestimo-consignado-em-folha-de-pagamento\/","og_locale":"pt_BR","og_type":"article","og_title":"Qual o prazo para a propositura de a\u00e7\u00e3o visando a cobran\u00e7a de parcelas de empr\u00e9stimo consignado em folha de pagamento? - Meu site jur\u00eddico","og_description":"Ao julgar o REsp 1.742.514\/RJ, Rel. Min. Paulo de Tarso Sanseverino, em 28\/10\/2020, a Terceira Turma do STJ compreendeu que \u201c\u00e9 de cinco anos o prazo prescricional para a propositura de a\u00e7\u00e3o de cobran\u00e7a em raz\u00e3o da falta de pagamento das parcelas com previs\u00e3o de desconto no contracheque do devedor, decorrente da perda da margem [&hellip;]","og_url":"https:\/\/meusitejuridico.editorajuspodivm.com.br\/2021\/02\/11\/qual-o-prazo-para-propositura-de-acao-visando-cobranca-de-parcelas-de-emprestimo-consignado-em-folha-de-pagamento\/","og_site_name":"Meu site jur\u00eddico","article_published_time":"2021-02-11T17:00:18+00:00","og_image":[{"width":640,"height":412,"url":"https:\/\/meusitejuridico.editorajuspodivm.com.br\/s.meusitejuridico\/2021\/02\/b1ce0fbd-financial-4560047-640.jpg","type":"image\/jpeg"}],"author":"Rodrigo Leite","twitter_card":"summary_large_image","twitter_creator":"@rodrigocrleite","twitter_misc":{"Escrito por":"Rodrigo Leite","Est. tempo de leitura":"3 minutos"},"schema":{"@context":"https:\/\/schema.org","@graph":[{"@type":"Article","@id":"https:\/\/meusitejuridico.editorajuspodivm.com.br\/2021\/02\/11\/qual-o-prazo-para-propositura-de-acao-visando-cobranca-de-parcelas-de-emprestimo-consignado-em-folha-de-pagamento\/#article","isPartOf":{"@id":"https:\/\/meusitejuridico.editorajuspodivm.com.br\/2021\/02\/11\/qual-o-prazo-para-propositura-de-acao-visando-cobranca-de-parcelas-de-emprestimo-consignado-em-folha-de-pagamento\/"},"author":{"name":"Rodrigo Leite","@id":"https:\/\/meusitejuridico.editorajuspodivm.com.br\/#\/schema\/person\/ae56313f17950dccef13d0989efd6d50"},"headline":"Qual o prazo para a propositura de a\u00e7\u00e3o visando a cobran\u00e7a de parcelas de empr\u00e9stimo consignado em folha de pagamento?","datePublished":"2021-02-11T17:00:18+00:00","mainEntityOfPage":{"@id":"https:\/\/meusitejuridico.editorajuspodivm.com.br\/2021\/02\/11\/qual-o-prazo-para-propositura-de-acao-visando-cobranca-de-parcelas-de-emprestimo-consignado-em-folha-de-pagamento\/"},"wordCount":599,"commentCount":0,"publisher":{"@id":"https:\/\/meusitejuridico.editorajuspodivm.com.br\/#organization"},"image":{"@id":"https:\/\/meusitejuridico.editorajuspodivm.com.br\/2021\/02\/11\/qual-o-prazo-para-propositura-de-acao-visando-cobranca-de-parcelas-de-emprestimo-consignado-em-folha-de-pagamento\/#primaryimage"},"thumbnailUrl":"https:\/\/cdn.meusitejuridico.com.br\/s.meusitejuridico\/2021\/02\/b1ce0fbd-financial-4560047-640.jpg","keywords":["consignado","Direito Civil","empr\u00e9stimo","Prescri\u00e7\u00e3o"],"articleSection":["Artigos","Direito Civil"],"inLanguage":"pt-BR","potentialAction":[{"@type":"CommentAction","name":"Comment","target":["https:\/\/meusitejuridico.editorajuspodivm.com.br\/2021\/02\/11\/qual-o-prazo-para-propositura-de-acao-visando-cobranca-de-parcelas-de-emprestimo-consignado-em-folha-de-pagamento\/#respond"]}]},{"@type":"WebPage","@id":"https:\/\/meusitejuridico.editorajuspodivm.com.br\/2021\/02\/11\/qual-o-prazo-para-propositura-de-acao-visando-cobranca-de-parcelas-de-emprestimo-consignado-em-folha-de-pagamento\/","url":"https:\/\/meusitejuridico.editorajuspodivm.com.br\/2021\/02\/11\/qual-o-prazo-para-propositura-de-acao-visando-cobranca-de-parcelas-de-emprestimo-consignado-em-folha-de-pagamento\/","name":"Qual o prazo para a propositura de a\u00e7\u00e3o visando a cobran\u00e7a de parcelas de empr\u00e9stimo consignado em folha de pagamento? - Meu site jur\u00eddico","isPartOf":{"@id":"https:\/\/meusitejuridico.editorajuspodivm.com.br\/#website"},"primaryImageOfPage":{"@id":"https:\/\/meusitejuridico.editorajuspodivm.com.br\/2021\/02\/11\/qual-o-prazo-para-propositura-de-acao-visando-cobranca-de-parcelas-de-emprestimo-consignado-em-folha-de-pagamento\/#primaryimage"},"image":{"@id":"https:\/\/meusitejuridico.editorajuspodivm.com.br\/2021\/02\/11\/qual-o-prazo-para-propositura-de-acao-visando-cobranca-de-parcelas-de-emprestimo-consignado-em-folha-de-pagamento\/#primaryimage"},"thumbnailUrl":"https:\/\/cdn.meusitejuridico.com.br\/s.meusitejuridico\/2021\/02\/b1ce0fbd-financial-4560047-640.jpg","datePublished":"2021-02-11T17:00:18+00:00","breadcrumb":{"@id":"https:\/\/meusitejuridico.editorajuspodivm.com.br\/2021\/02\/11\/qual-o-prazo-para-propositura-de-acao-visando-cobranca-de-parcelas-de-emprestimo-consignado-em-folha-de-pagamento\/#breadcrumb"},"inLanguage":"pt-BR","potentialAction":[{"@type":"ReadAction","target":["https:\/\/meusitejuridico.editorajuspodivm.com.br\/2021\/02\/11\/qual-o-prazo-para-propositura-de-acao-visando-cobranca-de-parcelas-de-emprestimo-consignado-em-folha-de-pagamento\/"]}]},{"@type":"ImageObject","inLanguage":"pt-BR","@id":"https:\/\/meusitejuridico.editorajuspodivm.com.br\/2021\/02\/11\/qual-o-prazo-para-propositura-de-acao-visando-cobranca-de-parcelas-de-emprestimo-consignado-em-folha-de-pagamento\/#primaryimage","url":"https:\/\/cdn.meusitejuridico.com.br\/s.meusitejuridico\/2021\/02\/b1ce0fbd-financial-4560047-640.jpg","contentUrl":"https:\/\/cdn.meusitejuridico.com.br\/s.meusitejuridico\/2021\/02\/b1ce0fbd-financial-4560047-640.jpg","width":640,"height":412},{"@type":"BreadcrumbList","@id":"https:\/\/meusitejuridico.editorajuspodivm.com.br\/2021\/02\/11\/qual-o-prazo-para-propositura-de-acao-visando-cobranca-de-parcelas-de-emprestimo-consignado-em-folha-de-pagamento\/#breadcrumb","itemListElement":[{"@type":"ListItem","position":1,"name":"In\u00edcio","item":"https:\/\/meusitejuridico.editorajuspodivm.com.br\/"},{"@type":"ListItem","position":2,"name":"Qual o prazo para a propositura de a\u00e7\u00e3o visando a cobran\u00e7a de parcelas de empr\u00e9stimo consignado em folha de pagamento?"}]},{"@type":"WebSite","@id":"https:\/\/meusitejuridico.editorajuspodivm.com.br\/#website","url":"https:\/\/meusitejuridico.editorajuspodivm.com.br\/","name":"Meu site jur\u00eddico","description":"Meu site jur\u00eddico","publisher":{"@id":"https:\/\/meusitejuridico.editorajuspodivm.com.br\/#organization"},"potentialAction":[{"@type":"SearchAction","target":{"@type":"EntryPoint","urlTemplate":"https:\/\/meusitejuridico.editorajuspodivm.com.br\/?s={search_term_string}"},"query-input":{"@type":"PropertyValueSpecification","valueRequired":true,"valueName":"search_term_string"}}],"inLanguage":"pt-BR"},{"@type":"Organization","@id":"https:\/\/meusitejuridico.editorajuspodivm.com.br\/#organization","name":"Meu site jur\u00eddico","url":"https:\/\/meusitejuridico.editorajuspodivm.com.br\/","logo":{"@type":"ImageObject","inLanguage":"pt-BR","@id":"https:\/\/meusitejuridico.editorajuspodivm.com.br\/#\/schema\/logo\/image\/","url":"https:\/\/cdn.meusitejuridico.com.br\/s.meusitejuridico\/2022\/03\/cropped-baeec2a3-msj-02-01-01.png","contentUrl":"https:\/\/cdn.meusitejuridico.com.br\/s.meusitejuridico\/2022\/03\/cropped-baeec2a3-msj-02-01-01.png","width":349,"height":243,"caption":"Meu site jur\u00eddico"},"image":{"@id":"https:\/\/meusitejuridico.editorajuspodivm.com.br\/#\/schema\/logo\/image\/"}},{"@type":"Person","@id":"https:\/\/meusitejuridico.editorajuspodivm.com.br\/#\/schema\/person\/ae56313f17950dccef13d0989efd6d50","name":"Rodrigo Leite","image":{"@type":"ImageObject","inLanguage":"pt-BR","@id":"https:\/\/meusitejuridico.editorajuspodivm.com.br\/#\/schema\/person\/image\/","url":"https:\/\/cdn.meusitejuridico.com.br\/s.meusitejuridico\/2021\/05\/8455192b-foto-site-rodrigo-leite-150x150.jpeg","contentUrl":"https:\/\/cdn.meusitejuridico.com.br\/s.meusitejuridico\/2021\/05\/8455192b-foto-site-rodrigo-leite-150x150.jpeg","caption":"Rodrigo Leite"},"description":"Coautor do livro \u201cAn\u00e1lise das Diverg\u00eancias Jurisprudenciais no STF e STJ\u201d, Editora Juspodivm. Autor do livro \u201cTombamento \u2013 Vol. 36 \u2013 Cole\u00e7\u00e3o Leis Especiais para Concursos\u201d, Editora Juspodivm. Autor do livro \u201cDesapropria\u00e7\u00e3o \u2013 Vol. 39 \u2013 Cole\u00e7\u00e3o Especiais para Concursos\u201d, Editora Juspodivm. Coautor do livro \u201cSaberes Jurisprudenciais\u201d, Editora Saraiva. Coorganizador do livro \u201cCPC na Jurisprud\u00eancia\", Editora Foco. Especialista em Direito P\u00fablico e Direito Processual Civil. Mestre em Direito Constitucional. Professor da P\u00f3s-gradua\u00e7\u00e3o em Direito Civil da Rede Anhaguera-Kroton. M\u00e1ster Universit\u00e1rio em Direito Constitucional pela Universidad Del Pa\u00eds Vasco, San Sebasti\u00e1n, Espanha. Advogado licenciado. Analista Judici\u00e1rio do TJRN. Assessor de Desembargador do TJRN.","sameAs":["https:\/\/www.editorajuspodivm.com.br\/autores\/detalhe\/85","https:\/\/www.instagram.com\/rodrigocrleite\/","https:\/\/x.com\/rodrigocrleite"],"url":"https:\/\/cdn.meusitejuridico.com.br\/author\/rodrigoleiterodrigoleite\/"}]}},"_links":{"self":[{"href":"https:\/\/cdn.meusitejuridico.com.br\/api\/wp\/v2\/posts\/12834","targetHints":{"allow":["GET"]}}],"collection":[{"href":"https:\/\/cdn.meusitejuridico.com.br\/api\/wp\/v2\/posts"}],"about":[{"href":"https:\/\/cdn.meusitejuridico.com.br\/api\/wp\/v2\/types\/post"}],"author":[{"embeddable":true,"href":"https:\/\/cdn.meusitejuridico.com.br\/api\/wp\/v2\/users\/131"}],"replies":[{"embeddable":true,"href":"https:\/\/cdn.meusitejuridico.com.br\/api\/wp\/v2\/comments?post=12834"}],"version-history":[{"count":2,"href":"https:\/\/cdn.meusitejuridico.com.br\/api\/wp\/v2\/posts\/12834\/revisions"}],"predecessor-version":[{"id":12837,"href":"https:\/\/cdn.meusitejuridico.com.br\/api\/wp\/v2\/posts\/12834\/revisions\/12837"}],"wp:featuredmedia":[{"embeddable":true,"href":"https:\/\/cdn.meusitejuridico.com.br\/api\/wp\/v2\/media\/12835"}],"wp:attachment":[{"href":"https:\/\/cdn.meusitejuridico.com.br\/api\/wp\/v2\/media?parent=12834"}],"wp:term":[{"taxonomy":"category","embeddable":true,"href":"https:\/\/cdn.meusitejuridico.com.br\/api\/wp\/v2\/categories?post=12834"},{"taxonomy":"post_tag","embeddable":true,"href":"https:\/\/cdn.meusitejuridico.com.br\/api\/wp\/v2\/tags?post=12834"}],"curies":[{"name":"wp","href":"https:\/\/api.w.org\/{rel}","templated":true}]}}