{"id":13312,"date":"2021-05-03T15:00:02","date_gmt":"2021-05-03T18:00:02","guid":{"rendered":"https:\/\/meusitejuridico.editorajuspodivm.com.br\/?p=13312"},"modified":"2021-05-03T08:38:44","modified_gmt":"2021-05-03T11:38:44","slug":"os-tribunais-possuem-autonomia-para-fixar-o-horario-de-expediente-forense-e-de-atendimento-ao-publico-externo","status":"publish","type":"post","link":"https:\/\/cdn.meusitejuridico.com.br\/2021\/05\/03\/os-tribunais-possuem-autonomia-para-fixar-o-horario-de-expediente-forense-e-de-atendimento-ao-publico-externo\/","title":{"rendered":"Os tribunais possuem autonomia para fixar o hor\u00e1rio de expediente forense e de atendimento ao p\u00fablico externo?"},"content":{"rendered":"<p>O tema voltou a ser examinado em 16\/04\/2021 pelo Conselho Nacional de Justi\u00e7a no recurso administrativo no procedimento de controle administrativo 0000266-79.2021.2.00.0000, Rel. Conselheira Maria Tereza Uille Gomes, DJ 19\/04\/2021.<\/p>\n<p>No processo mencionado, o Conselho Estadual da Ordem dos Advogados do Brasil \u2013 Seccional Estado do Tocantins (OAB\/TO) se insurgiu contra a Resolu\u00e7\u00e3o 49, de 14\/12\/2020, do Tribunal de Justi\u00e7a do Estado do Tocantins (TJTO), que estabeleceu o per\u00edodo de 12h \u00e0s 18h como hor\u00e1rio de expediente forense e de atendimento ao p\u00fablico externo.<\/p>\n<p>O pedido foi julgado improcedente, pois segundo o CNJ \u201c<strong>a modifica\u00e7\u00e3o do hor\u00e1rio para atendimento p\u00fablico \u00e9 inerente a autonomia dos Tribunais\u201d<\/strong>, assunto regrado pela Resolu\u00e7\u00e3o n. 88 do CNJ, de 20\/04\/2010, posteriormente modificada pelas Resolu\u00e7\u00f5es 130\/2011, 326\/2020 e 340\/2020.<\/p>\n<p>Com efeito, segundo o art. 96, I, \u201ca\u201d, da Constitui\u00e7\u00e3o Federal, aos Tribunais compete, privativamente, elaborar seus regimentos internos, dispondo sobre a compet\u00eancia e o <strong>funcionamento dos respectivos \u00f3rg\u00e3os jurisdicionais e administrativos<\/strong>. O art. 212, \u00a7 3\u00ba, do CPC, nessa diretriz, assinala que \u201cquando o ato tiver de ser praticado por meio de peti\u00e7\u00e3o em autos n\u00e3o eletr\u00f4nicos, essa dever\u00e1 ser protocolada no hor\u00e1rio de funcionamento do f\u00f3rum ou tribunal, <strong>conforme o disposto na lei de organiza\u00e7\u00e3o judici\u00e1ria local<\/strong>.\u201d<\/p>\n<p>O art. 96 da Constitui\u00e7\u00e3o consagra a <strong>autonomia org\u00e2nico-administrativa<\/strong> dos Tribunais que compreende a independ\u00eancia na estrutura\u00e7\u00e3o e funcionamento de seus \u00f3rg\u00e3os (SILVA, Jos\u00e9 Afonso da. <strong>Coment\u00e1rio contextual \u00e0 Constitui\u00e7\u00e3o<\/strong>. S\u00e3o Paulo: Malheiros, 2012, p. 524). A organiza\u00e7\u00e3o do funcionamento das unidades jurisdicionais dos tribunais situa-se, segundo posi\u00e7\u00e3o do STF, dentro dos limites da sua autogest\u00e3o \u2013 nesse sentido: <strong>ADI 5.240\/SP<\/strong>, Rel. Min. Luiz Fux, Plen\u00e1rio, julgado em 20\/08\/2015, DJe 01\/02\/2016.<\/p>\n<p>Para a doutrina, a efetiva independ\u00eancia judicial depende de certas garantias de autonomia organizacional, administrativa e financeira dos Tribunais. Pode-se dizer que elas representam <strong>garantias institucionais<\/strong> da independ\u00eancia judicial e, dessa forma, <strong>garantias fundamentais da presta\u00e7\u00e3o jurisdicional<\/strong> adequada e da tutela judicial. Essa autonomia organizacional e administrativa \u00e9 garantida por meio de uma s\u00e9rie de compet\u00eancias privativas conferidas aos \u00f3rg\u00e3os judiciais e discriminadas no art. 96 da CF\/1988 \u2013 ver CANOTILHO, J. J. Gomes; MENDES, Gilmar; SARLET, Ingo Wolfgang; STRECK, Lenio Luiz. <strong>Coment\u00e1rios \u00e0 Constitui\u00e7\u00e3o do Brasil<\/strong>. S\u00e3o Paulo: Saraiva, 2018, p. 1432.<\/p>\n<p>De fato, insere-se dentro do espectro de compet\u00eancias do Poder Judici\u00e1rio delimitar seu hor\u00e1rio e modo de funcionamento, desde que, a meu ver, n\u00e3o implique restri\u00e7\u00e3o substancial de atendimento ao p\u00fablico e aos profissionais do Direito (poderia-se fixar, por exemplo, expediente externo de seis horas corridas, no m\u00ednimo).<\/p>\n<p>De acordo com o Plen\u00e1rio do STF, nada impede que a mat\u00e9ria seja regulada pelo Tribunal, no exerc\u00edcio da <strong>autonomia administrativa<\/strong> que a Constitui\u00e7\u00e3o garante ao Judici\u00e1rio \u2013 ver nesse sentido, <strong>ADI 2907\/AM<\/strong>, Rel. Min. Ricardo Lewandowski, julgado em 04\/06\/2008, DJe 29\/08\/2008. Para o STF, insere-se na faculdade de autogoverno dos tribunais, <strong>desde que a decis\u00e3o seja colegiada<\/strong>: a disciplina do hor\u00e1rio de trabalho dos ju\u00edzes e servidores, bem como o hor\u00e1rio de trabalho, inclusive, dos juizados e demais reparti\u00e7\u00f5es judiciais. <strong>A disciplina desse tema n\u00e3o pode ser realizada, contudo, por meio de ato monocr\u00e1tico, exigindo-se decis\u00e3o colegiada do Tribunal respectivo<\/strong>.<\/p>\n<p>Mais recentemente, na <strong>ADI <\/strong><strong>4.484\/DF<\/strong>, Rel. Min. Gilmar Mendes, julgada em 16\/09\/2020, DJe 02\/10\/2020, o STF entendeu que a fixa\u00e7\u00e3o de expediente forense \u00e9 <strong>mat\u00e9ria de autogoverno dos tribunais<\/strong> e n\u00e3o pode ser disciplinada por meio de dispositivo de Constitui\u00e7\u00e3o Estadual, sob pena de violar a autonomia administrativa dos tribunais.<\/p>\n<p>O tema \u00e9 t\u00e3o peculiar \u00e0 <strong>autonomia de cada Tribunal<\/strong> que o Supremo Tribunal Federal suspendeu liminarmente Resolu\u00e7\u00e3o do Conselho Nacional de Justi\u00e7a (CNJ) \u2013 no caso, a Resolu\u00e7\u00e3o 130, de 28\/04\/2011 (posteriormente revogada pela Resolu\u00e7\u00e3o n. 340, de 08\/09\/\/2020) que previa que o expediente dos \u00f3rg\u00e3os jurisdicionais para atendimento ao p\u00fablico deveria \u201cser de segunda a sexta-feira, das 9h \u00e0s 18h, no m\u00ednimo\u201d e <strong>pretendia regulamentar e uniformizar o hor\u00e1rio de funcionamento dos tribunais de todo o pa\u00eds <\/strong>\u2013 ver decis\u00e3o do Min. Luiz Fux na <strong>ADI 4.598 MC\/DF<\/strong>, em 27\/06\/2013.<\/p>\n<p>Nessa a\u00e7\u00e3o, foi convocada audi\u00eancia p\u00fablica em 02\/10\/2019 para discutir o hor\u00e1rio de atendimento ao p\u00fablico dos tribunais brasileiros. Em mar\u00e7o de 2020, o relator consultou o Conselho Nacional de Justi\u00e7a (CNJ) sobre a possibilidade de revogar ou editar nova resolu\u00e7\u00e3o sobre o expediente dos tribunais para atendimento ao p\u00fablico. Em <strong>08 de setembro de 2020<\/strong>, a Resolu\u00e7\u00e3o questionada foi revogada pelo CNJ. Passou-se a prever, com a Resolu\u00e7\u00e3o 340\/2020, que o expediente dos \u00f3rg\u00e3os jurisdicionais para atendimento ao p\u00fablico ser\u00e1 fixado <strong>por cada tribunal<\/strong>, devendo ocorrer de <strong>segunda a sexta\u2013feira<\/strong>, inclusive, <strong>atendidas as peculiaridades locais<\/strong> e ouvidas as fun\u00e7\u00f5es essenciais \u00e0 administra\u00e7\u00e3o da justi\u00e7a, sem preju\u00edzo da manuten\u00e7\u00e3o de plant\u00e3o judici\u00e1rio, presencial ou virtual.<\/p>\n<p>***<\/p>\n<p><b><strong>Telegram<\/strong><\/b>:<strong>\u00a0<\/strong><a href=\"https:\/\/t.me\/pilulasjuridicasSTFSTJ\" target=\"_blank\" rel=\"noopener noreferrer\" data-auth=\"NotApplicable\"><strong>https:\/\/t.me\/pilulasjuridicasSTFSTJ<\/strong><\/a><strong>\u00a0| Instagram: @rodrigocrleite<\/strong><\/p>\n<div class=\"clearfix\"><\/div>\n","protected":false},"excerpt":{"rendered":"<p>O tema voltou a ser examinado em 16\/04\/2021 pelo Conselho Nacional de Justi\u00e7a no recurso administrativo no procedimento de controle administrativo 0000266-79.2021.2.00.0000, Rel. Conselheira Maria Tereza Uille Gomes, DJ 19\/04\/2021. No processo mencionado, o Conselho Estadual da Ordem dos Advogados do Brasil \u2013 Seccional Estado do Tocantins (OAB\/TO) se insurgiu contra a Resolu\u00e7\u00e3o 49, de [&hellip;]<\/p>\n","protected":false},"author":131,"featured_media":6441,"comment_status":"open","ping_status":"open","sticky":false,"template":"","format":"standard","meta":{"_acf_changed":false,"footnotes":""},"categories":[1],"tags":[],"class_list":["post-13312","post","type-post","status-publish","format-standard","has-post-thumbnail","hentry","category-artigos"],"acf":[],"yoast_head":"<!-- This site is optimized with the Yoast SEO plugin v24.8.1 - https:\/\/yoast.com\/wordpress\/plugins\/seo\/ -->\n<title>Os tribunais possuem autonomia para fixar o hor\u00e1rio de expediente forense e de atendimento ao p\u00fablico externo? - Meu site jur\u00eddico<\/title>\n<meta name=\"robots\" content=\"index, follow, max-snippet:-1, max-image-preview:large, max-video-preview:-1\" \/>\n<link rel=\"canonical\" href=\"https:\/\/meusitejuridico.editorajuspodivm.com.br\/2021\/05\/03\/os-tribunais-possuem-autonomia-para-fixar-o-horario-de-expediente-forense-e-de-atendimento-ao-publico-externo\/\" \/>\n<meta property=\"og:locale\" content=\"pt_BR\" \/>\n<meta property=\"og:type\" content=\"article\" \/>\n<meta property=\"og:title\" content=\"Os tribunais possuem autonomia para fixar o hor\u00e1rio de expediente forense e de atendimento ao p\u00fablico externo? - Meu site jur\u00eddico\" \/>\n<meta property=\"og:description\" content=\"O tema voltou a ser examinado em 16\/04\/2021 pelo Conselho Nacional de Justi\u00e7a no recurso administrativo no procedimento de controle administrativo 0000266-79.2021.2.00.0000, Rel. Conselheira Maria Tereza Uille Gomes, DJ 19\/04\/2021. No processo mencionado, o Conselho Estadual da Ordem dos Advogados do Brasil \u2013 Seccional Estado do Tocantins (OAB\/TO) se insurgiu contra a Resolu\u00e7\u00e3o 49, de [&hellip;]\" \/>\n<meta property=\"og:url\" content=\"https:\/\/meusitejuridico.editorajuspodivm.com.br\/2021\/05\/03\/os-tribunais-possuem-autonomia-para-fixar-o-horario-de-expediente-forense-e-de-atendimento-ao-publico-externo\/\" \/>\n<meta property=\"og:site_name\" content=\"Meu site jur\u00eddico\" \/>\n<meta property=\"article:published_time\" content=\"2021-05-03T18:00:02+00:00\" \/>\n<meta property=\"og:image\" content=\"https:\/\/meusitejuridico.editorajuspodivm.com.br\/s.meusitejuridico\/2018\/09\/a11a9aa6-shutterstock-238855036.jpg\" \/>\n\t<meta property=\"og:image:width\" content=\"1000\" \/>\n\t<meta property=\"og:image:height\" content=\"667\" \/>\n\t<meta property=\"og:image:type\" content=\"image\/jpeg\" \/>\n<meta name=\"author\" content=\"Rodrigo Leite\" \/>\n<meta name=\"twitter:card\" content=\"summary_large_image\" \/>\n<meta name=\"twitter:creator\" content=\"@rodrigocrleite\" \/>\n<meta name=\"twitter:label1\" content=\"Escrito por\" \/>\n\t<meta name=\"twitter:data1\" content=\"Rodrigo Leite\" \/>\n\t<meta name=\"twitter:label2\" content=\"Est. tempo de leitura\" \/>\n\t<meta name=\"twitter:data2\" content=\"4 minutos\" \/>\n<script type=\"application\/ld+json\" class=\"yoast-schema-graph\">{\"@context\":\"https:\/\/schema.org\",\"@graph\":[{\"@type\":\"Article\",\"@id\":\"https:\/\/meusitejuridico.editorajuspodivm.com.br\/2021\/05\/03\/os-tribunais-possuem-autonomia-para-fixar-o-horario-de-expediente-forense-e-de-atendimento-ao-publico-externo\/#article\",\"isPartOf\":{\"@id\":\"https:\/\/meusitejuridico.editorajuspodivm.com.br\/2021\/05\/03\/os-tribunais-possuem-autonomia-para-fixar-o-horario-de-expediente-forense-e-de-atendimento-ao-publico-externo\/\"},\"author\":{\"name\":\"Rodrigo Leite\",\"@id\":\"https:\/\/cdn.meusitejuridico.com.br\/#\/schema\/person\/ae56313f17950dccef13d0989efd6d50\"},\"headline\":\"Os tribunais possuem autonomia para fixar o hor\u00e1rio de expediente forense e de atendimento ao p\u00fablico externo?\",\"datePublished\":\"2021-05-03T18:00:02+00:00\",\"mainEntityOfPage\":{\"@id\":\"https:\/\/meusitejuridico.editorajuspodivm.com.br\/2021\/05\/03\/os-tribunais-possuem-autonomia-para-fixar-o-horario-de-expediente-forense-e-de-atendimento-ao-publico-externo\/\"},\"wordCount\":849,\"commentCount\":0,\"publisher\":{\"@id\":\"https:\/\/cdn.meusitejuridico.com.br\/#organization\"},\"image\":{\"@id\":\"https:\/\/meusitejuridico.editorajuspodivm.com.br\/2021\/05\/03\/os-tribunais-possuem-autonomia-para-fixar-o-horario-de-expediente-forense-e-de-atendimento-ao-publico-externo\/#primaryimage\"},\"thumbnailUrl\":\"https:\/\/cdn.meusitejuridico.com.br\/s.meusitejuridico\/2018\/09\/a11a9aa6-shutterstock-238855036.jpg\",\"articleSection\":[\"Artigos\"],\"inLanguage\":\"pt-BR\",\"potentialAction\":[{\"@type\":\"CommentAction\",\"name\":\"Comment\",\"target\":[\"https:\/\/meusitejuridico.editorajuspodivm.com.br\/2021\/05\/03\/os-tribunais-possuem-autonomia-para-fixar-o-horario-de-expediente-forense-e-de-atendimento-ao-publico-externo\/#respond\"]}]},{\"@type\":\"WebPage\",\"@id\":\"https:\/\/meusitejuridico.editorajuspodivm.com.br\/2021\/05\/03\/os-tribunais-possuem-autonomia-para-fixar-o-horario-de-expediente-forense-e-de-atendimento-ao-publico-externo\/\",\"url\":\"https:\/\/meusitejuridico.editorajuspodivm.com.br\/2021\/05\/03\/os-tribunais-possuem-autonomia-para-fixar-o-horario-de-expediente-forense-e-de-atendimento-ao-publico-externo\/\",\"name\":\"Os tribunais possuem autonomia para fixar o hor\u00e1rio de expediente forense e de atendimento ao p\u00fablico externo? - Meu site jur\u00eddico\",\"isPartOf\":{\"@id\":\"https:\/\/cdn.meusitejuridico.com.br\/#website\"},\"primaryImageOfPage\":{\"@id\":\"https:\/\/meusitejuridico.editorajuspodivm.com.br\/2021\/05\/03\/os-tribunais-possuem-autonomia-para-fixar-o-horario-de-expediente-forense-e-de-atendimento-ao-publico-externo\/#primaryimage\"},\"image\":{\"@id\":\"https:\/\/meusitejuridico.editorajuspodivm.com.br\/2021\/05\/03\/os-tribunais-possuem-autonomia-para-fixar-o-horario-de-expediente-forense-e-de-atendimento-ao-publico-externo\/#primaryimage\"},\"thumbnailUrl\":\"https:\/\/cdn.meusitejuridico.com.br\/s.meusitejuridico\/2018\/09\/a11a9aa6-shutterstock-238855036.jpg\",\"datePublished\":\"2021-05-03T18:00:02+00:00\",\"breadcrumb\":{\"@id\":\"https:\/\/meusitejuridico.editorajuspodivm.com.br\/2021\/05\/03\/os-tribunais-possuem-autonomia-para-fixar-o-horario-de-expediente-forense-e-de-atendimento-ao-publico-externo\/#breadcrumb\"},\"inLanguage\":\"pt-BR\",\"potentialAction\":[{\"@type\":\"ReadAction\",\"target\":[\"https:\/\/meusitejuridico.editorajuspodivm.com.br\/2021\/05\/03\/os-tribunais-possuem-autonomia-para-fixar-o-horario-de-expediente-forense-e-de-atendimento-ao-publico-externo\/\"]}]},{\"@type\":\"ImageObject\",\"inLanguage\":\"pt-BR\",\"@id\":\"https:\/\/meusitejuridico.editorajuspodivm.com.br\/2021\/05\/03\/os-tribunais-possuem-autonomia-para-fixar-o-horario-de-expediente-forense-e-de-atendimento-ao-publico-externo\/#primaryimage\",\"url\":\"https:\/\/cdn.meusitejuridico.com.br\/s.meusitejuridico\/2018\/09\/a11a9aa6-shutterstock-238855036.jpg\",\"contentUrl\":\"https:\/\/cdn.meusitejuridico.com.br\/s.meusitejuridico\/2018\/09\/a11a9aa6-shutterstock-238855036.jpg\",\"width\":1000,\"height\":667},{\"@type\":\"BreadcrumbList\",\"@id\":\"https:\/\/meusitejuridico.editorajuspodivm.com.br\/2021\/05\/03\/os-tribunais-possuem-autonomia-para-fixar-o-horario-de-expediente-forense-e-de-atendimento-ao-publico-externo\/#breadcrumb\",\"itemListElement\":[{\"@type\":\"ListItem\",\"position\":1,\"name\":\"In\u00edcio\",\"item\":\"https:\/\/cdn.meusitejuridico.com.br\/\"},{\"@type\":\"ListItem\",\"position\":2,\"name\":\"Os tribunais possuem autonomia para fixar o hor\u00e1rio de expediente forense e de atendimento ao p\u00fablico externo?\"}]},{\"@type\":\"WebSite\",\"@id\":\"https:\/\/cdn.meusitejuridico.com.br\/#website\",\"url\":\"https:\/\/cdn.meusitejuridico.com.br\/\",\"name\":\"Meu site jur\u00eddico\",\"description\":\"Meu site jur\u00eddico\",\"publisher\":{\"@id\":\"https:\/\/cdn.meusitejuridico.com.br\/#organization\"},\"potentialAction\":[{\"@type\":\"SearchAction\",\"target\":{\"@type\":\"EntryPoint\",\"urlTemplate\":\"https:\/\/cdn.meusitejuridico.com.br\/?s={search_term_string}\"},\"query-input\":{\"@type\":\"PropertyValueSpecification\",\"valueRequired\":true,\"valueName\":\"search_term_string\"}}],\"inLanguage\":\"pt-BR\"},{\"@type\":\"Organization\",\"@id\":\"https:\/\/cdn.meusitejuridico.com.br\/#organization\",\"name\":\"Meu site jur\u00eddico\",\"url\":\"https:\/\/cdn.meusitejuridico.com.br\/\",\"logo\":{\"@type\":\"ImageObject\",\"inLanguage\":\"pt-BR\",\"@id\":\"https:\/\/cdn.meusitejuridico.com.br\/#\/schema\/logo\/image\/\",\"url\":\"https:\/\/cdn.meusitejuridico.com.br\/s.meusitejuridico\/2022\/03\/cropped-baeec2a3-msj-02-01-01.png\",\"contentUrl\":\"https:\/\/cdn.meusitejuridico.com.br\/s.meusitejuridico\/2022\/03\/cropped-baeec2a3-msj-02-01-01.png\",\"width\":349,\"height\":243,\"caption\":\"Meu site jur\u00eddico\"},\"image\":{\"@id\":\"https:\/\/cdn.meusitejuridico.com.br\/#\/schema\/logo\/image\/\"}},{\"@type\":\"Person\",\"@id\":\"https:\/\/cdn.meusitejuridico.com.br\/#\/schema\/person\/ae56313f17950dccef13d0989efd6d50\",\"name\":\"Rodrigo Leite\",\"image\":{\"@type\":\"ImageObject\",\"inLanguage\":\"pt-BR\",\"@id\":\"https:\/\/cdn.meusitejuridico.com.br\/#\/schema\/person\/image\/\",\"url\":\"https:\/\/cdn.meusitejuridico.com.br\/s.meusitejuridico\/2021\/05\/8455192b-foto-site-rodrigo-leite-150x150.jpeg\",\"contentUrl\":\"https:\/\/cdn.meusitejuridico.com.br\/s.meusitejuridico\/2021\/05\/8455192b-foto-site-rodrigo-leite-150x150.jpeg\",\"caption\":\"Rodrigo Leite\"},\"description\":\"Coautor do livro \u201cAn\u00e1lise das Diverg\u00eancias Jurisprudenciais no STF e STJ\u201d, Editora Juspodivm. Autor do livro \u201cTombamento \u2013 Vol. 36 \u2013 Cole\u00e7\u00e3o Leis Especiais para Concursos\u201d, Editora Juspodivm. Autor do livro \u201cDesapropria\u00e7\u00e3o \u2013 Vol. 39 \u2013 Cole\u00e7\u00e3o Especiais para Concursos\u201d, Editora Juspodivm. Coautor do livro \u201cSaberes Jurisprudenciais\u201d, Editora Saraiva. Coorganizador do livro \u201cCPC na Jurisprud\u00eancia\\\", Editora Foco. Especialista em Direito P\u00fablico e Direito Processual Civil. Mestre em Direito Constitucional. Professor da P\u00f3s-gradua\u00e7\u00e3o em Direito Civil da Rede Anhaguera-Kroton. M\u00e1ster Universit\u00e1rio em Direito Constitucional pela Universidad Del Pa\u00eds Vasco, San Sebasti\u00e1n, Espanha. Advogado licenciado. Analista Judici\u00e1rio do TJRN. Assessor de Desembargador do TJRN.\",\"sameAs\":[\"https:\/\/www.editorajuspodivm.com.br\/autores\/detalhe\/85\",\"https:\/\/www.instagram.com\/rodrigocrleite\/\",\"https:\/\/x.com\/rodrigocrleite\"],\"url\":\"https:\/\/cdn.meusitejuridico.com.br\/author\/rodrigoleiterodrigoleite\/\"}]}<\/script>\n<!-- \/ Yoast SEO plugin. -->","yoast_head_json":{"title":"Os tribunais possuem autonomia para fixar o hor\u00e1rio de expediente forense e de atendimento ao p\u00fablico externo? - Meu site jur\u00eddico","robots":{"index":"index","follow":"follow","max-snippet":"max-snippet:-1","max-image-preview":"max-image-preview:large","max-video-preview":"max-video-preview:-1"},"canonical":"https:\/\/meusitejuridico.editorajuspodivm.com.br\/2021\/05\/03\/os-tribunais-possuem-autonomia-para-fixar-o-horario-de-expediente-forense-e-de-atendimento-ao-publico-externo\/","og_locale":"pt_BR","og_type":"article","og_title":"Os tribunais possuem autonomia para fixar o hor\u00e1rio de expediente forense e de atendimento ao p\u00fablico externo? - Meu site jur\u00eddico","og_description":"O tema voltou a ser examinado em 16\/04\/2021 pelo Conselho Nacional de Justi\u00e7a no recurso administrativo no procedimento de controle administrativo 0000266-79.2021.2.00.0000, Rel. Conselheira Maria Tereza Uille Gomes, DJ 19\/04\/2021. No processo mencionado, o Conselho Estadual da Ordem dos Advogados do Brasil \u2013 Seccional Estado do Tocantins (OAB\/TO) se insurgiu contra a Resolu\u00e7\u00e3o 49, de [&hellip;]","og_url":"https:\/\/meusitejuridico.editorajuspodivm.com.br\/2021\/05\/03\/os-tribunais-possuem-autonomia-para-fixar-o-horario-de-expediente-forense-e-de-atendimento-ao-publico-externo\/","og_site_name":"Meu site jur\u00eddico","article_published_time":"2021-05-03T18:00:02+00:00","og_image":[{"width":1000,"height":667,"url":"https:\/\/meusitejuridico.editorajuspodivm.com.br\/s.meusitejuridico\/2018\/09\/a11a9aa6-shutterstock-238855036.jpg","type":"image\/jpeg"}],"author":"Rodrigo Leite","twitter_card":"summary_large_image","twitter_creator":"@rodrigocrleite","twitter_misc":{"Escrito por":"Rodrigo Leite","Est. tempo de leitura":"4 minutos"},"schema":{"@context":"https:\/\/schema.org","@graph":[{"@type":"Article","@id":"https:\/\/meusitejuridico.editorajuspodivm.com.br\/2021\/05\/03\/os-tribunais-possuem-autonomia-para-fixar-o-horario-de-expediente-forense-e-de-atendimento-ao-publico-externo\/#article","isPartOf":{"@id":"https:\/\/meusitejuridico.editorajuspodivm.com.br\/2021\/05\/03\/os-tribunais-possuem-autonomia-para-fixar-o-horario-de-expediente-forense-e-de-atendimento-ao-publico-externo\/"},"author":{"name":"Rodrigo Leite","@id":"https:\/\/cdn.meusitejuridico.com.br\/#\/schema\/person\/ae56313f17950dccef13d0989efd6d50"},"headline":"Os tribunais possuem autonomia para fixar o hor\u00e1rio de expediente forense e de atendimento ao p\u00fablico externo?","datePublished":"2021-05-03T18:00:02+00:00","mainEntityOfPage":{"@id":"https:\/\/meusitejuridico.editorajuspodivm.com.br\/2021\/05\/03\/os-tribunais-possuem-autonomia-para-fixar-o-horario-de-expediente-forense-e-de-atendimento-ao-publico-externo\/"},"wordCount":849,"commentCount":0,"publisher":{"@id":"https:\/\/cdn.meusitejuridico.com.br\/#organization"},"image":{"@id":"https:\/\/meusitejuridico.editorajuspodivm.com.br\/2021\/05\/03\/os-tribunais-possuem-autonomia-para-fixar-o-horario-de-expediente-forense-e-de-atendimento-ao-publico-externo\/#primaryimage"},"thumbnailUrl":"https:\/\/cdn.meusitejuridico.com.br\/s.meusitejuridico\/2018\/09\/a11a9aa6-shutterstock-238855036.jpg","articleSection":["Artigos"],"inLanguage":"pt-BR","potentialAction":[{"@type":"CommentAction","name":"Comment","target":["https:\/\/meusitejuridico.editorajuspodivm.com.br\/2021\/05\/03\/os-tribunais-possuem-autonomia-para-fixar-o-horario-de-expediente-forense-e-de-atendimento-ao-publico-externo\/#respond"]}]},{"@type":"WebPage","@id":"https:\/\/meusitejuridico.editorajuspodivm.com.br\/2021\/05\/03\/os-tribunais-possuem-autonomia-para-fixar-o-horario-de-expediente-forense-e-de-atendimento-ao-publico-externo\/","url":"https:\/\/meusitejuridico.editorajuspodivm.com.br\/2021\/05\/03\/os-tribunais-possuem-autonomia-para-fixar-o-horario-de-expediente-forense-e-de-atendimento-ao-publico-externo\/","name":"Os tribunais possuem autonomia para fixar o hor\u00e1rio de expediente forense e de atendimento ao p\u00fablico externo? - Meu site jur\u00eddico","isPartOf":{"@id":"https:\/\/cdn.meusitejuridico.com.br\/#website"},"primaryImageOfPage":{"@id":"https:\/\/meusitejuridico.editorajuspodivm.com.br\/2021\/05\/03\/os-tribunais-possuem-autonomia-para-fixar-o-horario-de-expediente-forense-e-de-atendimento-ao-publico-externo\/#primaryimage"},"image":{"@id":"https:\/\/meusitejuridico.editorajuspodivm.com.br\/2021\/05\/03\/os-tribunais-possuem-autonomia-para-fixar-o-horario-de-expediente-forense-e-de-atendimento-ao-publico-externo\/#primaryimage"},"thumbnailUrl":"https:\/\/cdn.meusitejuridico.com.br\/s.meusitejuridico\/2018\/09\/a11a9aa6-shutterstock-238855036.jpg","datePublished":"2021-05-03T18:00:02+00:00","breadcrumb":{"@id":"https:\/\/meusitejuridico.editorajuspodivm.com.br\/2021\/05\/03\/os-tribunais-possuem-autonomia-para-fixar-o-horario-de-expediente-forense-e-de-atendimento-ao-publico-externo\/#breadcrumb"},"inLanguage":"pt-BR","potentialAction":[{"@type":"ReadAction","target":["https:\/\/meusitejuridico.editorajuspodivm.com.br\/2021\/05\/03\/os-tribunais-possuem-autonomia-para-fixar-o-horario-de-expediente-forense-e-de-atendimento-ao-publico-externo\/"]}]},{"@type":"ImageObject","inLanguage":"pt-BR","@id":"https:\/\/meusitejuridico.editorajuspodivm.com.br\/2021\/05\/03\/os-tribunais-possuem-autonomia-para-fixar-o-horario-de-expediente-forense-e-de-atendimento-ao-publico-externo\/#primaryimage","url":"https:\/\/cdn.meusitejuridico.com.br\/s.meusitejuridico\/2018\/09\/a11a9aa6-shutterstock-238855036.jpg","contentUrl":"https:\/\/cdn.meusitejuridico.com.br\/s.meusitejuridico\/2018\/09\/a11a9aa6-shutterstock-238855036.jpg","width":1000,"height":667},{"@type":"BreadcrumbList","@id":"https:\/\/meusitejuridico.editorajuspodivm.com.br\/2021\/05\/03\/os-tribunais-possuem-autonomia-para-fixar-o-horario-de-expediente-forense-e-de-atendimento-ao-publico-externo\/#breadcrumb","itemListElement":[{"@type":"ListItem","position":1,"name":"In\u00edcio","item":"https:\/\/cdn.meusitejuridico.com.br\/"},{"@type":"ListItem","position":2,"name":"Os tribunais possuem autonomia para fixar o hor\u00e1rio de expediente forense e de atendimento ao p\u00fablico externo?"}]},{"@type":"WebSite","@id":"https:\/\/cdn.meusitejuridico.com.br\/#website","url":"https:\/\/cdn.meusitejuridico.com.br\/","name":"Meu site jur\u00eddico","description":"Meu site jur\u00eddico","publisher":{"@id":"https:\/\/cdn.meusitejuridico.com.br\/#organization"},"potentialAction":[{"@type":"SearchAction","target":{"@type":"EntryPoint","urlTemplate":"https:\/\/cdn.meusitejuridico.com.br\/?s={search_term_string}"},"query-input":{"@type":"PropertyValueSpecification","valueRequired":true,"valueName":"search_term_string"}}],"inLanguage":"pt-BR"},{"@type":"Organization","@id":"https:\/\/cdn.meusitejuridico.com.br\/#organization","name":"Meu site jur\u00eddico","url":"https:\/\/cdn.meusitejuridico.com.br\/","logo":{"@type":"ImageObject","inLanguage":"pt-BR","@id":"https:\/\/cdn.meusitejuridico.com.br\/#\/schema\/logo\/image\/","url":"https:\/\/cdn.meusitejuridico.com.br\/s.meusitejuridico\/2022\/03\/cropped-baeec2a3-msj-02-01-01.png","contentUrl":"https:\/\/cdn.meusitejuridico.com.br\/s.meusitejuridico\/2022\/03\/cropped-baeec2a3-msj-02-01-01.png","width":349,"height":243,"caption":"Meu site jur\u00eddico"},"image":{"@id":"https:\/\/cdn.meusitejuridico.com.br\/#\/schema\/logo\/image\/"}},{"@type":"Person","@id":"https:\/\/cdn.meusitejuridico.com.br\/#\/schema\/person\/ae56313f17950dccef13d0989efd6d50","name":"Rodrigo Leite","image":{"@type":"ImageObject","inLanguage":"pt-BR","@id":"https:\/\/cdn.meusitejuridico.com.br\/#\/schema\/person\/image\/","url":"https:\/\/cdn.meusitejuridico.com.br\/s.meusitejuridico\/2021\/05\/8455192b-foto-site-rodrigo-leite-150x150.jpeg","contentUrl":"https:\/\/cdn.meusitejuridico.com.br\/s.meusitejuridico\/2021\/05\/8455192b-foto-site-rodrigo-leite-150x150.jpeg","caption":"Rodrigo Leite"},"description":"Coautor do livro \u201cAn\u00e1lise das Diverg\u00eancias Jurisprudenciais no STF e STJ\u201d, Editora Juspodivm. Autor do livro \u201cTombamento \u2013 Vol. 36 \u2013 Cole\u00e7\u00e3o Leis Especiais para Concursos\u201d, Editora Juspodivm. Autor do livro \u201cDesapropria\u00e7\u00e3o \u2013 Vol. 39 \u2013 Cole\u00e7\u00e3o Especiais para Concursos\u201d, Editora Juspodivm. Coautor do livro \u201cSaberes Jurisprudenciais\u201d, Editora Saraiva. Coorganizador do livro \u201cCPC na Jurisprud\u00eancia\", Editora Foco. Especialista em Direito P\u00fablico e Direito Processual Civil. Mestre em Direito Constitucional. Professor da P\u00f3s-gradua\u00e7\u00e3o em Direito Civil da Rede Anhaguera-Kroton. M\u00e1ster Universit\u00e1rio em Direito Constitucional pela Universidad Del Pa\u00eds Vasco, San Sebasti\u00e1n, Espanha. Advogado licenciado. Analista Judici\u00e1rio do TJRN. Assessor de Desembargador do TJRN.","sameAs":["https:\/\/www.editorajuspodivm.com.br\/autores\/detalhe\/85","https:\/\/www.instagram.com\/rodrigocrleite\/","https:\/\/x.com\/rodrigocrleite"],"url":"https:\/\/cdn.meusitejuridico.com.br\/author\/rodrigoleiterodrigoleite\/"}]}},"_links":{"self":[{"href":"https:\/\/cdn.meusitejuridico.com.br\/api\/wp\/v2\/posts\/13312","targetHints":{"allow":["GET"]}}],"collection":[{"href":"https:\/\/cdn.meusitejuridico.com.br\/api\/wp\/v2\/posts"}],"about":[{"href":"https:\/\/cdn.meusitejuridico.com.br\/api\/wp\/v2\/types\/post"}],"author":[{"embeddable":true,"href":"https:\/\/cdn.meusitejuridico.com.br\/api\/wp\/v2\/users\/131"}],"replies":[{"embeddable":true,"href":"https:\/\/cdn.meusitejuridico.com.br\/api\/wp\/v2\/comments?post=13312"}],"version-history":[{"count":1,"href":"https:\/\/cdn.meusitejuridico.com.br\/api\/wp\/v2\/posts\/13312\/revisions"}],"predecessor-version":[{"id":13313,"href":"https:\/\/cdn.meusitejuridico.com.br\/api\/wp\/v2\/posts\/13312\/revisions\/13313"}],"wp:featuredmedia":[{"embeddable":true,"href":"https:\/\/cdn.meusitejuridico.com.br\/api\/wp\/v2\/media\/6441"}],"wp:attachment":[{"href":"https:\/\/cdn.meusitejuridico.com.br\/api\/wp\/v2\/media?parent=13312"}],"wp:term":[{"taxonomy":"category","embeddable":true,"href":"https:\/\/cdn.meusitejuridico.com.br\/api\/wp\/v2\/categories?post=13312"},{"taxonomy":"post_tag","embeddable":true,"href":"https:\/\/cdn.meusitejuridico.com.br\/api\/wp\/v2\/tags?post=13312"}],"curies":[{"name":"wp","href":"https:\/\/api.w.org\/{rel}","templated":true}]}}