{"id":13353,"date":"2021-05-10T17:32:11","date_gmt":"2021-05-10T20:32:11","guid":{"rendered":"https:\/\/meusitejuridico.editorajuspodivm.com.br\/?p=13353"},"modified":"2021-05-10T17:32:11","modified_gmt":"2021-05-10T20:32:11","slug":"podcast-mulheres-e-justica-estreia-nem-11052021-na-plataforma-culturaemcasa-e-no-jusplay","status":"publish","type":"post","link":"https:\/\/cdn.meusitejuridico.com.br\/2021\/05\/10\/podcast-mulheres-e-justica-estreia-nem-11052021-na-plataforma-culturaemcasa-e-no-jusplay\/","title":{"rendered":"Podcast \u201cMulheres e Justi\u00e7a\u201d estreia nem 11\/05\/2021 na plataforma #CulturaEmCasa e no Jusplay."},"content":{"rendered":"<p style=\"text-align: center;\"><em>Transmiss\u00e3o semanal gratuita, sempre ao meio-dia, tem participa\u00e7\u00f5es especiais de Greg\u00f3rio Duvivier, Fl\u00e1via Oliveira, Eliane Cantanhede, Drauzio Varella, Oscar Vilhena, Tabata Amaral, Andr\u00e9 Trigueiro, Fernando Gabeira, Conrado Hubner, dentre outros.<\/em><\/p>\n<p>Fruto do livro coletivo &#8220;Mulheres e Justi\u00e7a \u2013 Os Direitos Fundamentais escritos por elas&#8221;, o podcast estimula o debate por diversos \u00e2ngulos do tema &#8220;Direito e G\u00eanero&#8221;. S\u00e3o 15 epis\u00f3dios transmitidos gratuitamente todas as 3\u00aas feiras, sempre ao meio-dia pelas plataformas de podcast e na plataforma de streaming #CulturaEmCasa (www.culturaemcasa.com.br). Em cada epis\u00f3dio tr\u00eas autoras falar\u00e3o sobre direito das mulheres a partir dos textos que escreveram no livro. Al\u00e9m da participa\u00e7\u00e3o de convidados especiais, ligados aos temas abordados, como Drauzio Varella, Andr\u00e9 Trigueiro Convidados, Greg\u00f3rio Duvivier e Vivi Fecher. Criada em abril do ano passado pela Secretaria de Cultura e Economia Criativa do Estado de S\u00e3o Paulo e com gest\u00e3o da Organiza\u00e7\u00e3o Social Amigos da Arte, a plataforma j\u00e1 registrou 5,4 milh\u00f5es de visualiza\u00e7\u00f5es em 3 mil conte\u00fados disponibilizados, atingindo 3.300 mil cidades e 135 pa\u00edses. E envolvendo 13 mil profissionais do setor.<\/p>\n<p><img fetchpriority=\"high\" decoding=\"async\" class=\"aligncenter wp-image-13355\" src=\"https:\/\/s3.meusitejuridico.com.br\/2021\/05\/97542f64-podcast1.jpeg\" alt=\"\" width=\"600\" height=\"600\" srcset=\"https:\/\/cdn.meusitejuridico.com.br\/s.meusitejuridico\/2021\/05\/97542f64-podcast1.jpeg 1280w, https:\/\/cdn.meusitejuridico.com.br\/s.meusitejuridico\/2021\/05\/97542f64-podcast1-150x150.jpeg 150w, https:\/\/cdn.meusitejuridico.com.br\/s.meusitejuridico\/2021\/05\/97542f64-podcast1-300x300.jpeg 300w, https:\/\/cdn.meusitejuridico.com.br\/s.meusitejuridico\/2021\/05\/97542f64-podcast1-768x768.jpeg 768w, https:\/\/cdn.meusitejuridico.com.br\/s.meusitejuridico\/2021\/05\/97542f64-podcast1-1024x1024.jpeg 1024w, https:\/\/cdn.meusitejuridico.com.br\/s.meusitejuridico\/2021\/05\/97542f64-podcast1-80x80.jpeg 80w\" sizes=\"(max-width: 600px) 100vw, 600px\" \/><\/p>\n<p>A secret\u00e1ria-geral da Ajufe, Clara Mota, e as magistradas associadas Renata Lotufo, Louise Filgueiras, M\u00e1rcia Hoffmann, In\u00eas Virginia, e a coordenadora da Ajufe Mulheres, Tani Wurster, participam dos epis\u00f3dios.<\/p>\n<p>Lan\u00e7ado este ano pela editora Juspodivm, o livro foi organizado pela advogada Alessandra Gotti, pela desembargadora In\u00eas Virg\u00ednia P. Soares e pela subprocuradora-geral da Rep\u00fablica Sandra Cureau. S\u00e3o 32 artigos escritos somente por mulheres, atuantes em diversas \u00e1reas do Direito. Tamb\u00e9m h\u00e1 autoras ligadas \u00e0s artes, arquitetura, meio ambiente entre outras. Est\u00e3o presentes na obra n\u00e3o apenas os temas urgentes e mais sens\u00edveis \u00e0s mulheres como viol\u00eancia dom\u00e9stica, feminic\u00eddio, ass\u00e9dio sexual e outras viola\u00e7\u00f5es, mas tamb\u00e9m discuss\u00f5es como o papel das mulheres na constru\u00e7\u00e3o do desenvolvimento sustent\u00e1vel, um olhar sobre mulheres migrantes e refugiadas, um tributo \u00e0 arquiteta Briane Bicca e intersec\u00e7\u00f5es entre o Direito e a Literatura.<\/p>\n<p>\u201cIncluir e produzir conte\u00fados nos canais de podscast \u00e9 mais um passo que a plataforma #CulturaEmCasa avan\u00e7a para debater assuntos relevantes sobre g\u00eanero, cultura, direitos humanos, entre outros. Iniciamos este projeto voltado para a realidade do universo feminino, gra\u00e7as \u00e0 parceria entre a Amigos da Arte e as organizadoras do livro. Tendo sempre como meta ampliar a repercuss\u00e3o sobre os temas debatidos nos epis\u00f3dios, atingindo o maior n\u00famero de pessoas\u201d, ressalta Danielle Nigromonte, diretora-geral da Amigos da Arte.<\/p>\n<p>\u201cPelos direitos das Mulheres\u201d \u00e9 o tema do primeiro epis\u00f3dio com as organizadoras In\u00eas Virg\u00ednia P. Soares, Sandra Cureau e Alessandra Gotti com as participa\u00e7\u00f5es de Greg\u00f3rio Duvivier e Vivi Fecher. Elas destacam a import\u00e2ncia do debate via podcast. \u201cNosso objetivo \u00e9 o de contribuir para a consolida\u00e7\u00e3o de uma cultura jur\u00eddica sens\u00edvel \u00e0 tem\u00e1tica da equidade de g\u00eanero. Lan\u00e7ar luzes sobre a import\u00e2ncia de valorizar o papel da mulher no cen\u00e1rio jur\u00eddico \u2013 da mulher escritora, pesquisadora, profissional, titular de direitos e usu\u00e1ria do sistema de justi\u00e7a\u201d, afirmam.<\/p>\n<p><strong>Sobre #CulturaEmCasa<\/strong><\/p>\n<p>Lan\u00e7ada em 21 de abril de 2020, a plataforma tem a miss\u00e3o de ampliar o acesso da popula\u00e7\u00e3o a conte\u00fados culturais de qualidade, 100% gratuitos e difundir a intensa produ\u00e7\u00e3o cultural do Estado de S\u00e3o Paulo, seus equipamentos e munic\u00edpios.Este ano, em comemora\u00e7\u00e3o ao anivers\u00e1rio de um ano, o #CulturaEmCasa, transmitiu lives de artistas como Tom Z\u00e9, Angela Ro Ro, Oswaldo Montenegro e Camila Pitanga.<\/p>\n<p>A ferramenta re\u00fane tamb\u00e9m conte\u00fados do Teatro S\u00e9rgio Cardoso, do Museu da Diversidade Sexual e das institui\u00e7\u00f5es da Secretaria de Cultura e Economia Criativa do Estado de S\u00e3o Paulo, entre as quais a OSESP, a Jazz Sinf\u00f4nica, a Pinacoteca, a S\u00e3o Paulo Companhia de Dan\u00e7a, o Conservat\u00f3rio de Tatu\u00ed, o Projeto Guri, F\u00e1bricas de Cultura, TV Cultura, Poiesis, Bibliotecas, e os Museus da Imagem e do Som, do Futebol, \u00cdndia Vanu\u00edre, Casa de Portinari Fel\u00edcia Leirner\/ Audit\u00f3rio Claudio Santoro.<\/p>\n<p>A ideia de difundir o conte\u00fado produzido por S\u00e3o Paulo se expandiu e a plataforma #CulturaEmCasa firmou parcerias com outras Secretarias Estaduais de Cultura, dentro do projeto Ponte A\u00e9rea. Atualmente a plataforma det\u00e9m e transmite conte\u00fados do Rio Grande do Sul, como por exemplo, o \u201cFestival de Cinema Negro em A\u00e7\u00e3o\u201d e os concertos da Orquestra Sinf\u00f4nica de Porto Alegre; o projeto \u201cM\u00fasica Conecta\u201d com o Esp\u00edrito Santo Este m\u00eas tamb\u00e9m foi lan\u00e7ada parceria com o estado do Cear\u00e1, em que ser\u00e3o transmitidos eventos art\u00edsticos de grande porte do cen\u00e1rio cearense como o \u201cCineteatro S\u00e3o Luiz\u201d, \u201cPorto Drag\u00e3o Sessions\u201d e \u201cZona de Cria\u00e7\u00e3o\u201d.<\/p>\n<p><strong>Sobre a Amigos da Arte<\/strong><\/p>\n<p>A Amigos da Arte, Organiza\u00e7\u00e3o Social de Cultura respons\u00e1vel pela gest\u00e3o dos teatros S\u00e9rgio Cardoso e de Araras e do Museu de Diversidade Sexual (MDS), trabalha em parceria com o Governo do Estado de S\u00e3o Paulo e iniciativa privada desde 2004. M\u00fasica, literatura, dan\u00e7a, teatro, circo e atividades de artes integradas fazem parte da atua\u00e7\u00e3o da Amigos da Arte, que tem como objetivo difundir a produ\u00e7\u00e3o cultural por meio de festivais, programas continuados e da gest\u00e3o de equipamentos culturais p\u00fablicos. Em seus mais de 15 anos, a entidade desenvolveu 58 mil a\u00e7\u00f5es que atingem mais de 25 milh\u00f5es de pessoas.<\/p>\n<p>Plataforma #CulturaEmCasa<\/p>\n<p>www.culturaemcasa.com.br<\/p>\n<p>Redes Sociais:<\/p>\n<p>https:\/\/www.facebook.com\/culturaemcasasp\/<br \/>\nhttps:\/\/www.instragram.com\/culturaemcasasp\/<br \/>\n<a class=\"twitter-timeline\" data-width=\"800\" data-height=\"1000\" data-dnt=\"true\" href=\"https:\/\/twitter.com\/culturaemcasasp?ref_src=twsrc%5Etfw\">Tweets by culturaemcasasp<\/a><script async src=\"https:\/\/platform.twitter.com\/widgets.js\" charset=\"utf-8\"><\/script><\/p>\n<p><strong>Conhe\u00e7a o Jusplay<\/strong><\/p>\n<div id=\"quero-assinar-o-jusplay-d686790af902f9d49e55\"><strong>\u201cOu\u00e7a\u201d a Juspodivm: milhares de \u00e1udios j\u00e1 dispon\u00edveis, centenas de horas de conhecimento \u00e0 sua disposi\u00e7\u00e3o.<\/strong><\/div>\n<p>O <a href=\"https:\/\/www.editorajuspodivm.com.br\/jusplay-doutrina-legislacao-jurisprudencia-e-questoes-em-audio2\" target=\"_blank\" rel=\"noopener\">Jusplay\u00ae<\/a> \u00e9 uma plataforma com amplo cat\u00e1logo original de \u00e1udios baseados em livros, criteriosamente desenvolvida para voc\u00ea ouvir e estudar o quanto, quando e como quiser.<\/p>\n<p><strong>Novos conte\u00fados<\/strong>\u00a0ser\u00e3o adicionados diariamente, seja para\u00a0<strong>atualizar<\/strong>\u00a0o conte\u00fado existente, seja para\u00a0<strong>acrescentar<\/strong>\u00a0novidades. Trata-se de uma plataforma viva, que crescer\u00e1 a cada dia e tamb\u00e9m ser\u00e1 atualizada em funcionalidades e recursos.<\/p>\n<p><strong>O material<\/strong>\u00a0foi desenvolvido especialmente para ser transmitido em \u00e1udio,\u00a0<strong>a partir dos livros<\/strong>\u00a0de diversos autores (n\u00e3o se trata do \u00e1udio de uma aula em v\u00eddeo, por exemplo). E isso faz toda diferen\u00e7a para quem est\u00e1 ouvindo\/estudando. Uma maneira\u00a0<strong>eficiente e agrad\u00e1vel para aprender<\/strong>\u00a0o Direito Administrativo, Constitucional, Penal, Civil, Processo Penal, Processo Civil e muito mais;<\/p>\n<p>O Jusplay \u00e9 um verdadeiro\u00a0<strong>cat\u00e1logo em \u00e1udio de conte\u00fados j\u00e1 consagrados nos livros.<\/strong><\/p>\n<p><strong>\u00c9 a Editora Juspodivm na \u201cvers\u00e3o para ouvir<\/strong>\u201d.<\/p>\n","protected":false},"excerpt":{"rendered":"<p>Transmiss\u00e3o semanal gratuita, sempre ao meio-dia, tem participa\u00e7\u00f5es especiais de Greg\u00f3rio Duvivier, Fl\u00e1via Oliveira, Eliane Cantanhede, Drauzio Varella, Oscar Vilhena, Tabata Amaral, Andr\u00e9 Trigueiro, Fernando Gabeira, Conrado Hubner, dentre outros. Fruto do livro coletivo &#8220;Mulheres e Justi\u00e7a \u2013 Os Direitos Fundamentais escritos por elas&#8221;, o podcast estimula o debate por diversos \u00e2ngulos do tema &#8220;Direito [&hellip;]<\/p>\n","protected":false},"author":7,"featured_media":13356,"comment_status":"open","ping_status":"open","sticky":false,"template":"","format":"standard","meta":{"_acf_changed":false,"footnotes":""},"categories":[1],"tags":[],"class_list":["post-13353","post","type-post","status-publish","format-standard","has-post-thumbnail","hentry","category-artigos"],"acf":[],"yoast_head":"<!-- This site is optimized with the Yoast SEO plugin v24.8.1 - https:\/\/yoast.com\/wordpress\/plugins\/seo\/ -->\n<title>Podcast \u201cMulheres e Justi\u00e7a\u201d estreia nem 11\/05\/2021 na plataforma #CulturaEmCasa e no Jusplay. - Meu site jur\u00eddico<\/title>\n<meta name=\"robots\" content=\"index, follow, max-snippet:-1, max-image-preview:large, max-video-preview:-1\" \/>\n<link rel=\"canonical\" href=\"https:\/\/meusitejuridico.editorajuspodivm.com.br\/2021\/05\/10\/podcast-mulheres-e-justica-estreia-nem-11052021-na-plataforma-culturaemcasa-e-no-jusplay\/\" \/>\n<meta property=\"og:locale\" content=\"pt_BR\" \/>\n<meta property=\"og:type\" content=\"article\" \/>\n<meta property=\"og:title\" content=\"Podcast \u201cMulheres e Justi\u00e7a\u201d estreia nem 11\/05\/2021 na plataforma #CulturaEmCasa e no Jusplay. - Meu site jur\u00eddico\" \/>\n<meta property=\"og:description\" content=\"Transmiss\u00e3o semanal gratuita, sempre ao meio-dia, tem participa\u00e7\u00f5es especiais de Greg\u00f3rio Duvivier, Fl\u00e1via Oliveira, Eliane Cantanhede, Drauzio Varella, Oscar Vilhena, Tabata Amaral, Andr\u00e9 Trigueiro, Fernando Gabeira, Conrado Hubner, dentre outros. Fruto do livro coletivo &#8220;Mulheres e Justi\u00e7a \u2013 Os Direitos Fundamentais escritos por elas&#8221;, o podcast estimula o debate por diversos \u00e2ngulos do tema &#8220;Direito [&hellip;]\" \/>\n<meta property=\"og:url\" content=\"https:\/\/meusitejuridico.editorajuspodivm.com.br\/2021\/05\/10\/podcast-mulheres-e-justica-estreia-nem-11052021-na-plataforma-culturaemcasa-e-no-jusplay\/\" \/>\n<meta property=\"og:site_name\" content=\"Meu site jur\u00eddico\" \/>\n<meta property=\"article:published_time\" content=\"2021-05-10T20:32:11+00:00\" \/>\n<meta property=\"og:image\" content=\"https:\/\/meusitejuridico.editorajuspodivm.com.br\/s.meusitejuridico\/2021\/05\/5d4d5eaf-feed-1.jpg\" \/>\n\t<meta property=\"og:image:width\" content=\"4500\" \/>\n\t<meta property=\"og:image:height\" content=\"4500\" \/>\n\t<meta property=\"og:image:type\" content=\"image\/jpeg\" \/>\n<meta name=\"author\" content=\"Equipe Meu Site Jur\u00eddico\" \/>\n<meta name=\"twitter:card\" content=\"summary_large_image\" \/>\n<meta name=\"twitter:label1\" content=\"Escrito por\" \/>\n\t<meta name=\"twitter:data1\" content=\"Equipe Meu Site Jur\u00eddico\" \/>\n\t<meta name=\"twitter:label2\" content=\"Est. tempo de leitura\" \/>\n\t<meta name=\"twitter:data2\" content=\"6 minutos\" \/>\n<script type=\"application\/ld+json\" class=\"yoast-schema-graph\">{\"@context\":\"https:\/\/schema.org\",\"@graph\":[{\"@type\":\"Article\",\"@id\":\"https:\/\/meusitejuridico.editorajuspodivm.com.br\/2021\/05\/10\/podcast-mulheres-e-justica-estreia-nem-11052021-na-plataforma-culturaemcasa-e-no-jusplay\/#article\",\"isPartOf\":{\"@id\":\"https:\/\/meusitejuridico.editorajuspodivm.com.br\/2021\/05\/10\/podcast-mulheres-e-justica-estreia-nem-11052021-na-plataforma-culturaemcasa-e-no-jusplay\/\"},\"author\":{\"name\":\"Equipe Meu Site Jur\u00eddico\",\"@id\":\"https:\/\/cdn.meusitejuridico.com.br\/#\/schema\/person\/5c2237ac0c8ff03bcf1a09fe3e45dfce\"},\"headline\":\"Podcast \u201cMulheres e Justi\u00e7a\u201d estreia nem 11\/05\/2021 na plataforma #CulturaEmCasa e no Jusplay.\",\"datePublished\":\"2021-05-10T20:32:11+00:00\",\"mainEntityOfPage\":{\"@id\":\"https:\/\/meusitejuridico.editorajuspodivm.com.br\/2021\/05\/10\/podcast-mulheres-e-justica-estreia-nem-11052021-na-plataforma-culturaemcasa-e-no-jusplay\/\"},\"wordCount\":1142,\"commentCount\":0,\"publisher\":{\"@id\":\"https:\/\/cdn.meusitejuridico.com.br\/#organization\"},\"image\":{\"@id\":\"https:\/\/meusitejuridico.editorajuspodivm.com.br\/2021\/05\/10\/podcast-mulheres-e-justica-estreia-nem-11052021-na-plataforma-culturaemcasa-e-no-jusplay\/#primaryimage\"},\"thumbnailUrl\":\"https:\/\/cdn.meusitejuridico.com.br\/s.meusitejuridico\/2021\/05\/5d4d5eaf-feed-1.jpg\",\"articleSection\":[\"Artigos\"],\"inLanguage\":\"pt-BR\",\"potentialAction\":[{\"@type\":\"CommentAction\",\"name\":\"Comment\",\"target\":[\"https:\/\/meusitejuridico.editorajuspodivm.com.br\/2021\/05\/10\/podcast-mulheres-e-justica-estreia-nem-11052021-na-plataforma-culturaemcasa-e-no-jusplay\/#respond\"]}]},{\"@type\":\"WebPage\",\"@id\":\"https:\/\/meusitejuridico.editorajuspodivm.com.br\/2021\/05\/10\/podcast-mulheres-e-justica-estreia-nem-11052021-na-plataforma-culturaemcasa-e-no-jusplay\/\",\"url\":\"https:\/\/meusitejuridico.editorajuspodivm.com.br\/2021\/05\/10\/podcast-mulheres-e-justica-estreia-nem-11052021-na-plataforma-culturaemcasa-e-no-jusplay\/\",\"name\":\"Podcast \u201cMulheres e Justi\u00e7a\u201d estreia nem 11\/05\/2021 na plataforma #CulturaEmCasa e no Jusplay. - Meu site jur\u00eddico\",\"isPartOf\":{\"@id\":\"https:\/\/cdn.meusitejuridico.com.br\/#website\"},\"primaryImageOfPage\":{\"@id\":\"https:\/\/meusitejuridico.editorajuspodivm.com.br\/2021\/05\/10\/podcast-mulheres-e-justica-estreia-nem-11052021-na-plataforma-culturaemcasa-e-no-jusplay\/#primaryimage\"},\"image\":{\"@id\":\"https:\/\/meusitejuridico.editorajuspodivm.com.br\/2021\/05\/10\/podcast-mulheres-e-justica-estreia-nem-11052021-na-plataforma-culturaemcasa-e-no-jusplay\/#primaryimage\"},\"thumbnailUrl\":\"https:\/\/cdn.meusitejuridico.com.br\/s.meusitejuridico\/2021\/05\/5d4d5eaf-feed-1.jpg\",\"datePublished\":\"2021-05-10T20:32:11+00:00\",\"breadcrumb\":{\"@id\":\"https:\/\/meusitejuridico.editorajuspodivm.com.br\/2021\/05\/10\/podcast-mulheres-e-justica-estreia-nem-11052021-na-plataforma-culturaemcasa-e-no-jusplay\/#breadcrumb\"},\"inLanguage\":\"pt-BR\",\"potentialAction\":[{\"@type\":\"ReadAction\",\"target\":[\"https:\/\/meusitejuridico.editorajuspodivm.com.br\/2021\/05\/10\/podcast-mulheres-e-justica-estreia-nem-11052021-na-plataforma-culturaemcasa-e-no-jusplay\/\"]}]},{\"@type\":\"ImageObject\",\"inLanguage\":\"pt-BR\",\"@id\":\"https:\/\/meusitejuridico.editorajuspodivm.com.br\/2021\/05\/10\/podcast-mulheres-e-justica-estreia-nem-11052021-na-plataforma-culturaemcasa-e-no-jusplay\/#primaryimage\",\"url\":\"https:\/\/cdn.meusitejuridico.com.br\/s.meusitejuridico\/2021\/05\/5d4d5eaf-feed-1.jpg\",\"contentUrl\":\"https:\/\/cdn.meusitejuridico.com.br\/s.meusitejuridico\/2021\/05\/5d4d5eaf-feed-1.jpg\",\"width\":4500,\"height\":4500},{\"@type\":\"BreadcrumbList\",\"@id\":\"https:\/\/meusitejuridico.editorajuspodivm.com.br\/2021\/05\/10\/podcast-mulheres-e-justica-estreia-nem-11052021-na-plataforma-culturaemcasa-e-no-jusplay\/#breadcrumb\",\"itemListElement\":[{\"@type\":\"ListItem\",\"position\":1,\"name\":\"In\u00edcio\",\"item\":\"https:\/\/cdn.meusitejuridico.com.br\/\"},{\"@type\":\"ListItem\",\"position\":2,\"name\":\"Podcast \u201cMulheres e Justi\u00e7a\u201d estreia nem 11\/05\/2021 na plataforma #CulturaEmCasa e no Jusplay.\"}]},{\"@type\":\"WebSite\",\"@id\":\"https:\/\/cdn.meusitejuridico.com.br\/#website\",\"url\":\"https:\/\/cdn.meusitejuridico.com.br\/\",\"name\":\"Meu site jur\u00eddico\",\"description\":\"Meu site jur\u00eddico\",\"publisher\":{\"@id\":\"https:\/\/cdn.meusitejuridico.com.br\/#organization\"},\"potentialAction\":[{\"@type\":\"SearchAction\",\"target\":{\"@type\":\"EntryPoint\",\"urlTemplate\":\"https:\/\/cdn.meusitejuridico.com.br\/?s={search_term_string}\"},\"query-input\":{\"@type\":\"PropertyValueSpecification\",\"valueRequired\":true,\"valueName\":\"search_term_string\"}}],\"inLanguage\":\"pt-BR\"},{\"@type\":\"Organization\",\"@id\":\"https:\/\/cdn.meusitejuridico.com.br\/#organization\",\"name\":\"Meu site jur\u00eddico\",\"url\":\"https:\/\/cdn.meusitejuridico.com.br\/\",\"logo\":{\"@type\":\"ImageObject\",\"inLanguage\":\"pt-BR\",\"@id\":\"https:\/\/cdn.meusitejuridico.com.br\/#\/schema\/logo\/image\/\",\"url\":\"https:\/\/cdn.meusitejuridico.com.br\/s.meusitejuridico\/2022\/03\/cropped-baeec2a3-msj-02-01-01.png\",\"contentUrl\":\"https:\/\/cdn.meusitejuridico.com.br\/s.meusitejuridico\/2022\/03\/cropped-baeec2a3-msj-02-01-01.png\",\"width\":349,\"height\":243,\"caption\":\"Meu site jur\u00eddico\"},\"image\":{\"@id\":\"https:\/\/cdn.meusitejuridico.com.br\/#\/schema\/logo\/image\/\"}},{\"@type\":\"Person\",\"@id\":\"https:\/\/cdn.meusitejuridico.com.br\/#\/schema\/person\/5c2237ac0c8ff03bcf1a09fe3e45dfce\",\"name\":\"Equipe Meu Site Jur\u00eddico\",\"image\":{\"@type\":\"ImageObject\",\"inLanguage\":\"pt-BR\",\"@id\":\"https:\/\/cdn.meusitejuridico.com.br\/#\/schema\/person\/image\/\",\"url\":\"https:\/\/cdn.meusitejuridico.com.br\/s.meusitejuridico\/2020\/07\/6be289aa-logo-msj.png\",\"contentUrl\":\"https:\/\/cdn.meusitejuridico.com.br\/s.meusitejuridico\/2020\/07\/6be289aa-logo-msj.png\",\"caption\":\"Equipe Meu Site Jur\u00eddico\"},\"description\":\"Contem conosco!\",\"url\":\"https:\/\/cdn.meusitejuridico.com.br\/author\/equipe-meu-site-juridico\/\"}]}<\/script>\n<!-- \/ Yoast SEO plugin. -->","yoast_head_json":{"title":"Podcast \u201cMulheres e Justi\u00e7a\u201d estreia nem 11\/05\/2021 na plataforma #CulturaEmCasa e no Jusplay. - Meu site jur\u00eddico","robots":{"index":"index","follow":"follow","max-snippet":"max-snippet:-1","max-image-preview":"max-image-preview:large","max-video-preview":"max-video-preview:-1"},"canonical":"https:\/\/meusitejuridico.editorajuspodivm.com.br\/2021\/05\/10\/podcast-mulheres-e-justica-estreia-nem-11052021-na-plataforma-culturaemcasa-e-no-jusplay\/","og_locale":"pt_BR","og_type":"article","og_title":"Podcast \u201cMulheres e Justi\u00e7a\u201d estreia nem 11\/05\/2021 na plataforma #CulturaEmCasa e no Jusplay. - Meu site jur\u00eddico","og_description":"Transmiss\u00e3o semanal gratuita, sempre ao meio-dia, tem participa\u00e7\u00f5es especiais de Greg\u00f3rio Duvivier, Fl\u00e1via Oliveira, Eliane Cantanhede, Drauzio Varella, Oscar Vilhena, Tabata Amaral, Andr\u00e9 Trigueiro, Fernando Gabeira, Conrado Hubner, dentre outros. Fruto do livro coletivo &#8220;Mulheres e Justi\u00e7a \u2013 Os Direitos Fundamentais escritos por elas&#8221;, o podcast estimula o debate por diversos \u00e2ngulos do tema &#8220;Direito [&hellip;]","og_url":"https:\/\/meusitejuridico.editorajuspodivm.com.br\/2021\/05\/10\/podcast-mulheres-e-justica-estreia-nem-11052021-na-plataforma-culturaemcasa-e-no-jusplay\/","og_site_name":"Meu site jur\u00eddico","article_published_time":"2021-05-10T20:32:11+00:00","og_image":[{"width":4500,"height":4500,"url":"https:\/\/meusitejuridico.editorajuspodivm.com.br\/s.meusitejuridico\/2021\/05\/5d4d5eaf-feed-1.jpg","type":"image\/jpeg"}],"author":"Equipe Meu Site Jur\u00eddico","twitter_card":"summary_large_image","twitter_misc":{"Escrito por":"Equipe Meu Site Jur\u00eddico","Est. tempo de leitura":"6 minutos"},"schema":{"@context":"https:\/\/schema.org","@graph":[{"@type":"Article","@id":"https:\/\/meusitejuridico.editorajuspodivm.com.br\/2021\/05\/10\/podcast-mulheres-e-justica-estreia-nem-11052021-na-plataforma-culturaemcasa-e-no-jusplay\/#article","isPartOf":{"@id":"https:\/\/meusitejuridico.editorajuspodivm.com.br\/2021\/05\/10\/podcast-mulheres-e-justica-estreia-nem-11052021-na-plataforma-culturaemcasa-e-no-jusplay\/"},"author":{"name":"Equipe Meu Site Jur\u00eddico","@id":"https:\/\/cdn.meusitejuridico.com.br\/#\/schema\/person\/5c2237ac0c8ff03bcf1a09fe3e45dfce"},"headline":"Podcast \u201cMulheres e Justi\u00e7a\u201d estreia nem 11\/05\/2021 na plataforma #CulturaEmCasa e no Jusplay.","datePublished":"2021-05-10T20:32:11+00:00","mainEntityOfPage":{"@id":"https:\/\/meusitejuridico.editorajuspodivm.com.br\/2021\/05\/10\/podcast-mulheres-e-justica-estreia-nem-11052021-na-plataforma-culturaemcasa-e-no-jusplay\/"},"wordCount":1142,"commentCount":0,"publisher":{"@id":"https:\/\/cdn.meusitejuridico.com.br\/#organization"},"image":{"@id":"https:\/\/meusitejuridico.editorajuspodivm.com.br\/2021\/05\/10\/podcast-mulheres-e-justica-estreia-nem-11052021-na-plataforma-culturaemcasa-e-no-jusplay\/#primaryimage"},"thumbnailUrl":"https:\/\/cdn.meusitejuridico.com.br\/s.meusitejuridico\/2021\/05\/5d4d5eaf-feed-1.jpg","articleSection":["Artigos"],"inLanguage":"pt-BR","potentialAction":[{"@type":"CommentAction","name":"Comment","target":["https:\/\/meusitejuridico.editorajuspodivm.com.br\/2021\/05\/10\/podcast-mulheres-e-justica-estreia-nem-11052021-na-plataforma-culturaemcasa-e-no-jusplay\/#respond"]}]},{"@type":"WebPage","@id":"https:\/\/meusitejuridico.editorajuspodivm.com.br\/2021\/05\/10\/podcast-mulheres-e-justica-estreia-nem-11052021-na-plataforma-culturaemcasa-e-no-jusplay\/","url":"https:\/\/meusitejuridico.editorajuspodivm.com.br\/2021\/05\/10\/podcast-mulheres-e-justica-estreia-nem-11052021-na-plataforma-culturaemcasa-e-no-jusplay\/","name":"Podcast \u201cMulheres e Justi\u00e7a\u201d estreia nem 11\/05\/2021 na plataforma #CulturaEmCasa e no Jusplay. - Meu site jur\u00eddico","isPartOf":{"@id":"https:\/\/cdn.meusitejuridico.com.br\/#website"},"primaryImageOfPage":{"@id":"https:\/\/meusitejuridico.editorajuspodivm.com.br\/2021\/05\/10\/podcast-mulheres-e-justica-estreia-nem-11052021-na-plataforma-culturaemcasa-e-no-jusplay\/#primaryimage"},"image":{"@id":"https:\/\/meusitejuridico.editorajuspodivm.com.br\/2021\/05\/10\/podcast-mulheres-e-justica-estreia-nem-11052021-na-plataforma-culturaemcasa-e-no-jusplay\/#primaryimage"},"thumbnailUrl":"https:\/\/cdn.meusitejuridico.com.br\/s.meusitejuridico\/2021\/05\/5d4d5eaf-feed-1.jpg","datePublished":"2021-05-10T20:32:11+00:00","breadcrumb":{"@id":"https:\/\/meusitejuridico.editorajuspodivm.com.br\/2021\/05\/10\/podcast-mulheres-e-justica-estreia-nem-11052021-na-plataforma-culturaemcasa-e-no-jusplay\/#breadcrumb"},"inLanguage":"pt-BR","potentialAction":[{"@type":"ReadAction","target":["https:\/\/meusitejuridico.editorajuspodivm.com.br\/2021\/05\/10\/podcast-mulheres-e-justica-estreia-nem-11052021-na-plataforma-culturaemcasa-e-no-jusplay\/"]}]},{"@type":"ImageObject","inLanguage":"pt-BR","@id":"https:\/\/meusitejuridico.editorajuspodivm.com.br\/2021\/05\/10\/podcast-mulheres-e-justica-estreia-nem-11052021-na-plataforma-culturaemcasa-e-no-jusplay\/#primaryimage","url":"https:\/\/cdn.meusitejuridico.com.br\/s.meusitejuridico\/2021\/05\/5d4d5eaf-feed-1.jpg","contentUrl":"https:\/\/cdn.meusitejuridico.com.br\/s.meusitejuridico\/2021\/05\/5d4d5eaf-feed-1.jpg","width":4500,"height":4500},{"@type":"BreadcrumbList","@id":"https:\/\/meusitejuridico.editorajuspodivm.com.br\/2021\/05\/10\/podcast-mulheres-e-justica-estreia-nem-11052021-na-plataforma-culturaemcasa-e-no-jusplay\/#breadcrumb","itemListElement":[{"@type":"ListItem","position":1,"name":"In\u00edcio","item":"https:\/\/cdn.meusitejuridico.com.br\/"},{"@type":"ListItem","position":2,"name":"Podcast \u201cMulheres e Justi\u00e7a\u201d estreia nem 11\/05\/2021 na plataforma #CulturaEmCasa e no Jusplay."}]},{"@type":"WebSite","@id":"https:\/\/cdn.meusitejuridico.com.br\/#website","url":"https:\/\/cdn.meusitejuridico.com.br\/","name":"Meu site jur\u00eddico","description":"Meu site jur\u00eddico","publisher":{"@id":"https:\/\/cdn.meusitejuridico.com.br\/#organization"},"potentialAction":[{"@type":"SearchAction","target":{"@type":"EntryPoint","urlTemplate":"https:\/\/cdn.meusitejuridico.com.br\/?s={search_term_string}"},"query-input":{"@type":"PropertyValueSpecification","valueRequired":true,"valueName":"search_term_string"}}],"inLanguage":"pt-BR"},{"@type":"Organization","@id":"https:\/\/cdn.meusitejuridico.com.br\/#organization","name":"Meu site jur\u00eddico","url":"https:\/\/cdn.meusitejuridico.com.br\/","logo":{"@type":"ImageObject","inLanguage":"pt-BR","@id":"https:\/\/cdn.meusitejuridico.com.br\/#\/schema\/logo\/image\/","url":"https:\/\/cdn.meusitejuridico.com.br\/s.meusitejuridico\/2022\/03\/cropped-baeec2a3-msj-02-01-01.png","contentUrl":"https:\/\/cdn.meusitejuridico.com.br\/s.meusitejuridico\/2022\/03\/cropped-baeec2a3-msj-02-01-01.png","width":349,"height":243,"caption":"Meu site jur\u00eddico"},"image":{"@id":"https:\/\/cdn.meusitejuridico.com.br\/#\/schema\/logo\/image\/"}},{"@type":"Person","@id":"https:\/\/cdn.meusitejuridico.com.br\/#\/schema\/person\/5c2237ac0c8ff03bcf1a09fe3e45dfce","name":"Equipe Meu Site Jur\u00eddico","image":{"@type":"ImageObject","inLanguage":"pt-BR","@id":"https:\/\/cdn.meusitejuridico.com.br\/#\/schema\/person\/image\/","url":"https:\/\/cdn.meusitejuridico.com.br\/s.meusitejuridico\/2020\/07\/6be289aa-logo-msj.png","contentUrl":"https:\/\/cdn.meusitejuridico.com.br\/s.meusitejuridico\/2020\/07\/6be289aa-logo-msj.png","caption":"Equipe Meu Site Jur\u00eddico"},"description":"Contem conosco!","url":"https:\/\/cdn.meusitejuridico.com.br\/author\/equipe-meu-site-juridico\/"}]}},"_links":{"self":[{"href":"https:\/\/cdn.meusitejuridico.com.br\/api\/wp\/v2\/posts\/13353","targetHints":{"allow":["GET"]}}],"collection":[{"href":"https:\/\/cdn.meusitejuridico.com.br\/api\/wp\/v2\/posts"}],"about":[{"href":"https:\/\/cdn.meusitejuridico.com.br\/api\/wp\/v2\/types\/post"}],"author":[{"embeddable":true,"href":"https:\/\/cdn.meusitejuridico.com.br\/api\/wp\/v2\/users\/7"}],"replies":[{"embeddable":true,"href":"https:\/\/cdn.meusitejuridico.com.br\/api\/wp\/v2\/comments?post=13353"}],"version-history":[{"count":3,"href":"https:\/\/cdn.meusitejuridico.com.br\/api\/wp\/v2\/posts\/13353\/revisions"}],"predecessor-version":[{"id":13358,"href":"https:\/\/cdn.meusitejuridico.com.br\/api\/wp\/v2\/posts\/13353\/revisions\/13358"}],"wp:featuredmedia":[{"embeddable":true,"href":"https:\/\/cdn.meusitejuridico.com.br\/api\/wp\/v2\/media\/13356"}],"wp:attachment":[{"href":"https:\/\/cdn.meusitejuridico.com.br\/api\/wp\/v2\/media?parent=13353"}],"wp:term":[{"taxonomy":"category","embeddable":true,"href":"https:\/\/cdn.meusitejuridico.com.br\/api\/wp\/v2\/categories?post=13353"},{"taxonomy":"post_tag","embeddable":true,"href":"https:\/\/cdn.meusitejuridico.com.br\/api\/wp\/v2\/tags?post=13353"}],"curies":[{"name":"wp","href":"https:\/\/api.w.org\/{rel}","templated":true}]}}