{"id":13504,"date":"2021-06-07T08:39:59","date_gmt":"2021-06-07T11:39:59","guid":{"rendered":"https:\/\/meusitejuridico.editorajuspodivm.com.br\/?p=13504"},"modified":"2021-06-07T08:39:59","modified_gmt":"2021-06-07T11:39:59","slug":"segundo-lei-de-execucao-penal-sao-vedadas-sancoes-coletivas","status":"publish","type":"post","link":"https:\/\/cdn.meusitejuridico.com.br\/2021\/06\/07\/segundo-lei-de-execucao-penal-sao-vedadas-sancoes-coletivas\/","title":{"rendered":"Segundo a Lei de Execu\u00e7\u00e3o Penal, s\u00e3o vedadas as san\u00e7\u00f5es coletivas"},"content":{"rendered":"<p><strong>CERTO<\/strong><\/p>\n<p>No decorrer da execu\u00e7\u00e3o penal, est\u00e3o vedadas as san\u00e7\u00f5es coletivas, desdobramento l\u00f3gico do princ\u00edpio constitucional da personalidade da pena (art. 5\u00ba, XLV). Por isso, determina o art. 57 da LEP: \u201cNa aplica\u00e7\u00e3o das san\u00e7\u00f5es disciplinares, levar-se-\u00e3o em conta a natureza, os motivos, as circunst\u00e2ncias e as consequ\u00eancias do fato, bem como a pessoa do faltoso e seu tempo de pris\u00e3o\u201d. Esses par\u00e2metros impossibilitam que condenados sofram san\u00e7\u00f5es uniformes.<\/p>\n","protected":false},"excerpt":{"rendered":"<p>CERTO No decorrer da execu\u00e7\u00e3o penal, est\u00e3o vedadas as san\u00e7\u00f5es coletivas, desdobramento l\u00f3gico do princ\u00edpio constitucional da personalidade da pena (art. 5\u00ba, XLV). Por isso, determina o art. 57 da LEP: \u201cNa aplica\u00e7\u00e3o das san\u00e7\u00f5es disciplinares, levar-se-\u00e3o em conta a natureza, os motivos, as circunst\u00e2ncias e as consequ\u00eancias do fato, bem como a pessoa do [&hellip;]<\/p>\n","protected":false},"author":7,"featured_media":7036,"comment_status":"open","ping_status":"open","sticky":false,"template":"","format":"standard","meta":{"_acf_changed":false,"footnotes":""},"categories":[3090,78,437],"tags":[118,1485],"class_list":["post-13504","post","type-post","status-publish","format-standard","has-post-thumbnail","hentry","category-certo-ou-errado","category-material-de-aula","category-perguntas-e-respostas","tag-execucao-penal","tag-falta-disciplinar"],"acf":[],"yoast_head":"<!-- This site is optimized with the Yoast SEO plugin v24.8.1 - https:\/\/yoast.com\/wordpress\/plugins\/seo\/ -->\n<title>Segundo a Lei de Execu\u00e7\u00e3o Penal, s\u00e3o vedadas as san\u00e7\u00f5es coletivas - Meu site jur\u00eddico<\/title>\n<meta name=\"robots\" content=\"index, follow, max-snippet:-1, max-image-preview:large, max-video-preview:-1\" \/>\n<link rel=\"canonical\" href=\"https:\/\/meusitejuridico.com.br\/2021\/06\/07\/segundo-lei-de-execucao-penal-sao-vedadas-sancoes-coletivas\/\" \/>\n<meta property=\"og:locale\" content=\"pt_BR\" \/>\n<meta property=\"og:type\" content=\"article\" \/>\n<meta property=\"og:title\" content=\"Segundo a Lei de Execu\u00e7\u00e3o Penal, s\u00e3o vedadas as san\u00e7\u00f5es coletivas - Meu site jur\u00eddico\" \/>\n<meta property=\"og:description\" content=\"CERTO No decorrer da execu\u00e7\u00e3o penal, est\u00e3o vedadas as san\u00e7\u00f5es coletivas, desdobramento l\u00f3gico do princ\u00edpio constitucional da personalidade da pena (art. 5\u00ba, XLV). Por isso, determina o art. 57 da LEP: \u201cNa aplica\u00e7\u00e3o das san\u00e7\u00f5es disciplinares, levar-se-\u00e3o em conta a natureza, os motivos, as circunst\u00e2ncias e as consequ\u00eancias do fato, bem como a pessoa do [&hellip;]\" \/>\n<meta property=\"og:url\" content=\"https:\/\/meusitejuridico.com.br\/2021\/06\/07\/segundo-lei-de-execucao-penal-sao-vedadas-sancoes-coletivas\/\" \/>\n<meta property=\"og:site_name\" content=\"Meu site jur\u00eddico\" \/>\n<meta property=\"article:published_time\" content=\"2021-06-07T11:39:59+00:00\" \/>\n<meta property=\"og:image\" content=\"https:\/\/meusitejuridico.com.br\/s.meusitejuridico\/2018\/12\/fd0b8d7e-whatsapp-image-2018-12-13-at-180428.jpeg\" \/>\n\t<meta property=\"og:image:width\" content=\"1280\" \/>\n\t<meta property=\"og:image:height\" content=\"853\" \/>\n\t<meta property=\"og:image:type\" content=\"image\/jpeg\" \/>\n<meta name=\"author\" content=\"Equipe Meu Site Jur\u00eddico\" \/>\n<meta name=\"twitter:card\" content=\"summary_large_image\" \/>\n<meta name=\"twitter:label1\" content=\"Escrito por\" \/>\n\t<meta name=\"twitter:data1\" content=\"Equipe Meu Site Jur\u00eddico\" \/>\n<script type=\"application\/ld+json\" class=\"yoast-schema-graph\">{\"@context\":\"https:\/\/schema.org\",\"@graph\":[{\"@type\":\"Article\",\"@id\":\"https:\/\/meusitejuridico.com.br\/2021\/06\/07\/segundo-lei-de-execucao-penal-sao-vedadas-sancoes-coletivas\/#article\",\"isPartOf\":{\"@id\":\"https:\/\/meusitejuridico.com.br\/2021\/06\/07\/segundo-lei-de-execucao-penal-sao-vedadas-sancoes-coletivas\/\"},\"author\":{\"name\":\"Equipe Meu Site Jur\u00eddico\",\"@id\":\"https:\/\/meusitejuridico.editorajuspodivm.com.br\/#\/schema\/person\/5c2237ac0c8ff03bcf1a09fe3e45dfce\"},\"headline\":\"Segundo a Lei de Execu\u00e7\u00e3o Penal, s\u00e3o vedadas as san\u00e7\u00f5es coletivas\",\"datePublished\":\"2021-06-07T11:39:59+00:00\",\"mainEntityOfPage\":{\"@id\":\"https:\/\/meusitejuridico.com.br\/2021\/06\/07\/segundo-lei-de-execucao-penal-sao-vedadas-sancoes-coletivas\/\"},\"wordCount\":94,\"commentCount\":0,\"publisher\":{\"@id\":\"https:\/\/meusitejuridico.editorajuspodivm.com.br\/#organization\"},\"image\":{\"@id\":\"https:\/\/meusitejuridico.com.br\/2021\/06\/07\/segundo-lei-de-execucao-penal-sao-vedadas-sancoes-coletivas\/#primaryimage\"},\"thumbnailUrl\":\"https:\/\/cdn.meusitejuridico.com.br\/s.meusitejuridico\/2018\/12\/fd0b8d7e-whatsapp-image-2018-12-13-at-180428.jpeg\",\"keywords\":[\"Execu\u00e7\u00e3o Penal\",\"falta disciplinar\"],\"articleSection\":[\"Certo ou errado?\",\"Material de aula\",\"Perguntas e Respostas\"],\"inLanguage\":\"pt-BR\",\"potentialAction\":[{\"@type\":\"CommentAction\",\"name\":\"Comment\",\"target\":[\"https:\/\/meusitejuridico.com.br\/2021\/06\/07\/segundo-lei-de-execucao-penal-sao-vedadas-sancoes-coletivas\/#respond\"]}]},{\"@type\":\"WebPage\",\"@id\":\"https:\/\/meusitejuridico.com.br\/2021\/06\/07\/segundo-lei-de-execucao-penal-sao-vedadas-sancoes-coletivas\/\",\"url\":\"https:\/\/meusitejuridico.com.br\/2021\/06\/07\/segundo-lei-de-execucao-penal-sao-vedadas-sancoes-coletivas\/\",\"name\":\"Segundo a Lei de Execu\u00e7\u00e3o Penal, s\u00e3o vedadas as san\u00e7\u00f5es coletivas - Meu site jur\u00eddico\",\"isPartOf\":{\"@id\":\"https:\/\/meusitejuridico.editorajuspodivm.com.br\/#website\"},\"primaryImageOfPage\":{\"@id\":\"https:\/\/meusitejuridico.com.br\/2021\/06\/07\/segundo-lei-de-execucao-penal-sao-vedadas-sancoes-coletivas\/#primaryimage\"},\"image\":{\"@id\":\"https:\/\/meusitejuridico.com.br\/2021\/06\/07\/segundo-lei-de-execucao-penal-sao-vedadas-sancoes-coletivas\/#primaryimage\"},\"thumbnailUrl\":\"https:\/\/cdn.meusitejuridico.com.br\/s.meusitejuridico\/2018\/12\/fd0b8d7e-whatsapp-image-2018-12-13-at-180428.jpeg\",\"datePublished\":\"2021-06-07T11:39:59+00:00\",\"breadcrumb\":{\"@id\":\"https:\/\/meusitejuridico.com.br\/2021\/06\/07\/segundo-lei-de-execucao-penal-sao-vedadas-sancoes-coletivas\/#breadcrumb\"},\"inLanguage\":\"pt-BR\",\"potentialAction\":[{\"@type\":\"ReadAction\",\"target\":[\"https:\/\/meusitejuridico.com.br\/2021\/06\/07\/segundo-lei-de-execucao-penal-sao-vedadas-sancoes-coletivas\/\"]}]},{\"@type\":\"ImageObject\",\"inLanguage\":\"pt-BR\",\"@id\":\"https:\/\/meusitejuridico.com.br\/2021\/06\/07\/segundo-lei-de-execucao-penal-sao-vedadas-sancoes-coletivas\/#primaryimage\",\"url\":\"https:\/\/cdn.meusitejuridico.com.br\/s.meusitejuridico\/2018\/12\/fd0b8d7e-whatsapp-image-2018-12-13-at-180428.jpeg\",\"contentUrl\":\"https:\/\/cdn.meusitejuridico.com.br\/s.meusitejuridico\/2018\/12\/fd0b8d7e-whatsapp-image-2018-12-13-at-180428.jpeg\",\"width\":1280,\"height\":853},{\"@type\":\"BreadcrumbList\",\"@id\":\"https:\/\/meusitejuridico.com.br\/2021\/06\/07\/segundo-lei-de-execucao-penal-sao-vedadas-sancoes-coletivas\/#breadcrumb\",\"itemListElement\":[{\"@type\":\"ListItem\",\"position\":1,\"name\":\"In\u00edcio\",\"item\":\"https:\/\/meusitejuridico.editorajuspodivm.com.br\/\"},{\"@type\":\"ListItem\",\"position\":2,\"name\":\"Segundo a Lei de Execu\u00e7\u00e3o Penal, s\u00e3o vedadas as san\u00e7\u00f5es coletivas\"}]},{\"@type\":\"WebSite\",\"@id\":\"https:\/\/meusitejuridico.editorajuspodivm.com.br\/#website\",\"url\":\"https:\/\/meusitejuridico.editorajuspodivm.com.br\/\",\"name\":\"Meu site jur\u00eddico\",\"description\":\"Meu site jur\u00eddico\",\"publisher\":{\"@id\":\"https:\/\/meusitejuridico.editorajuspodivm.com.br\/#organization\"},\"potentialAction\":[{\"@type\":\"SearchAction\",\"target\":{\"@type\":\"EntryPoint\",\"urlTemplate\":\"https:\/\/meusitejuridico.editorajuspodivm.com.br\/?s={search_term_string}\"},\"query-input\":{\"@type\":\"PropertyValueSpecification\",\"valueRequired\":true,\"valueName\":\"search_term_string\"}}],\"inLanguage\":\"pt-BR\"},{\"@type\":\"Organization\",\"@id\":\"https:\/\/meusitejuridico.editorajuspodivm.com.br\/#organization\",\"name\":\"Meu site jur\u00eddico\",\"url\":\"https:\/\/meusitejuridico.editorajuspodivm.com.br\/\",\"logo\":{\"@type\":\"ImageObject\",\"inLanguage\":\"pt-BR\",\"@id\":\"https:\/\/meusitejuridico.editorajuspodivm.com.br\/#\/schema\/logo\/image\/\",\"url\":\"https:\/\/cdn.meusitejuridico.com.br\/s.meusitejuridico\/2022\/03\/cropped-baeec2a3-msj-02-01-01.png\",\"contentUrl\":\"https:\/\/cdn.meusitejuridico.com.br\/s.meusitejuridico\/2022\/03\/cropped-baeec2a3-msj-02-01-01.png\",\"width\":349,\"height\":243,\"caption\":\"Meu site jur\u00eddico\"},\"image\":{\"@id\":\"https:\/\/meusitejuridico.editorajuspodivm.com.br\/#\/schema\/logo\/image\/\"}},{\"@type\":\"Person\",\"@id\":\"https:\/\/meusitejuridico.editorajuspodivm.com.br\/#\/schema\/person\/5c2237ac0c8ff03bcf1a09fe3e45dfce\",\"name\":\"Equipe Meu Site Jur\u00eddico\",\"image\":{\"@type\":\"ImageObject\",\"inLanguage\":\"pt-BR\",\"@id\":\"https:\/\/meusitejuridico.editorajuspodivm.com.br\/#\/schema\/person\/image\/\",\"url\":\"https:\/\/cdn.meusitejuridico.com.br\/s.meusitejuridico\/2020\/07\/6be289aa-logo-msj.png\",\"contentUrl\":\"https:\/\/cdn.meusitejuridico.com.br\/s.meusitejuridico\/2020\/07\/6be289aa-logo-msj.png\",\"caption\":\"Equipe Meu Site Jur\u00eddico\"},\"description\":\"Contem conosco!\",\"url\":\"https:\/\/cdn.meusitejuridico.com.br\/author\/equipe-meu-site-juridico\/\"}]}<\/script>\n<!-- \/ Yoast SEO plugin. -->","yoast_head_json":{"title":"Segundo a Lei de Execu\u00e7\u00e3o Penal, s\u00e3o vedadas as san\u00e7\u00f5es coletivas - Meu site jur\u00eddico","robots":{"index":"index","follow":"follow","max-snippet":"max-snippet:-1","max-image-preview":"max-image-preview:large","max-video-preview":"max-video-preview:-1"},"canonical":"https:\/\/meusitejuridico.com.br\/2021\/06\/07\/segundo-lei-de-execucao-penal-sao-vedadas-sancoes-coletivas\/","og_locale":"pt_BR","og_type":"article","og_title":"Segundo a Lei de Execu\u00e7\u00e3o Penal, s\u00e3o vedadas as san\u00e7\u00f5es coletivas - Meu site jur\u00eddico","og_description":"CERTO No decorrer da execu\u00e7\u00e3o penal, est\u00e3o vedadas as san\u00e7\u00f5es coletivas, desdobramento l\u00f3gico do princ\u00edpio constitucional da personalidade da pena (art. 5\u00ba, XLV). Por isso, determina o art. 57 da LEP: \u201cNa aplica\u00e7\u00e3o das san\u00e7\u00f5es disciplinares, levar-se-\u00e3o em conta a natureza, os motivos, as circunst\u00e2ncias e as consequ\u00eancias do fato, bem como a pessoa do [&hellip;]","og_url":"https:\/\/meusitejuridico.com.br\/2021\/06\/07\/segundo-lei-de-execucao-penal-sao-vedadas-sancoes-coletivas\/","og_site_name":"Meu site jur\u00eddico","article_published_time":"2021-06-07T11:39:59+00:00","og_image":[{"width":1280,"height":853,"url":"https:\/\/meusitejuridico.com.br\/s.meusitejuridico\/2018\/12\/fd0b8d7e-whatsapp-image-2018-12-13-at-180428.jpeg","type":"image\/jpeg"}],"author":"Equipe Meu Site Jur\u00eddico","twitter_card":"summary_large_image","twitter_misc":{"Escrito por":"Equipe Meu Site Jur\u00eddico"},"schema":{"@context":"https:\/\/schema.org","@graph":[{"@type":"Article","@id":"https:\/\/meusitejuridico.com.br\/2021\/06\/07\/segundo-lei-de-execucao-penal-sao-vedadas-sancoes-coletivas\/#article","isPartOf":{"@id":"https:\/\/meusitejuridico.com.br\/2021\/06\/07\/segundo-lei-de-execucao-penal-sao-vedadas-sancoes-coletivas\/"},"author":{"name":"Equipe Meu Site Jur\u00eddico","@id":"https:\/\/meusitejuridico.editorajuspodivm.com.br\/#\/schema\/person\/5c2237ac0c8ff03bcf1a09fe3e45dfce"},"headline":"Segundo a Lei de Execu\u00e7\u00e3o Penal, s\u00e3o vedadas as san\u00e7\u00f5es coletivas","datePublished":"2021-06-07T11:39:59+00:00","mainEntityOfPage":{"@id":"https:\/\/meusitejuridico.com.br\/2021\/06\/07\/segundo-lei-de-execucao-penal-sao-vedadas-sancoes-coletivas\/"},"wordCount":94,"commentCount":0,"publisher":{"@id":"https:\/\/meusitejuridico.editorajuspodivm.com.br\/#organization"},"image":{"@id":"https:\/\/meusitejuridico.com.br\/2021\/06\/07\/segundo-lei-de-execucao-penal-sao-vedadas-sancoes-coletivas\/#primaryimage"},"thumbnailUrl":"https:\/\/cdn.meusitejuridico.com.br\/s.meusitejuridico\/2018\/12\/fd0b8d7e-whatsapp-image-2018-12-13-at-180428.jpeg","keywords":["Execu\u00e7\u00e3o Penal","falta disciplinar"],"articleSection":["Certo ou errado?","Material de aula","Perguntas e Respostas"],"inLanguage":"pt-BR","potentialAction":[{"@type":"CommentAction","name":"Comment","target":["https:\/\/meusitejuridico.com.br\/2021\/06\/07\/segundo-lei-de-execucao-penal-sao-vedadas-sancoes-coletivas\/#respond"]}]},{"@type":"WebPage","@id":"https:\/\/meusitejuridico.com.br\/2021\/06\/07\/segundo-lei-de-execucao-penal-sao-vedadas-sancoes-coletivas\/","url":"https:\/\/meusitejuridico.com.br\/2021\/06\/07\/segundo-lei-de-execucao-penal-sao-vedadas-sancoes-coletivas\/","name":"Segundo a Lei de Execu\u00e7\u00e3o Penal, s\u00e3o vedadas as san\u00e7\u00f5es coletivas - Meu site jur\u00eddico","isPartOf":{"@id":"https:\/\/meusitejuridico.editorajuspodivm.com.br\/#website"},"primaryImageOfPage":{"@id":"https:\/\/meusitejuridico.com.br\/2021\/06\/07\/segundo-lei-de-execucao-penal-sao-vedadas-sancoes-coletivas\/#primaryimage"},"image":{"@id":"https:\/\/meusitejuridico.com.br\/2021\/06\/07\/segundo-lei-de-execucao-penal-sao-vedadas-sancoes-coletivas\/#primaryimage"},"thumbnailUrl":"https:\/\/cdn.meusitejuridico.com.br\/s.meusitejuridico\/2018\/12\/fd0b8d7e-whatsapp-image-2018-12-13-at-180428.jpeg","datePublished":"2021-06-07T11:39:59+00:00","breadcrumb":{"@id":"https:\/\/meusitejuridico.com.br\/2021\/06\/07\/segundo-lei-de-execucao-penal-sao-vedadas-sancoes-coletivas\/#breadcrumb"},"inLanguage":"pt-BR","potentialAction":[{"@type":"ReadAction","target":["https:\/\/meusitejuridico.com.br\/2021\/06\/07\/segundo-lei-de-execucao-penal-sao-vedadas-sancoes-coletivas\/"]}]},{"@type":"ImageObject","inLanguage":"pt-BR","@id":"https:\/\/meusitejuridico.com.br\/2021\/06\/07\/segundo-lei-de-execucao-penal-sao-vedadas-sancoes-coletivas\/#primaryimage","url":"https:\/\/cdn.meusitejuridico.com.br\/s.meusitejuridico\/2018\/12\/fd0b8d7e-whatsapp-image-2018-12-13-at-180428.jpeg","contentUrl":"https:\/\/cdn.meusitejuridico.com.br\/s.meusitejuridico\/2018\/12\/fd0b8d7e-whatsapp-image-2018-12-13-at-180428.jpeg","width":1280,"height":853},{"@type":"BreadcrumbList","@id":"https:\/\/meusitejuridico.com.br\/2021\/06\/07\/segundo-lei-de-execucao-penal-sao-vedadas-sancoes-coletivas\/#breadcrumb","itemListElement":[{"@type":"ListItem","position":1,"name":"In\u00edcio","item":"https:\/\/meusitejuridico.editorajuspodivm.com.br\/"},{"@type":"ListItem","position":2,"name":"Segundo a Lei de Execu\u00e7\u00e3o Penal, s\u00e3o vedadas as san\u00e7\u00f5es coletivas"}]},{"@type":"WebSite","@id":"https:\/\/meusitejuridico.editorajuspodivm.com.br\/#website","url":"https:\/\/meusitejuridico.editorajuspodivm.com.br\/","name":"Meu site jur\u00eddico","description":"Meu site jur\u00eddico","publisher":{"@id":"https:\/\/meusitejuridico.editorajuspodivm.com.br\/#organization"},"potentialAction":[{"@type":"SearchAction","target":{"@type":"EntryPoint","urlTemplate":"https:\/\/meusitejuridico.editorajuspodivm.com.br\/?s={search_term_string}"},"query-input":{"@type":"PropertyValueSpecification","valueRequired":true,"valueName":"search_term_string"}}],"inLanguage":"pt-BR"},{"@type":"Organization","@id":"https:\/\/meusitejuridico.editorajuspodivm.com.br\/#organization","name":"Meu site jur\u00eddico","url":"https:\/\/meusitejuridico.editorajuspodivm.com.br\/","logo":{"@type":"ImageObject","inLanguage":"pt-BR","@id":"https:\/\/meusitejuridico.editorajuspodivm.com.br\/#\/schema\/logo\/image\/","url":"https:\/\/cdn.meusitejuridico.com.br\/s.meusitejuridico\/2022\/03\/cropped-baeec2a3-msj-02-01-01.png","contentUrl":"https:\/\/cdn.meusitejuridico.com.br\/s.meusitejuridico\/2022\/03\/cropped-baeec2a3-msj-02-01-01.png","width":349,"height":243,"caption":"Meu site jur\u00eddico"},"image":{"@id":"https:\/\/meusitejuridico.editorajuspodivm.com.br\/#\/schema\/logo\/image\/"}},{"@type":"Person","@id":"https:\/\/meusitejuridico.editorajuspodivm.com.br\/#\/schema\/person\/5c2237ac0c8ff03bcf1a09fe3e45dfce","name":"Equipe Meu Site Jur\u00eddico","image":{"@type":"ImageObject","inLanguage":"pt-BR","@id":"https:\/\/meusitejuridico.editorajuspodivm.com.br\/#\/schema\/person\/image\/","url":"https:\/\/cdn.meusitejuridico.com.br\/s.meusitejuridico\/2020\/07\/6be289aa-logo-msj.png","contentUrl":"https:\/\/cdn.meusitejuridico.com.br\/s.meusitejuridico\/2020\/07\/6be289aa-logo-msj.png","caption":"Equipe Meu Site Jur\u00eddico"},"description":"Contem conosco!","url":"https:\/\/cdn.meusitejuridico.com.br\/author\/equipe-meu-site-juridico\/"}]}},"_links":{"self":[{"href":"https:\/\/cdn.meusitejuridico.com.br\/api\/wp\/v2\/posts\/13504","targetHints":{"allow":["GET"]}}],"collection":[{"href":"https:\/\/cdn.meusitejuridico.com.br\/api\/wp\/v2\/posts"}],"about":[{"href":"https:\/\/cdn.meusitejuridico.com.br\/api\/wp\/v2\/types\/post"}],"author":[{"embeddable":true,"href":"https:\/\/cdn.meusitejuridico.com.br\/api\/wp\/v2\/users\/7"}],"replies":[{"embeddable":true,"href":"https:\/\/cdn.meusitejuridico.com.br\/api\/wp\/v2\/comments?post=13504"}],"version-history":[{"count":1,"href":"https:\/\/cdn.meusitejuridico.com.br\/api\/wp\/v2\/posts\/13504\/revisions"}],"predecessor-version":[{"id":13505,"href":"https:\/\/cdn.meusitejuridico.com.br\/api\/wp\/v2\/posts\/13504\/revisions\/13505"}],"wp:featuredmedia":[{"embeddable":true,"href":"https:\/\/cdn.meusitejuridico.com.br\/api\/wp\/v2\/media\/7036"}],"wp:attachment":[{"href":"https:\/\/cdn.meusitejuridico.com.br\/api\/wp\/v2\/media?parent=13504"}],"wp:term":[{"taxonomy":"category","embeddable":true,"href":"https:\/\/cdn.meusitejuridico.com.br\/api\/wp\/v2\/categories?post=13504"},{"taxonomy":"post_tag","embeddable":true,"href":"https:\/\/cdn.meusitejuridico.com.br\/api\/wp\/v2\/tags?post=13504"}],"curies":[{"name":"wp","href":"https:\/\/api.w.org\/{rel}","templated":true}]}}