{"id":14315,"date":"2021-11-16T17:48:10","date_gmt":"2021-11-16T19:48:10","guid":{"rendered":"https:\/\/meusitejuridico.editorajuspodivm.com.br\/?p=14315"},"modified":"2021-11-16T17:48:10","modified_gmt":"2021-11-16T19:48:10","slug":"caso-allan-dos-santos-narrativas-e-arbitrios-x-constitucionalidade-e-legalidade","status":"publish","type":"post","link":"https:\/\/cdn.meusitejuridico.com.br\/2021\/11\/16\/caso-allan-dos-santos-narrativas-e-arbitrios-x-constitucionalidade-e-legalidade\/","title":{"rendered":"Caso Allan dos Santos: Narrativas e arb\u00edtrios x constitucionalidade e legalidade"},"content":{"rendered":"<p style=\"text-align: right;\"><strong>\u201cPior do que um bandoleiro, <\/strong><\/p>\n<p style=\"text-align: right;\"><strong>s\u00f3 um tribunal falso<\/strong><\/p>\n<p style=\"text-align: right;\"><strong>Onde dorme a lei, o juiz \u00e9 nosso inimigo<\/strong><\/p>\n<p style=\"text-align: right;\"><strong>O pesco\u00e7o do cidad\u00e3o, sem abrigo,<\/strong><\/p>\n<p style=\"text-align: right;\"><strong>Estende-se para o cadafalso\u201d.<\/strong><\/p>\n<p style=\"text-align: right;\"><strong>G\u00e1vrila Romanovich Derzhav\u00edn (1743 \u2013 1816)<\/strong><\/p>\n<p>&nbsp;<\/p>\n<p>&nbsp;<\/p>\n<p>Em meio ao turbilh\u00e3o de narrativas sem lastro probat\u00f3rio (ou pior, sem assento na realidade dos fatos) e arb\u00edtrios a que nos vamos, na falta de melhor palavra, \u201cacostumando\u201d ou \u201csendo acostumados\u201d (a f\u00f3rceps), eis que surge a not\u00edcia da decreta\u00e7\u00e3o pelo STF da pris\u00e3o preventiva do jornalista ALLAN LOPES DOS SANTOS. E n\u00e3o somente isso, do bloqueio de todos os seus recursos financeiros pessoais e empresariais, bem como do fechamento do ve\u00edculo de imprensa de sua titularidade denominado TER\u00c7A LIVRE e ainda da determina\u00e7\u00e3o de sua extradi\u00e7\u00e3o dos Estados Unidos, onde se encontra, para o Brasil.<\/p>\n<p>Obviamente h\u00e1 imensa despropor\u00e7\u00e3o (sem considerar mais profundamente por ora o m\u00e9rito) nessa decis\u00e3o inusitada, sendo indispens\u00e1vel, nem mesmo que seja somente para registro hist\u00f3rico, dadas as peculiaridades do momento a n\u00e3o alimentarem maiores esperan\u00e7as de justi\u00e7a, analisar suas insustent\u00e1veis bases que mal se podem comparar aos famosos p\u00e9s de barro de um gigante, j\u00e1 que a \u00fanica coisa realmente gigantesca \u00e9 exatamente a aus\u00eancia de qualquer esp\u00e9cie de sustenta\u00e7\u00e3o plaus\u00edvel para as medidas draconianas adotadas em afronta \u00e0 Constitui\u00e7\u00e3o, \u00e0s leis e at\u00e9 mesmo \u00e0 isonomia com rela\u00e7\u00e3o a outros profissionais, \u00f3rg\u00e3os de imprensa e indiv\u00edduos.<\/p>\n<p><strong>CLIQUE <a href=\"https:\/\/s3.meusitejuridico.com.br\/2021\/11\/4d6b11f8-caso-allan-dos-santos.pdf\" target=\"_blank\" rel=\"noopener\">AQUI<\/a> PARA LER O ARTIGO COMPLETO<\/strong><\/p>\n<p>&nbsp;<\/p>\n","protected":false},"excerpt":{"rendered":"<p>\u201cPior do que um bandoleiro, s\u00f3 um tribunal falso Onde dorme a lei, o juiz \u00e9 nosso inimigo O pesco\u00e7o do cidad\u00e3o, sem abrigo, Estende-se para o cadafalso\u201d. G\u00e1vrila Romanovich Derzhav\u00edn (1743 \u2013 1816) &nbsp; &nbsp; Em meio ao turbilh\u00e3o de narrativas sem lastro probat\u00f3rio (ou pior, sem assento na realidade dos fatos) e arb\u00edtrios [&hellip;]<\/p>\n","protected":false},"author":14,"featured_media":7711,"comment_status":"open","ping_status":"open","sticky":false,"template":"","format":"standard","meta":{"_acf_changed":false,"footnotes":""},"categories":[1],"tags":[],"class_list":["post-14315","post","type-post","status-publish","format-standard","has-post-thumbnail","hentry","category-artigos"],"acf":[],"yoast_head":"<!-- This site is optimized with the Yoast SEO plugin v24.8.1 - https:\/\/yoast.com\/wordpress\/plugins\/seo\/ -->\n<title>Caso Allan dos Santos: Narrativas e arb\u00edtrios x constitucionalidade e legalidade - Meu site jur\u00eddico<\/title>\n<meta name=\"robots\" content=\"index, follow, max-snippet:-1, max-image-preview:large, max-video-preview:-1\" \/>\n<link rel=\"canonical\" href=\"https:\/\/meusitejuridico.com.br\/2021\/11\/16\/caso-allan-dos-santos-narrativas-e-arbitrios-x-constitucionalidade-e-legalidade\/\" \/>\n<meta property=\"og:locale\" content=\"pt_BR\" \/>\n<meta property=\"og:type\" content=\"article\" \/>\n<meta property=\"og:title\" content=\"Caso Allan dos Santos: Narrativas e arb\u00edtrios x constitucionalidade e legalidade - Meu site jur\u00eddico\" \/>\n<meta property=\"og:description\" content=\"\u201cPior do que um bandoleiro, s\u00f3 um tribunal falso Onde dorme a lei, o juiz \u00e9 nosso inimigo O pesco\u00e7o do cidad\u00e3o, sem abrigo, Estende-se para o cadafalso\u201d. G\u00e1vrila Romanovich Derzhav\u00edn (1743 \u2013 1816) &nbsp; &nbsp; Em meio ao turbilh\u00e3o de narrativas sem lastro probat\u00f3rio (ou pior, sem assento na realidade dos fatos) e arb\u00edtrios [&hellip;]\" \/>\n<meta property=\"og:url\" content=\"https:\/\/meusitejuridico.com.br\/2021\/11\/16\/caso-allan-dos-santos-narrativas-e-arbitrios-x-constitucionalidade-e-legalidade\/\" \/>\n<meta property=\"og:site_name\" content=\"Meu site jur\u00eddico\" \/>\n<meta property=\"article:published_time\" content=\"2021-11-16T19:48:10+00:00\" \/>\n<meta property=\"og:image\" content=\"https:\/\/meusitejuridico.com.br\/s.meusitejuridico\/2019\/02\/58feea3b-shutterstock-565597579.jpg\" \/>\n\t<meta property=\"og:image:width\" content=\"1000\" \/>\n\t<meta property=\"og:image:height\" content=\"667\" \/>\n\t<meta property=\"og:image:type\" content=\"image\/jpeg\" \/>\n<meta name=\"author\" content=\"Eduardo Luiz Santos Cabette\" \/>\n<meta name=\"twitter:card\" content=\"summary_large_image\" \/>\n<meta name=\"twitter:label1\" content=\"Escrito por\" \/>\n\t<meta name=\"twitter:data1\" content=\"Eduardo Luiz Santos Cabette\" \/>\n\t<meta name=\"twitter:label2\" content=\"Est. tempo de leitura\" \/>\n\t<meta name=\"twitter:data2\" content=\"1 minuto\" \/>\n<script type=\"application\/ld+json\" class=\"yoast-schema-graph\">{\"@context\":\"https:\/\/schema.org\",\"@graph\":[{\"@type\":\"Article\",\"@id\":\"https:\/\/meusitejuridico.com.br\/2021\/11\/16\/caso-allan-dos-santos-narrativas-e-arbitrios-x-constitucionalidade-e-legalidade\/#article\",\"isPartOf\":{\"@id\":\"https:\/\/meusitejuridico.com.br\/2021\/11\/16\/caso-allan-dos-santos-narrativas-e-arbitrios-x-constitucionalidade-e-legalidade\/\"},\"author\":{\"name\":\"Eduardo Luiz Santos Cabette\",\"@id\":\"https:\/\/cdn.meusitejuridico.com.br\/#\/schema\/person\/8b773c6b3452b86fbd88dbfe07bc42db\"},\"headline\":\"Caso Allan dos Santos: Narrativas e arb\u00edtrios x constitucionalidade e legalidade\",\"datePublished\":\"2021-11-16T19:48:10+00:00\",\"mainEntityOfPage\":{\"@id\":\"https:\/\/meusitejuridico.com.br\/2021\/11\/16\/caso-allan-dos-santos-narrativas-e-arbitrios-x-constitucionalidade-e-legalidade\/\"},\"wordCount\":277,\"commentCount\":0,\"publisher\":{\"@id\":\"https:\/\/cdn.meusitejuridico.com.br\/#organization\"},\"image\":{\"@id\":\"https:\/\/meusitejuridico.com.br\/2021\/11\/16\/caso-allan-dos-santos-narrativas-e-arbitrios-x-constitucionalidade-e-legalidade\/#primaryimage\"},\"thumbnailUrl\":\"https:\/\/cdn.meusitejuridico.com.br\/s.meusitejuridico\/2019\/02\/58feea3b-shutterstock-565597579.jpg\",\"articleSection\":[\"Artigos\"],\"inLanguage\":\"pt-BR\",\"potentialAction\":[{\"@type\":\"CommentAction\",\"name\":\"Comment\",\"target\":[\"https:\/\/meusitejuridico.com.br\/2021\/11\/16\/caso-allan-dos-santos-narrativas-e-arbitrios-x-constitucionalidade-e-legalidade\/#respond\"]}]},{\"@type\":\"WebPage\",\"@id\":\"https:\/\/meusitejuridico.com.br\/2021\/11\/16\/caso-allan-dos-santos-narrativas-e-arbitrios-x-constitucionalidade-e-legalidade\/\",\"url\":\"https:\/\/meusitejuridico.com.br\/2021\/11\/16\/caso-allan-dos-santos-narrativas-e-arbitrios-x-constitucionalidade-e-legalidade\/\",\"name\":\"Caso Allan dos Santos: Narrativas e arb\u00edtrios x constitucionalidade e legalidade - Meu site jur\u00eddico\",\"isPartOf\":{\"@id\":\"https:\/\/cdn.meusitejuridico.com.br\/#website\"},\"primaryImageOfPage\":{\"@id\":\"https:\/\/meusitejuridico.com.br\/2021\/11\/16\/caso-allan-dos-santos-narrativas-e-arbitrios-x-constitucionalidade-e-legalidade\/#primaryimage\"},\"image\":{\"@id\":\"https:\/\/meusitejuridico.com.br\/2021\/11\/16\/caso-allan-dos-santos-narrativas-e-arbitrios-x-constitucionalidade-e-legalidade\/#primaryimage\"},\"thumbnailUrl\":\"https:\/\/cdn.meusitejuridico.com.br\/s.meusitejuridico\/2019\/02\/58feea3b-shutterstock-565597579.jpg\",\"datePublished\":\"2021-11-16T19:48:10+00:00\",\"breadcrumb\":{\"@id\":\"https:\/\/meusitejuridico.com.br\/2021\/11\/16\/caso-allan-dos-santos-narrativas-e-arbitrios-x-constitucionalidade-e-legalidade\/#breadcrumb\"},\"inLanguage\":\"pt-BR\",\"potentialAction\":[{\"@type\":\"ReadAction\",\"target\":[\"https:\/\/meusitejuridico.com.br\/2021\/11\/16\/caso-allan-dos-santos-narrativas-e-arbitrios-x-constitucionalidade-e-legalidade\/\"]}]},{\"@type\":\"ImageObject\",\"inLanguage\":\"pt-BR\",\"@id\":\"https:\/\/meusitejuridico.com.br\/2021\/11\/16\/caso-allan-dos-santos-narrativas-e-arbitrios-x-constitucionalidade-e-legalidade\/#primaryimage\",\"url\":\"https:\/\/cdn.meusitejuridico.com.br\/s.meusitejuridico\/2019\/02\/58feea3b-shutterstock-565597579.jpg\",\"contentUrl\":\"https:\/\/cdn.meusitejuridico.com.br\/s.meusitejuridico\/2019\/02\/58feea3b-shutterstock-565597579.jpg\",\"width\":1000,\"height\":667},{\"@type\":\"BreadcrumbList\",\"@id\":\"https:\/\/meusitejuridico.com.br\/2021\/11\/16\/caso-allan-dos-santos-narrativas-e-arbitrios-x-constitucionalidade-e-legalidade\/#breadcrumb\",\"itemListElement\":[{\"@type\":\"ListItem\",\"position\":1,\"name\":\"In\u00edcio\",\"item\":\"https:\/\/cdn.meusitejuridico.com.br\/\"},{\"@type\":\"ListItem\",\"position\":2,\"name\":\"Caso Allan dos Santos: Narrativas e arb\u00edtrios x constitucionalidade e legalidade\"}]},{\"@type\":\"WebSite\",\"@id\":\"https:\/\/cdn.meusitejuridico.com.br\/#website\",\"url\":\"https:\/\/cdn.meusitejuridico.com.br\/\",\"name\":\"Meu site jur\u00eddico\",\"description\":\"Meu site jur\u00eddico\",\"publisher\":{\"@id\":\"https:\/\/cdn.meusitejuridico.com.br\/#organization\"},\"potentialAction\":[{\"@type\":\"SearchAction\",\"target\":{\"@type\":\"EntryPoint\",\"urlTemplate\":\"https:\/\/cdn.meusitejuridico.com.br\/?s={search_term_string}\"},\"query-input\":{\"@type\":\"PropertyValueSpecification\",\"valueRequired\":true,\"valueName\":\"search_term_string\"}}],\"inLanguage\":\"pt-BR\"},{\"@type\":\"Organization\",\"@id\":\"https:\/\/cdn.meusitejuridico.com.br\/#organization\",\"name\":\"Meu site jur\u00eddico\",\"url\":\"https:\/\/cdn.meusitejuridico.com.br\/\",\"logo\":{\"@type\":\"ImageObject\",\"inLanguage\":\"pt-BR\",\"@id\":\"https:\/\/cdn.meusitejuridico.com.br\/#\/schema\/logo\/image\/\",\"url\":\"https:\/\/cdn.meusitejuridico.com.br\/s.meusitejuridico\/2022\/03\/cropped-baeec2a3-msj-02-01-01.png\",\"contentUrl\":\"https:\/\/cdn.meusitejuridico.com.br\/s.meusitejuridico\/2022\/03\/cropped-baeec2a3-msj-02-01-01.png\",\"width\":349,\"height\":243,\"caption\":\"Meu site jur\u00eddico\"},\"image\":{\"@id\":\"https:\/\/cdn.meusitejuridico.com.br\/#\/schema\/logo\/image\/\"}},{\"@type\":\"Person\",\"@id\":\"https:\/\/cdn.meusitejuridico.com.br\/#\/schema\/person\/8b773c6b3452b86fbd88dbfe07bc42db\",\"name\":\"Eduardo Luiz Santos Cabette\",\"image\":{\"@type\":\"ImageObject\",\"inLanguage\":\"pt-BR\",\"@id\":\"https:\/\/cdn.meusitejuridico.com.br\/#\/schema\/person\/image\/\",\"url\":\"https:\/\/cdn.meusitejuridico.com.br\/s.meusitejuridico\/2017\/04\/9ddea50d-cabette-150x150.jpg\",\"contentUrl\":\"https:\/\/cdn.meusitejuridico.com.br\/s.meusitejuridico\/2017\/04\/9ddea50d-cabette-150x150.jpg\",\"caption\":\"Eduardo Luiz Santos Cabette\"},\"description\":\"Delegado de Pol\u00edcia Aposentado, Mestre em Direito Social, P\u00f3s \u2013 graduado em Direito Penal e Criminologia e Professor de Direito Penal, Processo Penal, Medicina Legal, Criminologia e Legisla\u00e7\u00e3o Penal e Processual Penal Especial em gradua\u00e7\u00e3o, p\u00f3s \u2013 gradua\u00e7\u00e3o e cursos preparat\u00f3rios\",\"url\":\"https:\/\/cdn.meusitejuridico.com.br\/author\/503679806421\/\"}]}<\/script>\n<!-- \/ Yoast SEO plugin. -->","yoast_head_json":{"title":"Caso Allan dos Santos: Narrativas e arb\u00edtrios x constitucionalidade e legalidade - Meu site jur\u00eddico","robots":{"index":"index","follow":"follow","max-snippet":"max-snippet:-1","max-image-preview":"max-image-preview:large","max-video-preview":"max-video-preview:-1"},"canonical":"https:\/\/meusitejuridico.com.br\/2021\/11\/16\/caso-allan-dos-santos-narrativas-e-arbitrios-x-constitucionalidade-e-legalidade\/","og_locale":"pt_BR","og_type":"article","og_title":"Caso Allan dos Santos: Narrativas e arb\u00edtrios x constitucionalidade e legalidade - Meu site jur\u00eddico","og_description":"\u201cPior do que um bandoleiro, s\u00f3 um tribunal falso Onde dorme a lei, o juiz \u00e9 nosso inimigo O pesco\u00e7o do cidad\u00e3o, sem abrigo, Estende-se para o cadafalso\u201d. G\u00e1vrila Romanovich Derzhav\u00edn (1743 \u2013 1816) &nbsp; &nbsp; Em meio ao turbilh\u00e3o de narrativas sem lastro probat\u00f3rio (ou pior, sem assento na realidade dos fatos) e arb\u00edtrios [&hellip;]","og_url":"https:\/\/meusitejuridico.com.br\/2021\/11\/16\/caso-allan-dos-santos-narrativas-e-arbitrios-x-constitucionalidade-e-legalidade\/","og_site_name":"Meu site jur\u00eddico","article_published_time":"2021-11-16T19:48:10+00:00","og_image":[{"width":1000,"height":667,"url":"https:\/\/meusitejuridico.com.br\/s.meusitejuridico\/2019\/02\/58feea3b-shutterstock-565597579.jpg","type":"image\/jpeg"}],"author":"Eduardo Luiz Santos Cabette","twitter_card":"summary_large_image","twitter_misc":{"Escrito por":"Eduardo Luiz Santos Cabette","Est. tempo de leitura":"1 minuto"},"schema":{"@context":"https:\/\/schema.org","@graph":[{"@type":"Article","@id":"https:\/\/meusitejuridico.com.br\/2021\/11\/16\/caso-allan-dos-santos-narrativas-e-arbitrios-x-constitucionalidade-e-legalidade\/#article","isPartOf":{"@id":"https:\/\/meusitejuridico.com.br\/2021\/11\/16\/caso-allan-dos-santos-narrativas-e-arbitrios-x-constitucionalidade-e-legalidade\/"},"author":{"name":"Eduardo Luiz Santos Cabette","@id":"https:\/\/cdn.meusitejuridico.com.br\/#\/schema\/person\/8b773c6b3452b86fbd88dbfe07bc42db"},"headline":"Caso Allan dos Santos: Narrativas e arb\u00edtrios x constitucionalidade e legalidade","datePublished":"2021-11-16T19:48:10+00:00","mainEntityOfPage":{"@id":"https:\/\/meusitejuridico.com.br\/2021\/11\/16\/caso-allan-dos-santos-narrativas-e-arbitrios-x-constitucionalidade-e-legalidade\/"},"wordCount":277,"commentCount":0,"publisher":{"@id":"https:\/\/cdn.meusitejuridico.com.br\/#organization"},"image":{"@id":"https:\/\/meusitejuridico.com.br\/2021\/11\/16\/caso-allan-dos-santos-narrativas-e-arbitrios-x-constitucionalidade-e-legalidade\/#primaryimage"},"thumbnailUrl":"https:\/\/cdn.meusitejuridico.com.br\/s.meusitejuridico\/2019\/02\/58feea3b-shutterstock-565597579.jpg","articleSection":["Artigos"],"inLanguage":"pt-BR","potentialAction":[{"@type":"CommentAction","name":"Comment","target":["https:\/\/meusitejuridico.com.br\/2021\/11\/16\/caso-allan-dos-santos-narrativas-e-arbitrios-x-constitucionalidade-e-legalidade\/#respond"]}]},{"@type":"WebPage","@id":"https:\/\/meusitejuridico.com.br\/2021\/11\/16\/caso-allan-dos-santos-narrativas-e-arbitrios-x-constitucionalidade-e-legalidade\/","url":"https:\/\/meusitejuridico.com.br\/2021\/11\/16\/caso-allan-dos-santos-narrativas-e-arbitrios-x-constitucionalidade-e-legalidade\/","name":"Caso Allan dos Santos: Narrativas e arb\u00edtrios x constitucionalidade e legalidade - Meu site jur\u00eddico","isPartOf":{"@id":"https:\/\/cdn.meusitejuridico.com.br\/#website"},"primaryImageOfPage":{"@id":"https:\/\/meusitejuridico.com.br\/2021\/11\/16\/caso-allan-dos-santos-narrativas-e-arbitrios-x-constitucionalidade-e-legalidade\/#primaryimage"},"image":{"@id":"https:\/\/meusitejuridico.com.br\/2021\/11\/16\/caso-allan-dos-santos-narrativas-e-arbitrios-x-constitucionalidade-e-legalidade\/#primaryimage"},"thumbnailUrl":"https:\/\/cdn.meusitejuridico.com.br\/s.meusitejuridico\/2019\/02\/58feea3b-shutterstock-565597579.jpg","datePublished":"2021-11-16T19:48:10+00:00","breadcrumb":{"@id":"https:\/\/meusitejuridico.com.br\/2021\/11\/16\/caso-allan-dos-santos-narrativas-e-arbitrios-x-constitucionalidade-e-legalidade\/#breadcrumb"},"inLanguage":"pt-BR","potentialAction":[{"@type":"ReadAction","target":["https:\/\/meusitejuridico.com.br\/2021\/11\/16\/caso-allan-dos-santos-narrativas-e-arbitrios-x-constitucionalidade-e-legalidade\/"]}]},{"@type":"ImageObject","inLanguage":"pt-BR","@id":"https:\/\/meusitejuridico.com.br\/2021\/11\/16\/caso-allan-dos-santos-narrativas-e-arbitrios-x-constitucionalidade-e-legalidade\/#primaryimage","url":"https:\/\/cdn.meusitejuridico.com.br\/s.meusitejuridico\/2019\/02\/58feea3b-shutterstock-565597579.jpg","contentUrl":"https:\/\/cdn.meusitejuridico.com.br\/s.meusitejuridico\/2019\/02\/58feea3b-shutterstock-565597579.jpg","width":1000,"height":667},{"@type":"BreadcrumbList","@id":"https:\/\/meusitejuridico.com.br\/2021\/11\/16\/caso-allan-dos-santos-narrativas-e-arbitrios-x-constitucionalidade-e-legalidade\/#breadcrumb","itemListElement":[{"@type":"ListItem","position":1,"name":"In\u00edcio","item":"https:\/\/cdn.meusitejuridico.com.br\/"},{"@type":"ListItem","position":2,"name":"Caso Allan dos Santos: Narrativas e arb\u00edtrios x constitucionalidade e legalidade"}]},{"@type":"WebSite","@id":"https:\/\/cdn.meusitejuridico.com.br\/#website","url":"https:\/\/cdn.meusitejuridico.com.br\/","name":"Meu site jur\u00eddico","description":"Meu site jur\u00eddico","publisher":{"@id":"https:\/\/cdn.meusitejuridico.com.br\/#organization"},"potentialAction":[{"@type":"SearchAction","target":{"@type":"EntryPoint","urlTemplate":"https:\/\/cdn.meusitejuridico.com.br\/?s={search_term_string}"},"query-input":{"@type":"PropertyValueSpecification","valueRequired":true,"valueName":"search_term_string"}}],"inLanguage":"pt-BR"},{"@type":"Organization","@id":"https:\/\/cdn.meusitejuridico.com.br\/#organization","name":"Meu site jur\u00eddico","url":"https:\/\/cdn.meusitejuridico.com.br\/","logo":{"@type":"ImageObject","inLanguage":"pt-BR","@id":"https:\/\/cdn.meusitejuridico.com.br\/#\/schema\/logo\/image\/","url":"https:\/\/cdn.meusitejuridico.com.br\/s.meusitejuridico\/2022\/03\/cropped-baeec2a3-msj-02-01-01.png","contentUrl":"https:\/\/cdn.meusitejuridico.com.br\/s.meusitejuridico\/2022\/03\/cropped-baeec2a3-msj-02-01-01.png","width":349,"height":243,"caption":"Meu site jur\u00eddico"},"image":{"@id":"https:\/\/cdn.meusitejuridico.com.br\/#\/schema\/logo\/image\/"}},{"@type":"Person","@id":"https:\/\/cdn.meusitejuridico.com.br\/#\/schema\/person\/8b773c6b3452b86fbd88dbfe07bc42db","name":"Eduardo Luiz Santos Cabette","image":{"@type":"ImageObject","inLanguage":"pt-BR","@id":"https:\/\/cdn.meusitejuridico.com.br\/#\/schema\/person\/image\/","url":"https:\/\/cdn.meusitejuridico.com.br\/s.meusitejuridico\/2017\/04\/9ddea50d-cabette-150x150.jpg","contentUrl":"https:\/\/cdn.meusitejuridico.com.br\/s.meusitejuridico\/2017\/04\/9ddea50d-cabette-150x150.jpg","caption":"Eduardo Luiz Santos Cabette"},"description":"Delegado de Pol\u00edcia Aposentado, Mestre em Direito Social, P\u00f3s \u2013 graduado em Direito Penal e Criminologia e Professor de Direito Penal, Processo Penal, Medicina Legal, Criminologia e Legisla\u00e7\u00e3o Penal e Processual Penal Especial em gradua\u00e7\u00e3o, p\u00f3s \u2013 gradua\u00e7\u00e3o e cursos preparat\u00f3rios","url":"https:\/\/cdn.meusitejuridico.com.br\/author\/503679806421\/"}]}},"_links":{"self":[{"href":"https:\/\/cdn.meusitejuridico.com.br\/api\/wp\/v2\/posts\/14315","targetHints":{"allow":["GET"]}}],"collection":[{"href":"https:\/\/cdn.meusitejuridico.com.br\/api\/wp\/v2\/posts"}],"about":[{"href":"https:\/\/cdn.meusitejuridico.com.br\/api\/wp\/v2\/types\/post"}],"author":[{"embeddable":true,"href":"https:\/\/cdn.meusitejuridico.com.br\/api\/wp\/v2\/users\/14"}],"replies":[{"embeddable":true,"href":"https:\/\/cdn.meusitejuridico.com.br\/api\/wp\/v2\/comments?post=14315"}],"version-history":[{"count":3,"href":"https:\/\/cdn.meusitejuridico.com.br\/api\/wp\/v2\/posts\/14315\/revisions"}],"predecessor-version":[{"id":14319,"href":"https:\/\/cdn.meusitejuridico.com.br\/api\/wp\/v2\/posts\/14315\/revisions\/14319"}],"wp:featuredmedia":[{"embeddable":true,"href":"https:\/\/cdn.meusitejuridico.com.br\/api\/wp\/v2\/media\/7711"}],"wp:attachment":[{"href":"https:\/\/cdn.meusitejuridico.com.br\/api\/wp\/v2\/media?parent=14315"}],"wp:term":[{"taxonomy":"category","embeddable":true,"href":"https:\/\/cdn.meusitejuridico.com.br\/api\/wp\/v2\/categories?post=14315"},{"taxonomy":"post_tag","embeddable":true,"href":"https:\/\/cdn.meusitejuridico.com.br\/api\/wp\/v2\/tags?post=14315"}],"curies":[{"name":"wp","href":"https:\/\/api.w.org\/{rel}","templated":true}]}}