{"id":14328,"date":"2021-11-23T13:16:08","date_gmt":"2021-11-23T15:16:08","guid":{"rendered":"https:\/\/meusitejuridico.editorajuspodivm.com.br\/?p=14328"},"modified":"2021-11-23T13:16:08","modified_gmt":"2021-11-23T15:16:08","slug":"realizado-por-equivoco-julgamento-em-duplicidade-de-um-recurso-civel-qual-acordao-prevalecera","status":"publish","type":"post","link":"https:\/\/cdn.meusitejuridico.com.br\/2021\/11\/23\/realizado-por-equivoco-julgamento-em-duplicidade-de-um-recurso-civel-qual-acordao-prevalecera\/","title":{"rendered":"Realizado, por equ\u00edvoco, julgamento em duplicidade de um recurso c\u00edvel, qual ac\u00f3rd\u00e3o prevalecer\u00e1?"},"content":{"rendered":"<p>De acordo com o <strong>art. 494 do C\u00f3digo de Processo Civil,<\/strong> publicada a senten\u00e7a, o juiz s\u00f3 poder\u00e1 alter\u00e1-la: <strong>i)<\/strong> para corrigir-lhe, de of\u00edcio ou a requerimento da parte, inexatid\u00f5es materiais ou erros de c\u00e1lculo; e <strong>ii)<\/strong> por meio de embargos de declara\u00e7\u00e3o.<\/p>\n<p>A publica\u00e7\u00e3o da senten\u00e7a <strong>representa a<\/strong> <strong>entrega da tutela jurisdicional pelo \u00f3rg\u00e3o julgador<\/strong>. Embora a realiza\u00e7\u00e3o da tutela prestada possa depender ainda de alguma provid\u00eancia ou mesmo de uma nova fase processual (cumprimento de senten\u00e7a, v.g.), uma vez publicada a senten\u00e7a, <u>o juiz n\u00e3o pode livremente modifica\u0301-la<\/u>. Essa e\u0301 a regra estabelecida no dispositivo em comento (art. 494), que se aplica indistintamente \u00e0s decis\u00f5es de m\u00e9rito, inclusive \u00e0s parciais (CPC, art. 356), bem como \u00e0s terminativas, proferidas em qualquer grau de jurisdi\u00e7\u00e3o \u2013 FONSECA, Jo\u00e3o Francisco Neves da. <em>Coment\u00e1rios ao C\u00f3digo de Processo Civil:<\/em> da senten\u00e7a e da coisa julgada. S\u00e3o Paulo: 2017, p. 81.<\/p>\n<p>O dispositivo legal mencionado, consagra o <strong>princ\u00edpio da inalterabilidade da senten\u00e7a pelo juiz<\/strong>. Cumpre destacar, por\u00e9m, como apontam<strong> Nelson Nery Junior <\/strong>e<strong> Rosa Maria de Andrade Nery <\/strong>(<em>C\u00f3digo de Processo Civil Comentado<\/em>. S\u00e3o Paulo: RT, 2020, p. RL-1.98), h\u00e1 outras exce\u00e7\u00f5es ao princ\u00edpio da inalterabilidade da senten\u00e7a pelo juiz, como \u00e9 o caso dos art. 331 e 332 do CPC.<\/p>\n<p>A ess\u00eancia da diretriz normativa contida no art. 494 do CPC, \u00e9 aplic\u00e1vel aos tribunais. Logo, publicado o ac\u00f3rd\u00e3o, o juiz\/desembargador s\u00f3 poder\u00e1 alter\u00e1-lo nas situa\u00e7\u00f5es descritas no art. 494 do CPC.<\/p>\n<p>No distante, <strong>REsp 222.570\/BA<\/strong>, o STJ j\u00e1 assentara que, regularmente publicado o ac\u00f3rd\u00e3o em embargos de declara\u00e7\u00e3o, n\u00e3o pode a c\u00e2mara julgadora em outra sess\u00e3o, ainda que ao argumento de ju\u00edzo de reconsidera\u00e7\u00e3o nos ditos embargos de declara\u00e7\u00e3o, &#8220;ex officio&#8221;, alterar a subst\u00e2ncia do m\u00e9rito do primeiro julgado, eis que, ausente a evid\u00eancia de simples corre\u00e7\u00e3o de erro material, <strong>restava exaurido o of\u00edcio jurisdicional daquele colegiado<\/strong>, havendo que se ter como <u>ofendido<\/u> o art. 463 do CPC\/1973 (atual art. 494). Na hip\u00f3tese, ao entendimento de repara\u00e7\u00e3o de mero erro material, o colegiado &#8220;a quo&#8221;, em sess\u00e3o diversa, ap\u00f3s publicado o ac\u00f3rd\u00e3o de embargos de declara\u00e7\u00e3o, <strong>veio a proferir, de of\u00edcio, novo julgamento dos ditos embargos, alterando substancialmente o m\u00e9rito do decis\u00f3rio primitivo<\/strong> \u2013 <strong>REsp 222.570\/BA<\/strong>, Rel. Min. Gilson Dipp, Quinta Turma, julgado em 04\/04\/2000, DJ 02\/05\/2000, p. 162). <em>Tal comportamento processual n\u00e3o \u00e9 poss\u00edvel.<\/em><\/p>\n<p>Assim, no \u00e2mbito c\u00edvel, havendo, por equ\u00edvoco, <u>duplo julgamento do mesmo recurso<\/u>, seja resultando na mesma solu\u00e7\u00e3o jur\u00eddica, seja desaguando em decis\u00f5es diferentes, penso que <strong>o<\/strong> <strong>primeiro ac\u00f3rd\u00e3o deve prevalecer<\/strong>, por for\u00e7a do que disp\u00f5e o art. 494 do CPC, e, portanto, a segunda decis\u00e3o colegiada deve ser anulada.<\/p>\n<p>Nessa linha, aponta Fonseca (2017, p. 82) que se o juiz proferir decis\u00e3o alterando indevidamente senten\u00e7a ja\u0301 publicada, o \u00faltimo pronunciamento e\u0301 pass\u00edvel de anula\u00e7\u00e3o. Se o juiz profere duas senten\u00e7as no mesmo processo, a segunda e\u0301 nula, ainda que da primeira n\u00e3o tenham sido regularmente intimadas as partes, mas tal nulidade deve ser pronunciada (Theot\u00f4nio Negr\u00e3o, Jos\u00e9 Roberto F. Gouv\u00eaa, Luis Guilherme A. Bondioli e Jo\u00e3o Francisco Neves da Fonseca. <em>C\u00f3digo de Processo Civil e legisla\u00e7\u00e3o processual em vigor<\/em>. S\u00e3o Paulo: Saraiva, 2018, nota 5 ao art. 494 do CPC, p. 523)<\/p>\n<p>Recentemente, o mencionado art. 494 do CPC foi analisado pelo Superior Tribunal de Justi\u00e7a. A Corte se deparou com a seguinte situa\u00e7\u00e3o concreta: na sess\u00e3o virtual de 12\/08\/2021 a 18\/08\/2021, a Primeira Se\u00e7\u00e3o <strong>julgou um agravo interno<\/strong>. Posteriormente, na sess\u00e3o de julgamento virtual de 08\/09\/2021 a 14\/09\/2021, <strong>o referido agravo interno foi novamente julgado.<\/strong><\/p>\n<p>Interpostos embargos de declara\u00e7\u00e3o, seguindo a linha de racioc\u00ednio defendida acima, o Tribunal <strong>anulou o segundo julgamento virtual <\/strong>do agravo interno, fato que, todavia, n\u00e3o ocasionou a modifica\u00e7\u00e3o do resultado do primeiro julgamento anteriormente realizado. <strong>A Corte considerou que esse duplo julgamento foi de encontro ao disposto no art. 494 do CPC.<\/strong><\/p>\n<p>(<strong>EDcl no AgInt nos EDcl na AR 6.982\/DF<\/strong>, Rel. Min. S\u00e9rgio Kukina, Primeira Se\u00e7\u00e3o, julgado em 16\/11\/2021, DJe 19\/11\/2021)<\/p>\n<p>***<\/p>\n<p><b><strong>Telegram<\/strong><\/b>:<strong>\u00a0<\/strong><a href=\"https:\/\/t.me\/pilulasjuridicasSTFSTJ\" target=\"_blank\" rel=\"noopener noreferrer\" data-auth=\"NotApplicable\"><strong>https:\/\/t.me\/pilulasjuridicasSTFSTJ<\/strong><\/a><strong>\u00a0| Instagram: @rodrigocrleite<\/strong><\/p>\n<div class=\"clearfix\"><\/div>\n","protected":false},"excerpt":{"rendered":"<p>De acordo com o art. 494 do C\u00f3digo de Processo Civil, publicada a senten\u00e7a, o juiz s\u00f3 poder\u00e1 alter\u00e1-la: i) para corrigir-lhe, de of\u00edcio ou a requerimento da parte, inexatid\u00f5es materiais ou erros de c\u00e1lculo; e ii) por meio de embargos de declara\u00e7\u00e3o. A publica\u00e7\u00e3o da senten\u00e7a representa a entrega da tutela jurisdicional pelo \u00f3rg\u00e3o [&hellip;]<\/p>\n","protected":false},"author":131,"featured_media":10191,"comment_status":"open","ping_status":"open","sticky":false,"template":"","format":"standard","meta":{"_acf_changed":false,"footnotes":""},"categories":[1],"tags":[],"class_list":["post-14328","post","type-post","status-publish","format-standard","has-post-thumbnail","hentry","category-artigos"],"acf":[],"yoast_head":"<!-- This site is optimized with the Yoast SEO plugin v24.8.1 - https:\/\/yoast.com\/wordpress\/plugins\/seo\/ -->\n<title>Realizado, por equ\u00edvoco, julgamento em duplicidade de um recurso c\u00edvel, qual ac\u00f3rd\u00e3o prevalecer\u00e1? - Meu site jur\u00eddico<\/title>\n<meta name=\"robots\" content=\"index, follow, max-snippet:-1, max-image-preview:large, max-video-preview:-1\" \/>\n<link rel=\"canonical\" href=\"https:\/\/meusitejuridico.editorajuspodivm.com.br\/2021\/11\/23\/realizado-por-equivoco-julgamento-em-duplicidade-de-um-recurso-civel-qual-acordao-prevalecera\/\" \/>\n<meta property=\"og:locale\" content=\"pt_BR\" \/>\n<meta property=\"og:type\" content=\"article\" \/>\n<meta property=\"og:title\" content=\"Realizado, por equ\u00edvoco, julgamento em duplicidade de um recurso c\u00edvel, qual ac\u00f3rd\u00e3o prevalecer\u00e1? - Meu site jur\u00eddico\" \/>\n<meta property=\"og:description\" content=\"De acordo com o art. 494 do C\u00f3digo de Processo Civil, publicada a senten\u00e7a, o juiz s\u00f3 poder\u00e1 alter\u00e1-la: i) para corrigir-lhe, de of\u00edcio ou a requerimento da parte, inexatid\u00f5es materiais ou erros de c\u00e1lculo; e ii) por meio de embargos de declara\u00e7\u00e3o. A publica\u00e7\u00e3o da senten\u00e7a representa a entrega da tutela jurisdicional pelo \u00f3rg\u00e3o [&hellip;]\" \/>\n<meta property=\"og:url\" content=\"https:\/\/meusitejuridico.editorajuspodivm.com.br\/2021\/11\/23\/realizado-por-equivoco-julgamento-em-duplicidade-de-um-recurso-civel-qual-acordao-prevalecera\/\" \/>\n<meta property=\"og:site_name\" content=\"Meu site jur\u00eddico\" \/>\n<meta property=\"article:published_time\" content=\"2021-11-23T15:16:08+00:00\" \/>\n<meta property=\"og:image\" content=\"https:\/\/meusitejuridico.editorajuspodivm.com.br\/s.meusitejuridico\/2020\/02\/759b23b1-shutterstock-148465085.jpg\" \/>\n\t<meta property=\"og:image:width\" content=\"1280\" \/>\n\t<meta property=\"og:image:height\" content=\"853\" \/>\n\t<meta property=\"og:image:type\" content=\"image\/jpeg\" \/>\n<meta name=\"author\" content=\"Rodrigo Leite\" \/>\n<meta name=\"twitter:card\" content=\"summary_large_image\" \/>\n<meta name=\"twitter:creator\" content=\"@rodrigocrleite\" \/>\n<meta name=\"twitter:label1\" content=\"Escrito por\" \/>\n\t<meta name=\"twitter:data1\" content=\"Rodrigo Leite\" \/>\n\t<meta name=\"twitter:label2\" content=\"Est. tempo de leitura\" \/>\n\t<meta name=\"twitter:data2\" content=\"4 minutos\" \/>\n<script type=\"application\/ld+json\" class=\"yoast-schema-graph\">{\"@context\":\"https:\/\/schema.org\",\"@graph\":[{\"@type\":\"Article\",\"@id\":\"https:\/\/meusitejuridico.editorajuspodivm.com.br\/2021\/11\/23\/realizado-por-equivoco-julgamento-em-duplicidade-de-um-recurso-civel-qual-acordao-prevalecera\/#article\",\"isPartOf\":{\"@id\":\"https:\/\/meusitejuridico.editorajuspodivm.com.br\/2021\/11\/23\/realizado-por-equivoco-julgamento-em-duplicidade-de-um-recurso-civel-qual-acordao-prevalecera\/\"},\"author\":{\"name\":\"Rodrigo Leite\",\"@id\":\"https:\/\/cdn.meusitejuridico.com.br\/#\/schema\/person\/ae56313f17950dccef13d0989efd6d50\"},\"headline\":\"Realizado, por equ\u00edvoco, julgamento em duplicidade de um recurso c\u00edvel, qual ac\u00f3rd\u00e3o prevalecer\u00e1?\",\"datePublished\":\"2021-11-23T15:16:08+00:00\",\"mainEntityOfPage\":{\"@id\":\"https:\/\/meusitejuridico.editorajuspodivm.com.br\/2021\/11\/23\/realizado-por-equivoco-julgamento-em-duplicidade-de-um-recurso-civel-qual-acordao-prevalecera\/\"},\"wordCount\":740,\"commentCount\":0,\"publisher\":{\"@id\":\"https:\/\/cdn.meusitejuridico.com.br\/#organization\"},\"image\":{\"@id\":\"https:\/\/meusitejuridico.editorajuspodivm.com.br\/2021\/11\/23\/realizado-por-equivoco-julgamento-em-duplicidade-de-um-recurso-civel-qual-acordao-prevalecera\/#primaryimage\"},\"thumbnailUrl\":\"https:\/\/cdn.meusitejuridico.com.br\/s.meusitejuridico\/2020\/02\/759b23b1-shutterstock-148465085.jpg\",\"articleSection\":[\"Artigos\"],\"inLanguage\":\"pt-BR\",\"potentialAction\":[{\"@type\":\"CommentAction\",\"name\":\"Comment\",\"target\":[\"https:\/\/meusitejuridico.editorajuspodivm.com.br\/2021\/11\/23\/realizado-por-equivoco-julgamento-em-duplicidade-de-um-recurso-civel-qual-acordao-prevalecera\/#respond\"]}]},{\"@type\":\"WebPage\",\"@id\":\"https:\/\/meusitejuridico.editorajuspodivm.com.br\/2021\/11\/23\/realizado-por-equivoco-julgamento-em-duplicidade-de-um-recurso-civel-qual-acordao-prevalecera\/\",\"url\":\"https:\/\/meusitejuridico.editorajuspodivm.com.br\/2021\/11\/23\/realizado-por-equivoco-julgamento-em-duplicidade-de-um-recurso-civel-qual-acordao-prevalecera\/\",\"name\":\"Realizado, por equ\u00edvoco, julgamento em duplicidade de um recurso c\u00edvel, qual ac\u00f3rd\u00e3o prevalecer\u00e1? - Meu site jur\u00eddico\",\"isPartOf\":{\"@id\":\"https:\/\/cdn.meusitejuridico.com.br\/#website\"},\"primaryImageOfPage\":{\"@id\":\"https:\/\/meusitejuridico.editorajuspodivm.com.br\/2021\/11\/23\/realizado-por-equivoco-julgamento-em-duplicidade-de-um-recurso-civel-qual-acordao-prevalecera\/#primaryimage\"},\"image\":{\"@id\":\"https:\/\/meusitejuridico.editorajuspodivm.com.br\/2021\/11\/23\/realizado-por-equivoco-julgamento-em-duplicidade-de-um-recurso-civel-qual-acordao-prevalecera\/#primaryimage\"},\"thumbnailUrl\":\"https:\/\/cdn.meusitejuridico.com.br\/s.meusitejuridico\/2020\/02\/759b23b1-shutterstock-148465085.jpg\",\"datePublished\":\"2021-11-23T15:16:08+00:00\",\"breadcrumb\":{\"@id\":\"https:\/\/meusitejuridico.editorajuspodivm.com.br\/2021\/11\/23\/realizado-por-equivoco-julgamento-em-duplicidade-de-um-recurso-civel-qual-acordao-prevalecera\/#breadcrumb\"},\"inLanguage\":\"pt-BR\",\"potentialAction\":[{\"@type\":\"ReadAction\",\"target\":[\"https:\/\/meusitejuridico.editorajuspodivm.com.br\/2021\/11\/23\/realizado-por-equivoco-julgamento-em-duplicidade-de-um-recurso-civel-qual-acordao-prevalecera\/\"]}]},{\"@type\":\"ImageObject\",\"inLanguage\":\"pt-BR\",\"@id\":\"https:\/\/meusitejuridico.editorajuspodivm.com.br\/2021\/11\/23\/realizado-por-equivoco-julgamento-em-duplicidade-de-um-recurso-civel-qual-acordao-prevalecera\/#primaryimage\",\"url\":\"https:\/\/cdn.meusitejuridico.com.br\/s.meusitejuridico\/2020\/02\/759b23b1-shutterstock-148465085.jpg\",\"contentUrl\":\"https:\/\/cdn.meusitejuridico.com.br\/s.meusitejuridico\/2020\/02\/759b23b1-shutterstock-148465085.jpg\",\"width\":1280,\"height\":853},{\"@type\":\"BreadcrumbList\",\"@id\":\"https:\/\/meusitejuridico.editorajuspodivm.com.br\/2021\/11\/23\/realizado-por-equivoco-julgamento-em-duplicidade-de-um-recurso-civel-qual-acordao-prevalecera\/#breadcrumb\",\"itemListElement\":[{\"@type\":\"ListItem\",\"position\":1,\"name\":\"In\u00edcio\",\"item\":\"https:\/\/cdn.meusitejuridico.com.br\/\"},{\"@type\":\"ListItem\",\"position\":2,\"name\":\"Realizado, por equ\u00edvoco, julgamento em duplicidade de um recurso c\u00edvel, qual ac\u00f3rd\u00e3o prevalecer\u00e1?\"}]},{\"@type\":\"WebSite\",\"@id\":\"https:\/\/cdn.meusitejuridico.com.br\/#website\",\"url\":\"https:\/\/cdn.meusitejuridico.com.br\/\",\"name\":\"Meu site jur\u00eddico\",\"description\":\"Meu site jur\u00eddico\",\"publisher\":{\"@id\":\"https:\/\/cdn.meusitejuridico.com.br\/#organization\"},\"potentialAction\":[{\"@type\":\"SearchAction\",\"target\":{\"@type\":\"EntryPoint\",\"urlTemplate\":\"https:\/\/cdn.meusitejuridico.com.br\/?s={search_term_string}\"},\"query-input\":{\"@type\":\"PropertyValueSpecification\",\"valueRequired\":true,\"valueName\":\"search_term_string\"}}],\"inLanguage\":\"pt-BR\"},{\"@type\":\"Organization\",\"@id\":\"https:\/\/cdn.meusitejuridico.com.br\/#organization\",\"name\":\"Meu site jur\u00eddico\",\"url\":\"https:\/\/cdn.meusitejuridico.com.br\/\",\"logo\":{\"@type\":\"ImageObject\",\"inLanguage\":\"pt-BR\",\"@id\":\"https:\/\/cdn.meusitejuridico.com.br\/#\/schema\/logo\/image\/\",\"url\":\"https:\/\/cdn.meusitejuridico.com.br\/s.meusitejuridico\/2022\/03\/cropped-baeec2a3-msj-02-01-01.png\",\"contentUrl\":\"https:\/\/cdn.meusitejuridico.com.br\/s.meusitejuridico\/2022\/03\/cropped-baeec2a3-msj-02-01-01.png\",\"width\":349,\"height\":243,\"caption\":\"Meu site jur\u00eddico\"},\"image\":{\"@id\":\"https:\/\/cdn.meusitejuridico.com.br\/#\/schema\/logo\/image\/\"}},{\"@type\":\"Person\",\"@id\":\"https:\/\/cdn.meusitejuridico.com.br\/#\/schema\/person\/ae56313f17950dccef13d0989efd6d50\",\"name\":\"Rodrigo Leite\",\"image\":{\"@type\":\"ImageObject\",\"inLanguage\":\"pt-BR\",\"@id\":\"https:\/\/cdn.meusitejuridico.com.br\/#\/schema\/person\/image\/\",\"url\":\"https:\/\/cdn.meusitejuridico.com.br\/s.meusitejuridico\/2021\/05\/8455192b-foto-site-rodrigo-leite-150x150.jpeg\",\"contentUrl\":\"https:\/\/cdn.meusitejuridico.com.br\/s.meusitejuridico\/2021\/05\/8455192b-foto-site-rodrigo-leite-150x150.jpeg\",\"caption\":\"Rodrigo Leite\"},\"description\":\"Coautor do livro \u201cAn\u00e1lise das Diverg\u00eancias Jurisprudenciais no STF e STJ\u201d, Editora Juspodivm. Autor do livro \u201cTombamento \u2013 Vol. 36 \u2013 Cole\u00e7\u00e3o Leis Especiais para Concursos\u201d, Editora Juspodivm. Autor do livro \u201cDesapropria\u00e7\u00e3o \u2013 Vol. 39 \u2013 Cole\u00e7\u00e3o Especiais para Concursos\u201d, Editora Juspodivm. Coautor do livro \u201cSaberes Jurisprudenciais\u201d, Editora Saraiva. Coorganizador do livro \u201cCPC na Jurisprud\u00eancia\\\", Editora Foco. Especialista em Direito P\u00fablico e Direito Processual Civil. Mestre em Direito Constitucional. Professor da P\u00f3s-gradua\u00e7\u00e3o em Direito Civil da Rede Anhaguera-Kroton. M\u00e1ster Universit\u00e1rio em Direito Constitucional pela Universidad Del Pa\u00eds Vasco, San Sebasti\u00e1n, Espanha. Advogado licenciado. Analista Judici\u00e1rio do TJRN. Assessor de Desembargador do TJRN.\",\"sameAs\":[\"https:\/\/www.editorajuspodivm.com.br\/autores\/detalhe\/85\",\"https:\/\/www.instagram.com\/rodrigocrleite\/\",\"https:\/\/x.com\/rodrigocrleite\"],\"url\":\"https:\/\/cdn.meusitejuridico.com.br\/author\/rodrigoleiterodrigoleite\/\"}]}<\/script>\n<!-- \/ Yoast SEO plugin. -->","yoast_head_json":{"title":"Realizado, por equ\u00edvoco, julgamento em duplicidade de um recurso c\u00edvel, qual ac\u00f3rd\u00e3o prevalecer\u00e1? - Meu site jur\u00eddico","robots":{"index":"index","follow":"follow","max-snippet":"max-snippet:-1","max-image-preview":"max-image-preview:large","max-video-preview":"max-video-preview:-1"},"canonical":"https:\/\/meusitejuridico.editorajuspodivm.com.br\/2021\/11\/23\/realizado-por-equivoco-julgamento-em-duplicidade-de-um-recurso-civel-qual-acordao-prevalecera\/","og_locale":"pt_BR","og_type":"article","og_title":"Realizado, por equ\u00edvoco, julgamento em duplicidade de um recurso c\u00edvel, qual ac\u00f3rd\u00e3o prevalecer\u00e1? - Meu site jur\u00eddico","og_description":"De acordo com o art. 494 do C\u00f3digo de Processo Civil, publicada a senten\u00e7a, o juiz s\u00f3 poder\u00e1 alter\u00e1-la: i) para corrigir-lhe, de of\u00edcio ou a requerimento da parte, inexatid\u00f5es materiais ou erros de c\u00e1lculo; e ii) por meio de embargos de declara\u00e7\u00e3o. A publica\u00e7\u00e3o da senten\u00e7a representa a entrega da tutela jurisdicional pelo \u00f3rg\u00e3o [&hellip;]","og_url":"https:\/\/meusitejuridico.editorajuspodivm.com.br\/2021\/11\/23\/realizado-por-equivoco-julgamento-em-duplicidade-de-um-recurso-civel-qual-acordao-prevalecera\/","og_site_name":"Meu site jur\u00eddico","article_published_time":"2021-11-23T15:16:08+00:00","og_image":[{"width":1280,"height":853,"url":"https:\/\/meusitejuridico.editorajuspodivm.com.br\/s.meusitejuridico\/2020\/02\/759b23b1-shutterstock-148465085.jpg","type":"image\/jpeg"}],"author":"Rodrigo Leite","twitter_card":"summary_large_image","twitter_creator":"@rodrigocrleite","twitter_misc":{"Escrito por":"Rodrigo Leite","Est. tempo de leitura":"4 minutos"},"schema":{"@context":"https:\/\/schema.org","@graph":[{"@type":"Article","@id":"https:\/\/meusitejuridico.editorajuspodivm.com.br\/2021\/11\/23\/realizado-por-equivoco-julgamento-em-duplicidade-de-um-recurso-civel-qual-acordao-prevalecera\/#article","isPartOf":{"@id":"https:\/\/meusitejuridico.editorajuspodivm.com.br\/2021\/11\/23\/realizado-por-equivoco-julgamento-em-duplicidade-de-um-recurso-civel-qual-acordao-prevalecera\/"},"author":{"name":"Rodrigo Leite","@id":"https:\/\/cdn.meusitejuridico.com.br\/#\/schema\/person\/ae56313f17950dccef13d0989efd6d50"},"headline":"Realizado, por equ\u00edvoco, julgamento em duplicidade de um recurso c\u00edvel, qual ac\u00f3rd\u00e3o prevalecer\u00e1?","datePublished":"2021-11-23T15:16:08+00:00","mainEntityOfPage":{"@id":"https:\/\/meusitejuridico.editorajuspodivm.com.br\/2021\/11\/23\/realizado-por-equivoco-julgamento-em-duplicidade-de-um-recurso-civel-qual-acordao-prevalecera\/"},"wordCount":740,"commentCount":0,"publisher":{"@id":"https:\/\/cdn.meusitejuridico.com.br\/#organization"},"image":{"@id":"https:\/\/meusitejuridico.editorajuspodivm.com.br\/2021\/11\/23\/realizado-por-equivoco-julgamento-em-duplicidade-de-um-recurso-civel-qual-acordao-prevalecera\/#primaryimage"},"thumbnailUrl":"https:\/\/cdn.meusitejuridico.com.br\/s.meusitejuridico\/2020\/02\/759b23b1-shutterstock-148465085.jpg","articleSection":["Artigos"],"inLanguage":"pt-BR","potentialAction":[{"@type":"CommentAction","name":"Comment","target":["https:\/\/meusitejuridico.editorajuspodivm.com.br\/2021\/11\/23\/realizado-por-equivoco-julgamento-em-duplicidade-de-um-recurso-civel-qual-acordao-prevalecera\/#respond"]}]},{"@type":"WebPage","@id":"https:\/\/meusitejuridico.editorajuspodivm.com.br\/2021\/11\/23\/realizado-por-equivoco-julgamento-em-duplicidade-de-um-recurso-civel-qual-acordao-prevalecera\/","url":"https:\/\/meusitejuridico.editorajuspodivm.com.br\/2021\/11\/23\/realizado-por-equivoco-julgamento-em-duplicidade-de-um-recurso-civel-qual-acordao-prevalecera\/","name":"Realizado, por equ\u00edvoco, julgamento em duplicidade de um recurso c\u00edvel, qual ac\u00f3rd\u00e3o prevalecer\u00e1? - Meu site jur\u00eddico","isPartOf":{"@id":"https:\/\/cdn.meusitejuridico.com.br\/#website"},"primaryImageOfPage":{"@id":"https:\/\/meusitejuridico.editorajuspodivm.com.br\/2021\/11\/23\/realizado-por-equivoco-julgamento-em-duplicidade-de-um-recurso-civel-qual-acordao-prevalecera\/#primaryimage"},"image":{"@id":"https:\/\/meusitejuridico.editorajuspodivm.com.br\/2021\/11\/23\/realizado-por-equivoco-julgamento-em-duplicidade-de-um-recurso-civel-qual-acordao-prevalecera\/#primaryimage"},"thumbnailUrl":"https:\/\/cdn.meusitejuridico.com.br\/s.meusitejuridico\/2020\/02\/759b23b1-shutterstock-148465085.jpg","datePublished":"2021-11-23T15:16:08+00:00","breadcrumb":{"@id":"https:\/\/meusitejuridico.editorajuspodivm.com.br\/2021\/11\/23\/realizado-por-equivoco-julgamento-em-duplicidade-de-um-recurso-civel-qual-acordao-prevalecera\/#breadcrumb"},"inLanguage":"pt-BR","potentialAction":[{"@type":"ReadAction","target":["https:\/\/meusitejuridico.editorajuspodivm.com.br\/2021\/11\/23\/realizado-por-equivoco-julgamento-em-duplicidade-de-um-recurso-civel-qual-acordao-prevalecera\/"]}]},{"@type":"ImageObject","inLanguage":"pt-BR","@id":"https:\/\/meusitejuridico.editorajuspodivm.com.br\/2021\/11\/23\/realizado-por-equivoco-julgamento-em-duplicidade-de-um-recurso-civel-qual-acordao-prevalecera\/#primaryimage","url":"https:\/\/cdn.meusitejuridico.com.br\/s.meusitejuridico\/2020\/02\/759b23b1-shutterstock-148465085.jpg","contentUrl":"https:\/\/cdn.meusitejuridico.com.br\/s.meusitejuridico\/2020\/02\/759b23b1-shutterstock-148465085.jpg","width":1280,"height":853},{"@type":"BreadcrumbList","@id":"https:\/\/meusitejuridico.editorajuspodivm.com.br\/2021\/11\/23\/realizado-por-equivoco-julgamento-em-duplicidade-de-um-recurso-civel-qual-acordao-prevalecera\/#breadcrumb","itemListElement":[{"@type":"ListItem","position":1,"name":"In\u00edcio","item":"https:\/\/cdn.meusitejuridico.com.br\/"},{"@type":"ListItem","position":2,"name":"Realizado, por equ\u00edvoco, julgamento em duplicidade de um recurso c\u00edvel, qual ac\u00f3rd\u00e3o prevalecer\u00e1?"}]},{"@type":"WebSite","@id":"https:\/\/cdn.meusitejuridico.com.br\/#website","url":"https:\/\/cdn.meusitejuridico.com.br\/","name":"Meu site jur\u00eddico","description":"Meu site jur\u00eddico","publisher":{"@id":"https:\/\/cdn.meusitejuridico.com.br\/#organization"},"potentialAction":[{"@type":"SearchAction","target":{"@type":"EntryPoint","urlTemplate":"https:\/\/cdn.meusitejuridico.com.br\/?s={search_term_string}"},"query-input":{"@type":"PropertyValueSpecification","valueRequired":true,"valueName":"search_term_string"}}],"inLanguage":"pt-BR"},{"@type":"Organization","@id":"https:\/\/cdn.meusitejuridico.com.br\/#organization","name":"Meu site jur\u00eddico","url":"https:\/\/cdn.meusitejuridico.com.br\/","logo":{"@type":"ImageObject","inLanguage":"pt-BR","@id":"https:\/\/cdn.meusitejuridico.com.br\/#\/schema\/logo\/image\/","url":"https:\/\/cdn.meusitejuridico.com.br\/s.meusitejuridico\/2022\/03\/cropped-baeec2a3-msj-02-01-01.png","contentUrl":"https:\/\/cdn.meusitejuridico.com.br\/s.meusitejuridico\/2022\/03\/cropped-baeec2a3-msj-02-01-01.png","width":349,"height":243,"caption":"Meu site jur\u00eddico"},"image":{"@id":"https:\/\/cdn.meusitejuridico.com.br\/#\/schema\/logo\/image\/"}},{"@type":"Person","@id":"https:\/\/cdn.meusitejuridico.com.br\/#\/schema\/person\/ae56313f17950dccef13d0989efd6d50","name":"Rodrigo Leite","image":{"@type":"ImageObject","inLanguage":"pt-BR","@id":"https:\/\/cdn.meusitejuridico.com.br\/#\/schema\/person\/image\/","url":"https:\/\/cdn.meusitejuridico.com.br\/s.meusitejuridico\/2021\/05\/8455192b-foto-site-rodrigo-leite-150x150.jpeg","contentUrl":"https:\/\/cdn.meusitejuridico.com.br\/s.meusitejuridico\/2021\/05\/8455192b-foto-site-rodrigo-leite-150x150.jpeg","caption":"Rodrigo Leite"},"description":"Coautor do livro \u201cAn\u00e1lise das Diverg\u00eancias Jurisprudenciais no STF e STJ\u201d, Editora Juspodivm. Autor do livro \u201cTombamento \u2013 Vol. 36 \u2013 Cole\u00e7\u00e3o Leis Especiais para Concursos\u201d, Editora Juspodivm. Autor do livro \u201cDesapropria\u00e7\u00e3o \u2013 Vol. 39 \u2013 Cole\u00e7\u00e3o Especiais para Concursos\u201d, Editora Juspodivm. Coautor do livro \u201cSaberes Jurisprudenciais\u201d, Editora Saraiva. Coorganizador do livro \u201cCPC na Jurisprud\u00eancia\", Editora Foco. Especialista em Direito P\u00fablico e Direito Processual Civil. Mestre em Direito Constitucional. Professor da P\u00f3s-gradua\u00e7\u00e3o em Direito Civil da Rede Anhaguera-Kroton. M\u00e1ster Universit\u00e1rio em Direito Constitucional pela Universidad Del Pa\u00eds Vasco, San Sebasti\u00e1n, Espanha. Advogado licenciado. Analista Judici\u00e1rio do TJRN. Assessor de Desembargador do TJRN.","sameAs":["https:\/\/www.editorajuspodivm.com.br\/autores\/detalhe\/85","https:\/\/www.instagram.com\/rodrigocrleite\/","https:\/\/x.com\/rodrigocrleite"],"url":"https:\/\/cdn.meusitejuridico.com.br\/author\/rodrigoleiterodrigoleite\/"}]}},"_links":{"self":[{"href":"https:\/\/cdn.meusitejuridico.com.br\/api\/wp\/v2\/posts\/14328","targetHints":{"allow":["GET"]}}],"collection":[{"href":"https:\/\/cdn.meusitejuridico.com.br\/api\/wp\/v2\/posts"}],"about":[{"href":"https:\/\/cdn.meusitejuridico.com.br\/api\/wp\/v2\/types\/post"}],"author":[{"embeddable":true,"href":"https:\/\/cdn.meusitejuridico.com.br\/api\/wp\/v2\/users\/131"}],"replies":[{"embeddable":true,"href":"https:\/\/cdn.meusitejuridico.com.br\/api\/wp\/v2\/comments?post=14328"}],"version-history":[{"count":1,"href":"https:\/\/cdn.meusitejuridico.com.br\/api\/wp\/v2\/posts\/14328\/revisions"}],"predecessor-version":[{"id":14329,"href":"https:\/\/cdn.meusitejuridico.com.br\/api\/wp\/v2\/posts\/14328\/revisions\/14329"}],"wp:featuredmedia":[{"embeddable":true,"href":"https:\/\/cdn.meusitejuridico.com.br\/api\/wp\/v2\/media\/10191"}],"wp:attachment":[{"href":"https:\/\/cdn.meusitejuridico.com.br\/api\/wp\/v2\/media?parent=14328"}],"wp:term":[{"taxonomy":"category","embeddable":true,"href":"https:\/\/cdn.meusitejuridico.com.br\/api\/wp\/v2\/categories?post=14328"},{"taxonomy":"post_tag","embeddable":true,"href":"https:\/\/cdn.meusitejuridico.com.br\/api\/wp\/v2\/tags?post=14328"}],"curies":[{"name":"wp","href":"https:\/\/api.w.org\/{rel}","templated":true}]}}