{"id":15397,"date":"2022-01-24T10:30:32","date_gmt":"2022-01-24T12:30:32","guid":{"rendered":"https:\/\/meusitejuridico.editorajuspodivm.com.br\/?p=14404"},"modified":"2022-01-24T10:30:32","modified_gmt":"2022-01-24T12:30:32","slug":"cronica-da-suprema-chicana-juridica","status":"publish","type":"post","link":"https:\/\/cdn.meusitejuridico.com.br\/2022\/01\/24\/cronica-da-suprema-chicana-juridica\/","title":{"rendered":"Cr\u00f4nica da suprema chicana jur\u00eddica"},"content":{"rendered":"<p>Em um pa\u00eds imagin\u00e1rio havia um pol\u00edtico desonesto que foi investigado e condenado em todas as inst\u00e2ncias quanto ao aspecto material de seus crimes, sendo reconhecido pela Justi\u00e7a indiscutivelmente como corrupto.<\/p>\n<p>Tal pol\u00edtico contava com uma banca de advogados pagos a peso de ouro, os quais foram intensamente combativos durante todo o tempo.<\/p>\n<p>Percebendo os defensores que quanto aos fatos n\u00e3o havia muito que fazer, procuraram encontrar nulidades formais no processo, dentre elas a alega\u00e7\u00e3o de incompet\u00eancia do ju\u00edzo da condena\u00e7\u00e3o origin\u00e1ria.<\/p>\n<p>Mas, tamb\u00e9m tais alega\u00e7\u00f5es defensivas foram recha\u00e7adas sistematicamente nas v\u00e1rias inst\u00e2ncias, inclusive na Suprema Corte imaginaria desse pa\u00eds putativo.<\/p>\n<p>T\u00e3o bem remunerados, os advogados do pol\u00edtico n\u00e3o desistiam nunca e chegavam com as mesmas alega\u00e7\u00f5es formais at\u00e9 a tal Corte Suprema reiteradamente, v\u00e1rias vezes por anos a fio, sem contar os demais ju\u00edzos e tribunais.<\/p>\n<p>As nulidades processuais eram sempre afastadas, inclusive aquela referida \u00e0 suposta incompet\u00eancia do ju\u00edzo origin\u00e1rio do processo.<\/p>\n<p>E agora vem um acontecimento imagin\u00e1rio, totalmente fict\u00edcio, que somente poderia ser concebido nesse pa\u00eds e nesse Supremo Tribunal putativos.<\/p>\n<p>Consigne-se, para que d\u00favida alguma exista, que tudo que aqui se narra \u00e9 n\u00e3o somente fant\u00e1stico como absolutamente fantasioso, n\u00e3o havendo, que se saiba, qualquer semelhan\u00e7a com fatos reais e, se houver, ser\u00e1 pura obra do acaso e de uma inusitada e inadvertida coincid\u00eancia.<\/p>\n<p>Pois bem, um Ministro hipot\u00e9tico daquela fant\u00e1stica e ficcional Corte Suprema, o qual julgou por mais de uma dezena de vezes os recursos e a\u00e7\u00f5es de impugna\u00e7\u00e3o dos defensores do pol\u00edtico, sempre afirmando a compet\u00eancia do ju\u00edzo origin\u00e1rio, repentinamente, ap\u00f3s anos e anos, acabou mudando seu parecer, reconhecendo a incompet\u00eancia e anulando todos os processos, soltando o criminoso, mantendo inc\u00f3lumes seus direitos pol\u00edticos e at\u00e9 mesmo possibilitando a devolu\u00e7\u00e3o de seus bens bloqueados porque reconhecidamente produtos de corrup\u00e7\u00e3o.<\/p>\n<p>E no pa\u00eds fict\u00edcio um povo ficcional ficou sem entender por que isso foi feito somente depois de anos. Por que n\u00e3o foi, desde logo, reconhecida a tal incompet\u00eancia e seguiu o processo para onde deveria ter andamento regular? Por qu\u00ea?<\/p>\n<p>Foi ent\u00e3o que, ap\u00f3s alguma reflex\u00e3o, uns juristas imagin\u00e1rios do pa\u00eds umbr\u00e1tico lembraram que o v\u00edcio da desonestidade pode bem andar ao lado da virtude da paci\u00eancia e do dom de saber que para tudo na vida h\u00e1 uma hora e um tempo.<\/p>\n<p>Se os combativos advogados talvez tenham se precipitado em seus pedidos, acabaram acertando no final em sua insist\u00eancia. Quando a hora e o tempo chegou o Ministro fict\u00edcio da Corte Suprema fantasiosa agiu cronometricamente. \u00c0s vezes \u00e9 preciso que um homem mais experiente lembre os mais jovens e afoitos que Goethe j\u00e1 ensinava que &#8220;\u00e9 urgente ter paci\u00eancia&#8221;.<\/p>\n<p>Quando s\u00f3 ent\u00e3o ele reconheceu a incompet\u00eancia, j\u00e1 de nada adiantava a remessa dos processos para seguimento no suposto ju\u00edzo competente, j\u00e1 que a prescri\u00e7\u00e3o iria acabar com qualquer chance de puni\u00e7\u00e3o do criminoso. Acaso reconhecesse a incompet\u00eancia antes ainda haveria tempo h\u00e1bil para que os processos chegassem aos seus termos sem impunidade. E mais, quase ningu\u00e9m saberia distinguir, salvo t\u00e9cnicos na \u00e1rea jur\u00eddica, a extin\u00e7\u00e3o da punibilidade por mera manobra formal e prescri\u00e7\u00e3o, de uma verdadeira absolvi\u00e7\u00e3o de um inocente. Essa narrativa da inoc\u00eancia, totalmente contraf\u00e1tica, absolutamente contrastante com todas as decis\u00f5es judiciais de m\u00e9rito, simplesmente se sobreporia politicamente, dando contornos de mart\u00edrio, quando n\u00e3o hagiogr\u00e1ficos a uma figura torpe.<\/p>\n<p>Mas tudo isso \u00e9 apenas uma cr\u00f4nica que \u00e9 fruto da criatividade e da f\u00e9rtil imagina\u00e7\u00e3o de algum escritor, talvez at\u00e9 meio delirante. Afinal, algo t\u00e3o absurdo nunca poderia acontecer na realidade, haveria revolta, ningu\u00e9m aceitaria tudo isso passivamente, o povo e as institui\u00e7\u00f5es s\u00e9rias reagiriam e a ordem seria restabelecida. Dizem que a vida \u00e9 capaz de imitar a arte, mas \u00e9 claro que n\u00e3o seria vi\u00e1vel chegar a tanto realismo fant\u00e1stico no seio da realidade concreta.<\/p>\n<p>Ainda bem, do contr\u00e1rio estar\u00edamos vivendo um pesadelo. \u00c9 claro, se f\u00f4ssemos habitantes daquele pa\u00eds imagin\u00e1rio, o que obviamente n\u00e3o somos, j\u00e1 que ele sequer existe. Ufa!!!!<\/p>\n","protected":false},"excerpt":{"rendered":"<p>Em um pa\u00eds imagin\u00e1rio havia um pol\u00edtico desonesto que foi investigado e condenado em todas as inst\u00e2ncias quanto ao aspecto material de seus crimes, sendo reconhecido pela Justi\u00e7a indiscutivelmente como corrupto. Tal pol\u00edtico contava com uma banca de advogados pagos a peso de ouro, os quais foram intensamente combativos durante todo o tempo. Percebendo os [&hellip;]<\/p>\n","protected":false},"author":14,"featured_media":12442,"comment_status":"open","ping_status":"open","sticky":false,"template":"","format":"standard","meta":{"_acf_changed":false,"footnotes":""},"categories":[1],"tags":[],"class_list":["post-15397","post","type-post","status-publish","format-standard","has-post-thumbnail","hentry","category-artigos"],"acf":[],"yoast_head":"<!-- This site is optimized with the Yoast SEO plugin v24.8.1 - https:\/\/yoast.com\/wordpress\/plugins\/seo\/ -->\n<title>Cr\u00f4nica da suprema chicana jur\u00eddica - Meu site jur\u00eddico<\/title>\n<meta name=\"robots\" content=\"index, follow, max-snippet:-1, max-image-preview:large, max-video-preview:-1\" \/>\n<link rel=\"canonical\" href=\"https:\/\/meusitejuridico.editorajuspodivm.com.br\/2022\/01\/24\/cronica-da-suprema-chicana-juridica\/\" \/>\n<meta property=\"og:locale\" content=\"pt_BR\" \/>\n<meta property=\"og:type\" content=\"article\" \/>\n<meta property=\"og:title\" content=\"Cr\u00f4nica da suprema chicana jur\u00eddica - Meu site jur\u00eddico\" \/>\n<meta property=\"og:description\" content=\"Em um pa\u00eds imagin\u00e1rio havia um pol\u00edtico desonesto que foi investigado e condenado em todas as inst\u00e2ncias quanto ao aspecto material de seus crimes, sendo reconhecido pela Justi\u00e7a indiscutivelmente como corrupto. Tal pol\u00edtico contava com uma banca de advogados pagos a peso de ouro, os quais foram intensamente combativos durante todo o tempo. Percebendo os [&hellip;]\" \/>\n<meta property=\"og:url\" content=\"https:\/\/meusitejuridico.editorajuspodivm.com.br\/2022\/01\/24\/cronica-da-suprema-chicana-juridica\/\" \/>\n<meta property=\"og:site_name\" content=\"Meu site jur\u00eddico\" \/>\n<meta property=\"article:published_time\" content=\"2022-01-24T12:30:32+00:00\" \/>\n<meta property=\"og:image\" content=\"https:\/\/meusitejuridico.editorajuspodivm.com.br\/s.meusitejuridico\/2020\/12\/4fbdb166-judge-3665164-640.jpg\" \/>\n\t<meta property=\"og:image:width\" content=\"640\" \/>\n\t<meta property=\"og:image:height\" content=\"342\" \/>\n\t<meta property=\"og:image:type\" content=\"image\/jpeg\" \/>\n<meta name=\"author\" content=\"Eduardo Luiz Santos Cabette\" \/>\n<meta name=\"twitter:card\" content=\"summary_large_image\" \/>\n<meta name=\"twitter:label1\" content=\"Escrito por\" \/>\n\t<meta name=\"twitter:data1\" content=\"Eduardo Luiz Santos Cabette\" \/>\n\t<meta name=\"twitter:label2\" content=\"Est. tempo de leitura\" \/>\n\t<meta name=\"twitter:data2\" content=\"4 minutos\" \/>\n<script type=\"application\/ld+json\" class=\"yoast-schema-graph\">{\"@context\":\"https:\/\/schema.org\",\"@graph\":[{\"@type\":\"Article\",\"@id\":\"https:\/\/meusitejuridico.editorajuspodivm.com.br\/2022\/01\/24\/cronica-da-suprema-chicana-juridica\/#article\",\"isPartOf\":{\"@id\":\"https:\/\/meusitejuridico.editorajuspodivm.com.br\/2022\/01\/24\/cronica-da-suprema-chicana-juridica\/\"},\"author\":{\"name\":\"Eduardo Luiz Santos Cabette\",\"@id\":\"https:\/\/cdn.meusitejuridico.com.br\/#\/schema\/person\/8b773c6b3452b86fbd88dbfe07bc42db\"},\"headline\":\"Cr\u00f4nica da suprema chicana jur\u00eddica\",\"datePublished\":\"2022-01-24T12:30:32+00:00\",\"mainEntityOfPage\":{\"@id\":\"https:\/\/meusitejuridico.editorajuspodivm.com.br\/2022\/01\/24\/cronica-da-suprema-chicana-juridica\/\"},\"wordCount\":753,\"commentCount\":0,\"publisher\":{\"@id\":\"https:\/\/cdn.meusitejuridico.com.br\/#organization\"},\"image\":{\"@id\":\"https:\/\/meusitejuridico.editorajuspodivm.com.br\/2022\/01\/24\/cronica-da-suprema-chicana-juridica\/#primaryimage\"},\"thumbnailUrl\":\"https:\/\/cdn.meusitejuridico.com.br\/s.meusitejuridico\/2020\/12\/4fbdb166-judge-3665164-640.jpg\",\"articleSection\":[\"Artigos\"],\"inLanguage\":\"pt-BR\",\"potentialAction\":[{\"@type\":\"CommentAction\",\"name\":\"Comment\",\"target\":[\"https:\/\/meusitejuridico.editorajuspodivm.com.br\/2022\/01\/24\/cronica-da-suprema-chicana-juridica\/#respond\"]}]},{\"@type\":\"WebPage\",\"@id\":\"https:\/\/meusitejuridico.editorajuspodivm.com.br\/2022\/01\/24\/cronica-da-suprema-chicana-juridica\/\",\"url\":\"https:\/\/meusitejuridico.editorajuspodivm.com.br\/2022\/01\/24\/cronica-da-suprema-chicana-juridica\/\",\"name\":\"Cr\u00f4nica da suprema chicana jur\u00eddica - Meu site jur\u00eddico\",\"isPartOf\":{\"@id\":\"https:\/\/cdn.meusitejuridico.com.br\/#website\"},\"primaryImageOfPage\":{\"@id\":\"https:\/\/meusitejuridico.editorajuspodivm.com.br\/2022\/01\/24\/cronica-da-suprema-chicana-juridica\/#primaryimage\"},\"image\":{\"@id\":\"https:\/\/meusitejuridico.editorajuspodivm.com.br\/2022\/01\/24\/cronica-da-suprema-chicana-juridica\/#primaryimage\"},\"thumbnailUrl\":\"https:\/\/cdn.meusitejuridico.com.br\/s.meusitejuridico\/2020\/12\/4fbdb166-judge-3665164-640.jpg\",\"datePublished\":\"2022-01-24T12:30:32+00:00\",\"breadcrumb\":{\"@id\":\"https:\/\/meusitejuridico.editorajuspodivm.com.br\/2022\/01\/24\/cronica-da-suprema-chicana-juridica\/#breadcrumb\"},\"inLanguage\":\"pt-BR\",\"potentialAction\":[{\"@type\":\"ReadAction\",\"target\":[\"https:\/\/meusitejuridico.editorajuspodivm.com.br\/2022\/01\/24\/cronica-da-suprema-chicana-juridica\/\"]}]},{\"@type\":\"ImageObject\",\"inLanguage\":\"pt-BR\",\"@id\":\"https:\/\/meusitejuridico.editorajuspodivm.com.br\/2022\/01\/24\/cronica-da-suprema-chicana-juridica\/#primaryimage\",\"url\":\"https:\/\/cdn.meusitejuridico.com.br\/s.meusitejuridico\/2020\/12\/4fbdb166-judge-3665164-640.jpg\",\"contentUrl\":\"https:\/\/cdn.meusitejuridico.com.br\/s.meusitejuridico\/2020\/12\/4fbdb166-judge-3665164-640.jpg\",\"width\":640,\"height\":342},{\"@type\":\"BreadcrumbList\",\"@id\":\"https:\/\/meusitejuridico.editorajuspodivm.com.br\/2022\/01\/24\/cronica-da-suprema-chicana-juridica\/#breadcrumb\",\"itemListElement\":[{\"@type\":\"ListItem\",\"position\":1,\"name\":\"In\u00edcio\",\"item\":\"https:\/\/cdn.meusitejuridico.com.br\/\"},{\"@type\":\"ListItem\",\"position\":2,\"name\":\"Cr\u00f4nica da suprema chicana jur\u00eddica\"}]},{\"@type\":\"WebSite\",\"@id\":\"https:\/\/cdn.meusitejuridico.com.br\/#website\",\"url\":\"https:\/\/cdn.meusitejuridico.com.br\/\",\"name\":\"Meu site jur\u00eddico\",\"description\":\"Meu site jur\u00eddico\",\"publisher\":{\"@id\":\"https:\/\/cdn.meusitejuridico.com.br\/#organization\"},\"potentialAction\":[{\"@type\":\"SearchAction\",\"target\":{\"@type\":\"EntryPoint\",\"urlTemplate\":\"https:\/\/cdn.meusitejuridico.com.br\/?s={search_term_string}\"},\"query-input\":{\"@type\":\"PropertyValueSpecification\",\"valueRequired\":true,\"valueName\":\"search_term_string\"}}],\"inLanguage\":\"pt-BR\"},{\"@type\":\"Organization\",\"@id\":\"https:\/\/cdn.meusitejuridico.com.br\/#organization\",\"name\":\"Meu site jur\u00eddico\",\"url\":\"https:\/\/cdn.meusitejuridico.com.br\/\",\"logo\":{\"@type\":\"ImageObject\",\"inLanguage\":\"pt-BR\",\"@id\":\"https:\/\/cdn.meusitejuridico.com.br\/#\/schema\/logo\/image\/\",\"url\":\"https:\/\/cdn.meusitejuridico.com.br\/s.meusitejuridico\/2022\/03\/cropped-baeec2a3-msj-02-01-01.png\",\"contentUrl\":\"https:\/\/cdn.meusitejuridico.com.br\/s.meusitejuridico\/2022\/03\/cropped-baeec2a3-msj-02-01-01.png\",\"width\":349,\"height\":243,\"caption\":\"Meu site jur\u00eddico\"},\"image\":{\"@id\":\"https:\/\/cdn.meusitejuridico.com.br\/#\/schema\/logo\/image\/\"}},{\"@type\":\"Person\",\"@id\":\"https:\/\/cdn.meusitejuridico.com.br\/#\/schema\/person\/8b773c6b3452b86fbd88dbfe07bc42db\",\"name\":\"Eduardo Luiz Santos Cabette\",\"image\":{\"@type\":\"ImageObject\",\"inLanguage\":\"pt-BR\",\"@id\":\"https:\/\/cdn.meusitejuridico.com.br\/#\/schema\/person\/image\/\",\"url\":\"https:\/\/cdn.meusitejuridico.com.br\/s.meusitejuridico\/2017\/04\/9ddea50d-cabette-150x150.jpg\",\"contentUrl\":\"https:\/\/cdn.meusitejuridico.com.br\/s.meusitejuridico\/2017\/04\/9ddea50d-cabette-150x150.jpg\",\"caption\":\"Eduardo Luiz Santos Cabette\"},\"description\":\"Delegado de Pol\u00edcia Aposentado, Mestre em Direito Social, P\u00f3s \u2013 graduado em Direito Penal e Criminologia e Professor de Direito Penal, Processo Penal, Medicina Legal, Criminologia e Legisla\u00e7\u00e3o Penal e Processual Penal Especial em gradua\u00e7\u00e3o, p\u00f3s \u2013 gradua\u00e7\u00e3o e cursos preparat\u00f3rios\",\"url\":\"https:\/\/cdn.meusitejuridico.com.br\/author\/503679806421\/\"}]}<\/script>\n<!-- \/ Yoast SEO plugin. -->","yoast_head_json":{"title":"Cr\u00f4nica da suprema chicana jur\u00eddica - Meu site jur\u00eddico","robots":{"index":"index","follow":"follow","max-snippet":"max-snippet:-1","max-image-preview":"max-image-preview:large","max-video-preview":"max-video-preview:-1"},"canonical":"https:\/\/meusitejuridico.editorajuspodivm.com.br\/2022\/01\/24\/cronica-da-suprema-chicana-juridica\/","og_locale":"pt_BR","og_type":"article","og_title":"Cr\u00f4nica da suprema chicana jur\u00eddica - Meu site jur\u00eddico","og_description":"Em um pa\u00eds imagin\u00e1rio havia um pol\u00edtico desonesto que foi investigado e condenado em todas as inst\u00e2ncias quanto ao aspecto material de seus crimes, sendo reconhecido pela Justi\u00e7a indiscutivelmente como corrupto. Tal pol\u00edtico contava com uma banca de advogados pagos a peso de ouro, os quais foram intensamente combativos durante todo o tempo. Percebendo os [&hellip;]","og_url":"https:\/\/meusitejuridico.editorajuspodivm.com.br\/2022\/01\/24\/cronica-da-suprema-chicana-juridica\/","og_site_name":"Meu site jur\u00eddico","article_published_time":"2022-01-24T12:30:32+00:00","og_image":[{"width":640,"height":342,"url":"https:\/\/meusitejuridico.editorajuspodivm.com.br\/s.meusitejuridico\/2020\/12\/4fbdb166-judge-3665164-640.jpg","type":"image\/jpeg"}],"author":"Eduardo Luiz Santos Cabette","twitter_card":"summary_large_image","twitter_misc":{"Escrito por":"Eduardo Luiz Santos Cabette","Est. tempo de leitura":"4 minutos"},"schema":{"@context":"https:\/\/schema.org","@graph":[{"@type":"Article","@id":"https:\/\/meusitejuridico.editorajuspodivm.com.br\/2022\/01\/24\/cronica-da-suprema-chicana-juridica\/#article","isPartOf":{"@id":"https:\/\/meusitejuridico.editorajuspodivm.com.br\/2022\/01\/24\/cronica-da-suprema-chicana-juridica\/"},"author":{"name":"Eduardo Luiz Santos Cabette","@id":"https:\/\/cdn.meusitejuridico.com.br\/#\/schema\/person\/8b773c6b3452b86fbd88dbfe07bc42db"},"headline":"Cr\u00f4nica da suprema chicana jur\u00eddica","datePublished":"2022-01-24T12:30:32+00:00","mainEntityOfPage":{"@id":"https:\/\/meusitejuridico.editorajuspodivm.com.br\/2022\/01\/24\/cronica-da-suprema-chicana-juridica\/"},"wordCount":753,"commentCount":0,"publisher":{"@id":"https:\/\/cdn.meusitejuridico.com.br\/#organization"},"image":{"@id":"https:\/\/meusitejuridico.editorajuspodivm.com.br\/2022\/01\/24\/cronica-da-suprema-chicana-juridica\/#primaryimage"},"thumbnailUrl":"https:\/\/cdn.meusitejuridico.com.br\/s.meusitejuridico\/2020\/12\/4fbdb166-judge-3665164-640.jpg","articleSection":["Artigos"],"inLanguage":"pt-BR","potentialAction":[{"@type":"CommentAction","name":"Comment","target":["https:\/\/meusitejuridico.editorajuspodivm.com.br\/2022\/01\/24\/cronica-da-suprema-chicana-juridica\/#respond"]}]},{"@type":"WebPage","@id":"https:\/\/meusitejuridico.editorajuspodivm.com.br\/2022\/01\/24\/cronica-da-suprema-chicana-juridica\/","url":"https:\/\/meusitejuridico.editorajuspodivm.com.br\/2022\/01\/24\/cronica-da-suprema-chicana-juridica\/","name":"Cr\u00f4nica da suprema chicana jur\u00eddica - Meu site jur\u00eddico","isPartOf":{"@id":"https:\/\/cdn.meusitejuridico.com.br\/#website"},"primaryImageOfPage":{"@id":"https:\/\/meusitejuridico.editorajuspodivm.com.br\/2022\/01\/24\/cronica-da-suprema-chicana-juridica\/#primaryimage"},"image":{"@id":"https:\/\/meusitejuridico.editorajuspodivm.com.br\/2022\/01\/24\/cronica-da-suprema-chicana-juridica\/#primaryimage"},"thumbnailUrl":"https:\/\/cdn.meusitejuridico.com.br\/s.meusitejuridico\/2020\/12\/4fbdb166-judge-3665164-640.jpg","datePublished":"2022-01-24T12:30:32+00:00","breadcrumb":{"@id":"https:\/\/meusitejuridico.editorajuspodivm.com.br\/2022\/01\/24\/cronica-da-suprema-chicana-juridica\/#breadcrumb"},"inLanguage":"pt-BR","potentialAction":[{"@type":"ReadAction","target":["https:\/\/meusitejuridico.editorajuspodivm.com.br\/2022\/01\/24\/cronica-da-suprema-chicana-juridica\/"]}]},{"@type":"ImageObject","inLanguage":"pt-BR","@id":"https:\/\/meusitejuridico.editorajuspodivm.com.br\/2022\/01\/24\/cronica-da-suprema-chicana-juridica\/#primaryimage","url":"https:\/\/cdn.meusitejuridico.com.br\/s.meusitejuridico\/2020\/12\/4fbdb166-judge-3665164-640.jpg","contentUrl":"https:\/\/cdn.meusitejuridico.com.br\/s.meusitejuridico\/2020\/12\/4fbdb166-judge-3665164-640.jpg","width":640,"height":342},{"@type":"BreadcrumbList","@id":"https:\/\/meusitejuridico.editorajuspodivm.com.br\/2022\/01\/24\/cronica-da-suprema-chicana-juridica\/#breadcrumb","itemListElement":[{"@type":"ListItem","position":1,"name":"In\u00edcio","item":"https:\/\/cdn.meusitejuridico.com.br\/"},{"@type":"ListItem","position":2,"name":"Cr\u00f4nica da suprema chicana jur\u00eddica"}]},{"@type":"WebSite","@id":"https:\/\/cdn.meusitejuridico.com.br\/#website","url":"https:\/\/cdn.meusitejuridico.com.br\/","name":"Meu site jur\u00eddico","description":"Meu site jur\u00eddico","publisher":{"@id":"https:\/\/cdn.meusitejuridico.com.br\/#organization"},"potentialAction":[{"@type":"SearchAction","target":{"@type":"EntryPoint","urlTemplate":"https:\/\/cdn.meusitejuridico.com.br\/?s={search_term_string}"},"query-input":{"@type":"PropertyValueSpecification","valueRequired":true,"valueName":"search_term_string"}}],"inLanguage":"pt-BR"},{"@type":"Organization","@id":"https:\/\/cdn.meusitejuridico.com.br\/#organization","name":"Meu site jur\u00eddico","url":"https:\/\/cdn.meusitejuridico.com.br\/","logo":{"@type":"ImageObject","inLanguage":"pt-BR","@id":"https:\/\/cdn.meusitejuridico.com.br\/#\/schema\/logo\/image\/","url":"https:\/\/cdn.meusitejuridico.com.br\/s.meusitejuridico\/2022\/03\/cropped-baeec2a3-msj-02-01-01.png","contentUrl":"https:\/\/cdn.meusitejuridico.com.br\/s.meusitejuridico\/2022\/03\/cropped-baeec2a3-msj-02-01-01.png","width":349,"height":243,"caption":"Meu site jur\u00eddico"},"image":{"@id":"https:\/\/cdn.meusitejuridico.com.br\/#\/schema\/logo\/image\/"}},{"@type":"Person","@id":"https:\/\/cdn.meusitejuridico.com.br\/#\/schema\/person\/8b773c6b3452b86fbd88dbfe07bc42db","name":"Eduardo Luiz Santos Cabette","image":{"@type":"ImageObject","inLanguage":"pt-BR","@id":"https:\/\/cdn.meusitejuridico.com.br\/#\/schema\/person\/image\/","url":"https:\/\/cdn.meusitejuridico.com.br\/s.meusitejuridico\/2017\/04\/9ddea50d-cabette-150x150.jpg","contentUrl":"https:\/\/cdn.meusitejuridico.com.br\/s.meusitejuridico\/2017\/04\/9ddea50d-cabette-150x150.jpg","caption":"Eduardo Luiz Santos Cabette"},"description":"Delegado de Pol\u00edcia Aposentado, Mestre em Direito Social, P\u00f3s \u2013 graduado em Direito Penal e Criminologia e Professor de Direito Penal, Processo Penal, Medicina Legal, Criminologia e Legisla\u00e7\u00e3o Penal e Processual Penal Especial em gradua\u00e7\u00e3o, p\u00f3s \u2013 gradua\u00e7\u00e3o e cursos preparat\u00f3rios","url":"https:\/\/cdn.meusitejuridico.com.br\/author\/503679806421\/"}]}},"_links":{"self":[{"href":"https:\/\/cdn.meusitejuridico.com.br\/api\/wp\/v2\/posts\/15397","targetHints":{"allow":["GET"]}}],"collection":[{"href":"https:\/\/cdn.meusitejuridico.com.br\/api\/wp\/v2\/posts"}],"about":[{"href":"https:\/\/cdn.meusitejuridico.com.br\/api\/wp\/v2\/types\/post"}],"author":[{"embeddable":true,"href":"https:\/\/cdn.meusitejuridico.com.br\/api\/wp\/v2\/users\/14"}],"replies":[{"embeddable":true,"href":"https:\/\/cdn.meusitejuridico.com.br\/api\/wp\/v2\/comments?post=15397"}],"version-history":[{"count":0,"href":"https:\/\/cdn.meusitejuridico.com.br\/api\/wp\/v2\/posts\/15397\/revisions"}],"wp:featuredmedia":[{"embeddable":true,"href":"https:\/\/cdn.meusitejuridico.com.br\/api\/wp\/v2\/media\/12442"}],"wp:attachment":[{"href":"https:\/\/cdn.meusitejuridico.com.br\/api\/wp\/v2\/media?parent=15397"}],"wp:term":[{"taxonomy":"category","embeddable":true,"href":"https:\/\/cdn.meusitejuridico.com.br\/api\/wp\/v2\/categories?post=15397"},{"taxonomy":"post_tag","embeddable":true,"href":"https:\/\/cdn.meusitejuridico.com.br\/api\/wp\/v2\/tags?post=15397"}],"curies":[{"name":"wp","href":"https:\/\/api.w.org\/{rel}","templated":true}]}}