{"id":1575,"date":"2016-12-10T11:54:55","date_gmt":"2016-12-10T13:54:55","guid":{"rendered":"https:\/\/meusitejuridico.com.br\/?p=1575"},"modified":"2022-01-18T13:31:29","modified_gmt":"2022-01-18T16:31:29","slug":"terrorismo-aspectos-criminologicos-politico-criminais-e-comentarios-lei-13-2602016","status":"publish","type":"post","link":"https:\/\/cdn.meusitejuridico.com.br\/2016\/12\/10\/terrorismo-aspectos-criminologicos-politico-criminais-e-comentarios-lei-13-2602016\/","title":{"rendered":"TERRORISMO: ASPECTOS CRIMINOL\u00d3GICOS, POL\u00cdTICO-CRIMINAIS E COMENT\u00c1RIOS \u00c0 LEI 13.260\/2016"},"content":{"rendered":"<p><strong>Autores:<\/strong> F\u00e1bio Roque Ara\u00fajo, Rog\u00e9rio Sanches Cunha, Ronaldo Batista Pinto, Luiz Fl\u00e1vio Gomes e D\u00e9bora de Souza de Almeida<\/p>\n<p>&#8211; Coment\u00e1rios, artigo por artigo, \u00e0 Lei 13.260\/2016<br \/>\n&#8211; Aspectos Criminol\u00f3gicos e Pol\u00edtico-Criminais<\/p>\n<p>O terrorismo \u00e9 um fen\u00f4meno muito antigo. Mas ganhou visibilidade globalizada intensa a partir dos atentados de 11.9.2001, nos EUA (Nova York), de Beslan (R\u00fassia), em 1 e 3.9.2004, de Bali (Indon\u00e9sia), em 12.10.2002, de Madri (Espanha), em 11.3.2004, de Mumbai (\u00cdndia), de 26 a 29.11.2008, da Universidade Garissa (Qu\u00eania), em 2.4.15, de Moscou (R\u00fassia), de 23 a 26.10.2002, de Ancara (Turquia), em 10.4.15, de Londres (Inglaterra), em 7.7.2005, de Paris (Fran\u00e7a), no dia 7.1.15 (ataque ao Charlie Hebdo), de Paris novamente, em 13.11.15, da B\u00e9lgica, em 2016 etc.<\/p>\n<p>Para al\u00e9m de buscar transmitir uma mensagem, o terror faz das suas v\u00edtimas meros instrumentos para pressionar por suas demandas ou causas e, em alguns casos, para (paradoxalmente) conseguir o apoio da sociedade. O que o terrorista pretende, em \u00faltima inst\u00e2ncia, \u00e9 chamar a aten\u00e7\u00e3o dos governantes e da sociedade inteira para seus prop\u00f3sitos pol\u00edticos.<\/p>\n<p>Dando efetividade ao disposto no inciso XLIII do art. 5\u00ba da Constitui\u00e7\u00e3o Federal, bem como \u00e0s recomenda\u00e7\u00f5es internacionais em virtude de o Brasil ter sido sede dos Jogos Ol\u00edmpicos em 2016, o legislador brasileiro editou a Lei 13.260\/2016 para disciplinar o crime de terrorismo, as atividades investigat\u00f3rias e processuais, assim como o conceito de organiza\u00e7\u00e3o terrorista.<\/p>\n<p>Com o prop\u00f3sito de facilitar a compreens\u00e3o da Lei 13.260\/2016, esta obra apresenta coment\u00e1rios artigo por artigo do novo diploma legislativo. A preocupa\u00e7\u00e3o central da interpreta\u00e7\u00e3o consiste em n\u00e3o transformar a guerra contra o terrorismo em outro terrorismo, de natureza jur\u00eddica. Critica-se tamb\u00e9m a falta de uma maior preocupa\u00e7\u00e3o com a mem\u00f3ria das v\u00edtimas diretas e suas fam\u00edlias, posto que ainda n\u00e3o contam internacionalmente com instrumentos jur\u00eddicos para reconhecer-lhes um status especial.<\/p>\n<p><a href=\"https:\/\/goo.gl\/7V3UeI?utm_source=Site&amp;utm_medium=MeuSiteJuridico\" target=\"_blank\" rel=\"noopener\"><img decoding=\"async\" class=\"alignnone wp-image-1572 size-full\" src=\"https:\/\/s3.amazonaws.com\/wp4-content\/s3-meusitejuridico\/2017\/04\/98aedcc2-botao.png\" width=\"221\" height=\"48\" srcset=\"https:\/\/cdn.meusitejuridico.com.br\/s.meusitejuridico\/2017\/04\/98aedcc2-botao.png 221w, https:\/\/cdn.meusitejuridico.com.br\/s.meusitejuridico\/2017\/04\/98aedcc2-botao-80x17.png 80w\" sizes=\"(max-width: 221px) 100vw, 221px\" \/><\/a><\/p>\n","protected":false},"excerpt":{"rendered":"<p>Autores: F\u00e1bio Roque Ara\u00fajo, Rog\u00e9rio Sanches Cunha, Ronaldo Batista Pinto, Luiz Fl\u00e1vio Gomes e D\u00e9bora de Souza de Almeida &#8211; Coment\u00e1rios, artigo por artigo, \u00e0 Lei 13.260\/2016 &#8211; Aspectos Criminol\u00f3gicos e Pol\u00edtico-Criminais O terrorismo \u00e9 um fen\u00f4meno muito antigo. Mas ganhou visibilidade globalizada intensa a partir dos atentados de 11.9.2001, nos EUA (Nova York), de [&hellip;]<\/p>\n","protected":false},"author":7,"featured_media":2268,"comment_status":"open","ping_status":"open","sticky":false,"template":"","format":"standard","meta":{"_acf_changed":false,"footnotes":""},"categories":[2372],"tags":[],"class_list":["post-1575","post","type-post","status-publish","format-standard","has-post-thumbnail","hentry","category-publieditorial"],"acf":[],"yoast_head":"<!-- This site is optimized with the Yoast SEO plugin v24.8.1 - https:\/\/yoast.com\/wordpress\/plugins\/seo\/ -->\n<title>TERRORISMO: ASPECTOS CRIMINOL\u00d3GICOS, POL\u00cdTICO-CRIMINAIS E COMENT\u00c1RIOS \u00c0 LEI 13.260\/2016 - Meu site jur\u00eddico<\/title>\n<meta name=\"robots\" content=\"index, follow, max-snippet:-1, max-image-preview:large, max-video-preview:-1\" \/>\n<link rel=\"canonical\" href=\"https:\/\/meusitejuridico.editorajuspodivm.com.br\/2016\/12\/10\/terrorismo-aspectos-criminologicos-politico-criminais-e-comentarios-lei-13-2602016\/\" \/>\n<meta property=\"og:locale\" content=\"pt_BR\" \/>\n<meta property=\"og:type\" content=\"article\" \/>\n<meta property=\"og:title\" content=\"TERRORISMO: ASPECTOS CRIMINOL\u00d3GICOS, POL\u00cdTICO-CRIMINAIS E COMENT\u00c1RIOS \u00c0 LEI 13.260\/2016 - Meu site jur\u00eddico\" \/>\n<meta property=\"og:description\" content=\"Autores: F\u00e1bio Roque Ara\u00fajo, Rog\u00e9rio Sanches Cunha, Ronaldo Batista Pinto, Luiz Fl\u00e1vio Gomes e D\u00e9bora de Souza de Almeida &#8211; Coment\u00e1rios, artigo por artigo, \u00e0 Lei 13.260\/2016 &#8211; Aspectos Criminol\u00f3gicos e Pol\u00edtico-Criminais O terrorismo \u00e9 um fen\u00f4meno muito antigo. Mas ganhou visibilidade globalizada intensa a partir dos atentados de 11.9.2001, nos EUA (Nova York), de [&hellip;]\" \/>\n<meta property=\"og:url\" content=\"https:\/\/meusitejuridico.editorajuspodivm.com.br\/2016\/12\/10\/terrorismo-aspectos-criminologicos-politico-criminais-e-comentarios-lei-13-2602016\/\" \/>\n<meta property=\"og:site_name\" content=\"Meu site jur\u00eddico\" \/>\n<meta property=\"article:published_time\" content=\"2016-12-10T13:54:55+00:00\" \/>\n<meta property=\"article:modified_time\" content=\"2022-01-18T16:31:29+00:00\" \/>\n<meta property=\"og:image\" content=\"https:\/\/meusitejuridico.editorajuspodivm.com.br\/s.meusitejuridico\/2017\/05\/806a92a0-terrorismo.png\" \/>\n\t<meta property=\"og:image:width\" content=\"977\" \/>\n\t<meta property=\"og:image:height\" content=\"808\" \/>\n\t<meta property=\"og:image:type\" content=\"image\/png\" \/>\n<meta name=\"author\" content=\"Equipe Meu Site Jur\u00eddico\" \/>\n<meta name=\"twitter:card\" content=\"summary_large_image\" \/>\n<meta name=\"twitter:label1\" content=\"Escrito por\" \/>\n\t<meta name=\"twitter:data1\" content=\"Equipe Meu Site Jur\u00eddico\" \/>\n\t<meta name=\"twitter:label2\" content=\"Est. tempo de leitura\" \/>\n\t<meta name=\"twitter:data2\" content=\"2 minutos\" \/>\n<script type=\"application\/ld+json\" class=\"yoast-schema-graph\">{\"@context\":\"https:\/\/schema.org\",\"@graph\":[{\"@type\":\"Article\",\"@id\":\"https:\/\/meusitejuridico.editorajuspodivm.com.br\/2016\/12\/10\/terrorismo-aspectos-criminologicos-politico-criminais-e-comentarios-lei-13-2602016\/#article\",\"isPartOf\":{\"@id\":\"https:\/\/meusitejuridico.editorajuspodivm.com.br\/2016\/12\/10\/terrorismo-aspectos-criminologicos-politico-criminais-e-comentarios-lei-13-2602016\/\"},\"author\":{\"name\":\"Equipe Meu Site Jur\u00eddico\",\"@id\":\"https:\/\/meusitejuridico.editorajuspodivm.com.br\/#\/schema\/person\/5c2237ac0c8ff03bcf1a09fe3e45dfce\"},\"headline\":\"TERRORISMO: ASPECTOS CRIMINOL\u00d3GICOS, POL\u00cdTICO-CRIMINAIS E COMENT\u00c1RIOS \u00c0 LEI 13.260\/2016\",\"datePublished\":\"2016-12-10T13:54:55+00:00\",\"dateModified\":\"2022-01-18T16:31:29+00:00\",\"mainEntityOfPage\":{\"@id\":\"https:\/\/meusitejuridico.editorajuspodivm.com.br\/2016\/12\/10\/terrorismo-aspectos-criminologicos-politico-criminais-e-comentarios-lei-13-2602016\/\"},\"wordCount\":331,\"commentCount\":0,\"publisher\":{\"@id\":\"https:\/\/meusitejuridico.editorajuspodivm.com.br\/#organization\"},\"image\":{\"@id\":\"https:\/\/meusitejuridico.editorajuspodivm.com.br\/2016\/12\/10\/terrorismo-aspectos-criminologicos-politico-criminais-e-comentarios-lei-13-2602016\/#primaryimage\"},\"thumbnailUrl\":\"https:\/\/cdn.meusitejuridico.com.br\/s.meusitejuridico\/2017\/05\/806a92a0-terrorismo.png\",\"articleSection\":[\"Publieditorial\"],\"inLanguage\":\"pt-BR\",\"potentialAction\":[{\"@type\":\"CommentAction\",\"name\":\"Comment\",\"target\":[\"https:\/\/meusitejuridico.editorajuspodivm.com.br\/2016\/12\/10\/terrorismo-aspectos-criminologicos-politico-criminais-e-comentarios-lei-13-2602016\/#respond\"]}]},{\"@type\":\"WebPage\",\"@id\":\"https:\/\/meusitejuridico.editorajuspodivm.com.br\/2016\/12\/10\/terrorismo-aspectos-criminologicos-politico-criminais-e-comentarios-lei-13-2602016\/\",\"url\":\"https:\/\/meusitejuridico.editorajuspodivm.com.br\/2016\/12\/10\/terrorismo-aspectos-criminologicos-politico-criminais-e-comentarios-lei-13-2602016\/\",\"name\":\"TERRORISMO: ASPECTOS CRIMINOL\u00d3GICOS, POL\u00cdTICO-CRIMINAIS E COMENT\u00c1RIOS \u00c0 LEI 13.260\/2016 - Meu site jur\u00eddico\",\"isPartOf\":{\"@id\":\"https:\/\/meusitejuridico.editorajuspodivm.com.br\/#website\"},\"primaryImageOfPage\":{\"@id\":\"https:\/\/meusitejuridico.editorajuspodivm.com.br\/2016\/12\/10\/terrorismo-aspectos-criminologicos-politico-criminais-e-comentarios-lei-13-2602016\/#primaryimage\"},\"image\":{\"@id\":\"https:\/\/meusitejuridico.editorajuspodivm.com.br\/2016\/12\/10\/terrorismo-aspectos-criminologicos-politico-criminais-e-comentarios-lei-13-2602016\/#primaryimage\"},\"thumbnailUrl\":\"https:\/\/cdn.meusitejuridico.com.br\/s.meusitejuridico\/2017\/05\/806a92a0-terrorismo.png\",\"datePublished\":\"2016-12-10T13:54:55+00:00\",\"dateModified\":\"2022-01-18T16:31:29+00:00\",\"breadcrumb\":{\"@id\":\"https:\/\/meusitejuridico.editorajuspodivm.com.br\/2016\/12\/10\/terrorismo-aspectos-criminologicos-politico-criminais-e-comentarios-lei-13-2602016\/#breadcrumb\"},\"inLanguage\":\"pt-BR\",\"potentialAction\":[{\"@type\":\"ReadAction\",\"target\":[\"https:\/\/meusitejuridico.editorajuspodivm.com.br\/2016\/12\/10\/terrorismo-aspectos-criminologicos-politico-criminais-e-comentarios-lei-13-2602016\/\"]}]},{\"@type\":\"ImageObject\",\"inLanguage\":\"pt-BR\",\"@id\":\"https:\/\/meusitejuridico.editorajuspodivm.com.br\/2016\/12\/10\/terrorismo-aspectos-criminologicos-politico-criminais-e-comentarios-lei-13-2602016\/#primaryimage\",\"url\":\"https:\/\/cdn.meusitejuridico.com.br\/s.meusitejuridico\/2017\/05\/806a92a0-terrorismo.png\",\"contentUrl\":\"https:\/\/cdn.meusitejuridico.com.br\/s.meusitejuridico\/2017\/05\/806a92a0-terrorismo.png\",\"width\":977,\"height\":808},{\"@type\":\"BreadcrumbList\",\"@id\":\"https:\/\/meusitejuridico.editorajuspodivm.com.br\/2016\/12\/10\/terrorismo-aspectos-criminologicos-politico-criminais-e-comentarios-lei-13-2602016\/#breadcrumb\",\"itemListElement\":[{\"@type\":\"ListItem\",\"position\":1,\"name\":\"In\u00edcio\",\"item\":\"https:\/\/meusitejuridico.editorajuspodivm.com.br\/\"},{\"@type\":\"ListItem\",\"position\":2,\"name\":\"TERRORISMO: ASPECTOS CRIMINOL\u00d3GICOS, POL\u00cdTICO-CRIMINAIS E COMENT\u00c1RIOS \u00c0 LEI 13.260\/2016\"}]},{\"@type\":\"WebSite\",\"@id\":\"https:\/\/meusitejuridico.editorajuspodivm.com.br\/#website\",\"url\":\"https:\/\/meusitejuridico.editorajuspodivm.com.br\/\",\"name\":\"Meu site jur\u00eddico\",\"description\":\"Meu site jur\u00eddico\",\"publisher\":{\"@id\":\"https:\/\/meusitejuridico.editorajuspodivm.com.br\/#organization\"},\"potentialAction\":[{\"@type\":\"SearchAction\",\"target\":{\"@type\":\"EntryPoint\",\"urlTemplate\":\"https:\/\/meusitejuridico.editorajuspodivm.com.br\/?s={search_term_string}\"},\"query-input\":{\"@type\":\"PropertyValueSpecification\",\"valueRequired\":true,\"valueName\":\"search_term_string\"}}],\"inLanguage\":\"pt-BR\"},{\"@type\":\"Organization\",\"@id\":\"https:\/\/meusitejuridico.editorajuspodivm.com.br\/#organization\",\"name\":\"Meu site jur\u00eddico\",\"url\":\"https:\/\/meusitejuridico.editorajuspodivm.com.br\/\",\"logo\":{\"@type\":\"ImageObject\",\"inLanguage\":\"pt-BR\",\"@id\":\"https:\/\/meusitejuridico.editorajuspodivm.com.br\/#\/schema\/logo\/image\/\",\"url\":\"https:\/\/cdn.meusitejuridico.com.br\/s.meusitejuridico\/2022\/03\/cropped-baeec2a3-msj-02-01-01.png\",\"contentUrl\":\"https:\/\/cdn.meusitejuridico.com.br\/s.meusitejuridico\/2022\/03\/cropped-baeec2a3-msj-02-01-01.png\",\"width\":349,\"height\":243,\"caption\":\"Meu site jur\u00eddico\"},\"image\":{\"@id\":\"https:\/\/meusitejuridico.editorajuspodivm.com.br\/#\/schema\/logo\/image\/\"}},{\"@type\":\"Person\",\"@id\":\"https:\/\/meusitejuridico.editorajuspodivm.com.br\/#\/schema\/person\/5c2237ac0c8ff03bcf1a09fe3e45dfce\",\"name\":\"Equipe Meu Site Jur\u00eddico\",\"image\":{\"@type\":\"ImageObject\",\"inLanguage\":\"pt-BR\",\"@id\":\"https:\/\/meusitejuridico.editorajuspodivm.com.br\/#\/schema\/person\/image\/\",\"url\":\"https:\/\/cdn.meusitejuridico.com.br\/s.meusitejuridico\/2020\/07\/6be289aa-logo-msj.png\",\"contentUrl\":\"https:\/\/cdn.meusitejuridico.com.br\/s.meusitejuridico\/2020\/07\/6be289aa-logo-msj.png\",\"caption\":\"Equipe Meu Site Jur\u00eddico\"},\"description\":\"Contem conosco!\",\"url\":\"https:\/\/cdn.meusitejuridico.com.br\/author\/equipe-meu-site-juridico\/\"}]}<\/script>\n<!-- \/ Yoast SEO plugin. -->","yoast_head_json":{"title":"TERRORISMO: ASPECTOS CRIMINOL\u00d3GICOS, POL\u00cdTICO-CRIMINAIS E COMENT\u00c1RIOS \u00c0 LEI 13.260\/2016 - Meu site jur\u00eddico","robots":{"index":"index","follow":"follow","max-snippet":"max-snippet:-1","max-image-preview":"max-image-preview:large","max-video-preview":"max-video-preview:-1"},"canonical":"https:\/\/meusitejuridico.editorajuspodivm.com.br\/2016\/12\/10\/terrorismo-aspectos-criminologicos-politico-criminais-e-comentarios-lei-13-2602016\/","og_locale":"pt_BR","og_type":"article","og_title":"TERRORISMO: ASPECTOS CRIMINOL\u00d3GICOS, POL\u00cdTICO-CRIMINAIS E COMENT\u00c1RIOS \u00c0 LEI 13.260\/2016 - Meu site jur\u00eddico","og_description":"Autores: F\u00e1bio Roque Ara\u00fajo, Rog\u00e9rio Sanches Cunha, Ronaldo Batista Pinto, Luiz Fl\u00e1vio Gomes e D\u00e9bora de Souza de Almeida &#8211; Coment\u00e1rios, artigo por artigo, \u00e0 Lei 13.260\/2016 &#8211; Aspectos Criminol\u00f3gicos e Pol\u00edtico-Criminais O terrorismo \u00e9 um fen\u00f4meno muito antigo. Mas ganhou visibilidade globalizada intensa a partir dos atentados de 11.9.2001, nos EUA (Nova York), de [&hellip;]","og_url":"https:\/\/meusitejuridico.editorajuspodivm.com.br\/2016\/12\/10\/terrorismo-aspectos-criminologicos-politico-criminais-e-comentarios-lei-13-2602016\/","og_site_name":"Meu site jur\u00eddico","article_published_time":"2016-12-10T13:54:55+00:00","article_modified_time":"2022-01-18T16:31:29+00:00","og_image":[{"width":977,"height":808,"url":"https:\/\/meusitejuridico.editorajuspodivm.com.br\/s.meusitejuridico\/2017\/05\/806a92a0-terrorismo.png","type":"image\/png"}],"author":"Equipe Meu Site Jur\u00eddico","twitter_card":"summary_large_image","twitter_misc":{"Escrito por":"Equipe Meu Site Jur\u00eddico","Est. tempo de leitura":"2 minutos"},"schema":{"@context":"https:\/\/schema.org","@graph":[{"@type":"Article","@id":"https:\/\/meusitejuridico.editorajuspodivm.com.br\/2016\/12\/10\/terrorismo-aspectos-criminologicos-politico-criminais-e-comentarios-lei-13-2602016\/#article","isPartOf":{"@id":"https:\/\/meusitejuridico.editorajuspodivm.com.br\/2016\/12\/10\/terrorismo-aspectos-criminologicos-politico-criminais-e-comentarios-lei-13-2602016\/"},"author":{"name":"Equipe Meu Site Jur\u00eddico","@id":"https:\/\/meusitejuridico.editorajuspodivm.com.br\/#\/schema\/person\/5c2237ac0c8ff03bcf1a09fe3e45dfce"},"headline":"TERRORISMO: ASPECTOS CRIMINOL\u00d3GICOS, POL\u00cdTICO-CRIMINAIS E COMENT\u00c1RIOS \u00c0 LEI 13.260\/2016","datePublished":"2016-12-10T13:54:55+00:00","dateModified":"2022-01-18T16:31:29+00:00","mainEntityOfPage":{"@id":"https:\/\/meusitejuridico.editorajuspodivm.com.br\/2016\/12\/10\/terrorismo-aspectos-criminologicos-politico-criminais-e-comentarios-lei-13-2602016\/"},"wordCount":331,"commentCount":0,"publisher":{"@id":"https:\/\/meusitejuridico.editorajuspodivm.com.br\/#organization"},"image":{"@id":"https:\/\/meusitejuridico.editorajuspodivm.com.br\/2016\/12\/10\/terrorismo-aspectos-criminologicos-politico-criminais-e-comentarios-lei-13-2602016\/#primaryimage"},"thumbnailUrl":"https:\/\/cdn.meusitejuridico.com.br\/s.meusitejuridico\/2017\/05\/806a92a0-terrorismo.png","articleSection":["Publieditorial"],"inLanguage":"pt-BR","potentialAction":[{"@type":"CommentAction","name":"Comment","target":["https:\/\/meusitejuridico.editorajuspodivm.com.br\/2016\/12\/10\/terrorismo-aspectos-criminologicos-politico-criminais-e-comentarios-lei-13-2602016\/#respond"]}]},{"@type":"WebPage","@id":"https:\/\/meusitejuridico.editorajuspodivm.com.br\/2016\/12\/10\/terrorismo-aspectos-criminologicos-politico-criminais-e-comentarios-lei-13-2602016\/","url":"https:\/\/meusitejuridico.editorajuspodivm.com.br\/2016\/12\/10\/terrorismo-aspectos-criminologicos-politico-criminais-e-comentarios-lei-13-2602016\/","name":"TERRORISMO: ASPECTOS CRIMINOL\u00d3GICOS, POL\u00cdTICO-CRIMINAIS E COMENT\u00c1RIOS \u00c0 LEI 13.260\/2016 - Meu site jur\u00eddico","isPartOf":{"@id":"https:\/\/meusitejuridico.editorajuspodivm.com.br\/#website"},"primaryImageOfPage":{"@id":"https:\/\/meusitejuridico.editorajuspodivm.com.br\/2016\/12\/10\/terrorismo-aspectos-criminologicos-politico-criminais-e-comentarios-lei-13-2602016\/#primaryimage"},"image":{"@id":"https:\/\/meusitejuridico.editorajuspodivm.com.br\/2016\/12\/10\/terrorismo-aspectos-criminologicos-politico-criminais-e-comentarios-lei-13-2602016\/#primaryimage"},"thumbnailUrl":"https:\/\/cdn.meusitejuridico.com.br\/s.meusitejuridico\/2017\/05\/806a92a0-terrorismo.png","datePublished":"2016-12-10T13:54:55+00:00","dateModified":"2022-01-18T16:31:29+00:00","breadcrumb":{"@id":"https:\/\/meusitejuridico.editorajuspodivm.com.br\/2016\/12\/10\/terrorismo-aspectos-criminologicos-politico-criminais-e-comentarios-lei-13-2602016\/#breadcrumb"},"inLanguage":"pt-BR","potentialAction":[{"@type":"ReadAction","target":["https:\/\/meusitejuridico.editorajuspodivm.com.br\/2016\/12\/10\/terrorismo-aspectos-criminologicos-politico-criminais-e-comentarios-lei-13-2602016\/"]}]},{"@type":"ImageObject","inLanguage":"pt-BR","@id":"https:\/\/meusitejuridico.editorajuspodivm.com.br\/2016\/12\/10\/terrorismo-aspectos-criminologicos-politico-criminais-e-comentarios-lei-13-2602016\/#primaryimage","url":"https:\/\/cdn.meusitejuridico.com.br\/s.meusitejuridico\/2017\/05\/806a92a0-terrorismo.png","contentUrl":"https:\/\/cdn.meusitejuridico.com.br\/s.meusitejuridico\/2017\/05\/806a92a0-terrorismo.png","width":977,"height":808},{"@type":"BreadcrumbList","@id":"https:\/\/meusitejuridico.editorajuspodivm.com.br\/2016\/12\/10\/terrorismo-aspectos-criminologicos-politico-criminais-e-comentarios-lei-13-2602016\/#breadcrumb","itemListElement":[{"@type":"ListItem","position":1,"name":"In\u00edcio","item":"https:\/\/meusitejuridico.editorajuspodivm.com.br\/"},{"@type":"ListItem","position":2,"name":"TERRORISMO: ASPECTOS CRIMINOL\u00d3GICOS, POL\u00cdTICO-CRIMINAIS E COMENT\u00c1RIOS \u00c0 LEI 13.260\/2016"}]},{"@type":"WebSite","@id":"https:\/\/meusitejuridico.editorajuspodivm.com.br\/#website","url":"https:\/\/meusitejuridico.editorajuspodivm.com.br\/","name":"Meu site jur\u00eddico","description":"Meu site jur\u00eddico","publisher":{"@id":"https:\/\/meusitejuridico.editorajuspodivm.com.br\/#organization"},"potentialAction":[{"@type":"SearchAction","target":{"@type":"EntryPoint","urlTemplate":"https:\/\/meusitejuridico.editorajuspodivm.com.br\/?s={search_term_string}"},"query-input":{"@type":"PropertyValueSpecification","valueRequired":true,"valueName":"search_term_string"}}],"inLanguage":"pt-BR"},{"@type":"Organization","@id":"https:\/\/meusitejuridico.editorajuspodivm.com.br\/#organization","name":"Meu site jur\u00eddico","url":"https:\/\/meusitejuridico.editorajuspodivm.com.br\/","logo":{"@type":"ImageObject","inLanguage":"pt-BR","@id":"https:\/\/meusitejuridico.editorajuspodivm.com.br\/#\/schema\/logo\/image\/","url":"https:\/\/cdn.meusitejuridico.com.br\/s.meusitejuridico\/2022\/03\/cropped-baeec2a3-msj-02-01-01.png","contentUrl":"https:\/\/cdn.meusitejuridico.com.br\/s.meusitejuridico\/2022\/03\/cropped-baeec2a3-msj-02-01-01.png","width":349,"height":243,"caption":"Meu site jur\u00eddico"},"image":{"@id":"https:\/\/meusitejuridico.editorajuspodivm.com.br\/#\/schema\/logo\/image\/"}},{"@type":"Person","@id":"https:\/\/meusitejuridico.editorajuspodivm.com.br\/#\/schema\/person\/5c2237ac0c8ff03bcf1a09fe3e45dfce","name":"Equipe Meu Site Jur\u00eddico","image":{"@type":"ImageObject","inLanguage":"pt-BR","@id":"https:\/\/meusitejuridico.editorajuspodivm.com.br\/#\/schema\/person\/image\/","url":"https:\/\/cdn.meusitejuridico.com.br\/s.meusitejuridico\/2020\/07\/6be289aa-logo-msj.png","contentUrl":"https:\/\/cdn.meusitejuridico.com.br\/s.meusitejuridico\/2020\/07\/6be289aa-logo-msj.png","caption":"Equipe Meu Site Jur\u00eddico"},"description":"Contem conosco!","url":"https:\/\/cdn.meusitejuridico.com.br\/author\/equipe-meu-site-juridico\/"}]}},"_links":{"self":[{"href":"https:\/\/cdn.meusitejuridico.com.br\/api\/wp\/v2\/posts\/1575","targetHints":{"allow":["GET"]}}],"collection":[{"href":"https:\/\/cdn.meusitejuridico.com.br\/api\/wp\/v2\/posts"}],"about":[{"href":"https:\/\/cdn.meusitejuridico.com.br\/api\/wp\/v2\/types\/post"}],"author":[{"embeddable":true,"href":"https:\/\/cdn.meusitejuridico.com.br\/api\/wp\/v2\/users\/7"}],"replies":[{"embeddable":true,"href":"https:\/\/cdn.meusitejuridico.com.br\/api\/wp\/v2\/comments?post=1575"}],"version-history":[{"count":5,"href":"https:\/\/cdn.meusitejuridico.com.br\/api\/wp\/v2\/posts\/1575\/revisions"}],"predecessor-version":[{"id":14769,"href":"https:\/\/cdn.meusitejuridico.com.br\/api\/wp\/v2\/posts\/1575\/revisions\/14769"}],"wp:featuredmedia":[{"embeddable":true,"href":"https:\/\/cdn.meusitejuridico.com.br\/api\/wp\/v2\/media\/2268"}],"wp:attachment":[{"href":"https:\/\/cdn.meusitejuridico.com.br\/api\/wp\/v2\/media?parent=1575"}],"wp:term":[{"taxonomy":"category","embeddable":true,"href":"https:\/\/cdn.meusitejuridico.com.br\/api\/wp\/v2\/categories?post=1575"},{"taxonomy":"post_tag","embeddable":true,"href":"https:\/\/cdn.meusitejuridico.com.br\/api\/wp\/v2\/tags?post=1575"}],"curies":[{"name":"wp","href":"https:\/\/api.w.org\/{rel}","templated":true}]}}