{"id":1597,"date":"2017-06-01T19:45:54","date_gmt":"2017-06-01T22:45:54","guid":{"rendered":"https:\/\/meusitejuridico.com.br\/?p=1597"},"modified":"2022-01-18T13:31:29","modified_gmt":"2022-01-18T16:31:29","slug":"estatuto-da-pessoa-com-deficiencia-2017","status":"publish","type":"post","link":"https:\/\/cdn.meusitejuridico.com.br\/2017\/06\/01\/estatuto-da-pessoa-com-deficiencia-2017\/","title":{"rendered":"REVISA\u00c7O DIREITO PENAL &#8211; 2.209 QUEST\u00d5ES COMENTADAS ALTERNATIVA POR ALTERNATIVA (2018)"},"content":{"rendered":"<p><strong>Autores:<\/strong>\u00a0Rog\u00e9rio Sanches Cunha<\/p>\n<p>2.209 Quest\u00f5es comentadas alternativa por alternativa<\/p>\n<p>CONFORME<\/p>\n<p>&#8211; Lei 13.257\/2016 &#8211; Altera o C\u00f3digo de Processo Penal nas disposi\u00e7\u00f5es relativas ao inqu\u00e9rito policial, ao interrogat\u00f3rio, \u00e0 pris\u00e3o em flagrante e \u00e0 pris\u00e3o domiciliar<br \/>\n&#8211; Lei 13.260\/2016 &#8211; Antiterrorismo<br \/>\n&#8211; Lei 13.281\/2016 &#8211; Altera o C\u00f3digo de Tr\u00e2nsito Brasileiro<br \/>\n&#8211; Lei 13.344\/2016 &#8211; Disp\u00f5e sobre preven\u00e7\u00e3o e repress\u00e3o ao tr\u00e1fico interno e internacional de pessoas<\/p>\n<p>INCLUI<\/p>\n<p>&#8211; Dicas (resumo)<br \/>\n&#8211; S\u00famulas dos Tribunais Superiores<br \/>\n&#8211; Informativos do STF e do STJ<\/p>\n<p>QUEST\u00d5ES COMENTADAS DOS SEGUINTES CONCURSOS<\/p>\n<p>&#8211; Procurador da Rep\u00fablica<br \/>\n&#8211; Defensor P\u00fablico da Uni\u00e3o<br \/>\n&#8211; Defensor P\u00fablico Estadual<br \/>\n&#8211; Advogado da Uni\u00e3o<br \/>\n&#8211; Procurador Federal<br \/>\n&#8211; Procurador da Fazenda Nacional<br \/>\n&#8211; Procurador do Munic\u00edpio<br \/>\n&#8211; Procurador do Estado<br \/>\n&#8211; Procurador da Rep\u00fablica<br \/>\n&#8211; Promotor de Justi\u00e7a<br \/>\n&#8211; Juiz Federal<br \/>\n&#8211; Juiz de Direito<br \/>\n&#8211; Delegado da Pol\u00edcia Civil<br \/>\n&#8211; Policial Rodovi\u00e1rio Federal<\/p>\n<p>REVISA\u00c7O \u00e9 a consagrada cole\u00e7\u00e3o de quest\u00f5es comentadas da Editora Juspodivm.<\/p>\n<p>Com cuidado, pensamos num formato que fosse al\u00e9m dos coment\u00e1rios das quest\u00f5es. Algo que realmente pudesse ajudar o aluno no estudo para concursos ou Exames da Ordem, especialmente na\u00a0revis\u00e3o final.<\/p>\n<p>Para isso, os livros da Cole\u00e7\u00e3o s\u00e3o estruturados didaticamente da seguinte forma:<\/p>\n<p>&#8211; Quest\u00f5es divididas por mat\u00e9ria e assunto, comentadas assertiva por assertiva, item por item, demonstrando tanto o que est\u00e1 certo como o que est\u00e1 errado na quest\u00e3o<br \/>\n&#8211; Sempre que poss\u00edvel h\u00e1 uma nota do autor em cada quest\u00e3o trazendo coment\u00e1rios complementares do assunto abordado no exerc\u00edcio<\/p>\n<p>Ao final das disciplinas apresentamos:<\/p>\n<p>&#8211; Dicas de estudo, que funcionam como verdadeiro resumo da mat\u00e9ria<br \/>\n&#8211; S\u00famulas dos Tribunais Superiores<br \/>\n&#8211; Informativos do STF, STJ e TST<br \/>\n&#8211; Orienta\u00e7\u00f5es Jurisprudenciais<\/p>\n<p>A ideia, portanto, \u00e9 apresentar a pr\u00e1tica do concurso ou Exame da Ordem (quest\u00f5es), a doutrina para estudo (dicas) e a jurisprud\u00eancia (s\u00famulas e informativos), formando a tr\u00edade necess\u00e1ria para uma\u00a0revis\u00e3o (verdadeiro\u00a0REVISA\u00c7O!) rumo ao sucesso na aprova\u00e7\u00e3o.<\/p>\n<p>V\u00e1rios livros comp\u00f5em a Cole\u00e7\u00e3o e, para todos, chamamos grandes nomes, professores experientes, profissionais de destaque e especialistas em cada \u00e1rea para que organizassem as obras e comentassem as quest\u00f5es.<\/p>\n<p>Acreditamos que essa Cole\u00e7\u00e3o ser\u00e1 bastante \u00fatil aos candidatos de concursos p\u00fablicos e Exame da Ordem.<\/p>\n<p>EDITORA JUSPODIVM<\/p>\n<p><a href=\"https:\/\/www.editorajuspodivm.com.br\/revisaco-direito-penal-2209-questoes-comentadas-alternativa-por-alternativa-2018\" target=\"_blank\" rel=\"noopener\"><img decoding=\"async\" class=\"alignnone wp-image-1572 size-full\" src=\"https:\/\/s3.meusitejuridico.com.br\/2017\/04\/98aedcc2-botao.png\" alt=\"\" width=\"221\" height=\"48\" srcset=\"https:\/\/cdn.meusitejuridico.com.br\/s.meusitejuridico\/2017\/04\/98aedcc2-botao.png 221w, https:\/\/cdn.meusitejuridico.com.br\/s.meusitejuridico\/2017\/04\/98aedcc2-botao-80x17.png 80w\" sizes=\"(max-width: 221px) 100vw, 221px\" \/><\/a><\/p>\n","protected":false},"excerpt":{"rendered":"<p>Autores:\u00a0Rog\u00e9rio Sanches Cunha 2.209 Quest\u00f5es comentadas alternativa por alternativa CONFORME &#8211; Lei 13.257\/2016 &#8211; Altera o C\u00f3digo de Processo Penal nas disposi\u00e7\u00f5es relativas ao inqu\u00e9rito policial, ao interrogat\u00f3rio, \u00e0 pris\u00e3o em flagrante e \u00e0 pris\u00e3o domiciliar &#8211; Lei 13.260\/2016 &#8211; Antiterrorismo &#8211; Lei 13.281\/2016 &#8211; Altera o C\u00f3digo de Tr\u00e2nsito Brasileiro &#8211; Lei 13.344\/2016 &#8211; [&hellip;]<\/p>\n","protected":false},"author":7,"featured_media":5439,"comment_status":"open","ping_status":"open","sticky":false,"template":"","format":"standard","meta":{"_acf_changed":false,"footnotes":""},"categories":[2372],"tags":[],"class_list":["post-1597","post","type-post","status-publish","format-standard","has-post-thumbnail","hentry","category-publieditorial"],"acf":[],"yoast_head":"<!-- This site is optimized with the Yoast SEO plugin v24.8.1 - https:\/\/yoast.com\/wordpress\/plugins\/seo\/ -->\n<title>REVISA\u00c7O DIREITO PENAL - 2.209 QUEST\u00d5ES COMENTADAS ALTERNATIVA POR ALTERNATIVA (2018) - Meu site jur\u00eddico<\/title>\n<meta name=\"robots\" content=\"index, follow, max-snippet:-1, max-image-preview:large, max-video-preview:-1\" \/>\n<link rel=\"canonical\" href=\"https:\/\/meusitejuridico.editorajuspodivm.com.br\/2017\/06\/01\/estatuto-da-pessoa-com-deficiencia-2017\/\" \/>\n<meta property=\"og:locale\" content=\"pt_BR\" \/>\n<meta property=\"og:type\" content=\"article\" \/>\n<meta property=\"og:title\" content=\"REVISA\u00c7O DIREITO PENAL - 2.209 QUEST\u00d5ES COMENTADAS ALTERNATIVA POR ALTERNATIVA (2018) - Meu site jur\u00eddico\" \/>\n<meta property=\"og:description\" content=\"Autores:\u00a0Rog\u00e9rio Sanches Cunha 2.209 Quest\u00f5es comentadas alternativa por alternativa CONFORME &#8211; Lei 13.257\/2016 &#8211; Altera o C\u00f3digo de Processo Penal nas disposi\u00e7\u00f5es relativas ao inqu\u00e9rito policial, ao interrogat\u00f3rio, \u00e0 pris\u00e3o em flagrante e \u00e0 pris\u00e3o domiciliar &#8211; Lei 13.260\/2016 &#8211; Antiterrorismo &#8211; Lei 13.281\/2016 &#8211; Altera o C\u00f3digo de Tr\u00e2nsito Brasileiro &#8211; Lei 13.344\/2016 &#8211; [&hellip;]\" \/>\n<meta property=\"og:url\" content=\"https:\/\/meusitejuridico.editorajuspodivm.com.br\/2017\/06\/01\/estatuto-da-pessoa-com-deficiencia-2017\/\" \/>\n<meta property=\"og:site_name\" content=\"Meu site jur\u00eddico\" \/>\n<meta property=\"article:published_time\" content=\"2017-06-01T22:45:54+00:00\" \/>\n<meta property=\"article:modified_time\" content=\"2022-01-18T16:31:29+00:00\" \/>\n<meta property=\"og:image\" content=\"https:\/\/meusitejuridico.editorajuspodivm.com.br\/s.meusitejuridico\/2017\/06\/49ce4c4d-revisaco.png\" \/>\n\t<meta property=\"og:image:width\" content=\"755\" \/>\n\t<meta property=\"og:image:height\" content=\"981\" \/>\n\t<meta property=\"og:image:type\" content=\"image\/png\" \/>\n<meta name=\"author\" content=\"Equipe Meu Site Jur\u00eddico\" \/>\n<meta name=\"twitter:card\" content=\"summary_large_image\" \/>\n<meta name=\"twitter:label1\" content=\"Escrito por\" \/>\n\t<meta name=\"twitter:data1\" content=\"Equipe Meu Site Jur\u00eddico\" \/>\n\t<meta name=\"twitter:label2\" content=\"Est. tempo de leitura\" \/>\n\t<meta name=\"twitter:data2\" content=\"2 minutos\" \/>\n<script type=\"application\/ld+json\" class=\"yoast-schema-graph\">{\"@context\":\"https:\/\/schema.org\",\"@graph\":[{\"@type\":\"Article\",\"@id\":\"https:\/\/meusitejuridico.editorajuspodivm.com.br\/2017\/06\/01\/estatuto-da-pessoa-com-deficiencia-2017\/#article\",\"isPartOf\":{\"@id\":\"https:\/\/meusitejuridico.editorajuspodivm.com.br\/2017\/06\/01\/estatuto-da-pessoa-com-deficiencia-2017\/\"},\"author\":{\"name\":\"Equipe Meu Site Jur\u00eddico\",\"@id\":\"https:\/\/meusitejuridico.editorajuspodivm.com.br\/#\/schema\/person\/5c2237ac0c8ff03bcf1a09fe3e45dfce\"},\"headline\":\"REVISA\u00c7O DIREITO PENAL &#8211; 2.209 QUEST\u00d5ES COMENTADAS ALTERNATIVA POR ALTERNATIVA (2018)\",\"datePublished\":\"2017-06-01T22:45:54+00:00\",\"dateModified\":\"2022-01-18T16:31:29+00:00\",\"mainEntityOfPage\":{\"@id\":\"https:\/\/meusitejuridico.editorajuspodivm.com.br\/2017\/06\/01\/estatuto-da-pessoa-com-deficiencia-2017\/\"},\"wordCount\":427,\"commentCount\":0,\"publisher\":{\"@id\":\"https:\/\/meusitejuridico.editorajuspodivm.com.br\/#organization\"},\"image\":{\"@id\":\"https:\/\/meusitejuridico.editorajuspodivm.com.br\/2017\/06\/01\/estatuto-da-pessoa-com-deficiencia-2017\/#primaryimage\"},\"thumbnailUrl\":\"https:\/\/cdn.meusitejuridico.com.br\/s.meusitejuridico\/2017\/06\/49ce4c4d-revisaco.png\",\"articleSection\":[\"Publieditorial\"],\"inLanguage\":\"pt-BR\",\"potentialAction\":[{\"@type\":\"CommentAction\",\"name\":\"Comment\",\"target\":[\"https:\/\/meusitejuridico.editorajuspodivm.com.br\/2017\/06\/01\/estatuto-da-pessoa-com-deficiencia-2017\/#respond\"]}]},{\"@type\":\"WebPage\",\"@id\":\"https:\/\/meusitejuridico.editorajuspodivm.com.br\/2017\/06\/01\/estatuto-da-pessoa-com-deficiencia-2017\/\",\"url\":\"https:\/\/meusitejuridico.editorajuspodivm.com.br\/2017\/06\/01\/estatuto-da-pessoa-com-deficiencia-2017\/\",\"name\":\"REVISA\u00c7O DIREITO PENAL - 2.209 QUEST\u00d5ES COMENTADAS ALTERNATIVA POR ALTERNATIVA (2018) - Meu site jur\u00eddico\",\"isPartOf\":{\"@id\":\"https:\/\/meusitejuridico.editorajuspodivm.com.br\/#website\"},\"primaryImageOfPage\":{\"@id\":\"https:\/\/meusitejuridico.editorajuspodivm.com.br\/2017\/06\/01\/estatuto-da-pessoa-com-deficiencia-2017\/#primaryimage\"},\"image\":{\"@id\":\"https:\/\/meusitejuridico.editorajuspodivm.com.br\/2017\/06\/01\/estatuto-da-pessoa-com-deficiencia-2017\/#primaryimage\"},\"thumbnailUrl\":\"https:\/\/cdn.meusitejuridico.com.br\/s.meusitejuridico\/2017\/06\/49ce4c4d-revisaco.png\",\"datePublished\":\"2017-06-01T22:45:54+00:00\",\"dateModified\":\"2022-01-18T16:31:29+00:00\",\"breadcrumb\":{\"@id\":\"https:\/\/meusitejuridico.editorajuspodivm.com.br\/2017\/06\/01\/estatuto-da-pessoa-com-deficiencia-2017\/#breadcrumb\"},\"inLanguage\":\"pt-BR\",\"potentialAction\":[{\"@type\":\"ReadAction\",\"target\":[\"https:\/\/meusitejuridico.editorajuspodivm.com.br\/2017\/06\/01\/estatuto-da-pessoa-com-deficiencia-2017\/\"]}]},{\"@type\":\"ImageObject\",\"inLanguage\":\"pt-BR\",\"@id\":\"https:\/\/meusitejuridico.editorajuspodivm.com.br\/2017\/06\/01\/estatuto-da-pessoa-com-deficiencia-2017\/#primaryimage\",\"url\":\"https:\/\/cdn.meusitejuridico.com.br\/s.meusitejuridico\/2017\/06\/49ce4c4d-revisaco.png\",\"contentUrl\":\"https:\/\/cdn.meusitejuridico.com.br\/s.meusitejuridico\/2017\/06\/49ce4c4d-revisaco.png\",\"width\":755,\"height\":981},{\"@type\":\"BreadcrumbList\",\"@id\":\"https:\/\/meusitejuridico.editorajuspodivm.com.br\/2017\/06\/01\/estatuto-da-pessoa-com-deficiencia-2017\/#breadcrumb\",\"itemListElement\":[{\"@type\":\"ListItem\",\"position\":1,\"name\":\"In\u00edcio\",\"item\":\"https:\/\/meusitejuridico.editorajuspodivm.com.br\/\"},{\"@type\":\"ListItem\",\"position\":2,\"name\":\"REVISA\u00c7O DIREITO PENAL &#8211; 2.209 QUEST\u00d5ES COMENTADAS ALTERNATIVA POR ALTERNATIVA (2018)\"}]},{\"@type\":\"WebSite\",\"@id\":\"https:\/\/meusitejuridico.editorajuspodivm.com.br\/#website\",\"url\":\"https:\/\/meusitejuridico.editorajuspodivm.com.br\/\",\"name\":\"Meu site jur\u00eddico\",\"description\":\"Meu site jur\u00eddico\",\"publisher\":{\"@id\":\"https:\/\/meusitejuridico.editorajuspodivm.com.br\/#organization\"},\"potentialAction\":[{\"@type\":\"SearchAction\",\"target\":{\"@type\":\"EntryPoint\",\"urlTemplate\":\"https:\/\/meusitejuridico.editorajuspodivm.com.br\/?s={search_term_string}\"},\"query-input\":{\"@type\":\"PropertyValueSpecification\",\"valueRequired\":true,\"valueName\":\"search_term_string\"}}],\"inLanguage\":\"pt-BR\"},{\"@type\":\"Organization\",\"@id\":\"https:\/\/meusitejuridico.editorajuspodivm.com.br\/#organization\",\"name\":\"Meu site jur\u00eddico\",\"url\":\"https:\/\/meusitejuridico.editorajuspodivm.com.br\/\",\"logo\":{\"@type\":\"ImageObject\",\"inLanguage\":\"pt-BR\",\"@id\":\"https:\/\/meusitejuridico.editorajuspodivm.com.br\/#\/schema\/logo\/image\/\",\"url\":\"https:\/\/cdn.meusitejuridico.com.br\/s.meusitejuridico\/2022\/03\/cropped-baeec2a3-msj-02-01-01.png\",\"contentUrl\":\"https:\/\/cdn.meusitejuridico.com.br\/s.meusitejuridico\/2022\/03\/cropped-baeec2a3-msj-02-01-01.png\",\"width\":349,\"height\":243,\"caption\":\"Meu site jur\u00eddico\"},\"image\":{\"@id\":\"https:\/\/meusitejuridico.editorajuspodivm.com.br\/#\/schema\/logo\/image\/\"}},{\"@type\":\"Person\",\"@id\":\"https:\/\/meusitejuridico.editorajuspodivm.com.br\/#\/schema\/person\/5c2237ac0c8ff03bcf1a09fe3e45dfce\",\"name\":\"Equipe Meu Site Jur\u00eddico\",\"image\":{\"@type\":\"ImageObject\",\"inLanguage\":\"pt-BR\",\"@id\":\"https:\/\/meusitejuridico.editorajuspodivm.com.br\/#\/schema\/person\/image\/\",\"url\":\"https:\/\/cdn.meusitejuridico.com.br\/s.meusitejuridico\/2020\/07\/6be289aa-logo-msj.png\",\"contentUrl\":\"https:\/\/cdn.meusitejuridico.com.br\/s.meusitejuridico\/2020\/07\/6be289aa-logo-msj.png\",\"caption\":\"Equipe Meu Site Jur\u00eddico\"},\"description\":\"Contem conosco!\",\"url\":\"https:\/\/cdn.meusitejuridico.com.br\/author\/equipe-meu-site-juridico\/\"}]}<\/script>\n<!-- \/ Yoast SEO plugin. -->","yoast_head_json":{"title":"REVISA\u00c7O DIREITO PENAL - 2.209 QUEST\u00d5ES COMENTADAS ALTERNATIVA POR ALTERNATIVA (2018) - Meu site jur\u00eddico","robots":{"index":"index","follow":"follow","max-snippet":"max-snippet:-1","max-image-preview":"max-image-preview:large","max-video-preview":"max-video-preview:-1"},"canonical":"https:\/\/meusitejuridico.editorajuspodivm.com.br\/2017\/06\/01\/estatuto-da-pessoa-com-deficiencia-2017\/","og_locale":"pt_BR","og_type":"article","og_title":"REVISA\u00c7O DIREITO PENAL - 2.209 QUEST\u00d5ES COMENTADAS ALTERNATIVA POR ALTERNATIVA (2018) - Meu site jur\u00eddico","og_description":"Autores:\u00a0Rog\u00e9rio Sanches Cunha 2.209 Quest\u00f5es comentadas alternativa por alternativa CONFORME &#8211; Lei 13.257\/2016 &#8211; Altera o C\u00f3digo de Processo Penal nas disposi\u00e7\u00f5es relativas ao inqu\u00e9rito policial, ao interrogat\u00f3rio, \u00e0 pris\u00e3o em flagrante e \u00e0 pris\u00e3o domiciliar &#8211; Lei 13.260\/2016 &#8211; Antiterrorismo &#8211; Lei 13.281\/2016 &#8211; Altera o C\u00f3digo de Tr\u00e2nsito Brasileiro &#8211; Lei 13.344\/2016 &#8211; [&hellip;]","og_url":"https:\/\/meusitejuridico.editorajuspodivm.com.br\/2017\/06\/01\/estatuto-da-pessoa-com-deficiencia-2017\/","og_site_name":"Meu site jur\u00eddico","article_published_time":"2017-06-01T22:45:54+00:00","article_modified_time":"2022-01-18T16:31:29+00:00","og_image":[{"width":755,"height":981,"url":"https:\/\/meusitejuridico.editorajuspodivm.com.br\/s.meusitejuridico\/2017\/06\/49ce4c4d-revisaco.png","type":"image\/png"}],"author":"Equipe Meu Site Jur\u00eddico","twitter_card":"summary_large_image","twitter_misc":{"Escrito por":"Equipe Meu Site Jur\u00eddico","Est. tempo de leitura":"2 minutos"},"schema":{"@context":"https:\/\/schema.org","@graph":[{"@type":"Article","@id":"https:\/\/meusitejuridico.editorajuspodivm.com.br\/2017\/06\/01\/estatuto-da-pessoa-com-deficiencia-2017\/#article","isPartOf":{"@id":"https:\/\/meusitejuridico.editorajuspodivm.com.br\/2017\/06\/01\/estatuto-da-pessoa-com-deficiencia-2017\/"},"author":{"name":"Equipe Meu Site Jur\u00eddico","@id":"https:\/\/meusitejuridico.editorajuspodivm.com.br\/#\/schema\/person\/5c2237ac0c8ff03bcf1a09fe3e45dfce"},"headline":"REVISA\u00c7O DIREITO PENAL &#8211; 2.209 QUEST\u00d5ES COMENTADAS ALTERNATIVA POR ALTERNATIVA (2018)","datePublished":"2017-06-01T22:45:54+00:00","dateModified":"2022-01-18T16:31:29+00:00","mainEntityOfPage":{"@id":"https:\/\/meusitejuridico.editorajuspodivm.com.br\/2017\/06\/01\/estatuto-da-pessoa-com-deficiencia-2017\/"},"wordCount":427,"commentCount":0,"publisher":{"@id":"https:\/\/meusitejuridico.editorajuspodivm.com.br\/#organization"},"image":{"@id":"https:\/\/meusitejuridico.editorajuspodivm.com.br\/2017\/06\/01\/estatuto-da-pessoa-com-deficiencia-2017\/#primaryimage"},"thumbnailUrl":"https:\/\/cdn.meusitejuridico.com.br\/s.meusitejuridico\/2017\/06\/49ce4c4d-revisaco.png","articleSection":["Publieditorial"],"inLanguage":"pt-BR","potentialAction":[{"@type":"CommentAction","name":"Comment","target":["https:\/\/meusitejuridico.editorajuspodivm.com.br\/2017\/06\/01\/estatuto-da-pessoa-com-deficiencia-2017\/#respond"]}]},{"@type":"WebPage","@id":"https:\/\/meusitejuridico.editorajuspodivm.com.br\/2017\/06\/01\/estatuto-da-pessoa-com-deficiencia-2017\/","url":"https:\/\/meusitejuridico.editorajuspodivm.com.br\/2017\/06\/01\/estatuto-da-pessoa-com-deficiencia-2017\/","name":"REVISA\u00c7O DIREITO PENAL - 2.209 QUEST\u00d5ES COMENTADAS ALTERNATIVA POR ALTERNATIVA (2018) - Meu site jur\u00eddico","isPartOf":{"@id":"https:\/\/meusitejuridico.editorajuspodivm.com.br\/#website"},"primaryImageOfPage":{"@id":"https:\/\/meusitejuridico.editorajuspodivm.com.br\/2017\/06\/01\/estatuto-da-pessoa-com-deficiencia-2017\/#primaryimage"},"image":{"@id":"https:\/\/meusitejuridico.editorajuspodivm.com.br\/2017\/06\/01\/estatuto-da-pessoa-com-deficiencia-2017\/#primaryimage"},"thumbnailUrl":"https:\/\/cdn.meusitejuridico.com.br\/s.meusitejuridico\/2017\/06\/49ce4c4d-revisaco.png","datePublished":"2017-06-01T22:45:54+00:00","dateModified":"2022-01-18T16:31:29+00:00","breadcrumb":{"@id":"https:\/\/meusitejuridico.editorajuspodivm.com.br\/2017\/06\/01\/estatuto-da-pessoa-com-deficiencia-2017\/#breadcrumb"},"inLanguage":"pt-BR","potentialAction":[{"@type":"ReadAction","target":["https:\/\/meusitejuridico.editorajuspodivm.com.br\/2017\/06\/01\/estatuto-da-pessoa-com-deficiencia-2017\/"]}]},{"@type":"ImageObject","inLanguage":"pt-BR","@id":"https:\/\/meusitejuridico.editorajuspodivm.com.br\/2017\/06\/01\/estatuto-da-pessoa-com-deficiencia-2017\/#primaryimage","url":"https:\/\/cdn.meusitejuridico.com.br\/s.meusitejuridico\/2017\/06\/49ce4c4d-revisaco.png","contentUrl":"https:\/\/cdn.meusitejuridico.com.br\/s.meusitejuridico\/2017\/06\/49ce4c4d-revisaco.png","width":755,"height":981},{"@type":"BreadcrumbList","@id":"https:\/\/meusitejuridico.editorajuspodivm.com.br\/2017\/06\/01\/estatuto-da-pessoa-com-deficiencia-2017\/#breadcrumb","itemListElement":[{"@type":"ListItem","position":1,"name":"In\u00edcio","item":"https:\/\/meusitejuridico.editorajuspodivm.com.br\/"},{"@type":"ListItem","position":2,"name":"REVISA\u00c7O DIREITO PENAL &#8211; 2.209 QUEST\u00d5ES COMENTADAS ALTERNATIVA POR ALTERNATIVA (2018)"}]},{"@type":"WebSite","@id":"https:\/\/meusitejuridico.editorajuspodivm.com.br\/#website","url":"https:\/\/meusitejuridico.editorajuspodivm.com.br\/","name":"Meu site jur\u00eddico","description":"Meu site jur\u00eddico","publisher":{"@id":"https:\/\/meusitejuridico.editorajuspodivm.com.br\/#organization"},"potentialAction":[{"@type":"SearchAction","target":{"@type":"EntryPoint","urlTemplate":"https:\/\/meusitejuridico.editorajuspodivm.com.br\/?s={search_term_string}"},"query-input":{"@type":"PropertyValueSpecification","valueRequired":true,"valueName":"search_term_string"}}],"inLanguage":"pt-BR"},{"@type":"Organization","@id":"https:\/\/meusitejuridico.editorajuspodivm.com.br\/#organization","name":"Meu site jur\u00eddico","url":"https:\/\/meusitejuridico.editorajuspodivm.com.br\/","logo":{"@type":"ImageObject","inLanguage":"pt-BR","@id":"https:\/\/meusitejuridico.editorajuspodivm.com.br\/#\/schema\/logo\/image\/","url":"https:\/\/cdn.meusitejuridico.com.br\/s.meusitejuridico\/2022\/03\/cropped-baeec2a3-msj-02-01-01.png","contentUrl":"https:\/\/cdn.meusitejuridico.com.br\/s.meusitejuridico\/2022\/03\/cropped-baeec2a3-msj-02-01-01.png","width":349,"height":243,"caption":"Meu site jur\u00eddico"},"image":{"@id":"https:\/\/meusitejuridico.editorajuspodivm.com.br\/#\/schema\/logo\/image\/"}},{"@type":"Person","@id":"https:\/\/meusitejuridico.editorajuspodivm.com.br\/#\/schema\/person\/5c2237ac0c8ff03bcf1a09fe3e45dfce","name":"Equipe Meu Site Jur\u00eddico","image":{"@type":"ImageObject","inLanguage":"pt-BR","@id":"https:\/\/meusitejuridico.editorajuspodivm.com.br\/#\/schema\/person\/image\/","url":"https:\/\/cdn.meusitejuridico.com.br\/s.meusitejuridico\/2020\/07\/6be289aa-logo-msj.png","contentUrl":"https:\/\/cdn.meusitejuridico.com.br\/s.meusitejuridico\/2020\/07\/6be289aa-logo-msj.png","caption":"Equipe Meu Site Jur\u00eddico"},"description":"Contem conosco!","url":"https:\/\/cdn.meusitejuridico.com.br\/author\/equipe-meu-site-juridico\/"}]}},"_links":{"self":[{"href":"https:\/\/cdn.meusitejuridico.com.br\/api\/wp\/v2\/posts\/1597","targetHints":{"allow":["GET"]}}],"collection":[{"href":"https:\/\/cdn.meusitejuridico.com.br\/api\/wp\/v2\/posts"}],"about":[{"href":"https:\/\/cdn.meusitejuridico.com.br\/api\/wp\/v2\/types\/post"}],"author":[{"embeddable":true,"href":"https:\/\/cdn.meusitejuridico.com.br\/api\/wp\/v2\/users\/7"}],"replies":[{"embeddable":true,"href":"https:\/\/cdn.meusitejuridico.com.br\/api\/wp\/v2\/comments?post=1597"}],"version-history":[{"count":6,"href":"https:\/\/cdn.meusitejuridico.com.br\/api\/wp\/v2\/posts\/1597\/revisions"}],"predecessor-version":[{"id":5440,"href":"https:\/\/cdn.meusitejuridico.com.br\/api\/wp\/v2\/posts\/1597\/revisions\/5440"}],"wp:featuredmedia":[{"embeddable":true,"href":"https:\/\/cdn.meusitejuridico.com.br\/api\/wp\/v2\/media\/5439"}],"wp:attachment":[{"href":"https:\/\/cdn.meusitejuridico.com.br\/api\/wp\/v2\/media?parent=1597"}],"wp:term":[{"taxonomy":"category","embeddable":true,"href":"https:\/\/cdn.meusitejuridico.com.br\/api\/wp\/v2\/categories?post=1597"},{"taxonomy":"post_tag","embeddable":true,"href":"https:\/\/cdn.meusitejuridico.com.br\/api\/wp\/v2\/tags?post=1597"}],"curies":[{"name":"wp","href":"https:\/\/api.w.org\/{rel}","templated":true}]}}