{"id":17560,"date":"2023-04-17T09:09:38","date_gmt":"2023-04-17T12:09:38","guid":{"rendered":"https:\/\/meusitejuridico.editorajuspodivm.com.br\/?p=17560"},"modified":"2023-04-17T09:09:39","modified_gmt":"2023-04-17T12:09:39","slug":"colaboracao-delacao-premiada-unilateral","status":"publish","type":"post","link":"https:\/\/cdn.meusitejuridico.com.br\/2023\/04\/17\/colaboracao-delacao-premiada-unilateral\/","title":{"rendered":"Colabora\u00e7\u00e3o\/dela\u00e7\u00e3o premiada unilateral"},"content":{"rendered":"\n<p>\u00c9 poss\u00edvel a chamada colabora\u00e7\u00e3o unilateral, entendida como a dela\u00e7\u00e3o premiada sem a celebra\u00e7\u00e3o de um instrumento ou termo de acordo?<\/p>\n\n\n\n<p>Aqueles que defendem essa possibilidade se ancoram na caracteriza\u00e7\u00e3o da dela\u00e7\u00e3o como um direito p\u00fablico subjetivo do acusado. Esse entendimento se apoia em um racioc\u00ednio demasiado simplista de que os pr\u00eamios decorrem da lei, aspecto que restou sobejamente superado pelas altera\u00e7\u00f5es promovidas pela Lei 13.964\/2019 que procedimentalizou, pormenorizadamente, a fase pr\u00e9 e negocial do acordo, inserindo-as como parte importante para a celebra\u00e7\u00e3o do neg\u00f3cio. A consagra\u00e7\u00e3o, no texto da Lei, de que a colabora\u00e7\u00e3o premiada \u00e9 um <strong><em>neg\u00f3cio jur\u00eddico<\/em><\/strong>, implica na obrigatoriedade de ela ser celebrada em meio um ajuste bilateral de cl\u00e1usulas, condi\u00e7\u00f5es, presta\u00e7\u00f5es e contrapresta\u00e7\u00f5es rec\u00edprocas, todas devidamente autoreferenciadas pelas partes, em um ambiente de negocia\u00e7\u00e3o claro e transparente, capaz de assegurar-lhe confian\u00e7a e seguran\u00e7a jur\u00eddica. Precisas as coloca\u00e7\u00f5es de Andrey Borges de Mendon\u00e7a: \u201c<em>Em consequ\u00eancia, a l\u00f3gica de um neg\u00f3cio processual n\u00e3o \u00e9 de um jogo de soma zero, a l\u00f3gica do \u2018ganha-perde\u2019 (win-lose), em que apenas uma das partes ganha exatamente \u00e0 medida que a outra perde e sucumbe \u2013 l\u00f3gica mais pr\u00f3xima da sistem\u00e1tica do processo litigioso. Busca-se outra l\u00f3gica, em que as duas partes devem, em suas ced\u00eancias rec\u00edprocas, alcan\u00e7ar um objetivo comum em que as duas partes sa\u00edram satisfeitas. Ou seja, a l\u00f3gica do \u2018ganha-ganha\u2019 (win-win), em que as duas partes devem lograr alcan\u00e7ar seus objetivos e acomodar seus interesses por meio do acordo.<\/em><a href=\"#_ftn1\"><sup>[1]<\/sup><\/a>\u201d.<\/p>\n\n\n\n<p>Al\u00e9m disso, uma colabora\u00e7\u00e3o premiada estabelecida sem par\u00e2metros procedimentais, sem um plano negocial capaz de lhe assegurar reciprocidade sinalagm\u00e1tica e principalmente, sem uma an\u00e1lise, pelo \u00f3rg\u00e3o de acusa\u00e7\u00e3o acerca de seu efetivo potencial probat\u00f3rio, pautado pela necessidade de o colaborador apontar os poss\u00edveis elementos de corrobora\u00e7\u00e3o do relato, incorre em equ\u00edvoco grave. A regra da corrobora\u00e7\u00e3o (art. 4\u00ba, \u00a7 16, da Lei), um importante filtro que visa evitar falsas e fabricadas colabora\u00e7\u00f5es e a busca desenfreada pelos pr\u00eamios legais, \u00e9 reconhecidamente uma <em>regra de ouro<\/em> da colabora\u00e7\u00e3o premiada que impele o colaborador pela necessidade de apresentar uma outra prova independente (<em>independente evidence of guilt<\/em>) capaz de confirmar a confiabilidade do relato inicial. Uma declara\u00e7\u00e3o que imputa corresponsabilidade \u00e0 outras pessoas sem elementos m\u00ednimos de corrobora\u00e7\u00e3o \u00e9 prova zero, um nada jur\u00eddico.<\/p>\n\n\n\n<p>Em refor\u00e7o, anote-se que a consensualidade da colabora\u00e7\u00e3o premiada consolidado o entendimento de que:<\/p>\n\n\n\n<p>\u201c<em>N\u00e3o existe direito l\u00edquido e certo a compelir o Minist\u00e9rio P\u00fablico \u00e0 celebra\u00e7\u00e3o do acordo de dela\u00e7\u00e3o premiada, diante das caracter\u00edsticas desse tipo de acordo e considerando a necessidade de distanciamento que o Estado-juiz deve manter durante o cen\u00e1rio investigado e a fase de negocia\u00e7\u00e3o entre as partes do cen\u00e1rio investigativo. O acordo de colabora\u00e7\u00e3o premiada, al\u00e9m de meio de obten\u00e7\u00e3o de prova, constitui-se em um neg\u00f3cio jur\u00eddico processual personal\u00edssimo, cuja conveni\u00eancia e oportunidade est\u00e3o submetidos \u00e0 discricionariedade regrada do Minist\u00e9rio P\u00fablico e n\u00e3o se submetem ao escrut\u00ednio do Estado-juiz. Em outras palavras, trata-se de ato volunt\u00e1rio, insuscet\u00edvel de imposi\u00e7\u00e3o judicial<\/em>\u201d. (STF. 2\u00aa Turma. MS 35693 AgR\/DF, Rel. Min. Edson Fachin, julgado em 28\/5\/2019 (Info 942)).<\/p>\n\n\n\n<p>Soma-se a isso tudo a reestrutura\u00e7\u00e3o do processo penal promovida pela Lei 13.964\/2019 que proclamou no novo art. 3\u00ba-A do CPP que \u201c<em>O processo penal ter\u00e1 estrutura acusat\u00f3ria, vedadas a iniciativa do juiz na fase de investiga\u00e7\u00e3o e a substitui\u00e7\u00e3o da atua\u00e7\u00e3o probat\u00f3ria do \u00f3rg\u00e3o de acusa\u00e7\u00e3o<\/em>\u201d.<\/p>\n\n\n\n<p>Assim, a colabora\u00e7\u00e3o premiada unilateral fere o sistema acusat\u00f3rio porque permite que o juiz se aproxime e negocie com o acusado para obter provas incriminadoras de outros fatos ou pessoas, supostamente desconhecidos na a\u00e7\u00e3o penal em tramita\u00e7\u00e3o. Essa atua\u00e7\u00e3o volunt\u00e1ria evidencia uma indevida concentra\u00e7\u00e3o das fun\u00e7\u00f5es acusat\u00f3ria e julgadora, fere a proibi\u00e7\u00e3o textual dele participar das negocia\u00e7\u00f5es de uma colabora\u00e7\u00e3o (\u00a7 6\u00ba do art. 4\u00ba da Lei), e \u00e9 nociva porque enseja uma substitui\u00e7\u00e3o da atua\u00e7\u00e3o probat\u00f3ria do \u00f3rg\u00e3o de acusa\u00e7\u00e3o, afinal, os documentos e informa\u00e7\u00f5es trazidas pelo colaborador servir\u00e3o de estrat\u00e9gia para uma investiga\u00e7\u00e3o a ser encetada pelo Minist\u00e9rio P\u00fablico. E aqui verificamos uma encruzilhada. Considerando que o \u00f3rg\u00e3o de acusa\u00e7\u00e3o, \u00fanico dirigente da atua\u00e7\u00e3o probat\u00f3ria acusat\u00f3ria, pode n\u00e3o levar em conta essas informa\u00e7\u00f5es, como pode o juiz premiar um acusado por prest\u00e1-las, mesmo sem ter garantias de sua utilidade p\u00fablica, ou pior, mesmo nos casos em que elas n\u00e3o servir\u00e3o para nada?<\/p>\n\n\n\n<p>Por tudo isso, entendemos que as reformas promovidas pela Lei 13.964\/2019, seja na Lei 12.850\/2013, seja no CPP, ensejam a inadequa\u00e7\u00e3o e revoga\u00e7\u00e3o da chamada dela\u00e7\u00e3o premiada unilateral, incompat\u00edvel com a natureza negocial do instituto e com a din\u00e2mica adversarial e acusat\u00f3ria que se assenta o processual penal brasileiro.<\/p>\n\n\n\n<hr class=\"wp-block-separator\"\/>\n\n\n\n<p><a href=\"#_ftnref1\"><sup>[1]<\/sup><\/a> DE MENDON\u00c7A, Andrey Borges. Os benef\u00edcio poss\u00edveis na colabora\u00e7\u00e3o premiada. In Colabora\u00e7\u00e3o premiada, 2017. S\u00e3o Paulo: RT, p. 62.<\/p>\n","protected":false},"excerpt":{"rendered":"<p>\u00c9 poss\u00edvel a chamada colabora\u00e7\u00e3o unilateral, entendida como a dela\u00e7\u00e3o premiada sem a celebra\u00e7\u00e3o de um instrumento ou termo de acordo? Aqueles que defendem essa possibilidade se ancoram na caracteriza\u00e7\u00e3o da dela\u00e7\u00e3o como um direito p\u00fablico subjetivo do acusado. Esse entendimento se apoia em um racioc\u00ednio demasiado simplista de que os pr\u00eamios decorrem da lei, [&hellip;]<\/p>\n","protected":false},"author":33,"featured_media":3532,"comment_status":"open","ping_status":"open","sticky":false,"template":"","format":"standard","meta":{"_acf_changed":false,"footnotes":""},"categories":[1],"tags":[],"class_list":["post-17560","post","type-post","status-publish","format-standard","has-post-thumbnail","hentry","category-artigos"],"acf":[],"yoast_head":"<!-- This site is optimized with the Yoast SEO plugin v24.8.1 - https:\/\/yoast.com\/wordpress\/plugins\/seo\/ -->\n<title>Colabora\u00e7\u00e3o\/dela\u00e7\u00e3o premiada unilateral - Meu site jur\u00eddico<\/title>\n<meta name=\"robots\" content=\"index, follow, max-snippet:-1, max-image-preview:large, max-video-preview:-1\" \/>\n<link rel=\"canonical\" href=\"https:\/\/meusitejuridico.editorajuspodivm.com.br\/2023\/04\/17\/colaboracao-delacao-premiada-unilateral\/\" \/>\n<meta property=\"og:locale\" content=\"pt_BR\" \/>\n<meta property=\"og:type\" content=\"article\" \/>\n<meta property=\"og:title\" content=\"Colabora\u00e7\u00e3o\/dela\u00e7\u00e3o premiada unilateral - Meu site jur\u00eddico\" \/>\n<meta property=\"og:description\" content=\"\u00c9 poss\u00edvel a chamada colabora\u00e7\u00e3o unilateral, entendida como a dela\u00e7\u00e3o premiada sem a celebra\u00e7\u00e3o de um instrumento ou termo de acordo? Aqueles que defendem essa possibilidade se ancoram na caracteriza\u00e7\u00e3o da dela\u00e7\u00e3o como um direito p\u00fablico subjetivo do acusado. Esse entendimento se apoia em um racioc\u00ednio demasiado simplista de que os pr\u00eamios decorrem da lei, [&hellip;]\" \/>\n<meta property=\"og:url\" content=\"https:\/\/meusitejuridico.editorajuspodivm.com.br\/2023\/04\/17\/colaboracao-delacao-premiada-unilateral\/\" \/>\n<meta property=\"og:site_name\" content=\"Meu site jur\u00eddico\" \/>\n<meta property=\"article:published_time\" content=\"2023-04-17T12:09:38+00:00\" \/>\n<meta property=\"article:modified_time\" content=\"2023-04-17T12:09:39+00:00\" \/>\n<meta property=\"og:image\" content=\"https:\/\/meusitejuridico.editorajuspodivm.com.br\/s.meusitejuridico\/2017\/09\/shutterstock_548132188-1024x683.jpg\" \/>\n\t<meta property=\"og:image:width\" content=\"1024\" \/>\n\t<meta property=\"og:image:height\" content=\"683\" \/>\n\t<meta property=\"og:image:type\" content=\"image\/jpeg\" \/>\n<meta name=\"author\" content=\"Rog\u00e9rio Sanches Cunha e Renee do \u00d3 Souza\" \/>\n<meta name=\"twitter:card\" content=\"summary_large_image\" \/>\n<meta name=\"twitter:label1\" content=\"Escrito por\" \/>\n\t<meta name=\"twitter:data1\" content=\"Rog\u00e9rio Sanches Cunha e Renee do \u00d3 Souza\" \/>\n\t<meta name=\"twitter:label2\" content=\"Est. tempo de leitura\" \/>\n\t<meta name=\"twitter:data2\" content=\"4 minutos\" \/>\n<script type=\"application\/ld+json\" class=\"yoast-schema-graph\">{\"@context\":\"https:\/\/schema.org\",\"@graph\":[{\"@type\":\"Article\",\"@id\":\"https:\/\/meusitejuridico.editorajuspodivm.com.br\/2023\/04\/17\/colaboracao-delacao-premiada-unilateral\/#article\",\"isPartOf\":{\"@id\":\"https:\/\/meusitejuridico.editorajuspodivm.com.br\/2023\/04\/17\/colaboracao-delacao-premiada-unilateral\/\"},\"author\":{\"name\":\"Rog\u00e9rio Sanches Cunha e Renee do \u00d3 Souza\",\"@id\":\"https:\/\/cdn.meusitejuridico.com.br\/#\/schema\/person\/ed3255938a2bef19f31cde9e273a2bc5\"},\"headline\":\"Colabora\u00e7\u00e3o\/dela\u00e7\u00e3o premiada unilateral\",\"datePublished\":\"2023-04-17T12:09:38+00:00\",\"dateModified\":\"2023-04-17T12:09:39+00:00\",\"mainEntityOfPage\":{\"@id\":\"https:\/\/meusitejuridico.editorajuspodivm.com.br\/2023\/04\/17\/colaboracao-delacao-premiada-unilateral\/\"},\"wordCount\":894,\"commentCount\":0,\"publisher\":{\"@id\":\"https:\/\/cdn.meusitejuridico.com.br\/#organization\"},\"image\":{\"@id\":\"https:\/\/meusitejuridico.editorajuspodivm.com.br\/2023\/04\/17\/colaboracao-delacao-premiada-unilateral\/#primaryimage\"},\"thumbnailUrl\":\"https:\/\/cdn.meusitejuridico.com.br\/s.meusitejuridico\/2017\/09\/shutterstock_548132188.jpg\",\"articleSection\":[\"Artigos\"],\"inLanguage\":\"pt-BR\",\"potentialAction\":[{\"@type\":\"CommentAction\",\"name\":\"Comment\",\"target\":[\"https:\/\/meusitejuridico.editorajuspodivm.com.br\/2023\/04\/17\/colaboracao-delacao-premiada-unilateral\/#respond\"]}]},{\"@type\":\"WebPage\",\"@id\":\"https:\/\/meusitejuridico.editorajuspodivm.com.br\/2023\/04\/17\/colaboracao-delacao-premiada-unilateral\/\",\"url\":\"https:\/\/meusitejuridico.editorajuspodivm.com.br\/2023\/04\/17\/colaboracao-delacao-premiada-unilateral\/\",\"name\":\"Colabora\u00e7\u00e3o\/dela\u00e7\u00e3o premiada unilateral - Meu site jur\u00eddico\",\"isPartOf\":{\"@id\":\"https:\/\/cdn.meusitejuridico.com.br\/#website\"},\"primaryImageOfPage\":{\"@id\":\"https:\/\/meusitejuridico.editorajuspodivm.com.br\/2023\/04\/17\/colaboracao-delacao-premiada-unilateral\/#primaryimage\"},\"image\":{\"@id\":\"https:\/\/meusitejuridico.editorajuspodivm.com.br\/2023\/04\/17\/colaboracao-delacao-premiada-unilateral\/#primaryimage\"},\"thumbnailUrl\":\"https:\/\/cdn.meusitejuridico.com.br\/s.meusitejuridico\/2017\/09\/shutterstock_548132188.jpg\",\"datePublished\":\"2023-04-17T12:09:38+00:00\",\"dateModified\":\"2023-04-17T12:09:39+00:00\",\"breadcrumb\":{\"@id\":\"https:\/\/meusitejuridico.editorajuspodivm.com.br\/2023\/04\/17\/colaboracao-delacao-premiada-unilateral\/#breadcrumb\"},\"inLanguage\":\"pt-BR\",\"potentialAction\":[{\"@type\":\"ReadAction\",\"target\":[\"https:\/\/meusitejuridico.editorajuspodivm.com.br\/2023\/04\/17\/colaboracao-delacao-premiada-unilateral\/\"]}]},{\"@type\":\"ImageObject\",\"inLanguage\":\"pt-BR\",\"@id\":\"https:\/\/meusitejuridico.editorajuspodivm.com.br\/2023\/04\/17\/colaboracao-delacao-premiada-unilateral\/#primaryimage\",\"url\":\"https:\/\/cdn.meusitejuridico.com.br\/s.meusitejuridico\/2017\/09\/shutterstock_548132188.jpg\",\"contentUrl\":\"https:\/\/cdn.meusitejuridico.com.br\/s.meusitejuridico\/2017\/09\/shutterstock_548132188.jpg\",\"width\":5072,\"height\":3382},{\"@type\":\"BreadcrumbList\",\"@id\":\"https:\/\/meusitejuridico.editorajuspodivm.com.br\/2023\/04\/17\/colaboracao-delacao-premiada-unilateral\/#breadcrumb\",\"itemListElement\":[{\"@type\":\"ListItem\",\"position\":1,\"name\":\"In\u00edcio\",\"item\":\"https:\/\/cdn.meusitejuridico.com.br\/\"},{\"@type\":\"ListItem\",\"position\":2,\"name\":\"Colabora\u00e7\u00e3o\/dela\u00e7\u00e3o premiada unilateral\"}]},{\"@type\":\"WebSite\",\"@id\":\"https:\/\/cdn.meusitejuridico.com.br\/#website\",\"url\":\"https:\/\/cdn.meusitejuridico.com.br\/\",\"name\":\"Meu site jur\u00eddico\",\"description\":\"Meu site jur\u00eddico\",\"publisher\":{\"@id\":\"https:\/\/cdn.meusitejuridico.com.br\/#organization\"},\"potentialAction\":[{\"@type\":\"SearchAction\",\"target\":{\"@type\":\"EntryPoint\",\"urlTemplate\":\"https:\/\/cdn.meusitejuridico.com.br\/?s={search_term_string}\"},\"query-input\":{\"@type\":\"PropertyValueSpecification\",\"valueRequired\":true,\"valueName\":\"search_term_string\"}}],\"inLanguage\":\"pt-BR\"},{\"@type\":\"Organization\",\"@id\":\"https:\/\/cdn.meusitejuridico.com.br\/#organization\",\"name\":\"Meu site jur\u00eddico\",\"url\":\"https:\/\/cdn.meusitejuridico.com.br\/\",\"logo\":{\"@type\":\"ImageObject\",\"inLanguage\":\"pt-BR\",\"@id\":\"https:\/\/cdn.meusitejuridico.com.br\/#\/schema\/logo\/image\/\",\"url\":\"https:\/\/cdn.meusitejuridico.com.br\/s.meusitejuridico\/2022\/03\/cropped-baeec2a3-msj-02-01-01.png\",\"contentUrl\":\"https:\/\/cdn.meusitejuridico.com.br\/s.meusitejuridico\/2022\/03\/cropped-baeec2a3-msj-02-01-01.png\",\"width\":349,\"height\":243,\"caption\":\"Meu site jur\u00eddico\"},\"image\":{\"@id\":\"https:\/\/cdn.meusitejuridico.com.br\/#\/schema\/logo\/image\/\"}},{\"@type\":\"Person\",\"@id\":\"https:\/\/cdn.meusitejuridico.com.br\/#\/schema\/person\/ed3255938a2bef19f31cde9e273a2bc5\",\"name\":\"Rog\u00e9rio Sanches Cunha e Renee do \u00d3 Souza\",\"image\":{\"@type\":\"ImageObject\",\"inLanguage\":\"pt-BR\",\"@id\":\"https:\/\/cdn.meusitejuridico.com.br\/#\/schema\/person\/image\/\",\"url\":\"https:\/\/cdn.meusitejuridico.com.br\/s.meusitejuridico\/2017\/09\/Rogerio-e-Renee-150x150.jpg\",\"contentUrl\":\"https:\/\/cdn.meusitejuridico.com.br\/s.meusitejuridico\/2017\/09\/Rogerio-e-Renee-150x150.jpg\",\"caption\":\"Rog\u00e9rio Sanches Cunha e Renee do \u00d3 Souza\"},\"description\":\"Membro do Ministe\u0301rio Pu\u0301blico do Estado de Sa\u0303o Paulo. Professor da Escola Superior do Ministe\u0301rio Pu\u0301blico dos estados de Sa\u0303o Paulo, Mato Grosso e Santa Catarina. Coordenador Pedag\u00f3gico e Professor de Penal e Processo Penal do Curso RSConline. Fundador do site www.meusitejuridico.com.br. Cofundador e coordenador pedago\u0301gico do JUSPLAY. Autor de obras juri\u0301dicas. ____________________________________________________________________ Membro do Minist\u00e9rio P\u00fablico de Mato Grosso (Promotor de Justi\u00e7a)\",\"url\":\"https:\/\/cdn.meusitejuridico.com.br\/author\/rogerioerenemsj-com-br\/\"}]}<\/script>\n<!-- \/ Yoast SEO plugin. -->","yoast_head_json":{"title":"Colabora\u00e7\u00e3o\/dela\u00e7\u00e3o premiada unilateral - Meu site jur\u00eddico","robots":{"index":"index","follow":"follow","max-snippet":"max-snippet:-1","max-image-preview":"max-image-preview:large","max-video-preview":"max-video-preview:-1"},"canonical":"https:\/\/meusitejuridico.editorajuspodivm.com.br\/2023\/04\/17\/colaboracao-delacao-premiada-unilateral\/","og_locale":"pt_BR","og_type":"article","og_title":"Colabora\u00e7\u00e3o\/dela\u00e7\u00e3o premiada unilateral - Meu site jur\u00eddico","og_description":"\u00c9 poss\u00edvel a chamada colabora\u00e7\u00e3o unilateral, entendida como a dela\u00e7\u00e3o premiada sem a celebra\u00e7\u00e3o de um instrumento ou termo de acordo? Aqueles que defendem essa possibilidade se ancoram na caracteriza\u00e7\u00e3o da dela\u00e7\u00e3o como um direito p\u00fablico subjetivo do acusado. Esse entendimento se apoia em um racioc\u00ednio demasiado simplista de que os pr\u00eamios decorrem da lei, [&hellip;]","og_url":"https:\/\/meusitejuridico.editorajuspodivm.com.br\/2023\/04\/17\/colaboracao-delacao-premiada-unilateral\/","og_site_name":"Meu site jur\u00eddico","article_published_time":"2023-04-17T12:09:38+00:00","article_modified_time":"2023-04-17T12:09:39+00:00","og_image":[{"width":1024,"height":683,"url":"https:\/\/meusitejuridico.editorajuspodivm.com.br\/s.meusitejuridico\/2017\/09\/shutterstock_548132188-1024x683.jpg","type":"image\/jpeg"}],"author":"Rog\u00e9rio Sanches Cunha e Renee do \u00d3 Souza","twitter_card":"summary_large_image","twitter_misc":{"Escrito por":"Rog\u00e9rio Sanches Cunha e Renee do \u00d3 Souza","Est. tempo de leitura":"4 minutos"},"schema":{"@context":"https:\/\/schema.org","@graph":[{"@type":"Article","@id":"https:\/\/meusitejuridico.editorajuspodivm.com.br\/2023\/04\/17\/colaboracao-delacao-premiada-unilateral\/#article","isPartOf":{"@id":"https:\/\/meusitejuridico.editorajuspodivm.com.br\/2023\/04\/17\/colaboracao-delacao-premiada-unilateral\/"},"author":{"name":"Rog\u00e9rio Sanches Cunha e Renee do \u00d3 Souza","@id":"https:\/\/cdn.meusitejuridico.com.br\/#\/schema\/person\/ed3255938a2bef19f31cde9e273a2bc5"},"headline":"Colabora\u00e7\u00e3o\/dela\u00e7\u00e3o premiada unilateral","datePublished":"2023-04-17T12:09:38+00:00","dateModified":"2023-04-17T12:09:39+00:00","mainEntityOfPage":{"@id":"https:\/\/meusitejuridico.editorajuspodivm.com.br\/2023\/04\/17\/colaboracao-delacao-premiada-unilateral\/"},"wordCount":894,"commentCount":0,"publisher":{"@id":"https:\/\/cdn.meusitejuridico.com.br\/#organization"},"image":{"@id":"https:\/\/meusitejuridico.editorajuspodivm.com.br\/2023\/04\/17\/colaboracao-delacao-premiada-unilateral\/#primaryimage"},"thumbnailUrl":"https:\/\/cdn.meusitejuridico.com.br\/s.meusitejuridico\/2017\/09\/shutterstock_548132188.jpg","articleSection":["Artigos"],"inLanguage":"pt-BR","potentialAction":[{"@type":"CommentAction","name":"Comment","target":["https:\/\/meusitejuridico.editorajuspodivm.com.br\/2023\/04\/17\/colaboracao-delacao-premiada-unilateral\/#respond"]}]},{"@type":"WebPage","@id":"https:\/\/meusitejuridico.editorajuspodivm.com.br\/2023\/04\/17\/colaboracao-delacao-premiada-unilateral\/","url":"https:\/\/meusitejuridico.editorajuspodivm.com.br\/2023\/04\/17\/colaboracao-delacao-premiada-unilateral\/","name":"Colabora\u00e7\u00e3o\/dela\u00e7\u00e3o premiada unilateral - Meu site jur\u00eddico","isPartOf":{"@id":"https:\/\/cdn.meusitejuridico.com.br\/#website"},"primaryImageOfPage":{"@id":"https:\/\/meusitejuridico.editorajuspodivm.com.br\/2023\/04\/17\/colaboracao-delacao-premiada-unilateral\/#primaryimage"},"image":{"@id":"https:\/\/meusitejuridico.editorajuspodivm.com.br\/2023\/04\/17\/colaboracao-delacao-premiada-unilateral\/#primaryimage"},"thumbnailUrl":"https:\/\/cdn.meusitejuridico.com.br\/s.meusitejuridico\/2017\/09\/shutterstock_548132188.jpg","datePublished":"2023-04-17T12:09:38+00:00","dateModified":"2023-04-17T12:09:39+00:00","breadcrumb":{"@id":"https:\/\/meusitejuridico.editorajuspodivm.com.br\/2023\/04\/17\/colaboracao-delacao-premiada-unilateral\/#breadcrumb"},"inLanguage":"pt-BR","potentialAction":[{"@type":"ReadAction","target":["https:\/\/meusitejuridico.editorajuspodivm.com.br\/2023\/04\/17\/colaboracao-delacao-premiada-unilateral\/"]}]},{"@type":"ImageObject","inLanguage":"pt-BR","@id":"https:\/\/meusitejuridico.editorajuspodivm.com.br\/2023\/04\/17\/colaboracao-delacao-premiada-unilateral\/#primaryimage","url":"https:\/\/cdn.meusitejuridico.com.br\/s.meusitejuridico\/2017\/09\/shutterstock_548132188.jpg","contentUrl":"https:\/\/cdn.meusitejuridico.com.br\/s.meusitejuridico\/2017\/09\/shutterstock_548132188.jpg","width":5072,"height":3382},{"@type":"BreadcrumbList","@id":"https:\/\/meusitejuridico.editorajuspodivm.com.br\/2023\/04\/17\/colaboracao-delacao-premiada-unilateral\/#breadcrumb","itemListElement":[{"@type":"ListItem","position":1,"name":"In\u00edcio","item":"https:\/\/cdn.meusitejuridico.com.br\/"},{"@type":"ListItem","position":2,"name":"Colabora\u00e7\u00e3o\/dela\u00e7\u00e3o premiada unilateral"}]},{"@type":"WebSite","@id":"https:\/\/cdn.meusitejuridico.com.br\/#website","url":"https:\/\/cdn.meusitejuridico.com.br\/","name":"Meu site jur\u00eddico","description":"Meu site jur\u00eddico","publisher":{"@id":"https:\/\/cdn.meusitejuridico.com.br\/#organization"},"potentialAction":[{"@type":"SearchAction","target":{"@type":"EntryPoint","urlTemplate":"https:\/\/cdn.meusitejuridico.com.br\/?s={search_term_string}"},"query-input":{"@type":"PropertyValueSpecification","valueRequired":true,"valueName":"search_term_string"}}],"inLanguage":"pt-BR"},{"@type":"Organization","@id":"https:\/\/cdn.meusitejuridico.com.br\/#organization","name":"Meu site jur\u00eddico","url":"https:\/\/cdn.meusitejuridico.com.br\/","logo":{"@type":"ImageObject","inLanguage":"pt-BR","@id":"https:\/\/cdn.meusitejuridico.com.br\/#\/schema\/logo\/image\/","url":"https:\/\/cdn.meusitejuridico.com.br\/s.meusitejuridico\/2022\/03\/cropped-baeec2a3-msj-02-01-01.png","contentUrl":"https:\/\/cdn.meusitejuridico.com.br\/s.meusitejuridico\/2022\/03\/cropped-baeec2a3-msj-02-01-01.png","width":349,"height":243,"caption":"Meu site jur\u00eddico"},"image":{"@id":"https:\/\/cdn.meusitejuridico.com.br\/#\/schema\/logo\/image\/"}},{"@type":"Person","@id":"https:\/\/cdn.meusitejuridico.com.br\/#\/schema\/person\/ed3255938a2bef19f31cde9e273a2bc5","name":"Rog\u00e9rio Sanches Cunha e Renee do \u00d3 Souza","image":{"@type":"ImageObject","inLanguage":"pt-BR","@id":"https:\/\/cdn.meusitejuridico.com.br\/#\/schema\/person\/image\/","url":"https:\/\/cdn.meusitejuridico.com.br\/s.meusitejuridico\/2017\/09\/Rogerio-e-Renee-150x150.jpg","contentUrl":"https:\/\/cdn.meusitejuridico.com.br\/s.meusitejuridico\/2017\/09\/Rogerio-e-Renee-150x150.jpg","caption":"Rog\u00e9rio Sanches Cunha e Renee do \u00d3 Souza"},"description":"Membro do Ministe\u0301rio Pu\u0301blico do Estado de Sa\u0303o Paulo. Professor da Escola Superior do Ministe\u0301rio Pu\u0301blico dos estados de Sa\u0303o Paulo, Mato Grosso e Santa Catarina. Coordenador Pedag\u00f3gico e Professor de Penal e Processo Penal do Curso RSConline. Fundador do site www.meusitejuridico.com.br. Cofundador e coordenador pedago\u0301gico do JUSPLAY. Autor de obras juri\u0301dicas. ____________________________________________________________________ Membro do Minist\u00e9rio P\u00fablico de Mato Grosso (Promotor de Justi\u00e7a)","url":"https:\/\/cdn.meusitejuridico.com.br\/author\/rogerioerenemsj-com-br\/"}]}},"_links":{"self":[{"href":"https:\/\/cdn.meusitejuridico.com.br\/api\/wp\/v2\/posts\/17560","targetHints":{"allow":["GET"]}}],"collection":[{"href":"https:\/\/cdn.meusitejuridico.com.br\/api\/wp\/v2\/posts"}],"about":[{"href":"https:\/\/cdn.meusitejuridico.com.br\/api\/wp\/v2\/types\/post"}],"author":[{"embeddable":true,"href":"https:\/\/cdn.meusitejuridico.com.br\/api\/wp\/v2\/users\/33"}],"replies":[{"embeddable":true,"href":"https:\/\/cdn.meusitejuridico.com.br\/api\/wp\/v2\/comments?post=17560"}],"version-history":[{"count":1,"href":"https:\/\/cdn.meusitejuridico.com.br\/api\/wp\/v2\/posts\/17560\/revisions"}],"predecessor-version":[{"id":17561,"href":"https:\/\/cdn.meusitejuridico.com.br\/api\/wp\/v2\/posts\/17560\/revisions\/17561"}],"wp:featuredmedia":[{"embeddable":true,"href":"https:\/\/cdn.meusitejuridico.com.br\/api\/wp\/v2\/media\/3532"}],"wp:attachment":[{"href":"https:\/\/cdn.meusitejuridico.com.br\/api\/wp\/v2\/media?parent=17560"}],"wp:term":[{"taxonomy":"category","embeddable":true,"href":"https:\/\/cdn.meusitejuridico.com.br\/api\/wp\/v2\/categories?post=17560"},{"taxonomy":"post_tag","embeddable":true,"href":"https:\/\/cdn.meusitejuridico.com.br\/api\/wp\/v2\/tags?post=17560"}],"curies":[{"name":"wp","href":"https:\/\/api.w.org\/{rel}","templated":true}]}}