{"id":17642,"date":"2023-04-27T11:18:18","date_gmt":"2023-04-27T14:18:18","guid":{"rendered":"https:\/\/meusitejuridico.editorajuspodivm.com.br\/?p=17642"},"modified":"2023-04-27T11:24:32","modified_gmt":"2023-04-27T14:24:32","slug":"provas-escritas-suspensas-juiz-tj-mg","status":"publish","type":"post","link":"https:\/\/cdn.meusitejuridico.com.br\/2023\/04\/27\/provas-escritas-suspensas-juiz-tj-mg\/","title":{"rendered":"Provas Escritas Suspensas: Juiz &#8211; TJ\/MG"},"content":{"rendered":"\n<p>Marcadas para os dias 29 e 30 de abril e 1\u00ba de maio, as <strong>provas escritas<\/strong> do certame para Juiz Substituto do Tribunal de Justi\u00e7a de Minas Gerais tiveram sua <strong>aplica\u00e7\u00e3o suspensa <\/strong>at\u00e9 o julgamento de recurso administrativo pelo Plen\u00e1rio do Conselho Nacional de Justi\u00e7a. <\/p>\n\n\n\n<p class=\"has-text-align-center\">\u2013 Prova escrita discursiva \u2013 29\/04\/2023 (s\u00e1bado) &#8211; <strong>SUSPENSA<\/strong><br>\u2013 Pr\u00e1tica de senten\u00e7a c\u00edvel \u2013  30\/04\/2023 (domingo) &#8211; <strong>SUSPENSA<\/strong><br>\u2013 Pr\u00e1tica de senten\u00e7a penal) \u2013 01\/05\/2023 (segunda-feira) &#8211; <strong>SUSPENSA<\/strong><\/p>\n\n\n\n<p>O concurso destina-se ao preenchimento de 82 vagas, sendo 58 de ampla concorr\u00eancia, 8 destinadas a pessoas com defici\u00eancia e 16 vagas destinadas a pessoas negras. A remunera\u00e7\u00e3o inicial \u00e9 de <strong>R$30.404,42<\/strong>. <\/p>\n\n\n\n<p><strong>Novo cronograma dever\u00e1 ser divulgado em breve!<\/strong><\/p>\n\n\n\n<p><\/p>\n\n\n\n<div data-wp-interactive=\"core\/file\" class=\"wp-block-file\"><object data-wp-bind--hidden=\"!state.hasPdfPreview\" hidden class=\"wp-block-file__embed\" data=\"https:\/\/meusitejuridico.editorajuspodivm.com.br\/s.meusitejuridico\/2023\/04\/7896823f-concurso-tj-mg-juiz-comunicado-suspensao-adiamento-provas-26-06.pdf\" type=\"application\/pdf\" style=\"width:100%;height:600px\" aria-label=\"Incorporado de Incorporado de TJ\/MG - Juiz - Provas Suspensas..\"><\/object><a href=\"https:\/\/meusitejuridico.editorajuspodivm.com.br\/s.meusitejuridico\/2023\/04\/7896823f-concurso-tj-mg-juiz-comunicado-suspensao-adiamento-provas-26-06.pdf\">TJ\/MG &#8211; Juiz &#8211; Provas Suspensas<\/a><a href=\"https:\/\/meusitejuridico.editorajuspodivm.com.br\/s.meusitejuridico\/2023\/04\/7896823f-concurso-tj-mg-juiz-comunicado-suspensao-adiamento-provas-26-06.pdf\" class=\"wp-block-file__button\" download>Baixar<\/a><\/div>\n\n\n\n<figure class=\"wp-block-table\"><table><tbody><tr><td><strong>TJ\/MG<\/strong><\/td><\/tr><tr><td><strong>Vagas:<\/strong> 82<\/td><\/tr><tr><td><strong>Sal\u00e1rio inicial: R$30.404,42<\/strong> <\/td><\/tr><tr><td><strong>Data da prova: <\/strong>Provas escritas suspensas<\/td><\/tr><tr><td><strong>Banca:<\/strong> FGV<\/td><\/tr><\/tbody><\/table><\/figure>\n","protected":false},"excerpt":{"rendered":"<p>Marcadas para os dias 29 e 30 de abril e 1\u00ba de maio, as provas escritas do certame para Juiz Substituto do Tribunal de Justi\u00e7a de Minas Gerais tiveram sua aplica\u00e7\u00e3o suspensa at\u00e9 o julgamento de recurso administrativo pelo Plen\u00e1rio do Conselho Nacional de Justi\u00e7a. \u2013 Prova escrita discursiva \u2013 29\/04\/2023 (s\u00e1bado) &#8211; SUSPENSA\u2013 Pr\u00e1tica [&hellip;]<\/p>\n","protected":false},"author":7,"featured_media":15714,"comment_status":"open","ping_status":"open","sticky":false,"template":"","format":"standard","meta":{"_acf_changed":false,"footnotes":""},"categories":[3847,3846],"tags":[],"class_list":["post-17642","post","type-post","status-publish","format-standard","has-post-thumbnail","hentry","category-carreiras-juridicas","category-informacao-concursos"],"acf":[],"yoast_head":"<!-- This site is optimized with the Yoast SEO plugin v24.8.1 - https:\/\/yoast.com\/wordpress\/plugins\/seo\/ -->\n<title>Provas Escritas Suspensas: Juiz - TJ\/MG - Meu site jur\u00eddico<\/title>\n<meta name=\"description\" content=\"Marcadas para os dias 29 e 30 de abril e 1\u00ba de maio, as provas escritas do certame para Juiz Substituto do Tribunal de Justi\u00e7a de Minas Gerais tiveram sua aplica\u00e7\u00e3o suspensa at\u00e9 o julgamento de recurso administrativo pelo Plen\u00e1rio do Conselho Nacional de Justi\u00e7a.\" \/>\n<meta name=\"robots\" content=\"index, follow, max-snippet:-1, max-image-preview:large, max-video-preview:-1\" \/>\n<link rel=\"canonical\" href=\"https:\/\/cdn.meusitejuridico.com.br\/2023\/04\/27\/provas-escritas-suspensas-juiz-tj-mg\/\" \/>\n<meta property=\"og:locale\" content=\"pt_BR\" \/>\n<meta property=\"og:type\" content=\"article\" \/>\n<meta property=\"og:title\" content=\"Provas Escritas Suspensas: Juiz - TJ\/MG - Meu site jur\u00eddico\" \/>\n<meta property=\"og:description\" content=\"Marcadas para os dias 29 e 30 de abril e 1\u00ba de maio, as provas escritas do certame para Juiz Substituto do Tribunal de Justi\u00e7a de Minas Gerais tiveram sua aplica\u00e7\u00e3o suspensa at\u00e9 o julgamento de recurso administrativo pelo Plen\u00e1rio do Conselho Nacional de Justi\u00e7a.\" \/>\n<meta property=\"og:url\" content=\"https:\/\/cdn.meusitejuridico.com.br\/2023\/04\/27\/provas-escritas-suspensas-juiz-tj-mg\/\" \/>\n<meta property=\"og:site_name\" content=\"Meu site jur\u00eddico\" \/>\n<meta property=\"article:published_time\" content=\"2023-04-27T14:18:18+00:00\" \/>\n<meta property=\"article:modified_time\" content=\"2023-04-27T14:24:32+00:00\" \/>\n<meta property=\"og:image\" content=\"https:\/\/cdn.meusitejuridico.com.br\/s.meusitejuridico\/2022\/05\/b10739a1-jur-vermelho.png\" \/>\n\t<meta property=\"og:image:width\" content=\"4167\" \/>\n\t<meta property=\"og:image:height\" content=\"2825\" \/>\n\t<meta property=\"og:image:type\" content=\"image\/png\" \/>\n<meta name=\"author\" content=\"Equipe Meu Site Jur\u00eddico\" \/>\n<meta name=\"twitter:card\" content=\"summary_large_image\" \/>\n<meta name=\"twitter:label1\" content=\"Escrito por\" \/>\n\t<meta name=\"twitter:data1\" content=\"Equipe Meu Site Jur\u00eddico\" \/>\n\t<meta name=\"twitter:label2\" content=\"Est. tempo de leitura\" \/>\n\t<meta name=\"twitter:data2\" content=\"1 minuto\" \/>\n<script type=\"application\/ld+json\" class=\"yoast-schema-graph\">{\"@context\":\"https:\/\/schema.org\",\"@graph\":[{\"@type\":\"Article\",\"@id\":\"https:\/\/cdn.meusitejuridico.com.br\/2023\/04\/27\/provas-escritas-suspensas-juiz-tj-mg\/#article\",\"isPartOf\":{\"@id\":\"https:\/\/cdn.meusitejuridico.com.br\/2023\/04\/27\/provas-escritas-suspensas-juiz-tj-mg\/\"},\"author\":{\"name\":\"Equipe Meu Site Jur\u00eddico\",\"@id\":\"https:\/\/cdn.meusitejuridico.com.br\/#\/schema\/person\/5c2237ac0c8ff03bcf1a09fe3e45dfce\"},\"headline\":\"Provas Escritas Suspensas: Juiz &#8211; TJ\/MG\",\"datePublished\":\"2023-04-27T14:18:18+00:00\",\"dateModified\":\"2023-04-27T14:24:32+00:00\",\"mainEntityOfPage\":{\"@id\":\"https:\/\/cdn.meusitejuridico.com.br\/2023\/04\/27\/provas-escritas-suspensas-juiz-tj-mg\/\"},\"wordCount\":139,\"commentCount\":0,\"publisher\":{\"@id\":\"https:\/\/cdn.meusitejuridico.com.br\/#organization\"},\"image\":{\"@id\":\"https:\/\/cdn.meusitejuridico.com.br\/2023\/04\/27\/provas-escritas-suspensas-juiz-tj-mg\/#primaryimage\"},\"thumbnailUrl\":\"https:\/\/cdn.meusitejuridico.com.br\/s.meusitejuridico\/2022\/05\/b10739a1-jur-vermelho.png\",\"articleSection\":[\"Carreiras Jur\u00eddicas\",\"Informa\u00e7\u00f5es de Concursos\"],\"inLanguage\":\"pt-BR\",\"potentialAction\":[{\"@type\":\"CommentAction\",\"name\":\"Comment\",\"target\":[\"https:\/\/cdn.meusitejuridico.com.br\/2023\/04\/27\/provas-escritas-suspensas-juiz-tj-mg\/#respond\"]}]},{\"@type\":\"WebPage\",\"@id\":\"https:\/\/cdn.meusitejuridico.com.br\/2023\/04\/27\/provas-escritas-suspensas-juiz-tj-mg\/\",\"url\":\"https:\/\/cdn.meusitejuridico.com.br\/2023\/04\/27\/provas-escritas-suspensas-juiz-tj-mg\/\",\"name\":\"Provas Escritas Suspensas: Juiz - TJ\/MG - Meu site jur\u00eddico\",\"isPartOf\":{\"@id\":\"https:\/\/cdn.meusitejuridico.com.br\/#website\"},\"primaryImageOfPage\":{\"@id\":\"https:\/\/cdn.meusitejuridico.com.br\/2023\/04\/27\/provas-escritas-suspensas-juiz-tj-mg\/#primaryimage\"},\"image\":{\"@id\":\"https:\/\/cdn.meusitejuridico.com.br\/2023\/04\/27\/provas-escritas-suspensas-juiz-tj-mg\/#primaryimage\"},\"thumbnailUrl\":\"https:\/\/cdn.meusitejuridico.com.br\/s.meusitejuridico\/2022\/05\/b10739a1-jur-vermelho.png\",\"datePublished\":\"2023-04-27T14:18:18+00:00\",\"dateModified\":\"2023-04-27T14:24:32+00:00\",\"description\":\"Marcadas para os dias 29 e 30 de abril e 1\u00ba de maio, as provas escritas do certame para Juiz Substituto do Tribunal de Justi\u00e7a de Minas Gerais tiveram sua aplica\u00e7\u00e3o suspensa at\u00e9 o julgamento de recurso administrativo pelo Plen\u00e1rio do Conselho Nacional de Justi\u00e7a.\",\"breadcrumb\":{\"@id\":\"https:\/\/cdn.meusitejuridico.com.br\/2023\/04\/27\/provas-escritas-suspensas-juiz-tj-mg\/#breadcrumb\"},\"inLanguage\":\"pt-BR\",\"potentialAction\":[{\"@type\":\"ReadAction\",\"target\":[\"https:\/\/cdn.meusitejuridico.com.br\/2023\/04\/27\/provas-escritas-suspensas-juiz-tj-mg\/\"]}]},{\"@type\":\"ImageObject\",\"inLanguage\":\"pt-BR\",\"@id\":\"https:\/\/cdn.meusitejuridico.com.br\/2023\/04\/27\/provas-escritas-suspensas-juiz-tj-mg\/#primaryimage\",\"url\":\"https:\/\/cdn.meusitejuridico.com.br\/s.meusitejuridico\/2022\/05\/b10739a1-jur-vermelho.png\",\"contentUrl\":\"https:\/\/cdn.meusitejuridico.com.br\/s.meusitejuridico\/2022\/05\/b10739a1-jur-vermelho.png\",\"width\":4167,\"height\":2825},{\"@type\":\"BreadcrumbList\",\"@id\":\"https:\/\/cdn.meusitejuridico.com.br\/2023\/04\/27\/provas-escritas-suspensas-juiz-tj-mg\/#breadcrumb\",\"itemListElement\":[{\"@type\":\"ListItem\",\"position\":1,\"name\":\"In\u00edcio\",\"item\":\"https:\/\/cdn.meusitejuridico.com.br\/\"},{\"@type\":\"ListItem\",\"position\":2,\"name\":\"Provas Escritas Suspensas: Juiz &#8211; TJ\/MG\"}]},{\"@type\":\"WebSite\",\"@id\":\"https:\/\/cdn.meusitejuridico.com.br\/#website\",\"url\":\"https:\/\/cdn.meusitejuridico.com.br\/\",\"name\":\"Meu site jur\u00eddico\",\"description\":\"Meu site jur\u00eddico\",\"publisher\":{\"@id\":\"https:\/\/cdn.meusitejuridico.com.br\/#organization\"},\"potentialAction\":[{\"@type\":\"SearchAction\",\"target\":{\"@type\":\"EntryPoint\",\"urlTemplate\":\"https:\/\/cdn.meusitejuridico.com.br\/?s={search_term_string}\"},\"query-input\":{\"@type\":\"PropertyValueSpecification\",\"valueRequired\":true,\"valueName\":\"search_term_string\"}}],\"inLanguage\":\"pt-BR\"},{\"@type\":\"Organization\",\"@id\":\"https:\/\/cdn.meusitejuridico.com.br\/#organization\",\"name\":\"Meu site jur\u00eddico\",\"url\":\"https:\/\/cdn.meusitejuridico.com.br\/\",\"logo\":{\"@type\":\"ImageObject\",\"inLanguage\":\"pt-BR\",\"@id\":\"https:\/\/cdn.meusitejuridico.com.br\/#\/schema\/logo\/image\/\",\"url\":\"https:\/\/cdn.meusitejuridico.com.br\/s.meusitejuridico\/2022\/03\/cropped-baeec2a3-msj-02-01-01.png\",\"contentUrl\":\"https:\/\/cdn.meusitejuridico.com.br\/s.meusitejuridico\/2022\/03\/cropped-baeec2a3-msj-02-01-01.png\",\"width\":349,\"height\":243,\"caption\":\"Meu site jur\u00eddico\"},\"image\":{\"@id\":\"https:\/\/cdn.meusitejuridico.com.br\/#\/schema\/logo\/image\/\"}},{\"@type\":\"Person\",\"@id\":\"https:\/\/cdn.meusitejuridico.com.br\/#\/schema\/person\/5c2237ac0c8ff03bcf1a09fe3e45dfce\",\"name\":\"Equipe Meu Site Jur\u00eddico\",\"image\":{\"@type\":\"ImageObject\",\"inLanguage\":\"pt-BR\",\"@id\":\"https:\/\/cdn.meusitejuridico.com.br\/#\/schema\/person\/image\/\",\"url\":\"https:\/\/cdn.meusitejuridico.com.br\/s.meusitejuridico\/2020\/07\/6be289aa-logo-msj.png\",\"contentUrl\":\"https:\/\/cdn.meusitejuridico.com.br\/s.meusitejuridico\/2020\/07\/6be289aa-logo-msj.png\",\"caption\":\"Equipe Meu Site Jur\u00eddico\"},\"description\":\"Contem conosco!\",\"url\":\"https:\/\/cdn.meusitejuridico.com.br\/author\/equipe-meu-site-juridico\/\"}]}<\/script>\n<!-- \/ Yoast SEO plugin. -->","yoast_head_json":{"title":"Provas Escritas Suspensas: Juiz - TJ\/MG - Meu site jur\u00eddico","description":"Marcadas para os dias 29 e 30 de abril e 1\u00ba de maio, as provas escritas do certame para Juiz Substituto do Tribunal de Justi\u00e7a de Minas Gerais tiveram sua aplica\u00e7\u00e3o suspensa at\u00e9 o julgamento de recurso administrativo pelo Plen\u00e1rio do Conselho Nacional de Justi\u00e7a.","robots":{"index":"index","follow":"follow","max-snippet":"max-snippet:-1","max-image-preview":"max-image-preview:large","max-video-preview":"max-video-preview:-1"},"canonical":"https:\/\/cdn.meusitejuridico.com.br\/2023\/04\/27\/provas-escritas-suspensas-juiz-tj-mg\/","og_locale":"pt_BR","og_type":"article","og_title":"Provas Escritas Suspensas: Juiz - TJ\/MG - Meu site jur\u00eddico","og_description":"Marcadas para os dias 29 e 30 de abril e 1\u00ba de maio, as provas escritas do certame para Juiz Substituto do Tribunal de Justi\u00e7a de Minas Gerais tiveram sua aplica\u00e7\u00e3o suspensa at\u00e9 o julgamento de recurso administrativo pelo Plen\u00e1rio do Conselho Nacional de Justi\u00e7a.","og_url":"https:\/\/cdn.meusitejuridico.com.br\/2023\/04\/27\/provas-escritas-suspensas-juiz-tj-mg\/","og_site_name":"Meu site jur\u00eddico","article_published_time":"2023-04-27T14:18:18+00:00","article_modified_time":"2023-04-27T14:24:32+00:00","og_image":[{"width":4167,"height":2825,"url":"https:\/\/cdn.meusitejuridico.com.br\/s.meusitejuridico\/2022\/05\/b10739a1-jur-vermelho.png","type":"image\/png"}],"author":"Equipe Meu Site Jur\u00eddico","twitter_card":"summary_large_image","twitter_misc":{"Escrito por":"Equipe Meu Site Jur\u00eddico","Est. tempo de leitura":"1 minuto"},"schema":{"@context":"https:\/\/schema.org","@graph":[{"@type":"Article","@id":"https:\/\/cdn.meusitejuridico.com.br\/2023\/04\/27\/provas-escritas-suspensas-juiz-tj-mg\/#article","isPartOf":{"@id":"https:\/\/cdn.meusitejuridico.com.br\/2023\/04\/27\/provas-escritas-suspensas-juiz-tj-mg\/"},"author":{"name":"Equipe Meu Site Jur\u00eddico","@id":"https:\/\/cdn.meusitejuridico.com.br\/#\/schema\/person\/5c2237ac0c8ff03bcf1a09fe3e45dfce"},"headline":"Provas Escritas Suspensas: Juiz &#8211; TJ\/MG","datePublished":"2023-04-27T14:18:18+00:00","dateModified":"2023-04-27T14:24:32+00:00","mainEntityOfPage":{"@id":"https:\/\/cdn.meusitejuridico.com.br\/2023\/04\/27\/provas-escritas-suspensas-juiz-tj-mg\/"},"wordCount":139,"commentCount":0,"publisher":{"@id":"https:\/\/cdn.meusitejuridico.com.br\/#organization"},"image":{"@id":"https:\/\/cdn.meusitejuridico.com.br\/2023\/04\/27\/provas-escritas-suspensas-juiz-tj-mg\/#primaryimage"},"thumbnailUrl":"https:\/\/cdn.meusitejuridico.com.br\/s.meusitejuridico\/2022\/05\/b10739a1-jur-vermelho.png","articleSection":["Carreiras Jur\u00eddicas","Informa\u00e7\u00f5es de Concursos"],"inLanguage":"pt-BR","potentialAction":[{"@type":"CommentAction","name":"Comment","target":["https:\/\/cdn.meusitejuridico.com.br\/2023\/04\/27\/provas-escritas-suspensas-juiz-tj-mg\/#respond"]}]},{"@type":"WebPage","@id":"https:\/\/cdn.meusitejuridico.com.br\/2023\/04\/27\/provas-escritas-suspensas-juiz-tj-mg\/","url":"https:\/\/cdn.meusitejuridico.com.br\/2023\/04\/27\/provas-escritas-suspensas-juiz-tj-mg\/","name":"Provas Escritas Suspensas: Juiz - TJ\/MG - Meu site jur\u00eddico","isPartOf":{"@id":"https:\/\/cdn.meusitejuridico.com.br\/#website"},"primaryImageOfPage":{"@id":"https:\/\/cdn.meusitejuridico.com.br\/2023\/04\/27\/provas-escritas-suspensas-juiz-tj-mg\/#primaryimage"},"image":{"@id":"https:\/\/cdn.meusitejuridico.com.br\/2023\/04\/27\/provas-escritas-suspensas-juiz-tj-mg\/#primaryimage"},"thumbnailUrl":"https:\/\/cdn.meusitejuridico.com.br\/s.meusitejuridico\/2022\/05\/b10739a1-jur-vermelho.png","datePublished":"2023-04-27T14:18:18+00:00","dateModified":"2023-04-27T14:24:32+00:00","description":"Marcadas para os dias 29 e 30 de abril e 1\u00ba de maio, as provas escritas do certame para Juiz Substituto do Tribunal de Justi\u00e7a de Minas Gerais tiveram sua aplica\u00e7\u00e3o suspensa at\u00e9 o julgamento de recurso administrativo pelo Plen\u00e1rio do Conselho Nacional de Justi\u00e7a.","breadcrumb":{"@id":"https:\/\/cdn.meusitejuridico.com.br\/2023\/04\/27\/provas-escritas-suspensas-juiz-tj-mg\/#breadcrumb"},"inLanguage":"pt-BR","potentialAction":[{"@type":"ReadAction","target":["https:\/\/cdn.meusitejuridico.com.br\/2023\/04\/27\/provas-escritas-suspensas-juiz-tj-mg\/"]}]},{"@type":"ImageObject","inLanguage":"pt-BR","@id":"https:\/\/cdn.meusitejuridico.com.br\/2023\/04\/27\/provas-escritas-suspensas-juiz-tj-mg\/#primaryimage","url":"https:\/\/cdn.meusitejuridico.com.br\/s.meusitejuridico\/2022\/05\/b10739a1-jur-vermelho.png","contentUrl":"https:\/\/cdn.meusitejuridico.com.br\/s.meusitejuridico\/2022\/05\/b10739a1-jur-vermelho.png","width":4167,"height":2825},{"@type":"BreadcrumbList","@id":"https:\/\/cdn.meusitejuridico.com.br\/2023\/04\/27\/provas-escritas-suspensas-juiz-tj-mg\/#breadcrumb","itemListElement":[{"@type":"ListItem","position":1,"name":"In\u00edcio","item":"https:\/\/cdn.meusitejuridico.com.br\/"},{"@type":"ListItem","position":2,"name":"Provas Escritas Suspensas: Juiz &#8211; TJ\/MG"}]},{"@type":"WebSite","@id":"https:\/\/cdn.meusitejuridico.com.br\/#website","url":"https:\/\/cdn.meusitejuridico.com.br\/","name":"Meu site jur\u00eddico","description":"Meu site jur\u00eddico","publisher":{"@id":"https:\/\/cdn.meusitejuridico.com.br\/#organization"},"potentialAction":[{"@type":"SearchAction","target":{"@type":"EntryPoint","urlTemplate":"https:\/\/cdn.meusitejuridico.com.br\/?s={search_term_string}"},"query-input":{"@type":"PropertyValueSpecification","valueRequired":true,"valueName":"search_term_string"}}],"inLanguage":"pt-BR"},{"@type":"Organization","@id":"https:\/\/cdn.meusitejuridico.com.br\/#organization","name":"Meu site jur\u00eddico","url":"https:\/\/cdn.meusitejuridico.com.br\/","logo":{"@type":"ImageObject","inLanguage":"pt-BR","@id":"https:\/\/cdn.meusitejuridico.com.br\/#\/schema\/logo\/image\/","url":"https:\/\/cdn.meusitejuridico.com.br\/s.meusitejuridico\/2022\/03\/cropped-baeec2a3-msj-02-01-01.png","contentUrl":"https:\/\/cdn.meusitejuridico.com.br\/s.meusitejuridico\/2022\/03\/cropped-baeec2a3-msj-02-01-01.png","width":349,"height":243,"caption":"Meu site jur\u00eddico"},"image":{"@id":"https:\/\/cdn.meusitejuridico.com.br\/#\/schema\/logo\/image\/"}},{"@type":"Person","@id":"https:\/\/cdn.meusitejuridico.com.br\/#\/schema\/person\/5c2237ac0c8ff03bcf1a09fe3e45dfce","name":"Equipe Meu Site Jur\u00eddico","image":{"@type":"ImageObject","inLanguage":"pt-BR","@id":"https:\/\/cdn.meusitejuridico.com.br\/#\/schema\/person\/image\/","url":"https:\/\/cdn.meusitejuridico.com.br\/s.meusitejuridico\/2020\/07\/6be289aa-logo-msj.png","contentUrl":"https:\/\/cdn.meusitejuridico.com.br\/s.meusitejuridico\/2020\/07\/6be289aa-logo-msj.png","caption":"Equipe Meu Site Jur\u00eddico"},"description":"Contem conosco!","url":"https:\/\/cdn.meusitejuridico.com.br\/author\/equipe-meu-site-juridico\/"}]}},"_links":{"self":[{"href":"https:\/\/cdn.meusitejuridico.com.br\/api\/wp\/v2\/posts\/17642","targetHints":{"allow":["GET"]}}],"collection":[{"href":"https:\/\/cdn.meusitejuridico.com.br\/api\/wp\/v2\/posts"}],"about":[{"href":"https:\/\/cdn.meusitejuridico.com.br\/api\/wp\/v2\/types\/post"}],"author":[{"embeddable":true,"href":"https:\/\/cdn.meusitejuridico.com.br\/api\/wp\/v2\/users\/7"}],"replies":[{"embeddable":true,"href":"https:\/\/cdn.meusitejuridico.com.br\/api\/wp\/v2\/comments?post=17642"}],"version-history":[{"count":2,"href":"https:\/\/cdn.meusitejuridico.com.br\/api\/wp\/v2\/posts\/17642\/revisions"}],"predecessor-version":[{"id":17645,"href":"https:\/\/cdn.meusitejuridico.com.br\/api\/wp\/v2\/posts\/17642\/revisions\/17645"}],"wp:featuredmedia":[{"embeddable":true,"href":"https:\/\/cdn.meusitejuridico.com.br\/api\/wp\/v2\/media\/15714"}],"wp:attachment":[{"href":"https:\/\/cdn.meusitejuridico.com.br\/api\/wp\/v2\/media?parent=17642"}],"wp:term":[{"taxonomy":"category","embeddable":true,"href":"https:\/\/cdn.meusitejuridico.com.br\/api\/wp\/v2\/categories?post=17642"},{"taxonomy":"post_tag","embeddable":true,"href":"https:\/\/cdn.meusitejuridico.com.br\/api\/wp\/v2\/tags?post=17642"}],"curies":[{"name":"wp","href":"https:\/\/api.w.org\/{rel}","templated":true}]}}