{"id":17783,"date":"2023-05-17T13:19:13","date_gmt":"2023-05-17T16:19:13","guid":{"rendered":"https:\/\/meusitejuridico.editorajuspodivm.com.br\/?p=17783"},"modified":"2023-05-17T13:19:15","modified_gmt":"2023-05-17T16:19:15","slug":"gabarito-preliminar-tst-unificado","status":"publish","type":"post","link":"https:\/\/cdn.meusitejuridico.com.br\/2023\/05\/17\/gabarito-preliminar-tst-unificado\/","title":{"rendered":"Gabarito Preliminar: TST Unificado"},"content":{"rendered":"\n<p>A banca organizadora<strong> FGV <\/strong>divulgou <strong>o gabarito preliminar <\/strong>da prova realizada no \u00faltimo domingo, <strong>14\/05\/2023, <\/strong>para o cargo de <strong>Juiz do Trabalho Substituto<\/strong> dos Tribunais Regionais do Trabalho de todo o Brasil.<\/p>\n\n\n\n<p>O per\u00edodo para a interposi\u00e7\u00e3o de recursos ser\u00e1 de 17 e 18\/05\/2023, e o resultado definitivo da prova objetiva est\u00e1 previsto para ser publicado em 22\/06\/2023.<\/p>\n\n\n\n<div data-wp-interactive=\"core\/file\" class=\"wp-block-file\"><object data-wp-bind--hidden=\"!state.hasPdfPreview\" hidden class=\"wp-block-file__embed\" data=\"https:\/\/meusitejuridico.editorajuspodivm.com.br\/s.meusitejuridico\/2023\/05\/5545548f-concurso-magistratura-unificada-gabarito-preliminar.pdf\" type=\"application\/pdf\" style=\"width:100%;height:600px\" aria-label=\"Incorporado de Incorporado de Gabarito Preliminar - Concurso TST Unificado 2023..\"><\/object><a href=\"https:\/\/meusitejuridico.editorajuspodivm.com.br\/s.meusitejuridico\/2023\/05\/5545548f-concurso-magistratura-unificada-gabarito-preliminar.pdf\">Gabarito Preliminar &#8211; Concurso TST Unificado 2023<\/a><a href=\"https:\/\/meusitejuridico.editorajuspodivm.com.br\/s.meusitejuridico\/2023\/05\/5545548f-concurso-magistratura-unificada-gabarito-preliminar.pdf\" class=\"wp-block-file__button\" download>Baixar<\/a><\/div>\n\n\n\n<p>Os candidatos\u00a0concorrem a <strong>300 vagas<\/strong> com remunera\u00e7\u00e3o inicial de<strong> R$ 32.004,65<\/strong><\/p>\n\n\n\n<p><\/p>\n\n\n\n<figure class=\"wp-block-table is-style-stripes\"><table><tbody><tr><td>TST Unificado<\/td><\/tr><tr><td><strong>Banca:<\/strong> FGV<\/td><\/tr><tr><td><strong>Vagas: <\/strong>300<\/td><\/tr><tr><td><strong>Sal\u00e1rio inicial: inicial de\u00a0 <\/strong>R$ 32.004,65<\/td><\/tr><tr><td><strong>Status:<\/strong> Gabarito preliminar divulgado&nbsp;<\/td><\/tr><\/tbody><\/table><\/figure>\n\n\n\n<p><\/p>\n","protected":false},"excerpt":{"rendered":"<p>A banca organizadora FGV divulgou o gabarito preliminar da prova realizada no \u00faltimo domingo, 14\/05\/2023, para o cargo de Juiz do Trabalho Substituto dos Tribunais Regionais do Trabalho de todo o Brasil. O per\u00edodo para a interposi\u00e7\u00e3o de recursos ser\u00e1 de 17 e 18\/05\/2023, e o resultado definitivo da prova objetiva est\u00e1 previsto para ser [&hellip;]<\/p>\n","protected":false},"author":7,"featured_media":15716,"comment_status":"open","ping_status":"open","sticky":false,"template":"","format":"standard","meta":{"_acf_changed":false,"footnotes":""},"categories":[3847,3846],"tags":[],"class_list":["post-17783","post","type-post","status-publish","format-standard","has-post-thumbnail","hentry","category-carreiras-juridicas","category-informacao-concursos"],"acf":[],"yoast_head":"<!-- This site is optimized with the Yoast SEO plugin v24.8.1 - https:\/\/yoast.com\/wordpress\/plugins\/seo\/ -->\n<title>Gabarito Preliminar: TST Unificado - Meu site jur\u00eddico<\/title>\n<meta name=\"description\" content=\"A banca organizadora FGV divulgou o gabarito preliminar da prova realizada no \u00faltimo domingo 14\/05\/2023 para o cargo de Juiz do Trabalho.\" \/>\n<meta name=\"robots\" content=\"index, follow, max-snippet:-1, max-image-preview:large, max-video-preview:-1\" \/>\n<link rel=\"canonical\" href=\"https:\/\/cdn.meusitejuridico.com.br\/2023\/05\/17\/gabarito-preliminar-tst-unificado\/\" \/>\n<meta property=\"og:locale\" content=\"pt_BR\" \/>\n<meta property=\"og:type\" content=\"article\" \/>\n<meta property=\"og:title\" content=\"Gabarito Preliminar: TST Unificado - Meu site jur\u00eddico\" \/>\n<meta property=\"og:description\" content=\"A banca organizadora FGV divulgou o gabarito preliminar da prova realizada no \u00faltimo domingo 14\/05\/2023 para o cargo de Juiz do Trabalho.\" \/>\n<meta property=\"og:url\" content=\"https:\/\/cdn.meusitejuridico.com.br\/2023\/05\/17\/gabarito-preliminar-tst-unificado\/\" \/>\n<meta property=\"og:site_name\" content=\"Meu site jur\u00eddico\" \/>\n<meta property=\"article:published_time\" content=\"2023-05-17T16:19:13+00:00\" \/>\n<meta property=\"article:modified_time\" content=\"2023-05-17T16:19:15+00:00\" \/>\n<meta property=\"og:image\" content=\"https:\/\/cdn.meusitejuridico.com.br\/s.meusitejuridico\/2022\/05\/177254ea-jur-rosa.png\" \/>\n\t<meta property=\"og:image:width\" content=\"4167\" \/>\n\t<meta property=\"og:image:height\" content=\"2825\" \/>\n\t<meta property=\"og:image:type\" content=\"image\/png\" \/>\n<meta name=\"author\" content=\"Equipe Meu Site Jur\u00eddico\" \/>\n<meta name=\"twitter:card\" content=\"summary_large_image\" \/>\n<meta name=\"twitter:label1\" content=\"Escrito por\" \/>\n\t<meta name=\"twitter:data1\" content=\"Equipe Meu Site Jur\u00eddico\" \/>\n\t<meta name=\"twitter:label2\" content=\"Est. tempo de leitura\" \/>\n\t<meta name=\"twitter:data2\" content=\"1 minuto\" \/>\n<script type=\"application\/ld+json\" class=\"yoast-schema-graph\">{\"@context\":\"https:\/\/schema.org\",\"@graph\":[{\"@type\":\"Article\",\"@id\":\"https:\/\/cdn.meusitejuridico.com.br\/2023\/05\/17\/gabarito-preliminar-tst-unificado\/#article\",\"isPartOf\":{\"@id\":\"https:\/\/cdn.meusitejuridico.com.br\/2023\/05\/17\/gabarito-preliminar-tst-unificado\/\"},\"author\":{\"name\":\"Equipe Meu Site Jur\u00eddico\",\"@id\":\"https:\/\/cdn.meusitejuridico.com.br\/#\/schema\/person\/5c2237ac0c8ff03bcf1a09fe3e45dfce\"},\"headline\":\"Gabarito Preliminar: TST Unificado\",\"datePublished\":\"2023-05-17T16:19:13+00:00\",\"dateModified\":\"2023-05-17T16:19:15+00:00\",\"mainEntityOfPage\":{\"@id\":\"https:\/\/cdn.meusitejuridico.com.br\/2023\/05\/17\/gabarito-preliminar-tst-unificado\/\"},\"wordCount\":94,\"commentCount\":0,\"publisher\":{\"@id\":\"https:\/\/cdn.meusitejuridico.com.br\/#organization\"},\"image\":{\"@id\":\"https:\/\/cdn.meusitejuridico.com.br\/2023\/05\/17\/gabarito-preliminar-tst-unificado\/#primaryimage\"},\"thumbnailUrl\":\"https:\/\/cdn.meusitejuridico.com.br\/s.meusitejuridico\/2022\/05\/177254ea-jur-rosa.png\",\"articleSection\":[\"Carreiras Jur\u00eddicas\",\"Informa\u00e7\u00f5es de Concursos\"],\"inLanguage\":\"pt-BR\",\"potentialAction\":[{\"@type\":\"CommentAction\",\"name\":\"Comment\",\"target\":[\"https:\/\/cdn.meusitejuridico.com.br\/2023\/05\/17\/gabarito-preliminar-tst-unificado\/#respond\"]}]},{\"@type\":\"WebPage\",\"@id\":\"https:\/\/cdn.meusitejuridico.com.br\/2023\/05\/17\/gabarito-preliminar-tst-unificado\/\",\"url\":\"https:\/\/cdn.meusitejuridico.com.br\/2023\/05\/17\/gabarito-preliminar-tst-unificado\/\",\"name\":\"Gabarito Preliminar: TST Unificado - Meu site jur\u00eddico\",\"isPartOf\":{\"@id\":\"https:\/\/cdn.meusitejuridico.com.br\/#website\"},\"primaryImageOfPage\":{\"@id\":\"https:\/\/cdn.meusitejuridico.com.br\/2023\/05\/17\/gabarito-preliminar-tst-unificado\/#primaryimage\"},\"image\":{\"@id\":\"https:\/\/cdn.meusitejuridico.com.br\/2023\/05\/17\/gabarito-preliminar-tst-unificado\/#primaryimage\"},\"thumbnailUrl\":\"https:\/\/cdn.meusitejuridico.com.br\/s.meusitejuridico\/2022\/05\/177254ea-jur-rosa.png\",\"datePublished\":\"2023-05-17T16:19:13+00:00\",\"dateModified\":\"2023-05-17T16:19:15+00:00\",\"description\":\"A banca organizadora FGV divulgou o gabarito preliminar da prova realizada no \u00faltimo domingo 14\/05\/2023 para o cargo de Juiz do Trabalho.\",\"breadcrumb\":{\"@id\":\"https:\/\/cdn.meusitejuridico.com.br\/2023\/05\/17\/gabarito-preliminar-tst-unificado\/#breadcrumb\"},\"inLanguage\":\"pt-BR\",\"potentialAction\":[{\"@type\":\"ReadAction\",\"target\":[\"https:\/\/cdn.meusitejuridico.com.br\/2023\/05\/17\/gabarito-preliminar-tst-unificado\/\"]}]},{\"@type\":\"ImageObject\",\"inLanguage\":\"pt-BR\",\"@id\":\"https:\/\/cdn.meusitejuridico.com.br\/2023\/05\/17\/gabarito-preliminar-tst-unificado\/#primaryimage\",\"url\":\"https:\/\/cdn.meusitejuridico.com.br\/s.meusitejuridico\/2022\/05\/177254ea-jur-rosa.png\",\"contentUrl\":\"https:\/\/cdn.meusitejuridico.com.br\/s.meusitejuridico\/2022\/05\/177254ea-jur-rosa.png\",\"width\":4167,\"height\":2825},{\"@type\":\"BreadcrumbList\",\"@id\":\"https:\/\/cdn.meusitejuridico.com.br\/2023\/05\/17\/gabarito-preliminar-tst-unificado\/#breadcrumb\",\"itemListElement\":[{\"@type\":\"ListItem\",\"position\":1,\"name\":\"In\u00edcio\",\"item\":\"https:\/\/cdn.meusitejuridico.com.br\/\"},{\"@type\":\"ListItem\",\"position\":2,\"name\":\"Gabarito Preliminar: TST Unificado\"}]},{\"@type\":\"WebSite\",\"@id\":\"https:\/\/cdn.meusitejuridico.com.br\/#website\",\"url\":\"https:\/\/cdn.meusitejuridico.com.br\/\",\"name\":\"Meu site jur\u00eddico\",\"description\":\"Meu site jur\u00eddico\",\"publisher\":{\"@id\":\"https:\/\/cdn.meusitejuridico.com.br\/#organization\"},\"potentialAction\":[{\"@type\":\"SearchAction\",\"target\":{\"@type\":\"EntryPoint\",\"urlTemplate\":\"https:\/\/cdn.meusitejuridico.com.br\/?s={search_term_string}\"},\"query-input\":{\"@type\":\"PropertyValueSpecification\",\"valueRequired\":true,\"valueName\":\"search_term_string\"}}],\"inLanguage\":\"pt-BR\"},{\"@type\":\"Organization\",\"@id\":\"https:\/\/cdn.meusitejuridico.com.br\/#organization\",\"name\":\"Meu site jur\u00eddico\",\"url\":\"https:\/\/cdn.meusitejuridico.com.br\/\",\"logo\":{\"@type\":\"ImageObject\",\"inLanguage\":\"pt-BR\",\"@id\":\"https:\/\/cdn.meusitejuridico.com.br\/#\/schema\/logo\/image\/\",\"url\":\"https:\/\/cdn.meusitejuridico.com.br\/s.meusitejuridico\/2022\/03\/cropped-baeec2a3-msj-02-01-01.png\",\"contentUrl\":\"https:\/\/cdn.meusitejuridico.com.br\/s.meusitejuridico\/2022\/03\/cropped-baeec2a3-msj-02-01-01.png\",\"width\":349,\"height\":243,\"caption\":\"Meu site jur\u00eddico\"},\"image\":{\"@id\":\"https:\/\/cdn.meusitejuridico.com.br\/#\/schema\/logo\/image\/\"}},{\"@type\":\"Person\",\"@id\":\"https:\/\/cdn.meusitejuridico.com.br\/#\/schema\/person\/5c2237ac0c8ff03bcf1a09fe3e45dfce\",\"name\":\"Equipe Meu Site Jur\u00eddico\",\"image\":{\"@type\":\"ImageObject\",\"inLanguage\":\"pt-BR\",\"@id\":\"https:\/\/cdn.meusitejuridico.com.br\/#\/schema\/person\/image\/\",\"url\":\"https:\/\/cdn.meusitejuridico.com.br\/s.meusitejuridico\/2020\/07\/6be289aa-logo-msj.png\",\"contentUrl\":\"https:\/\/cdn.meusitejuridico.com.br\/s.meusitejuridico\/2020\/07\/6be289aa-logo-msj.png\",\"caption\":\"Equipe Meu Site Jur\u00eddico\"},\"description\":\"Contem conosco!\",\"url\":\"https:\/\/cdn.meusitejuridico.com.br\/author\/equipe-meu-site-juridico\/\"}]}<\/script>\n<!-- \/ Yoast SEO plugin. -->","yoast_head_json":{"title":"Gabarito Preliminar: TST Unificado - Meu site jur\u00eddico","description":"A banca organizadora FGV divulgou o gabarito preliminar da prova realizada no \u00faltimo domingo 14\/05\/2023 para o cargo de Juiz do Trabalho.","robots":{"index":"index","follow":"follow","max-snippet":"max-snippet:-1","max-image-preview":"max-image-preview:large","max-video-preview":"max-video-preview:-1"},"canonical":"https:\/\/cdn.meusitejuridico.com.br\/2023\/05\/17\/gabarito-preliminar-tst-unificado\/","og_locale":"pt_BR","og_type":"article","og_title":"Gabarito Preliminar: TST Unificado - Meu site jur\u00eddico","og_description":"A banca organizadora FGV divulgou o gabarito preliminar da prova realizada no \u00faltimo domingo 14\/05\/2023 para o cargo de Juiz do Trabalho.","og_url":"https:\/\/cdn.meusitejuridico.com.br\/2023\/05\/17\/gabarito-preliminar-tst-unificado\/","og_site_name":"Meu site jur\u00eddico","article_published_time":"2023-05-17T16:19:13+00:00","article_modified_time":"2023-05-17T16:19:15+00:00","og_image":[{"width":4167,"height":2825,"url":"https:\/\/cdn.meusitejuridico.com.br\/s.meusitejuridico\/2022\/05\/177254ea-jur-rosa.png","type":"image\/png"}],"author":"Equipe Meu Site Jur\u00eddico","twitter_card":"summary_large_image","twitter_misc":{"Escrito por":"Equipe Meu Site Jur\u00eddico","Est. tempo de leitura":"1 minuto"},"schema":{"@context":"https:\/\/schema.org","@graph":[{"@type":"Article","@id":"https:\/\/cdn.meusitejuridico.com.br\/2023\/05\/17\/gabarito-preliminar-tst-unificado\/#article","isPartOf":{"@id":"https:\/\/cdn.meusitejuridico.com.br\/2023\/05\/17\/gabarito-preliminar-tst-unificado\/"},"author":{"name":"Equipe Meu Site Jur\u00eddico","@id":"https:\/\/cdn.meusitejuridico.com.br\/#\/schema\/person\/5c2237ac0c8ff03bcf1a09fe3e45dfce"},"headline":"Gabarito Preliminar: TST Unificado","datePublished":"2023-05-17T16:19:13+00:00","dateModified":"2023-05-17T16:19:15+00:00","mainEntityOfPage":{"@id":"https:\/\/cdn.meusitejuridico.com.br\/2023\/05\/17\/gabarito-preliminar-tst-unificado\/"},"wordCount":94,"commentCount":0,"publisher":{"@id":"https:\/\/cdn.meusitejuridico.com.br\/#organization"},"image":{"@id":"https:\/\/cdn.meusitejuridico.com.br\/2023\/05\/17\/gabarito-preliminar-tst-unificado\/#primaryimage"},"thumbnailUrl":"https:\/\/cdn.meusitejuridico.com.br\/s.meusitejuridico\/2022\/05\/177254ea-jur-rosa.png","articleSection":["Carreiras Jur\u00eddicas","Informa\u00e7\u00f5es de Concursos"],"inLanguage":"pt-BR","potentialAction":[{"@type":"CommentAction","name":"Comment","target":["https:\/\/cdn.meusitejuridico.com.br\/2023\/05\/17\/gabarito-preliminar-tst-unificado\/#respond"]}]},{"@type":"WebPage","@id":"https:\/\/cdn.meusitejuridico.com.br\/2023\/05\/17\/gabarito-preliminar-tst-unificado\/","url":"https:\/\/cdn.meusitejuridico.com.br\/2023\/05\/17\/gabarito-preliminar-tst-unificado\/","name":"Gabarito Preliminar: TST Unificado - Meu site jur\u00eddico","isPartOf":{"@id":"https:\/\/cdn.meusitejuridico.com.br\/#website"},"primaryImageOfPage":{"@id":"https:\/\/cdn.meusitejuridico.com.br\/2023\/05\/17\/gabarito-preliminar-tst-unificado\/#primaryimage"},"image":{"@id":"https:\/\/cdn.meusitejuridico.com.br\/2023\/05\/17\/gabarito-preliminar-tst-unificado\/#primaryimage"},"thumbnailUrl":"https:\/\/cdn.meusitejuridico.com.br\/s.meusitejuridico\/2022\/05\/177254ea-jur-rosa.png","datePublished":"2023-05-17T16:19:13+00:00","dateModified":"2023-05-17T16:19:15+00:00","description":"A banca organizadora FGV divulgou o gabarito preliminar da prova realizada no \u00faltimo domingo 14\/05\/2023 para o cargo de Juiz do Trabalho.","breadcrumb":{"@id":"https:\/\/cdn.meusitejuridico.com.br\/2023\/05\/17\/gabarito-preliminar-tst-unificado\/#breadcrumb"},"inLanguage":"pt-BR","potentialAction":[{"@type":"ReadAction","target":["https:\/\/cdn.meusitejuridico.com.br\/2023\/05\/17\/gabarito-preliminar-tst-unificado\/"]}]},{"@type":"ImageObject","inLanguage":"pt-BR","@id":"https:\/\/cdn.meusitejuridico.com.br\/2023\/05\/17\/gabarito-preliminar-tst-unificado\/#primaryimage","url":"https:\/\/cdn.meusitejuridico.com.br\/s.meusitejuridico\/2022\/05\/177254ea-jur-rosa.png","contentUrl":"https:\/\/cdn.meusitejuridico.com.br\/s.meusitejuridico\/2022\/05\/177254ea-jur-rosa.png","width":4167,"height":2825},{"@type":"BreadcrumbList","@id":"https:\/\/cdn.meusitejuridico.com.br\/2023\/05\/17\/gabarito-preliminar-tst-unificado\/#breadcrumb","itemListElement":[{"@type":"ListItem","position":1,"name":"In\u00edcio","item":"https:\/\/cdn.meusitejuridico.com.br\/"},{"@type":"ListItem","position":2,"name":"Gabarito Preliminar: TST Unificado"}]},{"@type":"WebSite","@id":"https:\/\/cdn.meusitejuridico.com.br\/#website","url":"https:\/\/cdn.meusitejuridico.com.br\/","name":"Meu site jur\u00eddico","description":"Meu site jur\u00eddico","publisher":{"@id":"https:\/\/cdn.meusitejuridico.com.br\/#organization"},"potentialAction":[{"@type":"SearchAction","target":{"@type":"EntryPoint","urlTemplate":"https:\/\/cdn.meusitejuridico.com.br\/?s={search_term_string}"},"query-input":{"@type":"PropertyValueSpecification","valueRequired":true,"valueName":"search_term_string"}}],"inLanguage":"pt-BR"},{"@type":"Organization","@id":"https:\/\/cdn.meusitejuridico.com.br\/#organization","name":"Meu site jur\u00eddico","url":"https:\/\/cdn.meusitejuridico.com.br\/","logo":{"@type":"ImageObject","inLanguage":"pt-BR","@id":"https:\/\/cdn.meusitejuridico.com.br\/#\/schema\/logo\/image\/","url":"https:\/\/cdn.meusitejuridico.com.br\/s.meusitejuridico\/2022\/03\/cropped-baeec2a3-msj-02-01-01.png","contentUrl":"https:\/\/cdn.meusitejuridico.com.br\/s.meusitejuridico\/2022\/03\/cropped-baeec2a3-msj-02-01-01.png","width":349,"height":243,"caption":"Meu site jur\u00eddico"},"image":{"@id":"https:\/\/cdn.meusitejuridico.com.br\/#\/schema\/logo\/image\/"}},{"@type":"Person","@id":"https:\/\/cdn.meusitejuridico.com.br\/#\/schema\/person\/5c2237ac0c8ff03bcf1a09fe3e45dfce","name":"Equipe Meu Site Jur\u00eddico","image":{"@type":"ImageObject","inLanguage":"pt-BR","@id":"https:\/\/cdn.meusitejuridico.com.br\/#\/schema\/person\/image\/","url":"https:\/\/cdn.meusitejuridico.com.br\/s.meusitejuridico\/2020\/07\/6be289aa-logo-msj.png","contentUrl":"https:\/\/cdn.meusitejuridico.com.br\/s.meusitejuridico\/2020\/07\/6be289aa-logo-msj.png","caption":"Equipe Meu Site Jur\u00eddico"},"description":"Contem conosco!","url":"https:\/\/cdn.meusitejuridico.com.br\/author\/equipe-meu-site-juridico\/"}]}},"_links":{"self":[{"href":"https:\/\/cdn.meusitejuridico.com.br\/api\/wp\/v2\/posts\/17783","targetHints":{"allow":["GET"]}}],"collection":[{"href":"https:\/\/cdn.meusitejuridico.com.br\/api\/wp\/v2\/posts"}],"about":[{"href":"https:\/\/cdn.meusitejuridico.com.br\/api\/wp\/v2\/types\/post"}],"author":[{"embeddable":true,"href":"https:\/\/cdn.meusitejuridico.com.br\/api\/wp\/v2\/users\/7"}],"replies":[{"embeddable":true,"href":"https:\/\/cdn.meusitejuridico.com.br\/api\/wp\/v2\/comments?post=17783"}],"version-history":[{"count":1,"href":"https:\/\/cdn.meusitejuridico.com.br\/api\/wp\/v2\/posts\/17783\/revisions"}],"predecessor-version":[{"id":17785,"href":"https:\/\/cdn.meusitejuridico.com.br\/api\/wp\/v2\/posts\/17783\/revisions\/17785"}],"wp:featuredmedia":[{"embeddable":true,"href":"https:\/\/cdn.meusitejuridico.com.br\/api\/wp\/v2\/media\/15716"}],"wp:attachment":[{"href":"https:\/\/cdn.meusitejuridico.com.br\/api\/wp\/v2\/media?parent=17783"}],"wp:term":[{"taxonomy":"category","embeddable":true,"href":"https:\/\/cdn.meusitejuridico.com.br\/api\/wp\/v2\/categories?post=17783"},{"taxonomy":"post_tag","embeddable":true,"href":"https:\/\/cdn.meusitejuridico.com.br\/api\/wp\/v2\/tags?post=17783"}],"curies":[{"name":"wp","href":"https:\/\/api.w.org\/{rel}","templated":true}]}}