{"id":17816,"date":"2023-05-23T14:57:45","date_gmt":"2023-05-23T17:57:45","guid":{"rendered":"https:\/\/meusitejuridico.editorajuspodivm.com.br\/?p=17816"},"modified":"2023-05-23T14:57:46","modified_gmt":"2023-05-23T17:57:46","slug":"inscricoes-reabertas-cartorio-tj-al","status":"publish","type":"post","link":"https:\/\/cdn.meusitejuridico.com.br\/2023\/05\/23\/inscricoes-reabertas-cartorio-tj-al\/","title":{"rendered":"Inscri\u00e7\u00f5es reabertas: Cart\u00f3rio TJ\/AL"},"content":{"rendered":"\n<p>O concurso do Tribunal de Justi\u00e7a de Alagoas retomou seu andamento e reabriu o per\u00edodo de inscri\u00e7\u00f5es. <\/p>\n\n\n\n<p>Os cargos oferecidos s\u00e3o de Not\u00e1rio e Registrador, que exigem N\u00edvel Superior de escolaridade. Ainda n\u00e3o h\u00e1 informa\u00e7\u00e3o sobre n\u00famero de vagas ou remunera\u00e7\u00e3o oferecida.<\/p>\n\n\n\n<p>A <strong>prova objetiva<\/strong> est\u00e1 marcada para os dias <strong>26 <\/strong>e <strong>27\/08\/2023<\/strong>.<\/p>\n\n\n\n<p>Os interessados dever\u00e3o realizar a inscri\u00e7\u00e3o no site da banca organizadora <a href=\"https:\/\/www.vunesp.com.br\/tjal1901\">VUNESP <\/a>a partir de 05\/06\/2023 e realizar o pagamento da taxa de inscri\u00e7\u00e3o no valor de R$200,00.<\/p>\n\n\n\n<p><\/p>\n\n\n\n<div data-wp-interactive=\"core\/file\" class=\"wp-block-file\"><object data-wp-bind--hidden=\"!state.hasPdfPreview\" hidden class=\"wp-block-file__embed\" data=\"https:\/\/meusitejuridico.editorajuspodivm.com.br\/s.meusitejuridico\/2023\/05\/0ffef1dd-edital-de-abertura-de-inscricoes.pdf\" type=\"application\/pdf\" style=\"width:100%;height:600px\" aria-label=\"Incorporado de Incorporado de TJ\/AL - Cart\u00f3rios..\"><\/object><a href=\"https:\/\/meusitejuridico.editorajuspodivm.com.br\/s.meusitejuridico\/2023\/05\/0ffef1dd-edital-de-abertura-de-inscricoes.pdf\">TJ\/AL &#8211; Cart\u00f3rios<\/a><a href=\"https:\/\/meusitejuridico.editorajuspodivm.com.br\/s.meusitejuridico\/2023\/05\/0ffef1dd-edital-de-abertura-de-inscricoes.pdf\" class=\"wp-block-file__button\" download>Baixar<\/a><\/div>\n\n\n\n<figure class=\"wp-block-table\"><table><tbody><tr><td><strong>TJ\/AL<\/strong><\/td><\/tr><tr><td><strong>Banca: Vunesp<\/strong><\/td><\/tr><tr><td><strong>Vagas: <\/strong>Em defini\u00e7\u00e3o<\/td><\/tr><tr><td><strong>Sal\u00e1rio inicial: <\/strong>Em defini\u00e7\u00e3o<\/td><\/tr><tr><td><strong>Status: <\/strong>Concurso Retomado<\/td><\/tr><\/tbody><\/table><\/figure>\n\n\n\n<p><\/p>\n","protected":false},"excerpt":{"rendered":"<p>O concurso do Tribunal de Justi\u00e7a de Alagoas retomou seu andamento e reabriu o per\u00edodo de inscri\u00e7\u00f5es. Os cargos oferecidos s\u00e3o de Not\u00e1rio e Registrador, que exigem N\u00edvel Superior de escolaridade. Ainda n\u00e3o h\u00e1 informa\u00e7\u00e3o sobre n\u00famero de vagas ou remunera\u00e7\u00e3o oferecida. A prova objetiva est\u00e1 marcada para os dias 26 e 27\/08\/2023. Os interessados [&hellip;]<\/p>\n","protected":false},"author":7,"featured_media":15718,"comment_status":"open","ping_status":"open","sticky":false,"template":"","format":"standard","meta":{"_acf_changed":false,"footnotes":""},"categories":[3847,3846],"tags":[],"class_list":["post-17816","post","type-post","status-publish","format-standard","has-post-thumbnail","hentry","category-carreiras-juridicas","category-informacao-concursos"],"acf":[],"yoast_head":"<!-- This site is optimized with the Yoast SEO plugin v24.8.1 - https:\/\/yoast.com\/wordpress\/plugins\/seo\/ -->\n<title>Inscri\u00e7\u00f5es reabertas: Cart\u00f3rio TJ\/AL - Meu site jur\u00eddico<\/title>\n<meta name=\"description\" content=\"O concurso do Tribunal de Justi\u00e7a de Alagoas retomou seu andamento e reabriu o per\u00edodo de inscri\u00e7\u00f5es.\" \/>\n<meta name=\"robots\" content=\"index, follow, max-snippet:-1, max-image-preview:large, max-video-preview:-1\" \/>\n<link rel=\"canonical\" href=\"https:\/\/meusitejuridico.editorajuspodivm.com.br\/2023\/05\/23\/inscricoes-reabertas-cartorio-tj-al\/\" \/>\n<meta property=\"og:locale\" content=\"pt_BR\" \/>\n<meta property=\"og:type\" content=\"article\" \/>\n<meta property=\"og:title\" content=\"Inscri\u00e7\u00f5es reabertas: Cart\u00f3rio TJ\/AL - Meu site jur\u00eddico\" \/>\n<meta property=\"og:description\" content=\"O concurso do Tribunal de Justi\u00e7a de Alagoas retomou seu andamento e reabriu o per\u00edodo de inscri\u00e7\u00f5es.\" \/>\n<meta property=\"og:url\" content=\"https:\/\/meusitejuridico.editorajuspodivm.com.br\/2023\/05\/23\/inscricoes-reabertas-cartorio-tj-al\/\" \/>\n<meta property=\"og:site_name\" content=\"Meu site jur\u00eddico\" \/>\n<meta property=\"article:published_time\" content=\"2023-05-23T17:57:45+00:00\" \/>\n<meta property=\"article:modified_time\" content=\"2023-05-23T17:57:46+00:00\" \/>\n<meta property=\"og:image\" content=\"https:\/\/meusitejuridico.editorajuspodivm.com.br\/s.meusitejuridico\/2022\/05\/33735aa4-jur-verde.png\" \/>\n\t<meta property=\"og:image:width\" content=\"4167\" \/>\n\t<meta property=\"og:image:height\" content=\"2825\" \/>\n\t<meta property=\"og:image:type\" content=\"image\/png\" \/>\n<meta name=\"author\" content=\"Equipe Meu Site Jur\u00eddico\" \/>\n<meta name=\"twitter:card\" content=\"summary_large_image\" \/>\n<meta name=\"twitter:label1\" content=\"Escrito por\" \/>\n\t<meta name=\"twitter:data1\" content=\"Equipe Meu Site Jur\u00eddico\" \/>\n\t<meta name=\"twitter:label2\" content=\"Est. tempo de leitura\" \/>\n\t<meta name=\"twitter:data2\" content=\"1 minuto\" \/>\n<script type=\"application\/ld+json\" class=\"yoast-schema-graph\">{\"@context\":\"https:\/\/schema.org\",\"@graph\":[{\"@type\":\"Article\",\"@id\":\"https:\/\/meusitejuridico.editorajuspodivm.com.br\/2023\/05\/23\/inscricoes-reabertas-cartorio-tj-al\/#article\",\"isPartOf\":{\"@id\":\"https:\/\/meusitejuridico.editorajuspodivm.com.br\/2023\/05\/23\/inscricoes-reabertas-cartorio-tj-al\/\"},\"author\":{\"name\":\"Equipe Meu Site Jur\u00eddico\",\"@id\":\"https:\/\/cdn.meusitejuridico.com.br\/#\/schema\/person\/5c2237ac0c8ff03bcf1a09fe3e45dfce\"},\"headline\":\"Inscri\u00e7\u00f5es reabertas: Cart\u00f3rio TJ\/AL\",\"datePublished\":\"2023-05-23T17:57:45+00:00\",\"dateModified\":\"2023-05-23T17:57:46+00:00\",\"mainEntityOfPage\":{\"@id\":\"https:\/\/meusitejuridico.editorajuspodivm.com.br\/2023\/05\/23\/inscricoes-reabertas-cartorio-tj-al\/\"},\"wordCount\":121,\"commentCount\":0,\"publisher\":{\"@id\":\"https:\/\/cdn.meusitejuridico.com.br\/#organization\"},\"image\":{\"@id\":\"https:\/\/meusitejuridico.editorajuspodivm.com.br\/2023\/05\/23\/inscricoes-reabertas-cartorio-tj-al\/#primaryimage\"},\"thumbnailUrl\":\"https:\/\/cdn.meusitejuridico.com.br\/s.meusitejuridico\/2022\/05\/33735aa4-jur-verde.png\",\"articleSection\":[\"Carreiras Jur\u00eddicas\",\"Informa\u00e7\u00f5es de Concursos\"],\"inLanguage\":\"pt-BR\",\"potentialAction\":[{\"@type\":\"CommentAction\",\"name\":\"Comment\",\"target\":[\"https:\/\/meusitejuridico.editorajuspodivm.com.br\/2023\/05\/23\/inscricoes-reabertas-cartorio-tj-al\/#respond\"]}]},{\"@type\":\"WebPage\",\"@id\":\"https:\/\/meusitejuridico.editorajuspodivm.com.br\/2023\/05\/23\/inscricoes-reabertas-cartorio-tj-al\/\",\"url\":\"https:\/\/meusitejuridico.editorajuspodivm.com.br\/2023\/05\/23\/inscricoes-reabertas-cartorio-tj-al\/\",\"name\":\"Inscri\u00e7\u00f5es reabertas: Cart\u00f3rio TJ\/AL - Meu site jur\u00eddico\",\"isPartOf\":{\"@id\":\"https:\/\/cdn.meusitejuridico.com.br\/#website\"},\"primaryImageOfPage\":{\"@id\":\"https:\/\/meusitejuridico.editorajuspodivm.com.br\/2023\/05\/23\/inscricoes-reabertas-cartorio-tj-al\/#primaryimage\"},\"image\":{\"@id\":\"https:\/\/meusitejuridico.editorajuspodivm.com.br\/2023\/05\/23\/inscricoes-reabertas-cartorio-tj-al\/#primaryimage\"},\"thumbnailUrl\":\"https:\/\/cdn.meusitejuridico.com.br\/s.meusitejuridico\/2022\/05\/33735aa4-jur-verde.png\",\"datePublished\":\"2023-05-23T17:57:45+00:00\",\"dateModified\":\"2023-05-23T17:57:46+00:00\",\"description\":\"O concurso do Tribunal de Justi\u00e7a de Alagoas retomou seu andamento e reabriu o per\u00edodo de inscri\u00e7\u00f5es.\",\"breadcrumb\":{\"@id\":\"https:\/\/meusitejuridico.editorajuspodivm.com.br\/2023\/05\/23\/inscricoes-reabertas-cartorio-tj-al\/#breadcrumb\"},\"inLanguage\":\"pt-BR\",\"potentialAction\":[{\"@type\":\"ReadAction\",\"target\":[\"https:\/\/meusitejuridico.editorajuspodivm.com.br\/2023\/05\/23\/inscricoes-reabertas-cartorio-tj-al\/\"]}]},{\"@type\":\"ImageObject\",\"inLanguage\":\"pt-BR\",\"@id\":\"https:\/\/meusitejuridico.editorajuspodivm.com.br\/2023\/05\/23\/inscricoes-reabertas-cartorio-tj-al\/#primaryimage\",\"url\":\"https:\/\/cdn.meusitejuridico.com.br\/s.meusitejuridico\/2022\/05\/33735aa4-jur-verde.png\",\"contentUrl\":\"https:\/\/cdn.meusitejuridico.com.br\/s.meusitejuridico\/2022\/05\/33735aa4-jur-verde.png\",\"width\":4167,\"height\":2825},{\"@type\":\"BreadcrumbList\",\"@id\":\"https:\/\/meusitejuridico.editorajuspodivm.com.br\/2023\/05\/23\/inscricoes-reabertas-cartorio-tj-al\/#breadcrumb\",\"itemListElement\":[{\"@type\":\"ListItem\",\"position\":1,\"name\":\"In\u00edcio\",\"item\":\"https:\/\/cdn.meusitejuridico.com.br\/\"},{\"@type\":\"ListItem\",\"position\":2,\"name\":\"Inscri\u00e7\u00f5es reabertas: Cart\u00f3rio TJ\/AL\"}]},{\"@type\":\"WebSite\",\"@id\":\"https:\/\/cdn.meusitejuridico.com.br\/#website\",\"url\":\"https:\/\/cdn.meusitejuridico.com.br\/\",\"name\":\"Meu site jur\u00eddico\",\"description\":\"Meu site jur\u00eddico\",\"publisher\":{\"@id\":\"https:\/\/cdn.meusitejuridico.com.br\/#organization\"},\"potentialAction\":[{\"@type\":\"SearchAction\",\"target\":{\"@type\":\"EntryPoint\",\"urlTemplate\":\"https:\/\/cdn.meusitejuridico.com.br\/?s={search_term_string}\"},\"query-input\":{\"@type\":\"PropertyValueSpecification\",\"valueRequired\":true,\"valueName\":\"search_term_string\"}}],\"inLanguage\":\"pt-BR\"},{\"@type\":\"Organization\",\"@id\":\"https:\/\/cdn.meusitejuridico.com.br\/#organization\",\"name\":\"Meu site jur\u00eddico\",\"url\":\"https:\/\/cdn.meusitejuridico.com.br\/\",\"logo\":{\"@type\":\"ImageObject\",\"inLanguage\":\"pt-BR\",\"@id\":\"https:\/\/cdn.meusitejuridico.com.br\/#\/schema\/logo\/image\/\",\"url\":\"https:\/\/cdn.meusitejuridico.com.br\/s.meusitejuridico\/2022\/03\/cropped-baeec2a3-msj-02-01-01.png\",\"contentUrl\":\"https:\/\/cdn.meusitejuridico.com.br\/s.meusitejuridico\/2022\/03\/cropped-baeec2a3-msj-02-01-01.png\",\"width\":349,\"height\":243,\"caption\":\"Meu site jur\u00eddico\"},\"image\":{\"@id\":\"https:\/\/cdn.meusitejuridico.com.br\/#\/schema\/logo\/image\/\"}},{\"@type\":\"Person\",\"@id\":\"https:\/\/cdn.meusitejuridico.com.br\/#\/schema\/person\/5c2237ac0c8ff03bcf1a09fe3e45dfce\",\"name\":\"Equipe Meu Site Jur\u00eddico\",\"image\":{\"@type\":\"ImageObject\",\"inLanguage\":\"pt-BR\",\"@id\":\"https:\/\/cdn.meusitejuridico.com.br\/#\/schema\/person\/image\/\",\"url\":\"https:\/\/cdn.meusitejuridico.com.br\/s.meusitejuridico\/2020\/07\/6be289aa-logo-msj.png\",\"contentUrl\":\"https:\/\/cdn.meusitejuridico.com.br\/s.meusitejuridico\/2020\/07\/6be289aa-logo-msj.png\",\"caption\":\"Equipe Meu Site Jur\u00eddico\"},\"description\":\"Contem conosco!\",\"url\":\"https:\/\/cdn.meusitejuridico.com.br\/author\/equipe-meu-site-juridico\/\"}]}<\/script>\n<!-- \/ Yoast SEO plugin. -->","yoast_head_json":{"title":"Inscri\u00e7\u00f5es reabertas: Cart\u00f3rio TJ\/AL - Meu site jur\u00eddico","description":"O concurso do Tribunal de Justi\u00e7a de Alagoas retomou seu andamento e reabriu o per\u00edodo de inscri\u00e7\u00f5es.","robots":{"index":"index","follow":"follow","max-snippet":"max-snippet:-1","max-image-preview":"max-image-preview:large","max-video-preview":"max-video-preview:-1"},"canonical":"https:\/\/meusitejuridico.editorajuspodivm.com.br\/2023\/05\/23\/inscricoes-reabertas-cartorio-tj-al\/","og_locale":"pt_BR","og_type":"article","og_title":"Inscri\u00e7\u00f5es reabertas: Cart\u00f3rio TJ\/AL - Meu site jur\u00eddico","og_description":"O concurso do Tribunal de Justi\u00e7a de Alagoas retomou seu andamento e reabriu o per\u00edodo de inscri\u00e7\u00f5es.","og_url":"https:\/\/meusitejuridico.editorajuspodivm.com.br\/2023\/05\/23\/inscricoes-reabertas-cartorio-tj-al\/","og_site_name":"Meu site jur\u00eddico","article_published_time":"2023-05-23T17:57:45+00:00","article_modified_time":"2023-05-23T17:57:46+00:00","og_image":[{"width":4167,"height":2825,"url":"https:\/\/meusitejuridico.editorajuspodivm.com.br\/s.meusitejuridico\/2022\/05\/33735aa4-jur-verde.png","type":"image\/png"}],"author":"Equipe Meu Site Jur\u00eddico","twitter_card":"summary_large_image","twitter_misc":{"Escrito por":"Equipe Meu Site Jur\u00eddico","Est. tempo de leitura":"1 minuto"},"schema":{"@context":"https:\/\/schema.org","@graph":[{"@type":"Article","@id":"https:\/\/meusitejuridico.editorajuspodivm.com.br\/2023\/05\/23\/inscricoes-reabertas-cartorio-tj-al\/#article","isPartOf":{"@id":"https:\/\/meusitejuridico.editorajuspodivm.com.br\/2023\/05\/23\/inscricoes-reabertas-cartorio-tj-al\/"},"author":{"name":"Equipe Meu Site Jur\u00eddico","@id":"https:\/\/cdn.meusitejuridico.com.br\/#\/schema\/person\/5c2237ac0c8ff03bcf1a09fe3e45dfce"},"headline":"Inscri\u00e7\u00f5es reabertas: Cart\u00f3rio TJ\/AL","datePublished":"2023-05-23T17:57:45+00:00","dateModified":"2023-05-23T17:57:46+00:00","mainEntityOfPage":{"@id":"https:\/\/meusitejuridico.editorajuspodivm.com.br\/2023\/05\/23\/inscricoes-reabertas-cartorio-tj-al\/"},"wordCount":121,"commentCount":0,"publisher":{"@id":"https:\/\/cdn.meusitejuridico.com.br\/#organization"},"image":{"@id":"https:\/\/meusitejuridico.editorajuspodivm.com.br\/2023\/05\/23\/inscricoes-reabertas-cartorio-tj-al\/#primaryimage"},"thumbnailUrl":"https:\/\/cdn.meusitejuridico.com.br\/s.meusitejuridico\/2022\/05\/33735aa4-jur-verde.png","articleSection":["Carreiras Jur\u00eddicas","Informa\u00e7\u00f5es de Concursos"],"inLanguage":"pt-BR","potentialAction":[{"@type":"CommentAction","name":"Comment","target":["https:\/\/meusitejuridico.editorajuspodivm.com.br\/2023\/05\/23\/inscricoes-reabertas-cartorio-tj-al\/#respond"]}]},{"@type":"WebPage","@id":"https:\/\/meusitejuridico.editorajuspodivm.com.br\/2023\/05\/23\/inscricoes-reabertas-cartorio-tj-al\/","url":"https:\/\/meusitejuridico.editorajuspodivm.com.br\/2023\/05\/23\/inscricoes-reabertas-cartorio-tj-al\/","name":"Inscri\u00e7\u00f5es reabertas: Cart\u00f3rio TJ\/AL - Meu site jur\u00eddico","isPartOf":{"@id":"https:\/\/cdn.meusitejuridico.com.br\/#website"},"primaryImageOfPage":{"@id":"https:\/\/meusitejuridico.editorajuspodivm.com.br\/2023\/05\/23\/inscricoes-reabertas-cartorio-tj-al\/#primaryimage"},"image":{"@id":"https:\/\/meusitejuridico.editorajuspodivm.com.br\/2023\/05\/23\/inscricoes-reabertas-cartorio-tj-al\/#primaryimage"},"thumbnailUrl":"https:\/\/cdn.meusitejuridico.com.br\/s.meusitejuridico\/2022\/05\/33735aa4-jur-verde.png","datePublished":"2023-05-23T17:57:45+00:00","dateModified":"2023-05-23T17:57:46+00:00","description":"O concurso do Tribunal de Justi\u00e7a de Alagoas retomou seu andamento e reabriu o per\u00edodo de inscri\u00e7\u00f5es.","breadcrumb":{"@id":"https:\/\/meusitejuridico.editorajuspodivm.com.br\/2023\/05\/23\/inscricoes-reabertas-cartorio-tj-al\/#breadcrumb"},"inLanguage":"pt-BR","potentialAction":[{"@type":"ReadAction","target":["https:\/\/meusitejuridico.editorajuspodivm.com.br\/2023\/05\/23\/inscricoes-reabertas-cartorio-tj-al\/"]}]},{"@type":"ImageObject","inLanguage":"pt-BR","@id":"https:\/\/meusitejuridico.editorajuspodivm.com.br\/2023\/05\/23\/inscricoes-reabertas-cartorio-tj-al\/#primaryimage","url":"https:\/\/cdn.meusitejuridico.com.br\/s.meusitejuridico\/2022\/05\/33735aa4-jur-verde.png","contentUrl":"https:\/\/cdn.meusitejuridico.com.br\/s.meusitejuridico\/2022\/05\/33735aa4-jur-verde.png","width":4167,"height":2825},{"@type":"BreadcrumbList","@id":"https:\/\/meusitejuridico.editorajuspodivm.com.br\/2023\/05\/23\/inscricoes-reabertas-cartorio-tj-al\/#breadcrumb","itemListElement":[{"@type":"ListItem","position":1,"name":"In\u00edcio","item":"https:\/\/cdn.meusitejuridico.com.br\/"},{"@type":"ListItem","position":2,"name":"Inscri\u00e7\u00f5es reabertas: Cart\u00f3rio TJ\/AL"}]},{"@type":"WebSite","@id":"https:\/\/cdn.meusitejuridico.com.br\/#website","url":"https:\/\/cdn.meusitejuridico.com.br\/","name":"Meu site jur\u00eddico","description":"Meu site jur\u00eddico","publisher":{"@id":"https:\/\/cdn.meusitejuridico.com.br\/#organization"},"potentialAction":[{"@type":"SearchAction","target":{"@type":"EntryPoint","urlTemplate":"https:\/\/cdn.meusitejuridico.com.br\/?s={search_term_string}"},"query-input":{"@type":"PropertyValueSpecification","valueRequired":true,"valueName":"search_term_string"}}],"inLanguage":"pt-BR"},{"@type":"Organization","@id":"https:\/\/cdn.meusitejuridico.com.br\/#organization","name":"Meu site jur\u00eddico","url":"https:\/\/cdn.meusitejuridico.com.br\/","logo":{"@type":"ImageObject","inLanguage":"pt-BR","@id":"https:\/\/cdn.meusitejuridico.com.br\/#\/schema\/logo\/image\/","url":"https:\/\/cdn.meusitejuridico.com.br\/s.meusitejuridico\/2022\/03\/cropped-baeec2a3-msj-02-01-01.png","contentUrl":"https:\/\/cdn.meusitejuridico.com.br\/s.meusitejuridico\/2022\/03\/cropped-baeec2a3-msj-02-01-01.png","width":349,"height":243,"caption":"Meu site jur\u00eddico"},"image":{"@id":"https:\/\/cdn.meusitejuridico.com.br\/#\/schema\/logo\/image\/"}},{"@type":"Person","@id":"https:\/\/cdn.meusitejuridico.com.br\/#\/schema\/person\/5c2237ac0c8ff03bcf1a09fe3e45dfce","name":"Equipe Meu Site Jur\u00eddico","image":{"@type":"ImageObject","inLanguage":"pt-BR","@id":"https:\/\/cdn.meusitejuridico.com.br\/#\/schema\/person\/image\/","url":"https:\/\/cdn.meusitejuridico.com.br\/s.meusitejuridico\/2020\/07\/6be289aa-logo-msj.png","contentUrl":"https:\/\/cdn.meusitejuridico.com.br\/s.meusitejuridico\/2020\/07\/6be289aa-logo-msj.png","caption":"Equipe Meu Site Jur\u00eddico"},"description":"Contem conosco!","url":"https:\/\/cdn.meusitejuridico.com.br\/author\/equipe-meu-site-juridico\/"}]}},"_links":{"self":[{"href":"https:\/\/cdn.meusitejuridico.com.br\/api\/wp\/v2\/posts\/17816","targetHints":{"allow":["GET"]}}],"collection":[{"href":"https:\/\/cdn.meusitejuridico.com.br\/api\/wp\/v2\/posts"}],"about":[{"href":"https:\/\/cdn.meusitejuridico.com.br\/api\/wp\/v2\/types\/post"}],"author":[{"embeddable":true,"href":"https:\/\/cdn.meusitejuridico.com.br\/api\/wp\/v2\/users\/7"}],"replies":[{"embeddable":true,"href":"https:\/\/cdn.meusitejuridico.com.br\/api\/wp\/v2\/comments?post=17816"}],"version-history":[{"count":2,"href":"https:\/\/cdn.meusitejuridico.com.br\/api\/wp\/v2\/posts\/17816\/revisions"}],"predecessor-version":[{"id":17957,"href":"https:\/\/cdn.meusitejuridico.com.br\/api\/wp\/v2\/posts\/17816\/revisions\/17957"}],"wp:featuredmedia":[{"embeddable":true,"href":"https:\/\/cdn.meusitejuridico.com.br\/api\/wp\/v2\/media\/15718"}],"wp:attachment":[{"href":"https:\/\/cdn.meusitejuridico.com.br\/api\/wp\/v2\/media?parent=17816"}],"wp:term":[{"taxonomy":"category","embeddable":true,"href":"https:\/\/cdn.meusitejuridico.com.br\/api\/wp\/v2\/categories?post=17816"},{"taxonomy":"post_tag","embeddable":true,"href":"https:\/\/cdn.meusitejuridico.com.br\/api\/wp\/v2\/tags?post=17816"}],"curies":[{"name":"wp","href":"https:\/\/api.w.org\/{rel}","templated":true}]}}