{"id":17825,"date":"2023-05-25T09:57:45","date_gmt":"2023-05-25T12:57:45","guid":{"rendered":"https:\/\/meusitejuridico.editorajuspodivm.com.br\/?p=17825"},"modified":"2023-05-25T10:00:39","modified_gmt":"2023-05-25T13:00:39","slug":"gabarito-preliminar-procurador-da-fazenda-nacional-agu","status":"publish","type":"post","link":"https:\/\/cdn.meusitejuridico.com.br\/2023\/05\/25\/gabarito-preliminar-procurador-da-fazenda-nacional-agu\/","title":{"rendered":"Gabarito Preliminar: Procurador da Fazenda Nacional &#8211; AGU"},"content":{"rendered":"\n<p>Conforme previsto no edital, a banca organizadora<strong>\u00a0Cebraspe<\/strong>\u00a0divulgou<strong> o gabarito preliminar\u00a0<\/strong>da prova realizada no \u00faltimo domingo,\u00a0<strong>21\/05\/2023, <\/strong>para\u00a0o cargo de Procurador da Fazenda Nacional.<\/p>\n\n\n\n<p>Para acessar o gabarito, os inscritos dever\u00e3o realizar o login no site da <a href=\"https:\/\/www.cebraspe.org.br\/concursos\/AGU_22_PROCURADOR_FAZENDA\">CEBRASPE<\/a> e realizar a consulta de acordo com seu caderno de prova. <\/p>\n\n\n\n<p>Os recursos poder\u00e3o ser apresentados nos dias 24 e 25\/05\/2023.<\/p>\n\n\n\n<p>A etapa de provas discursivas do certame est\u00e1 marcada para os dias 08 e 09\/07\/2023.<\/p>\n\n\n\n<p><a href=\"https:\/\/www.editorajuspodivm.com.br\/concurso-agu\">A Editora Juspodivm preparou uma sele\u00e7\u00e3o de livros especial para esse concurso, confira!<\/a><\/p>\n\n\n\n<p>Os candidatos\u00a0 concorrem a\u00a0<strong>100 vagas<\/strong>\u00a0com remunera\u00e7\u00e3o inicial de<strong>\u00a0R$21.014,49. <\/strong><\/p>\n\n\n\n<figure class=\"wp-block-table is-style-stripes\"><table><tbody><tr><td><strong>Concurso AGU \u2013 PGFN<\/strong><\/td><\/tr><tr><td><strong>Vagas:&nbsp;<\/strong>100<\/td><\/tr><tr><td><strong>Sal\u00e1rio:<\/strong>&nbsp;R$21.014,49.<\/td><\/tr><tr><td><strong>Banca: CEBRASPE<\/strong><\/td><\/tr><tr><td><strong>Status:<\/strong>\u00a0Gabarito Preliminar Divulgado<\/td><\/tr><\/tbody><\/table><\/figure>\n","protected":false},"excerpt":{"rendered":"<p>Conforme previsto no edital, a banca organizadora\u00a0Cebraspe\u00a0divulgou o gabarito preliminar\u00a0da prova realizada no \u00faltimo domingo,\u00a021\/05\/2023, para\u00a0o cargo de Procurador da Fazenda Nacional. Para acessar o gabarito, os inscritos dever\u00e3o realizar o login no site da CEBRASPE e realizar a consulta de acordo com seu caderno de prova. Os recursos poder\u00e3o ser apresentados nos dias 24 [&hellip;]<\/p>\n","protected":false},"author":7,"featured_media":15716,"comment_status":"open","ping_status":"open","sticky":false,"template":"","format":"standard","meta":{"_acf_changed":false,"footnotes":""},"categories":[3847,3846],"tags":[],"class_list":["post-17825","post","type-post","status-publish","format-standard","has-post-thumbnail","hentry","category-carreiras-juridicas","category-informacao-concursos"],"acf":[],"yoast_head":"<!-- This site is optimized with the Yoast SEO plugin v24.8.1 - https:\/\/yoast.com\/wordpress\/plugins\/seo\/ -->\n<title>Gabarito Preliminar: Procurador da Fazenda Nacional - AGU - Meu site jur\u00eddico<\/title>\n<meta name=\"description\" content=\"Conforme previsto no edital, a banca organizadora\u00a0Cebraspe\u00a0divulgou o gabarito preliminar\u00a0da prova realizada no \u00faltimo domingo,\u00a021\/05\/2023, para\u00a0o cargo de Procurador da Fazenda Nacional.\" \/>\n<meta name=\"robots\" content=\"index, follow, max-snippet:-1, max-image-preview:large, max-video-preview:-1\" \/>\n<link rel=\"canonical\" href=\"https:\/\/meusitejuridico.editorajuspodivm.com.br\/2023\/05\/25\/gabarito-preliminar-procurador-da-fazenda-nacional-agu\/\" \/>\n<meta property=\"og:locale\" content=\"pt_BR\" \/>\n<meta property=\"og:type\" content=\"article\" \/>\n<meta property=\"og:title\" content=\"Gabarito Preliminar: Procurador da Fazenda Nacional - AGU - Meu site jur\u00eddico\" \/>\n<meta property=\"og:description\" content=\"Conforme previsto no edital, a banca organizadora\u00a0Cebraspe\u00a0divulgou o gabarito preliminar\u00a0da prova realizada no \u00faltimo domingo,\u00a021\/05\/2023, para\u00a0o cargo de Procurador da Fazenda Nacional.\" \/>\n<meta property=\"og:url\" content=\"https:\/\/meusitejuridico.editorajuspodivm.com.br\/2023\/05\/25\/gabarito-preliminar-procurador-da-fazenda-nacional-agu\/\" \/>\n<meta property=\"og:site_name\" content=\"Meu site jur\u00eddico\" \/>\n<meta property=\"article:published_time\" content=\"2023-05-25T12:57:45+00:00\" \/>\n<meta property=\"article:modified_time\" content=\"2023-05-25T13:00:39+00:00\" \/>\n<meta property=\"og:image\" content=\"https:\/\/meusitejuridico.editorajuspodivm.com.br\/s.meusitejuridico\/2022\/05\/177254ea-jur-rosa.png\" \/>\n\t<meta property=\"og:image:width\" content=\"4167\" \/>\n\t<meta property=\"og:image:height\" content=\"2825\" \/>\n\t<meta property=\"og:image:type\" content=\"image\/png\" \/>\n<meta name=\"author\" content=\"Equipe Meu Site Jur\u00eddico\" \/>\n<meta name=\"twitter:card\" content=\"summary_large_image\" \/>\n<meta name=\"twitter:label1\" content=\"Escrito por\" \/>\n\t<meta name=\"twitter:data1\" content=\"Equipe Meu Site Jur\u00eddico\" \/>\n\t<meta name=\"twitter:label2\" content=\"Est. tempo de leitura\" \/>\n\t<meta name=\"twitter:data2\" content=\"1 minuto\" \/>\n<script type=\"application\/ld+json\" class=\"yoast-schema-graph\">{\"@context\":\"https:\/\/schema.org\",\"@graph\":[{\"@type\":\"Article\",\"@id\":\"https:\/\/meusitejuridico.editorajuspodivm.com.br\/2023\/05\/25\/gabarito-preliminar-procurador-da-fazenda-nacional-agu\/#article\",\"isPartOf\":{\"@id\":\"https:\/\/meusitejuridico.editorajuspodivm.com.br\/2023\/05\/25\/gabarito-preliminar-procurador-da-fazenda-nacional-agu\/\"},\"author\":{\"name\":\"Equipe Meu Site Jur\u00eddico\",\"@id\":\"https:\/\/cdn.meusitejuridico.com.br\/#\/schema\/person\/5c2237ac0c8ff03bcf1a09fe3e45dfce\"},\"headline\":\"Gabarito Preliminar: Procurador da Fazenda Nacional &#8211; AGU\",\"datePublished\":\"2023-05-25T12:57:45+00:00\",\"dateModified\":\"2023-05-25T13:00:39+00:00\",\"mainEntityOfPage\":{\"@id\":\"https:\/\/meusitejuridico.editorajuspodivm.com.br\/2023\/05\/25\/gabarito-preliminar-procurador-da-fazenda-nacional-agu\/\"},\"wordCount\":122,\"commentCount\":0,\"publisher\":{\"@id\":\"https:\/\/cdn.meusitejuridico.com.br\/#organization\"},\"image\":{\"@id\":\"https:\/\/meusitejuridico.editorajuspodivm.com.br\/2023\/05\/25\/gabarito-preliminar-procurador-da-fazenda-nacional-agu\/#primaryimage\"},\"thumbnailUrl\":\"https:\/\/cdn.meusitejuridico.com.br\/s.meusitejuridico\/2022\/05\/177254ea-jur-rosa.png\",\"articleSection\":[\"Carreiras Jur\u00eddicas\",\"Informa\u00e7\u00f5es de Concursos\"],\"inLanguage\":\"pt-BR\",\"potentialAction\":[{\"@type\":\"CommentAction\",\"name\":\"Comment\",\"target\":[\"https:\/\/meusitejuridico.editorajuspodivm.com.br\/2023\/05\/25\/gabarito-preliminar-procurador-da-fazenda-nacional-agu\/#respond\"]}]},{\"@type\":\"WebPage\",\"@id\":\"https:\/\/meusitejuridico.editorajuspodivm.com.br\/2023\/05\/25\/gabarito-preliminar-procurador-da-fazenda-nacional-agu\/\",\"url\":\"https:\/\/meusitejuridico.editorajuspodivm.com.br\/2023\/05\/25\/gabarito-preliminar-procurador-da-fazenda-nacional-agu\/\",\"name\":\"Gabarito Preliminar: Procurador da Fazenda Nacional - AGU - Meu site jur\u00eddico\",\"isPartOf\":{\"@id\":\"https:\/\/cdn.meusitejuridico.com.br\/#website\"},\"primaryImageOfPage\":{\"@id\":\"https:\/\/meusitejuridico.editorajuspodivm.com.br\/2023\/05\/25\/gabarito-preliminar-procurador-da-fazenda-nacional-agu\/#primaryimage\"},\"image\":{\"@id\":\"https:\/\/meusitejuridico.editorajuspodivm.com.br\/2023\/05\/25\/gabarito-preliminar-procurador-da-fazenda-nacional-agu\/#primaryimage\"},\"thumbnailUrl\":\"https:\/\/cdn.meusitejuridico.com.br\/s.meusitejuridico\/2022\/05\/177254ea-jur-rosa.png\",\"datePublished\":\"2023-05-25T12:57:45+00:00\",\"dateModified\":\"2023-05-25T13:00:39+00:00\",\"description\":\"Conforme previsto no edital, a banca organizadora\u00a0Cebraspe\u00a0divulgou o gabarito preliminar\u00a0da prova realizada no \u00faltimo domingo,\u00a021\/05\/2023, para\u00a0o cargo de Procurador da Fazenda Nacional.\",\"breadcrumb\":{\"@id\":\"https:\/\/meusitejuridico.editorajuspodivm.com.br\/2023\/05\/25\/gabarito-preliminar-procurador-da-fazenda-nacional-agu\/#breadcrumb\"},\"inLanguage\":\"pt-BR\",\"potentialAction\":[{\"@type\":\"ReadAction\",\"target\":[\"https:\/\/meusitejuridico.editorajuspodivm.com.br\/2023\/05\/25\/gabarito-preliminar-procurador-da-fazenda-nacional-agu\/\"]}]},{\"@type\":\"ImageObject\",\"inLanguage\":\"pt-BR\",\"@id\":\"https:\/\/meusitejuridico.editorajuspodivm.com.br\/2023\/05\/25\/gabarito-preliminar-procurador-da-fazenda-nacional-agu\/#primaryimage\",\"url\":\"https:\/\/cdn.meusitejuridico.com.br\/s.meusitejuridico\/2022\/05\/177254ea-jur-rosa.png\",\"contentUrl\":\"https:\/\/cdn.meusitejuridico.com.br\/s.meusitejuridico\/2022\/05\/177254ea-jur-rosa.png\",\"width\":4167,\"height\":2825},{\"@type\":\"BreadcrumbList\",\"@id\":\"https:\/\/meusitejuridico.editorajuspodivm.com.br\/2023\/05\/25\/gabarito-preliminar-procurador-da-fazenda-nacional-agu\/#breadcrumb\",\"itemListElement\":[{\"@type\":\"ListItem\",\"position\":1,\"name\":\"In\u00edcio\",\"item\":\"https:\/\/cdn.meusitejuridico.com.br\/\"},{\"@type\":\"ListItem\",\"position\":2,\"name\":\"Gabarito Preliminar: Procurador da Fazenda Nacional &#8211; AGU\"}]},{\"@type\":\"WebSite\",\"@id\":\"https:\/\/cdn.meusitejuridico.com.br\/#website\",\"url\":\"https:\/\/cdn.meusitejuridico.com.br\/\",\"name\":\"Meu site jur\u00eddico\",\"description\":\"Meu site jur\u00eddico\",\"publisher\":{\"@id\":\"https:\/\/cdn.meusitejuridico.com.br\/#organization\"},\"potentialAction\":[{\"@type\":\"SearchAction\",\"target\":{\"@type\":\"EntryPoint\",\"urlTemplate\":\"https:\/\/cdn.meusitejuridico.com.br\/?s={search_term_string}\"},\"query-input\":{\"@type\":\"PropertyValueSpecification\",\"valueRequired\":true,\"valueName\":\"search_term_string\"}}],\"inLanguage\":\"pt-BR\"},{\"@type\":\"Organization\",\"@id\":\"https:\/\/cdn.meusitejuridico.com.br\/#organization\",\"name\":\"Meu site jur\u00eddico\",\"url\":\"https:\/\/cdn.meusitejuridico.com.br\/\",\"logo\":{\"@type\":\"ImageObject\",\"inLanguage\":\"pt-BR\",\"@id\":\"https:\/\/cdn.meusitejuridico.com.br\/#\/schema\/logo\/image\/\",\"url\":\"https:\/\/cdn.meusitejuridico.com.br\/s.meusitejuridico\/2022\/03\/cropped-baeec2a3-msj-02-01-01.png\",\"contentUrl\":\"https:\/\/cdn.meusitejuridico.com.br\/s.meusitejuridico\/2022\/03\/cropped-baeec2a3-msj-02-01-01.png\",\"width\":349,\"height\":243,\"caption\":\"Meu site jur\u00eddico\"},\"image\":{\"@id\":\"https:\/\/cdn.meusitejuridico.com.br\/#\/schema\/logo\/image\/\"}},{\"@type\":\"Person\",\"@id\":\"https:\/\/cdn.meusitejuridico.com.br\/#\/schema\/person\/5c2237ac0c8ff03bcf1a09fe3e45dfce\",\"name\":\"Equipe Meu Site Jur\u00eddico\",\"image\":{\"@type\":\"ImageObject\",\"inLanguage\":\"pt-BR\",\"@id\":\"https:\/\/cdn.meusitejuridico.com.br\/#\/schema\/person\/image\/\",\"url\":\"https:\/\/cdn.meusitejuridico.com.br\/s.meusitejuridico\/2020\/07\/6be289aa-logo-msj.png\",\"contentUrl\":\"https:\/\/cdn.meusitejuridico.com.br\/s.meusitejuridico\/2020\/07\/6be289aa-logo-msj.png\",\"caption\":\"Equipe Meu Site Jur\u00eddico\"},\"description\":\"Contem conosco!\",\"url\":\"https:\/\/cdn.meusitejuridico.com.br\/author\/equipe-meu-site-juridico\/\"}]}<\/script>\n<!-- \/ Yoast SEO plugin. -->","yoast_head_json":{"title":"Gabarito Preliminar: Procurador da Fazenda Nacional - AGU - Meu site jur\u00eddico","description":"Conforme previsto no edital, a banca organizadora\u00a0Cebraspe\u00a0divulgou o gabarito preliminar\u00a0da prova realizada no \u00faltimo domingo,\u00a021\/05\/2023, para\u00a0o cargo de Procurador da Fazenda Nacional.","robots":{"index":"index","follow":"follow","max-snippet":"max-snippet:-1","max-image-preview":"max-image-preview:large","max-video-preview":"max-video-preview:-1"},"canonical":"https:\/\/meusitejuridico.editorajuspodivm.com.br\/2023\/05\/25\/gabarito-preliminar-procurador-da-fazenda-nacional-agu\/","og_locale":"pt_BR","og_type":"article","og_title":"Gabarito Preliminar: Procurador da Fazenda Nacional - AGU - Meu site jur\u00eddico","og_description":"Conforme previsto no edital, a banca organizadora\u00a0Cebraspe\u00a0divulgou o gabarito preliminar\u00a0da prova realizada no \u00faltimo domingo,\u00a021\/05\/2023, para\u00a0o cargo de Procurador da Fazenda Nacional.","og_url":"https:\/\/meusitejuridico.editorajuspodivm.com.br\/2023\/05\/25\/gabarito-preliminar-procurador-da-fazenda-nacional-agu\/","og_site_name":"Meu site jur\u00eddico","article_published_time":"2023-05-25T12:57:45+00:00","article_modified_time":"2023-05-25T13:00:39+00:00","og_image":[{"width":4167,"height":2825,"url":"https:\/\/meusitejuridico.editorajuspodivm.com.br\/s.meusitejuridico\/2022\/05\/177254ea-jur-rosa.png","type":"image\/png"}],"author":"Equipe Meu Site Jur\u00eddico","twitter_card":"summary_large_image","twitter_misc":{"Escrito por":"Equipe Meu Site Jur\u00eddico","Est. tempo de leitura":"1 minuto"},"schema":{"@context":"https:\/\/schema.org","@graph":[{"@type":"Article","@id":"https:\/\/meusitejuridico.editorajuspodivm.com.br\/2023\/05\/25\/gabarito-preliminar-procurador-da-fazenda-nacional-agu\/#article","isPartOf":{"@id":"https:\/\/meusitejuridico.editorajuspodivm.com.br\/2023\/05\/25\/gabarito-preliminar-procurador-da-fazenda-nacional-agu\/"},"author":{"name":"Equipe Meu Site Jur\u00eddico","@id":"https:\/\/cdn.meusitejuridico.com.br\/#\/schema\/person\/5c2237ac0c8ff03bcf1a09fe3e45dfce"},"headline":"Gabarito Preliminar: Procurador da Fazenda Nacional &#8211; AGU","datePublished":"2023-05-25T12:57:45+00:00","dateModified":"2023-05-25T13:00:39+00:00","mainEntityOfPage":{"@id":"https:\/\/meusitejuridico.editorajuspodivm.com.br\/2023\/05\/25\/gabarito-preliminar-procurador-da-fazenda-nacional-agu\/"},"wordCount":122,"commentCount":0,"publisher":{"@id":"https:\/\/cdn.meusitejuridico.com.br\/#organization"},"image":{"@id":"https:\/\/meusitejuridico.editorajuspodivm.com.br\/2023\/05\/25\/gabarito-preliminar-procurador-da-fazenda-nacional-agu\/#primaryimage"},"thumbnailUrl":"https:\/\/cdn.meusitejuridico.com.br\/s.meusitejuridico\/2022\/05\/177254ea-jur-rosa.png","articleSection":["Carreiras Jur\u00eddicas","Informa\u00e7\u00f5es de Concursos"],"inLanguage":"pt-BR","potentialAction":[{"@type":"CommentAction","name":"Comment","target":["https:\/\/meusitejuridico.editorajuspodivm.com.br\/2023\/05\/25\/gabarito-preliminar-procurador-da-fazenda-nacional-agu\/#respond"]}]},{"@type":"WebPage","@id":"https:\/\/meusitejuridico.editorajuspodivm.com.br\/2023\/05\/25\/gabarito-preliminar-procurador-da-fazenda-nacional-agu\/","url":"https:\/\/meusitejuridico.editorajuspodivm.com.br\/2023\/05\/25\/gabarito-preliminar-procurador-da-fazenda-nacional-agu\/","name":"Gabarito Preliminar: Procurador da Fazenda Nacional - AGU - Meu site jur\u00eddico","isPartOf":{"@id":"https:\/\/cdn.meusitejuridico.com.br\/#website"},"primaryImageOfPage":{"@id":"https:\/\/meusitejuridico.editorajuspodivm.com.br\/2023\/05\/25\/gabarito-preliminar-procurador-da-fazenda-nacional-agu\/#primaryimage"},"image":{"@id":"https:\/\/meusitejuridico.editorajuspodivm.com.br\/2023\/05\/25\/gabarito-preliminar-procurador-da-fazenda-nacional-agu\/#primaryimage"},"thumbnailUrl":"https:\/\/cdn.meusitejuridico.com.br\/s.meusitejuridico\/2022\/05\/177254ea-jur-rosa.png","datePublished":"2023-05-25T12:57:45+00:00","dateModified":"2023-05-25T13:00:39+00:00","description":"Conforme previsto no edital, a banca organizadora\u00a0Cebraspe\u00a0divulgou o gabarito preliminar\u00a0da prova realizada no \u00faltimo domingo,\u00a021\/05\/2023, para\u00a0o cargo de Procurador da Fazenda Nacional.","breadcrumb":{"@id":"https:\/\/meusitejuridico.editorajuspodivm.com.br\/2023\/05\/25\/gabarito-preliminar-procurador-da-fazenda-nacional-agu\/#breadcrumb"},"inLanguage":"pt-BR","potentialAction":[{"@type":"ReadAction","target":["https:\/\/meusitejuridico.editorajuspodivm.com.br\/2023\/05\/25\/gabarito-preliminar-procurador-da-fazenda-nacional-agu\/"]}]},{"@type":"ImageObject","inLanguage":"pt-BR","@id":"https:\/\/meusitejuridico.editorajuspodivm.com.br\/2023\/05\/25\/gabarito-preliminar-procurador-da-fazenda-nacional-agu\/#primaryimage","url":"https:\/\/cdn.meusitejuridico.com.br\/s.meusitejuridico\/2022\/05\/177254ea-jur-rosa.png","contentUrl":"https:\/\/cdn.meusitejuridico.com.br\/s.meusitejuridico\/2022\/05\/177254ea-jur-rosa.png","width":4167,"height":2825},{"@type":"BreadcrumbList","@id":"https:\/\/meusitejuridico.editorajuspodivm.com.br\/2023\/05\/25\/gabarito-preliminar-procurador-da-fazenda-nacional-agu\/#breadcrumb","itemListElement":[{"@type":"ListItem","position":1,"name":"In\u00edcio","item":"https:\/\/cdn.meusitejuridico.com.br\/"},{"@type":"ListItem","position":2,"name":"Gabarito Preliminar: Procurador da Fazenda Nacional &#8211; AGU"}]},{"@type":"WebSite","@id":"https:\/\/cdn.meusitejuridico.com.br\/#website","url":"https:\/\/cdn.meusitejuridico.com.br\/","name":"Meu site jur\u00eddico","description":"Meu site jur\u00eddico","publisher":{"@id":"https:\/\/cdn.meusitejuridico.com.br\/#organization"},"potentialAction":[{"@type":"SearchAction","target":{"@type":"EntryPoint","urlTemplate":"https:\/\/cdn.meusitejuridico.com.br\/?s={search_term_string}"},"query-input":{"@type":"PropertyValueSpecification","valueRequired":true,"valueName":"search_term_string"}}],"inLanguage":"pt-BR"},{"@type":"Organization","@id":"https:\/\/cdn.meusitejuridico.com.br\/#organization","name":"Meu site jur\u00eddico","url":"https:\/\/cdn.meusitejuridico.com.br\/","logo":{"@type":"ImageObject","inLanguage":"pt-BR","@id":"https:\/\/cdn.meusitejuridico.com.br\/#\/schema\/logo\/image\/","url":"https:\/\/cdn.meusitejuridico.com.br\/s.meusitejuridico\/2022\/03\/cropped-baeec2a3-msj-02-01-01.png","contentUrl":"https:\/\/cdn.meusitejuridico.com.br\/s.meusitejuridico\/2022\/03\/cropped-baeec2a3-msj-02-01-01.png","width":349,"height":243,"caption":"Meu site jur\u00eddico"},"image":{"@id":"https:\/\/cdn.meusitejuridico.com.br\/#\/schema\/logo\/image\/"}},{"@type":"Person","@id":"https:\/\/cdn.meusitejuridico.com.br\/#\/schema\/person\/5c2237ac0c8ff03bcf1a09fe3e45dfce","name":"Equipe Meu Site Jur\u00eddico","image":{"@type":"ImageObject","inLanguage":"pt-BR","@id":"https:\/\/cdn.meusitejuridico.com.br\/#\/schema\/person\/image\/","url":"https:\/\/cdn.meusitejuridico.com.br\/s.meusitejuridico\/2020\/07\/6be289aa-logo-msj.png","contentUrl":"https:\/\/cdn.meusitejuridico.com.br\/s.meusitejuridico\/2020\/07\/6be289aa-logo-msj.png","caption":"Equipe Meu Site Jur\u00eddico"},"description":"Contem conosco!","url":"https:\/\/cdn.meusitejuridico.com.br\/author\/equipe-meu-site-juridico\/"}]}},"_links":{"self":[{"href":"https:\/\/cdn.meusitejuridico.com.br\/api\/wp\/v2\/posts\/17825","targetHints":{"allow":["GET"]}}],"collection":[{"href":"https:\/\/cdn.meusitejuridico.com.br\/api\/wp\/v2\/posts"}],"about":[{"href":"https:\/\/cdn.meusitejuridico.com.br\/api\/wp\/v2\/types\/post"}],"author":[{"embeddable":true,"href":"https:\/\/cdn.meusitejuridico.com.br\/api\/wp\/v2\/users\/7"}],"replies":[{"embeddable":true,"href":"https:\/\/cdn.meusitejuridico.com.br\/api\/wp\/v2\/comments?post=17825"}],"version-history":[{"count":2,"href":"https:\/\/cdn.meusitejuridico.com.br\/api\/wp\/v2\/posts\/17825\/revisions"}],"predecessor-version":[{"id":17829,"href":"https:\/\/cdn.meusitejuridico.com.br\/api\/wp\/v2\/posts\/17825\/revisions\/17829"}],"wp:featuredmedia":[{"embeddable":true,"href":"https:\/\/cdn.meusitejuridico.com.br\/api\/wp\/v2\/media\/15716"}],"wp:attachment":[{"href":"https:\/\/cdn.meusitejuridico.com.br\/api\/wp\/v2\/media?parent=17825"}],"wp:term":[{"taxonomy":"category","embeddable":true,"href":"https:\/\/cdn.meusitejuridico.com.br\/api\/wp\/v2\/categories?post=17825"},{"taxonomy":"post_tag","embeddable":true,"href":"https:\/\/cdn.meusitejuridico.com.br\/api\/wp\/v2\/tags?post=17825"}],"curies":[{"name":"wp","href":"https:\/\/api.w.org\/{rel}","templated":true}]}}