{"id":18200,"date":"2023-07-20T12:52:38","date_gmt":"2023-07-20T15:52:38","guid":{"rendered":"https:\/\/meusitejuridico.editorajuspodivm.com.br\/?p=18200"},"modified":"2023-07-26T12:22:04","modified_gmt":"2023-07-26T15:22:04","slug":"banca-definida-fgv-analista-legislativo-camara-dos-deputados","status":"publish","type":"post","link":"https:\/\/cdn.meusitejuridico.com.br\/2023\/07\/20\/banca-definida-fgv-analista-legislativo-camara-dos-deputados\/","title":{"rendered":"Banca Definida: FGV &#8211; Analista Legislativo &#8211; C\u00e2mara dos Deputados"},"content":{"rendered":"\n<p>Novidade aos concurseiros. O <strong>Concurso da C\u00e2mara dos Deputados <\/strong>j\u00e1 est\u00e1 com banca definida. A <strong>Funda\u00e7\u00e3o Get\u00falio Vargas (FGV)<\/strong> ser\u00e1 respons\u00e1vel por organizar o novo certame.&nbsp;<\/p>\n\n\n\n<p>Estima-se que ser\u00e3o ofertadas <strong>144 vagas<\/strong> para o cargo de <strong>Analista Legislativo<\/strong>, com remunera\u00e7\u00e3o inicial de <strong>R$26.196,30.<\/strong><\/p>\n\n\n\n<p><a href=\"https:\/\/www.editorajuspodivm.com.br\/concurso-camara-deputados-2023\" target=\"_blank\" rel=\"noreferrer noopener\">A Editora Juspodivm preparou uma sele\u00e7\u00e3o de livros especial para esse concurso, confira!<\/a><\/p>\n\n\n\n<p>Em breve mais informa\u00e7\u00f5es sobre o concurso.&nbsp;<\/p>\n\n\n\n<p><strong>Informa\u00e7\u00f5es do concurso:<\/strong><strong>&nbsp;<\/strong><\/p>\n\n\n\n<figure class=\"wp-block-table is-style-stripes\"><table><tbody><tr><td><strong>Concurso C\u00e2mara dos Deputados<\/strong><\/td><\/tr><tr><td><strong>Cargo:<\/strong> Analista Legislativo.<\/td><\/tr><tr><td><strong>Vagas: <\/strong>144.<\/td><\/tr><tr><td><strong>Banca:<\/strong> FGV.<\/td><\/tr><\/tbody><\/table><\/figure>\n\n\n\n<p><\/p>\n","protected":false},"excerpt":{"rendered":"<p>Novidade aos concurseiros. O Concurso da C\u00e2mara dos Deputados j\u00e1 est\u00e1 com banca definida. A Funda\u00e7\u00e3o Get\u00falio Vargas (FGV) ser\u00e1 respons\u00e1vel por organizar o novo certame.&nbsp; Estima-se que ser\u00e3o ofertadas 144 vagas para o cargo de Analista Legislativo, com remunera\u00e7\u00e3o inicial de R$26.196,30. A Editora Juspodivm preparou uma sele\u00e7\u00e3o de livros especial para esse concurso, [&hellip;]<\/p>\n","protected":false},"author":7,"featured_media":15717,"comment_status":"open","ping_status":"open","sticky":false,"template":"","format":"standard","meta":{"_acf_changed":false,"footnotes":""},"categories":[3851,3846],"tags":[4341,3903,4342,190,3887],"class_list":["post-18200","post","type-post","status-publish","format-standard","has-post-thumbnail","hentry","category-analista-e-tecnico","category-informacao-concursos","tag-analista-legislativo","tag-banca-definida","tag-camara-dos-deputados","tag-concursos-publicos","tag-fgv"],"acf":[],"yoast_head":"<!-- This site is optimized with the Yoast SEO plugin v24.8.1 - https:\/\/yoast.com\/wordpress\/plugins\/seo\/ -->\n<title>Banca Definida: FGV - Analista Legislativo - C\u00e2mara dos Deputados - Meu site jur\u00eddico<\/title>\n<meta name=\"description\" content=\"Novidade aos concurseiros. O Concurso da C\u00e2mara dos Deputados j\u00e1 est\u00e1 com banca definida.\" \/>\n<meta name=\"robots\" content=\"index, follow, max-snippet:-1, max-image-preview:large, max-video-preview:-1\" \/>\n<link rel=\"canonical\" href=\"https:\/\/meusitejuridico.com.br\/2023\/07\/20\/banca-definida-fgv-analista-legislativo-camara-dos-deputados\/\" \/>\n<meta property=\"og:locale\" content=\"pt_BR\" \/>\n<meta property=\"og:type\" content=\"article\" \/>\n<meta property=\"og:title\" content=\"Banca Definida: FGV - Analista Legislativo - C\u00e2mara dos Deputados - Meu site jur\u00eddico\" \/>\n<meta property=\"og:description\" content=\"Novidade aos concurseiros. O Concurso da C\u00e2mara dos Deputados j\u00e1 est\u00e1 com banca definida.\" \/>\n<meta property=\"og:url\" content=\"https:\/\/meusitejuridico.com.br\/2023\/07\/20\/banca-definida-fgv-analista-legislativo-camara-dos-deputados\/\" \/>\n<meta property=\"og:site_name\" content=\"Meu site jur\u00eddico\" \/>\n<meta property=\"article:published_time\" content=\"2023-07-20T15:52:38+00:00\" \/>\n<meta property=\"article:modified_time\" content=\"2023-07-26T15:22:04+00:00\" \/>\n<meta property=\"og:image\" content=\"https:\/\/meusitejuridico.com.br\/s.meusitejuridico\/2022\/05\/b3e97f00-jur-roxo.png\" \/>\n\t<meta property=\"og:image:width\" content=\"4167\" \/>\n\t<meta property=\"og:image:height\" content=\"2825\" \/>\n\t<meta property=\"og:image:type\" content=\"image\/png\" \/>\n<meta name=\"author\" content=\"Equipe Meu Site Jur\u00eddico\" \/>\n<meta name=\"twitter:card\" content=\"summary_large_image\" \/>\n<meta name=\"twitter:label1\" content=\"Escrito por\" \/>\n\t<meta name=\"twitter:data1\" content=\"Equipe Meu Site Jur\u00eddico\" \/>\n\t<meta name=\"twitter:label2\" content=\"Est. tempo de leitura\" \/>\n\t<meta name=\"twitter:data2\" content=\"1 minuto\" \/>\n<script type=\"application\/ld+json\" class=\"yoast-schema-graph\">{\"@context\":\"https:\/\/schema.org\",\"@graph\":[{\"@type\":\"Article\",\"@id\":\"https:\/\/meusitejuridico.com.br\/2023\/07\/20\/banca-definida-fgv-analista-legislativo-camara-dos-deputados\/#article\",\"isPartOf\":{\"@id\":\"https:\/\/meusitejuridico.com.br\/2023\/07\/20\/banca-definida-fgv-analista-legislativo-camara-dos-deputados\/\"},\"author\":{\"name\":\"Equipe Meu Site Jur\u00eddico\",\"@id\":\"https:\/\/cdn.meusitejuridico.com.br\/#\/schema\/person\/5c2237ac0c8ff03bcf1a09fe3e45dfce\"},\"headline\":\"Banca Definida: FGV &#8211; Analista Legislativo &#8211; C\u00e2mara dos Deputados\",\"datePublished\":\"2023-07-20T15:52:38+00:00\",\"dateModified\":\"2023-07-26T15:22:04+00:00\",\"mainEntityOfPage\":{\"@id\":\"https:\/\/meusitejuridico.com.br\/2023\/07\/20\/banca-definida-fgv-analista-legislativo-camara-dos-deputados\/\"},\"wordCount\":99,\"commentCount\":0,\"publisher\":{\"@id\":\"https:\/\/cdn.meusitejuridico.com.br\/#organization\"},\"image\":{\"@id\":\"https:\/\/meusitejuridico.com.br\/2023\/07\/20\/banca-definida-fgv-analista-legislativo-camara-dos-deputados\/#primaryimage\"},\"thumbnailUrl\":\"https:\/\/cdn.meusitejuridico.com.br\/s.meusitejuridico\/2022\/05\/b3e97f00-jur-roxo.png\",\"keywords\":[\"Analista Legislativo\",\"Banca Definida\",\"c\u00e2mara dos deputados\",\"Concursos P\u00fablicos\",\"FGV\"],\"articleSection\":[\"Analista e T\u00e9cnico\",\"Informa\u00e7\u00f5es de Concursos\"],\"inLanguage\":\"pt-BR\",\"potentialAction\":[{\"@type\":\"CommentAction\",\"name\":\"Comment\",\"target\":[\"https:\/\/meusitejuridico.com.br\/2023\/07\/20\/banca-definida-fgv-analista-legislativo-camara-dos-deputados\/#respond\"]}]},{\"@type\":\"WebPage\",\"@id\":\"https:\/\/meusitejuridico.com.br\/2023\/07\/20\/banca-definida-fgv-analista-legislativo-camara-dos-deputados\/\",\"url\":\"https:\/\/meusitejuridico.com.br\/2023\/07\/20\/banca-definida-fgv-analista-legislativo-camara-dos-deputados\/\",\"name\":\"Banca Definida: FGV - Analista Legislativo - C\u00e2mara dos Deputados - Meu site jur\u00eddico\",\"isPartOf\":{\"@id\":\"https:\/\/cdn.meusitejuridico.com.br\/#website\"},\"primaryImageOfPage\":{\"@id\":\"https:\/\/meusitejuridico.com.br\/2023\/07\/20\/banca-definida-fgv-analista-legislativo-camara-dos-deputados\/#primaryimage\"},\"image\":{\"@id\":\"https:\/\/meusitejuridico.com.br\/2023\/07\/20\/banca-definida-fgv-analista-legislativo-camara-dos-deputados\/#primaryimage\"},\"thumbnailUrl\":\"https:\/\/cdn.meusitejuridico.com.br\/s.meusitejuridico\/2022\/05\/b3e97f00-jur-roxo.png\",\"datePublished\":\"2023-07-20T15:52:38+00:00\",\"dateModified\":\"2023-07-26T15:22:04+00:00\",\"description\":\"Novidade aos concurseiros. O Concurso da C\u00e2mara dos Deputados j\u00e1 est\u00e1 com banca definida.\",\"breadcrumb\":{\"@id\":\"https:\/\/meusitejuridico.com.br\/2023\/07\/20\/banca-definida-fgv-analista-legislativo-camara-dos-deputados\/#breadcrumb\"},\"inLanguage\":\"pt-BR\",\"potentialAction\":[{\"@type\":\"ReadAction\",\"target\":[\"https:\/\/meusitejuridico.com.br\/2023\/07\/20\/banca-definida-fgv-analista-legislativo-camara-dos-deputados\/\"]}]},{\"@type\":\"ImageObject\",\"inLanguage\":\"pt-BR\",\"@id\":\"https:\/\/meusitejuridico.com.br\/2023\/07\/20\/banca-definida-fgv-analista-legislativo-camara-dos-deputados\/#primaryimage\",\"url\":\"https:\/\/cdn.meusitejuridico.com.br\/s.meusitejuridico\/2022\/05\/b3e97f00-jur-roxo.png\",\"contentUrl\":\"https:\/\/cdn.meusitejuridico.com.br\/s.meusitejuridico\/2022\/05\/b3e97f00-jur-roxo.png\",\"width\":4167,\"height\":2825},{\"@type\":\"BreadcrumbList\",\"@id\":\"https:\/\/meusitejuridico.com.br\/2023\/07\/20\/banca-definida-fgv-analista-legislativo-camara-dos-deputados\/#breadcrumb\",\"itemListElement\":[{\"@type\":\"ListItem\",\"position\":1,\"name\":\"In\u00edcio\",\"item\":\"https:\/\/cdn.meusitejuridico.com.br\/\"},{\"@type\":\"ListItem\",\"position\":2,\"name\":\"Banca Definida: FGV &#8211; Analista Legislativo &#8211; C\u00e2mara dos Deputados\"}]},{\"@type\":\"WebSite\",\"@id\":\"https:\/\/cdn.meusitejuridico.com.br\/#website\",\"url\":\"https:\/\/cdn.meusitejuridico.com.br\/\",\"name\":\"Meu site jur\u00eddico\",\"description\":\"Meu site jur\u00eddico\",\"publisher\":{\"@id\":\"https:\/\/cdn.meusitejuridico.com.br\/#organization\"},\"potentialAction\":[{\"@type\":\"SearchAction\",\"target\":{\"@type\":\"EntryPoint\",\"urlTemplate\":\"https:\/\/cdn.meusitejuridico.com.br\/?s={search_term_string}\"},\"query-input\":{\"@type\":\"PropertyValueSpecification\",\"valueRequired\":true,\"valueName\":\"search_term_string\"}}],\"inLanguage\":\"pt-BR\"},{\"@type\":\"Organization\",\"@id\":\"https:\/\/cdn.meusitejuridico.com.br\/#organization\",\"name\":\"Meu site jur\u00eddico\",\"url\":\"https:\/\/cdn.meusitejuridico.com.br\/\",\"logo\":{\"@type\":\"ImageObject\",\"inLanguage\":\"pt-BR\",\"@id\":\"https:\/\/cdn.meusitejuridico.com.br\/#\/schema\/logo\/image\/\",\"url\":\"https:\/\/cdn.meusitejuridico.com.br\/s.meusitejuridico\/2022\/03\/cropped-baeec2a3-msj-02-01-01.png\",\"contentUrl\":\"https:\/\/cdn.meusitejuridico.com.br\/s.meusitejuridico\/2022\/03\/cropped-baeec2a3-msj-02-01-01.png\",\"width\":349,\"height\":243,\"caption\":\"Meu site jur\u00eddico\"},\"image\":{\"@id\":\"https:\/\/cdn.meusitejuridico.com.br\/#\/schema\/logo\/image\/\"}},{\"@type\":\"Person\",\"@id\":\"https:\/\/cdn.meusitejuridico.com.br\/#\/schema\/person\/5c2237ac0c8ff03bcf1a09fe3e45dfce\",\"name\":\"Equipe Meu Site Jur\u00eddico\",\"image\":{\"@type\":\"ImageObject\",\"inLanguage\":\"pt-BR\",\"@id\":\"https:\/\/cdn.meusitejuridico.com.br\/#\/schema\/person\/image\/\",\"url\":\"https:\/\/cdn.meusitejuridico.com.br\/s.meusitejuridico\/2020\/07\/6be289aa-logo-msj.png\",\"contentUrl\":\"https:\/\/cdn.meusitejuridico.com.br\/s.meusitejuridico\/2020\/07\/6be289aa-logo-msj.png\",\"caption\":\"Equipe Meu Site Jur\u00eddico\"},\"description\":\"Contem conosco!\",\"url\":\"https:\/\/cdn.meusitejuridico.com.br\/author\/equipe-meu-site-juridico\/\"}]}<\/script>\n<!-- \/ Yoast SEO plugin. -->","yoast_head_json":{"title":"Banca Definida: FGV - Analista Legislativo - C\u00e2mara dos Deputados - Meu site jur\u00eddico","description":"Novidade aos concurseiros. O Concurso da C\u00e2mara dos Deputados j\u00e1 est\u00e1 com banca definida.","robots":{"index":"index","follow":"follow","max-snippet":"max-snippet:-1","max-image-preview":"max-image-preview:large","max-video-preview":"max-video-preview:-1"},"canonical":"https:\/\/meusitejuridico.com.br\/2023\/07\/20\/banca-definida-fgv-analista-legislativo-camara-dos-deputados\/","og_locale":"pt_BR","og_type":"article","og_title":"Banca Definida: FGV - Analista Legislativo - C\u00e2mara dos Deputados - Meu site jur\u00eddico","og_description":"Novidade aos concurseiros. O Concurso da C\u00e2mara dos Deputados j\u00e1 est\u00e1 com banca definida.","og_url":"https:\/\/meusitejuridico.com.br\/2023\/07\/20\/banca-definida-fgv-analista-legislativo-camara-dos-deputados\/","og_site_name":"Meu site jur\u00eddico","article_published_time":"2023-07-20T15:52:38+00:00","article_modified_time":"2023-07-26T15:22:04+00:00","og_image":[{"width":4167,"height":2825,"url":"https:\/\/meusitejuridico.com.br\/s.meusitejuridico\/2022\/05\/b3e97f00-jur-roxo.png","type":"image\/png"}],"author":"Equipe Meu Site Jur\u00eddico","twitter_card":"summary_large_image","twitter_misc":{"Escrito por":"Equipe Meu Site Jur\u00eddico","Est. tempo de leitura":"1 minuto"},"schema":{"@context":"https:\/\/schema.org","@graph":[{"@type":"Article","@id":"https:\/\/meusitejuridico.com.br\/2023\/07\/20\/banca-definida-fgv-analista-legislativo-camara-dos-deputados\/#article","isPartOf":{"@id":"https:\/\/meusitejuridico.com.br\/2023\/07\/20\/banca-definida-fgv-analista-legislativo-camara-dos-deputados\/"},"author":{"name":"Equipe Meu Site Jur\u00eddico","@id":"https:\/\/cdn.meusitejuridico.com.br\/#\/schema\/person\/5c2237ac0c8ff03bcf1a09fe3e45dfce"},"headline":"Banca Definida: FGV &#8211; Analista Legislativo &#8211; C\u00e2mara dos Deputados","datePublished":"2023-07-20T15:52:38+00:00","dateModified":"2023-07-26T15:22:04+00:00","mainEntityOfPage":{"@id":"https:\/\/meusitejuridico.com.br\/2023\/07\/20\/banca-definida-fgv-analista-legislativo-camara-dos-deputados\/"},"wordCount":99,"commentCount":0,"publisher":{"@id":"https:\/\/cdn.meusitejuridico.com.br\/#organization"},"image":{"@id":"https:\/\/meusitejuridico.com.br\/2023\/07\/20\/banca-definida-fgv-analista-legislativo-camara-dos-deputados\/#primaryimage"},"thumbnailUrl":"https:\/\/cdn.meusitejuridico.com.br\/s.meusitejuridico\/2022\/05\/b3e97f00-jur-roxo.png","keywords":["Analista Legislativo","Banca Definida","c\u00e2mara dos deputados","Concursos P\u00fablicos","FGV"],"articleSection":["Analista e T\u00e9cnico","Informa\u00e7\u00f5es de Concursos"],"inLanguage":"pt-BR","potentialAction":[{"@type":"CommentAction","name":"Comment","target":["https:\/\/meusitejuridico.com.br\/2023\/07\/20\/banca-definida-fgv-analista-legislativo-camara-dos-deputados\/#respond"]}]},{"@type":"WebPage","@id":"https:\/\/meusitejuridico.com.br\/2023\/07\/20\/banca-definida-fgv-analista-legislativo-camara-dos-deputados\/","url":"https:\/\/meusitejuridico.com.br\/2023\/07\/20\/banca-definida-fgv-analista-legislativo-camara-dos-deputados\/","name":"Banca Definida: FGV - Analista Legislativo - C\u00e2mara dos Deputados - Meu site jur\u00eddico","isPartOf":{"@id":"https:\/\/cdn.meusitejuridico.com.br\/#website"},"primaryImageOfPage":{"@id":"https:\/\/meusitejuridico.com.br\/2023\/07\/20\/banca-definida-fgv-analista-legislativo-camara-dos-deputados\/#primaryimage"},"image":{"@id":"https:\/\/meusitejuridico.com.br\/2023\/07\/20\/banca-definida-fgv-analista-legislativo-camara-dos-deputados\/#primaryimage"},"thumbnailUrl":"https:\/\/cdn.meusitejuridico.com.br\/s.meusitejuridico\/2022\/05\/b3e97f00-jur-roxo.png","datePublished":"2023-07-20T15:52:38+00:00","dateModified":"2023-07-26T15:22:04+00:00","description":"Novidade aos concurseiros. O Concurso da C\u00e2mara dos Deputados j\u00e1 est\u00e1 com banca definida.","breadcrumb":{"@id":"https:\/\/meusitejuridico.com.br\/2023\/07\/20\/banca-definida-fgv-analista-legislativo-camara-dos-deputados\/#breadcrumb"},"inLanguage":"pt-BR","potentialAction":[{"@type":"ReadAction","target":["https:\/\/meusitejuridico.com.br\/2023\/07\/20\/banca-definida-fgv-analista-legislativo-camara-dos-deputados\/"]}]},{"@type":"ImageObject","inLanguage":"pt-BR","@id":"https:\/\/meusitejuridico.com.br\/2023\/07\/20\/banca-definida-fgv-analista-legislativo-camara-dos-deputados\/#primaryimage","url":"https:\/\/cdn.meusitejuridico.com.br\/s.meusitejuridico\/2022\/05\/b3e97f00-jur-roxo.png","contentUrl":"https:\/\/cdn.meusitejuridico.com.br\/s.meusitejuridico\/2022\/05\/b3e97f00-jur-roxo.png","width":4167,"height":2825},{"@type":"BreadcrumbList","@id":"https:\/\/meusitejuridico.com.br\/2023\/07\/20\/banca-definida-fgv-analista-legislativo-camara-dos-deputados\/#breadcrumb","itemListElement":[{"@type":"ListItem","position":1,"name":"In\u00edcio","item":"https:\/\/cdn.meusitejuridico.com.br\/"},{"@type":"ListItem","position":2,"name":"Banca Definida: FGV &#8211; Analista Legislativo &#8211; C\u00e2mara dos Deputados"}]},{"@type":"WebSite","@id":"https:\/\/cdn.meusitejuridico.com.br\/#website","url":"https:\/\/cdn.meusitejuridico.com.br\/","name":"Meu site jur\u00eddico","description":"Meu site jur\u00eddico","publisher":{"@id":"https:\/\/cdn.meusitejuridico.com.br\/#organization"},"potentialAction":[{"@type":"SearchAction","target":{"@type":"EntryPoint","urlTemplate":"https:\/\/cdn.meusitejuridico.com.br\/?s={search_term_string}"},"query-input":{"@type":"PropertyValueSpecification","valueRequired":true,"valueName":"search_term_string"}}],"inLanguage":"pt-BR"},{"@type":"Organization","@id":"https:\/\/cdn.meusitejuridico.com.br\/#organization","name":"Meu site jur\u00eddico","url":"https:\/\/cdn.meusitejuridico.com.br\/","logo":{"@type":"ImageObject","inLanguage":"pt-BR","@id":"https:\/\/cdn.meusitejuridico.com.br\/#\/schema\/logo\/image\/","url":"https:\/\/cdn.meusitejuridico.com.br\/s.meusitejuridico\/2022\/03\/cropped-baeec2a3-msj-02-01-01.png","contentUrl":"https:\/\/cdn.meusitejuridico.com.br\/s.meusitejuridico\/2022\/03\/cropped-baeec2a3-msj-02-01-01.png","width":349,"height":243,"caption":"Meu site jur\u00eddico"},"image":{"@id":"https:\/\/cdn.meusitejuridico.com.br\/#\/schema\/logo\/image\/"}},{"@type":"Person","@id":"https:\/\/cdn.meusitejuridico.com.br\/#\/schema\/person\/5c2237ac0c8ff03bcf1a09fe3e45dfce","name":"Equipe Meu Site Jur\u00eddico","image":{"@type":"ImageObject","inLanguage":"pt-BR","@id":"https:\/\/cdn.meusitejuridico.com.br\/#\/schema\/person\/image\/","url":"https:\/\/cdn.meusitejuridico.com.br\/s.meusitejuridico\/2020\/07\/6be289aa-logo-msj.png","contentUrl":"https:\/\/cdn.meusitejuridico.com.br\/s.meusitejuridico\/2020\/07\/6be289aa-logo-msj.png","caption":"Equipe Meu Site Jur\u00eddico"},"description":"Contem conosco!","url":"https:\/\/cdn.meusitejuridico.com.br\/author\/equipe-meu-site-juridico\/"}]}},"_links":{"self":[{"href":"https:\/\/cdn.meusitejuridico.com.br\/api\/wp\/v2\/posts\/18200","targetHints":{"allow":["GET"]}}],"collection":[{"href":"https:\/\/cdn.meusitejuridico.com.br\/api\/wp\/v2\/posts"}],"about":[{"href":"https:\/\/cdn.meusitejuridico.com.br\/api\/wp\/v2\/types\/post"}],"author":[{"embeddable":true,"href":"https:\/\/cdn.meusitejuridico.com.br\/api\/wp\/v2\/users\/7"}],"replies":[{"embeddable":true,"href":"https:\/\/cdn.meusitejuridico.com.br\/api\/wp\/v2\/comments?post=18200"}],"version-history":[{"count":4,"href":"https:\/\/cdn.meusitejuridico.com.br\/api\/wp\/v2\/posts\/18200\/revisions"}],"predecessor-version":[{"id":18531,"href":"https:\/\/cdn.meusitejuridico.com.br\/api\/wp\/v2\/posts\/18200\/revisions\/18531"}],"wp:featuredmedia":[{"embeddable":true,"href":"https:\/\/cdn.meusitejuridico.com.br\/api\/wp\/v2\/media\/15717"}],"wp:attachment":[{"href":"https:\/\/cdn.meusitejuridico.com.br\/api\/wp\/v2\/media?parent=18200"}],"wp:term":[{"taxonomy":"category","embeddable":true,"href":"https:\/\/cdn.meusitejuridico.com.br\/api\/wp\/v2\/categories?post=18200"},{"taxonomy":"post_tag","embeddable":true,"href":"https:\/\/cdn.meusitejuridico.com.br\/api\/wp\/v2\/tags?post=18200"}],"curies":[{"name":"wp","href":"https:\/\/api.w.org\/{rel}","templated":true}]}}