{"id":19342,"date":"2023-11-08T09:15:06","date_gmt":"2023-11-08T12:15:06","guid":{"rendered":"https:\/\/meusitejuridico.editorajuspodivm.com.br\/?p=19342"},"modified":"2023-11-08T09:15:07","modified_gmt":"2023-11-08T12:15:07","slug":"trt21-rn-tecnico-e-analista-ultimo-dia-de-inscricao","status":"publish","type":"post","link":"https:\/\/cdn.meusitejuridico.com.br\/2023\/11\/08\/trt21-rn-tecnico-e-analista-ultimo-dia-de-inscricao\/","title":{"rendered":"TRT21 (RN) &#8211; T\u00e9cnico e Analista \u2013 \u00daltimo dia de inscri\u00e7\u00e3o"},"content":{"rendered":"\n<p>Aten\u00e7\u00e3o concurseiros! Hoje \u00e9 o \u00faltimo dia para a realiza\u00e7\u00e3o das inscri\u00e7\u00f5es no\u00a0concurso para os cargos de<strong> T\u00e9cnico e Analista\u00a0<\/strong>do <strong>Tribunal Regional do Trabalho<\/strong> <strong><strong>do Rio Grande do Norte<\/strong><\/strong>.<\/p>\n\n\n\n<p>De acordo com o edital<strong>\u00a0<\/strong>o recebimento das inscri\u00e7\u00f5es ser\u00e1 encerrado em\u00a0<strong>08\/11\/2023<\/strong>\u00a0\u00e0s\u00a0<strong>23:59 horas<\/strong>, e o pagamento da taxa de inscri\u00e7\u00e3o, no valor de\u00a0<strong>R$90,00<\/strong>\u00a0a\u00a0<strong>R$110,00<\/strong>\u00a0dever\u00e1 ser realizado at\u00e9 o dia\u00a0<strong>09\/11\/2023<\/strong>.<\/p>\n\n\n\n<p>Organizado pela&nbsp; banca&nbsp;<strong>FCC&nbsp;<\/strong>o certame oferecer\u00e1<strong>&nbsp;vagas<\/strong>&nbsp;<strong>de cadastro de reserva<\/strong>, distribu\u00eddas entre os cargos de<strong>&nbsp;Analista e T\u00e9cnico&nbsp;<\/strong>(especialidades),<strong>&nbsp;<\/strong>com remunera\u00e7\u00e3o de&nbsp;<strong>R$8.046,85<\/strong>&nbsp;a&nbsp;<strong>R$15.128,00<\/strong>.<\/p>\n\n\n\n<p>A data para aplica\u00e7\u00e3o da&nbsp;<strong>prova objetiva<\/strong>&nbsp;est\u00e1 marcada para o dia<strong>&nbsp;17\/12\/2023.<\/strong><\/p>\n\n\n\n<p><\/p>\n\n\n\n<div data-wp-interactive=\"core\/file\" class=\"wp-block-file\"><object data-wp-bind--hidden=\"!state.hasPdfPreview\" hidden class=\"wp-block-file__embed\" data=\"https:\/\/meusitejuridico.editorajuspodivm.com.br\/s.meusitejuridico\/2023\/11\/f8cf19c7-trt21122-edital-de-abertura-final.pdf\" type=\"application\/pdf\" style=\"width:100%;height:600px\" aria-label=\"Incorporado de Incorporado de Edital TRT 21..\"><\/object><a href=\"https:\/\/meusitejuridico.editorajuspodivm.com.br\/s.meusitejuridico\/2023\/11\/f8cf19c7-trt21122-edital-de-abertura-final.pdf\">Edital TRT 21<\/a><a href=\"https:\/\/meusitejuridico.editorajuspodivm.com.br\/s.meusitejuridico\/2023\/11\/f8cf19c7-trt21122-edital-de-abertura-final.pdf\" class=\"wp-block-file__button\" download>Baixar<\/a><\/div>\n\n\n\n<p><strong>&nbsp;Informa\u00e7\u00f5es do concurso:&nbsp;<\/strong><\/p>\n\n\n\n<figure class=\"wp-block-table is-style-stripes\"><table><tbody><tr><td><strong>Concurso TRT 21<\/strong><\/td><\/tr><tr><td><strong>Banca<\/strong>: FCC.<\/td><\/tr><tr><td><strong>Vagas:\u00a0<\/strong>CR.<\/td><\/tr><tr><td><strong>Sal\u00e1rio inicial:\u00a0<\/strong> R$8.046,85\u00a0a\u00a0R$15.128,00. <\/td><\/tr><tr><td><strong>Status:&nbsp;<\/strong>\u00daltimo dia de inscri\u00e7\u00f5es.<\/td><\/tr><tr><td><strong>Link para inscri\u00e7\u00e3o<\/strong>:\u00a0<a href=\"https:\/\/www.concursosfcc.com.br\/concursos\/trt21122\/index.html\" target=\"_blank\" rel=\"noreferrer noopener\">https:\/\/www.concursosfcc.com.br\/concursos\/trt21122\/index.html<\/a><\/td><\/tr><\/tbody><\/table><\/figure>\n\n\n\n<p><\/p>\n","protected":false},"excerpt":{"rendered":"<p>Aten\u00e7\u00e3o concurseiros! Hoje \u00e9 o \u00faltimo dia para a realiza\u00e7\u00e3o das inscri\u00e7\u00f5es no\u00a0concurso para os cargos de T\u00e9cnico e Analista\u00a0do Tribunal Regional do Trabalho do Rio Grande do Norte. De acordo com o edital\u00a0o recebimento das inscri\u00e7\u00f5es ser\u00e1 encerrado em\u00a008\/11\/2023\u00a0\u00e0s\u00a023:59 horas, e o pagamento da taxa de inscri\u00e7\u00e3o, no valor de\u00a0R$90,00\u00a0a\u00a0R$110,00\u00a0dever\u00e1 ser realizado at\u00e9 o [&hellip;]<\/p>\n","protected":false},"author":7,"featured_media":15732,"comment_status":"open","ping_status":"open","sticky":false,"template":"","format":"standard","meta":{"_acf_changed":false,"footnotes":""},"categories":[3851,3849,3846],"tags":[3900,190,3911,4668,4646],"class_list":["post-19342","post","type-post","status-publish","format-standard","has-post-thumbnail","hentry","category-analista-e-tecnico","category-carreiras-trabalhistas","category-informacao-concursos","tag-analista-e-tecnico","tag-concursos-publicos","tag-fcc","tag-trt21","tag-ultimo-dia-de-inscricao"],"acf":[],"yoast_head":"<!-- This site is optimized with the Yoast SEO plugin v24.8.1 - https:\/\/yoast.com\/wordpress\/plugins\/seo\/ -->\n<title>TRT21 (RN) - T\u00e9cnico e Analista \u2013 \u00daltimo dia de inscri\u00e7\u00e3o - Meu site jur\u00eddico<\/title>\n<meta name=\"description\" content=\"Aten\u00e7\u00e3o concurseiros! Hoje \u00e9 o \u00faltimo dia para a realiza\u00e7\u00e3o das inscri\u00e7\u00f5es no\u00a0concurso para os cargos de T\u00e9cnico e Analista\u00a0do TRT 21.\" \/>\n<meta name=\"robots\" content=\"index, follow, max-snippet:-1, max-image-preview:large, max-video-preview:-1\" \/>\n<link rel=\"canonical\" href=\"https:\/\/webmail.meusitejuridico.com.br\/2023\/11\/08\/trt21-rn-tecnico-e-analista-ultimo-dia-de-inscricao\/\" \/>\n<meta property=\"og:locale\" content=\"pt_BR\" \/>\n<meta property=\"og:type\" content=\"article\" \/>\n<meta property=\"og:title\" content=\"TRT21 (RN) - T\u00e9cnico e Analista \u2013 \u00daltimo dia de inscri\u00e7\u00e3o - Meu site jur\u00eddico\" \/>\n<meta property=\"og:description\" content=\"Aten\u00e7\u00e3o concurseiros! Hoje \u00e9 o \u00faltimo dia para a realiza\u00e7\u00e3o das inscri\u00e7\u00f5es no\u00a0concurso para os cargos de T\u00e9cnico e Analista\u00a0do TRT 21.\" \/>\n<meta property=\"og:url\" content=\"https:\/\/webmail.meusitejuridico.com.br\/2023\/11\/08\/trt21-rn-tecnico-e-analista-ultimo-dia-de-inscricao\/\" \/>\n<meta property=\"og:site_name\" content=\"Meu site jur\u00eddico\" \/>\n<meta property=\"article:published_time\" content=\"2023-11-08T12:15:06+00:00\" \/>\n<meta property=\"article:modified_time\" content=\"2023-11-08T12:15:07+00:00\" \/>\n<meta property=\"og:image\" content=\"https:\/\/webmail.meusitejuridico.com.br\/s.meusitejuridico\/2022\/05\/8d4e9282-trab-roxo.png\" \/>\n\t<meta property=\"og:image:width\" content=\"2560\" \/>\n\t<meta property=\"og:image:height\" content=\"1736\" \/>\n\t<meta property=\"og:image:type\" content=\"image\/png\" \/>\n<meta name=\"author\" content=\"Equipe Meu Site Jur\u00eddico\" \/>\n<meta name=\"twitter:card\" content=\"summary_large_image\" \/>\n<meta name=\"twitter:label1\" content=\"Escrito por\" \/>\n\t<meta name=\"twitter:data1\" content=\"Equipe Meu Site Jur\u00eddico\" \/>\n\t<meta name=\"twitter:label2\" content=\"Est. tempo de leitura\" \/>\n\t<meta name=\"twitter:data2\" content=\"1 minuto\" \/>\n<script type=\"application\/ld+json\" class=\"yoast-schema-graph\">{\"@context\":\"https:\/\/schema.org\",\"@graph\":[{\"@type\":\"Article\",\"@id\":\"https:\/\/webmail.meusitejuridico.com.br\/2023\/11\/08\/trt21-rn-tecnico-e-analista-ultimo-dia-de-inscricao\/#article\",\"isPartOf\":{\"@id\":\"https:\/\/webmail.meusitejuridico.com.br\/2023\/11\/08\/trt21-rn-tecnico-e-analista-ultimo-dia-de-inscricao\/\"},\"author\":{\"name\":\"Equipe Meu Site Jur\u00eddico\",\"@id\":\"https:\/\/cdn.meusitejuridico.com.br\/#\/schema\/person\/5c2237ac0c8ff03bcf1a09fe3e45dfce\"},\"headline\":\"TRT21 (RN) &#8211; T\u00e9cnico e Analista \u2013 \u00daltimo dia de inscri\u00e7\u00e3o\",\"datePublished\":\"2023-11-08T12:15:06+00:00\",\"dateModified\":\"2023-11-08T12:15:07+00:00\",\"mainEntityOfPage\":{\"@id\":\"https:\/\/webmail.meusitejuridico.com.br\/2023\/11\/08\/trt21-rn-tecnico-e-analista-ultimo-dia-de-inscricao\/\"},\"wordCount\":179,\"commentCount\":0,\"publisher\":{\"@id\":\"https:\/\/cdn.meusitejuridico.com.br\/#organization\"},\"image\":{\"@id\":\"https:\/\/webmail.meusitejuridico.com.br\/2023\/11\/08\/trt21-rn-tecnico-e-analista-ultimo-dia-de-inscricao\/#primaryimage\"},\"thumbnailUrl\":\"https:\/\/cdn.meusitejuridico.com.br\/s.meusitejuridico\/2022\/05\/8d4e9282-trab-roxo.png\",\"keywords\":[\"analista e t\u00e9cnico\",\"Concursos P\u00fablicos\",\"FCC\",\"TRT21\",\"\u00faltimo dia de inscri\u00e7\u00e3o\"],\"articleSection\":[\"Analista e T\u00e9cnico\",\"Carreiras Trabalhistas\",\"Informa\u00e7\u00f5es de Concursos\"],\"inLanguage\":\"pt-BR\",\"potentialAction\":[{\"@type\":\"CommentAction\",\"name\":\"Comment\",\"target\":[\"https:\/\/webmail.meusitejuridico.com.br\/2023\/11\/08\/trt21-rn-tecnico-e-analista-ultimo-dia-de-inscricao\/#respond\"]}]},{\"@type\":\"WebPage\",\"@id\":\"https:\/\/webmail.meusitejuridico.com.br\/2023\/11\/08\/trt21-rn-tecnico-e-analista-ultimo-dia-de-inscricao\/\",\"url\":\"https:\/\/webmail.meusitejuridico.com.br\/2023\/11\/08\/trt21-rn-tecnico-e-analista-ultimo-dia-de-inscricao\/\",\"name\":\"TRT21 (RN) - T\u00e9cnico e Analista \u2013 \u00daltimo dia de inscri\u00e7\u00e3o - Meu site jur\u00eddico\",\"isPartOf\":{\"@id\":\"https:\/\/cdn.meusitejuridico.com.br\/#website\"},\"primaryImageOfPage\":{\"@id\":\"https:\/\/webmail.meusitejuridico.com.br\/2023\/11\/08\/trt21-rn-tecnico-e-analista-ultimo-dia-de-inscricao\/#primaryimage\"},\"image\":{\"@id\":\"https:\/\/webmail.meusitejuridico.com.br\/2023\/11\/08\/trt21-rn-tecnico-e-analista-ultimo-dia-de-inscricao\/#primaryimage\"},\"thumbnailUrl\":\"https:\/\/cdn.meusitejuridico.com.br\/s.meusitejuridico\/2022\/05\/8d4e9282-trab-roxo.png\",\"datePublished\":\"2023-11-08T12:15:06+00:00\",\"dateModified\":\"2023-11-08T12:15:07+00:00\",\"description\":\"Aten\u00e7\u00e3o concurseiros! Hoje \u00e9 o \u00faltimo dia para a realiza\u00e7\u00e3o das inscri\u00e7\u00f5es no\u00a0concurso para os cargos de T\u00e9cnico e Analista\u00a0do TRT 21.\",\"breadcrumb\":{\"@id\":\"https:\/\/webmail.meusitejuridico.com.br\/2023\/11\/08\/trt21-rn-tecnico-e-analista-ultimo-dia-de-inscricao\/#breadcrumb\"},\"inLanguage\":\"pt-BR\",\"potentialAction\":[{\"@type\":\"ReadAction\",\"target\":[\"https:\/\/webmail.meusitejuridico.com.br\/2023\/11\/08\/trt21-rn-tecnico-e-analista-ultimo-dia-de-inscricao\/\"]}]},{\"@type\":\"ImageObject\",\"inLanguage\":\"pt-BR\",\"@id\":\"https:\/\/webmail.meusitejuridico.com.br\/2023\/11\/08\/trt21-rn-tecnico-e-analista-ultimo-dia-de-inscricao\/#primaryimage\",\"url\":\"https:\/\/cdn.meusitejuridico.com.br\/s.meusitejuridico\/2022\/05\/8d4e9282-trab-roxo.png\",\"contentUrl\":\"https:\/\/cdn.meusitejuridico.com.br\/s.meusitejuridico\/2022\/05\/8d4e9282-trab-roxo.png\",\"width\":2560,\"height\":1736},{\"@type\":\"BreadcrumbList\",\"@id\":\"https:\/\/webmail.meusitejuridico.com.br\/2023\/11\/08\/trt21-rn-tecnico-e-analista-ultimo-dia-de-inscricao\/#breadcrumb\",\"itemListElement\":[{\"@type\":\"ListItem\",\"position\":1,\"name\":\"In\u00edcio\",\"item\":\"https:\/\/cdn.meusitejuridico.com.br\/\"},{\"@type\":\"ListItem\",\"position\":2,\"name\":\"TRT21 (RN) &#8211; T\u00e9cnico e Analista \u2013 \u00daltimo dia de inscri\u00e7\u00e3o\"}]},{\"@type\":\"WebSite\",\"@id\":\"https:\/\/cdn.meusitejuridico.com.br\/#website\",\"url\":\"https:\/\/cdn.meusitejuridico.com.br\/\",\"name\":\"Meu site jur\u00eddico\",\"description\":\"Meu site jur\u00eddico\",\"publisher\":{\"@id\":\"https:\/\/cdn.meusitejuridico.com.br\/#organization\"},\"potentialAction\":[{\"@type\":\"SearchAction\",\"target\":{\"@type\":\"EntryPoint\",\"urlTemplate\":\"https:\/\/cdn.meusitejuridico.com.br\/?s={search_term_string}\"},\"query-input\":{\"@type\":\"PropertyValueSpecification\",\"valueRequired\":true,\"valueName\":\"search_term_string\"}}],\"inLanguage\":\"pt-BR\"},{\"@type\":\"Organization\",\"@id\":\"https:\/\/cdn.meusitejuridico.com.br\/#organization\",\"name\":\"Meu site jur\u00eddico\",\"url\":\"https:\/\/cdn.meusitejuridico.com.br\/\",\"logo\":{\"@type\":\"ImageObject\",\"inLanguage\":\"pt-BR\",\"@id\":\"https:\/\/cdn.meusitejuridico.com.br\/#\/schema\/logo\/image\/\",\"url\":\"https:\/\/cdn.meusitejuridico.com.br\/s.meusitejuridico\/2022\/03\/cropped-baeec2a3-msj-02-01-01.png\",\"contentUrl\":\"https:\/\/cdn.meusitejuridico.com.br\/s.meusitejuridico\/2022\/03\/cropped-baeec2a3-msj-02-01-01.png\",\"width\":349,\"height\":243,\"caption\":\"Meu site jur\u00eddico\"},\"image\":{\"@id\":\"https:\/\/cdn.meusitejuridico.com.br\/#\/schema\/logo\/image\/\"}},{\"@type\":\"Person\",\"@id\":\"https:\/\/cdn.meusitejuridico.com.br\/#\/schema\/person\/5c2237ac0c8ff03bcf1a09fe3e45dfce\",\"name\":\"Equipe Meu Site Jur\u00eddico\",\"image\":{\"@type\":\"ImageObject\",\"inLanguage\":\"pt-BR\",\"@id\":\"https:\/\/cdn.meusitejuridico.com.br\/#\/schema\/person\/image\/\",\"url\":\"https:\/\/cdn.meusitejuridico.com.br\/s.meusitejuridico\/2020\/07\/6be289aa-logo-msj.png\",\"contentUrl\":\"https:\/\/cdn.meusitejuridico.com.br\/s.meusitejuridico\/2020\/07\/6be289aa-logo-msj.png\",\"caption\":\"Equipe Meu Site Jur\u00eddico\"},\"description\":\"Contem conosco!\",\"url\":\"https:\/\/cdn.meusitejuridico.com.br\/author\/equipe-meu-site-juridico\/\"}]}<\/script>\n<!-- \/ Yoast SEO plugin. -->","yoast_head_json":{"title":"TRT21 (RN) - T\u00e9cnico e Analista \u2013 \u00daltimo dia de inscri\u00e7\u00e3o - Meu site jur\u00eddico","description":"Aten\u00e7\u00e3o concurseiros! Hoje \u00e9 o \u00faltimo dia para a realiza\u00e7\u00e3o das inscri\u00e7\u00f5es no\u00a0concurso para os cargos de T\u00e9cnico e Analista\u00a0do TRT 21.","robots":{"index":"index","follow":"follow","max-snippet":"max-snippet:-1","max-image-preview":"max-image-preview:large","max-video-preview":"max-video-preview:-1"},"canonical":"https:\/\/webmail.meusitejuridico.com.br\/2023\/11\/08\/trt21-rn-tecnico-e-analista-ultimo-dia-de-inscricao\/","og_locale":"pt_BR","og_type":"article","og_title":"TRT21 (RN) - T\u00e9cnico e Analista \u2013 \u00daltimo dia de inscri\u00e7\u00e3o - Meu site jur\u00eddico","og_description":"Aten\u00e7\u00e3o concurseiros! Hoje \u00e9 o \u00faltimo dia para a realiza\u00e7\u00e3o das inscri\u00e7\u00f5es no\u00a0concurso para os cargos de T\u00e9cnico e Analista\u00a0do TRT 21.","og_url":"https:\/\/webmail.meusitejuridico.com.br\/2023\/11\/08\/trt21-rn-tecnico-e-analista-ultimo-dia-de-inscricao\/","og_site_name":"Meu site jur\u00eddico","article_published_time":"2023-11-08T12:15:06+00:00","article_modified_time":"2023-11-08T12:15:07+00:00","og_image":[{"width":2560,"height":1736,"url":"https:\/\/webmail.meusitejuridico.com.br\/s.meusitejuridico\/2022\/05\/8d4e9282-trab-roxo.png","type":"image\/png"}],"author":"Equipe Meu Site Jur\u00eddico","twitter_card":"summary_large_image","twitter_misc":{"Escrito por":"Equipe Meu Site Jur\u00eddico","Est. tempo de leitura":"1 minuto"},"schema":{"@context":"https:\/\/schema.org","@graph":[{"@type":"Article","@id":"https:\/\/webmail.meusitejuridico.com.br\/2023\/11\/08\/trt21-rn-tecnico-e-analista-ultimo-dia-de-inscricao\/#article","isPartOf":{"@id":"https:\/\/webmail.meusitejuridico.com.br\/2023\/11\/08\/trt21-rn-tecnico-e-analista-ultimo-dia-de-inscricao\/"},"author":{"name":"Equipe Meu Site Jur\u00eddico","@id":"https:\/\/cdn.meusitejuridico.com.br\/#\/schema\/person\/5c2237ac0c8ff03bcf1a09fe3e45dfce"},"headline":"TRT21 (RN) &#8211; T\u00e9cnico e Analista \u2013 \u00daltimo dia de inscri\u00e7\u00e3o","datePublished":"2023-11-08T12:15:06+00:00","dateModified":"2023-11-08T12:15:07+00:00","mainEntityOfPage":{"@id":"https:\/\/webmail.meusitejuridico.com.br\/2023\/11\/08\/trt21-rn-tecnico-e-analista-ultimo-dia-de-inscricao\/"},"wordCount":179,"commentCount":0,"publisher":{"@id":"https:\/\/cdn.meusitejuridico.com.br\/#organization"},"image":{"@id":"https:\/\/webmail.meusitejuridico.com.br\/2023\/11\/08\/trt21-rn-tecnico-e-analista-ultimo-dia-de-inscricao\/#primaryimage"},"thumbnailUrl":"https:\/\/cdn.meusitejuridico.com.br\/s.meusitejuridico\/2022\/05\/8d4e9282-trab-roxo.png","keywords":["analista e t\u00e9cnico","Concursos P\u00fablicos","FCC","TRT21","\u00faltimo dia de inscri\u00e7\u00e3o"],"articleSection":["Analista e T\u00e9cnico","Carreiras Trabalhistas","Informa\u00e7\u00f5es de Concursos"],"inLanguage":"pt-BR","potentialAction":[{"@type":"CommentAction","name":"Comment","target":["https:\/\/webmail.meusitejuridico.com.br\/2023\/11\/08\/trt21-rn-tecnico-e-analista-ultimo-dia-de-inscricao\/#respond"]}]},{"@type":"WebPage","@id":"https:\/\/webmail.meusitejuridico.com.br\/2023\/11\/08\/trt21-rn-tecnico-e-analista-ultimo-dia-de-inscricao\/","url":"https:\/\/webmail.meusitejuridico.com.br\/2023\/11\/08\/trt21-rn-tecnico-e-analista-ultimo-dia-de-inscricao\/","name":"TRT21 (RN) - T\u00e9cnico e Analista \u2013 \u00daltimo dia de inscri\u00e7\u00e3o - Meu site jur\u00eddico","isPartOf":{"@id":"https:\/\/cdn.meusitejuridico.com.br\/#website"},"primaryImageOfPage":{"@id":"https:\/\/webmail.meusitejuridico.com.br\/2023\/11\/08\/trt21-rn-tecnico-e-analista-ultimo-dia-de-inscricao\/#primaryimage"},"image":{"@id":"https:\/\/webmail.meusitejuridico.com.br\/2023\/11\/08\/trt21-rn-tecnico-e-analista-ultimo-dia-de-inscricao\/#primaryimage"},"thumbnailUrl":"https:\/\/cdn.meusitejuridico.com.br\/s.meusitejuridico\/2022\/05\/8d4e9282-trab-roxo.png","datePublished":"2023-11-08T12:15:06+00:00","dateModified":"2023-11-08T12:15:07+00:00","description":"Aten\u00e7\u00e3o concurseiros! Hoje \u00e9 o \u00faltimo dia para a realiza\u00e7\u00e3o das inscri\u00e7\u00f5es no\u00a0concurso para os cargos de T\u00e9cnico e Analista\u00a0do TRT 21.","breadcrumb":{"@id":"https:\/\/webmail.meusitejuridico.com.br\/2023\/11\/08\/trt21-rn-tecnico-e-analista-ultimo-dia-de-inscricao\/#breadcrumb"},"inLanguage":"pt-BR","potentialAction":[{"@type":"ReadAction","target":["https:\/\/webmail.meusitejuridico.com.br\/2023\/11\/08\/trt21-rn-tecnico-e-analista-ultimo-dia-de-inscricao\/"]}]},{"@type":"ImageObject","inLanguage":"pt-BR","@id":"https:\/\/webmail.meusitejuridico.com.br\/2023\/11\/08\/trt21-rn-tecnico-e-analista-ultimo-dia-de-inscricao\/#primaryimage","url":"https:\/\/cdn.meusitejuridico.com.br\/s.meusitejuridico\/2022\/05\/8d4e9282-trab-roxo.png","contentUrl":"https:\/\/cdn.meusitejuridico.com.br\/s.meusitejuridico\/2022\/05\/8d4e9282-trab-roxo.png","width":2560,"height":1736},{"@type":"BreadcrumbList","@id":"https:\/\/webmail.meusitejuridico.com.br\/2023\/11\/08\/trt21-rn-tecnico-e-analista-ultimo-dia-de-inscricao\/#breadcrumb","itemListElement":[{"@type":"ListItem","position":1,"name":"In\u00edcio","item":"https:\/\/cdn.meusitejuridico.com.br\/"},{"@type":"ListItem","position":2,"name":"TRT21 (RN) &#8211; T\u00e9cnico e Analista \u2013 \u00daltimo dia de inscri\u00e7\u00e3o"}]},{"@type":"WebSite","@id":"https:\/\/cdn.meusitejuridico.com.br\/#website","url":"https:\/\/cdn.meusitejuridico.com.br\/","name":"Meu site jur\u00eddico","description":"Meu site jur\u00eddico","publisher":{"@id":"https:\/\/cdn.meusitejuridico.com.br\/#organization"},"potentialAction":[{"@type":"SearchAction","target":{"@type":"EntryPoint","urlTemplate":"https:\/\/cdn.meusitejuridico.com.br\/?s={search_term_string}"},"query-input":{"@type":"PropertyValueSpecification","valueRequired":true,"valueName":"search_term_string"}}],"inLanguage":"pt-BR"},{"@type":"Organization","@id":"https:\/\/cdn.meusitejuridico.com.br\/#organization","name":"Meu site jur\u00eddico","url":"https:\/\/cdn.meusitejuridico.com.br\/","logo":{"@type":"ImageObject","inLanguage":"pt-BR","@id":"https:\/\/cdn.meusitejuridico.com.br\/#\/schema\/logo\/image\/","url":"https:\/\/cdn.meusitejuridico.com.br\/s.meusitejuridico\/2022\/03\/cropped-baeec2a3-msj-02-01-01.png","contentUrl":"https:\/\/cdn.meusitejuridico.com.br\/s.meusitejuridico\/2022\/03\/cropped-baeec2a3-msj-02-01-01.png","width":349,"height":243,"caption":"Meu site jur\u00eddico"},"image":{"@id":"https:\/\/cdn.meusitejuridico.com.br\/#\/schema\/logo\/image\/"}},{"@type":"Person","@id":"https:\/\/cdn.meusitejuridico.com.br\/#\/schema\/person\/5c2237ac0c8ff03bcf1a09fe3e45dfce","name":"Equipe Meu Site Jur\u00eddico","image":{"@type":"ImageObject","inLanguage":"pt-BR","@id":"https:\/\/cdn.meusitejuridico.com.br\/#\/schema\/person\/image\/","url":"https:\/\/cdn.meusitejuridico.com.br\/s.meusitejuridico\/2020\/07\/6be289aa-logo-msj.png","contentUrl":"https:\/\/cdn.meusitejuridico.com.br\/s.meusitejuridico\/2020\/07\/6be289aa-logo-msj.png","caption":"Equipe Meu Site Jur\u00eddico"},"description":"Contem conosco!","url":"https:\/\/cdn.meusitejuridico.com.br\/author\/equipe-meu-site-juridico\/"}]}},"_links":{"self":[{"href":"https:\/\/cdn.meusitejuridico.com.br\/api\/wp\/v2\/posts\/19342","targetHints":{"allow":["GET"]}}],"collection":[{"href":"https:\/\/cdn.meusitejuridico.com.br\/api\/wp\/v2\/posts"}],"about":[{"href":"https:\/\/cdn.meusitejuridico.com.br\/api\/wp\/v2\/types\/post"}],"author":[{"embeddable":true,"href":"https:\/\/cdn.meusitejuridico.com.br\/api\/wp\/v2\/users\/7"}],"replies":[{"embeddable":true,"href":"https:\/\/cdn.meusitejuridico.com.br\/api\/wp\/v2\/comments?post=19342"}],"version-history":[{"count":2,"href":"https:\/\/cdn.meusitejuridico.com.br\/api\/wp\/v2\/posts\/19342\/revisions"}],"predecessor-version":[{"id":19355,"href":"https:\/\/cdn.meusitejuridico.com.br\/api\/wp\/v2\/posts\/19342\/revisions\/19355"}],"wp:featuredmedia":[{"embeddable":true,"href":"https:\/\/cdn.meusitejuridico.com.br\/api\/wp\/v2\/media\/15732"}],"wp:attachment":[{"href":"https:\/\/cdn.meusitejuridico.com.br\/api\/wp\/v2\/media?parent=19342"}],"wp:term":[{"taxonomy":"category","embeddable":true,"href":"https:\/\/cdn.meusitejuridico.com.br\/api\/wp\/v2\/categories?post=19342"},{"taxonomy":"post_tag","embeddable":true,"href":"https:\/\/cdn.meusitejuridico.com.br\/api\/wp\/v2\/tags?post=19342"}],"curies":[{"name":"wp","href":"https:\/\/api.w.org\/{rel}","templated":true}]}}