{"id":21053,"date":"2024-08-07T15:42:22","date_gmt":"2024-08-07T18:42:22","guid":{"rendered":"https:\/\/meusitejuridico.editorajuspodivm.com.br\/?p=21053"},"modified":"2024-08-07T15:42:23","modified_gmt":"2024-08-07T18:42:23","slug":"feriado-local-efeitos-processuais-lei-14-939-2024","status":"publish","type":"post","link":"https:\/\/cdn.meusitejuridico.com.br\/2024\/08\/07\/feriado-local-efeitos-processuais-lei-14-939-2024\/","title":{"rendered":"Feriado Local: Efeitos Processuais (Lei 14.939\/2024)"},"content":{"rendered":"\n<p>A <em>tempestividade<\/em> \u00e9 um dos mais importantes requisitos de admissibilidade dos recursos.<br>Ainda que a decis\u00e3o judicial n\u00e3o seja correta, somente poder\u00e1 ser impugnada dentro dos prazos estipulados em lei, em virtude da necessidade de preserva\u00e7\u00e3o da seguran\u00e7a jur\u00eddica e da estabiliza\u00e7\u00e3o das rela\u00e7\u00f5es sociais \u2013 sendo invi\u00e1vel que os processos judiciais permane\u00e7am em curso indefinidamente.<br>Em nossa obra <strong>MANUAL DOS RECURSOS C\u00cdVEIS \u2013 TEORIA E PR\u00c1TICA<\/strong>, escrito em coautoria com o professor Denis Donoso, tivemos oportunidade de esclarecer a respeito da <em>tempestividade<\/em>:<\/p>\n\n\n\n<blockquote class=\"wp-block-quote is-layout-flow wp-block-quote-is-layout-flow\"><p>\u201cO processo \u00e9 \u2018marcha para frente\u2019, sendo imperioso que se fixem prazos para garantir seu desenvolvimento e tramita\u00e7\u00e3o regular at\u00e9 o atingimento de seu fim (LOPES, 2005, p 173). Sem a \u2018amea\u00e7a\u2019 da preclus\u00e3o temporal, normalmente pelo menos uma das partes n\u00e3o teria interesse em dar seguimento ao feito, frustrando seu escopo.<br>Pois bem, com os recursos ocorre exatamente o mesmo fen\u00f4meno. A lei prev\u00ea o intervalo de tempo (prazo) dentro do qual o ato pode ser praticado, sob pena de se perder a oportunidade de faz\u00ea-lo.\u201d<br>(<a href=\"https:\/\/www.editorajuspodivm.com.br\/manual-dos-recursos-civeis-teoria-e-pratica-teoria-geral-e-recursos-em-especie-2024-10ed\" target=\"_blank\" rel=\"noreferrer noopener\">DONOSO, Denis; SERAU JR., Marco Aur\u00e9lio. <strong>Manual dos Recursos C\u00edveis \u2013 Teoria e Pr\u00e1tica<\/strong>, 10\u00aa ed., Salvador: Juspodivm, 2024, p. 93<\/a>)<\/p><\/blockquote>\n\n\n\n<p>Nesse sentido, o CPC regulamenta diversos aspectos da comprova\u00e7\u00e3o da tempestividade recursal, especialmente em seu artigo 1.003.<br>Um dos t\u00f3picos tratados nesse dispositivo legal diz respeito aos efeitos processuais do <em>feriado local<\/em> (municipal, distrital ou estadual), e a regra contida na reda\u00e7\u00e3o original do art. 1.003, \u00a7 6\u00ba, do CPC, estabelecia a necessidade de comprova\u00e7\u00e3o, no momento de interposi\u00e7\u00e3o do recurso, da exist\u00eancia de feriado local:<\/p>\n\n\n\n<blockquote class=\"wp-block-quote is-layout-flow wp-block-quote-is-layout-flow\"><p>\u00a7 6\u00ba O recorrente comprovar\u00e1 a ocorr\u00eancia de feriado local no ato de interposi\u00e7\u00e3o do recurso.<\/p><\/blockquote>\n\n\n\n<p>A recente Lei 14.939\/2024 alterou a reda\u00e7\u00e3o desse dispositivo legal:<\/p>\n\n\n\n<blockquote class=\"wp-block-quote is-layout-flow wp-block-quote-is-layout-flow\"><p>\u00a7 6\u00ba O recorrente comprovar\u00e1 a ocorr\u00eancia de feriado local no ato de interposi\u00e7\u00e3o do recurso, e, se n\u00e3o o fizer, o tribunal determinar\u00e1 a corre\u00e7\u00e3o do v\u00edcio formal, ou poder\u00e1 desconsider\u00e1-lo caso a informa\u00e7\u00e3o j\u00e1 conste do processo eletr\u00f4nico.<\/p><\/blockquote>\n\n\n\n<p>Ora, a partir desta mudan\u00e7a do CPC verifica-se que permanece a indica\u00e7\u00e3o para comprova\u00e7\u00e3o de feriado local no momento de interposi\u00e7\u00e3o do recurso; por\u00e9m, caso isso n\u00e3o ocorra, o Tribunal poder\u00e1 determinar a corre\u00e7\u00e3o do v\u00edcio formal, na esteira do art. 932, p. \u00fanico, do CPC, que traz a perspectiva de <em>primazia de julgamento do m\u00e9rito:<\/em><\/p>\n\n\n\n<blockquote class=\"wp-block-quote is-layout-flow wp-block-quote-is-layout-flow\"><p>Art. 932. Incumbe ao relator:<br>Par\u00e1grafo \u00fanico. Antes de considerar inadmiss\u00edvel o recurso, o relator conceder\u00e1 o prazo de 5 (cinco) dias ao recorrente para que seja sanado v\u00edcio ou complementada a documenta\u00e7\u00e3o exig\u00edvel.<\/p><\/blockquote>\n\n\n\n<p>Por fim, tamb\u00e9m apareceu a possibilidade de <em>dispensa<\/em> da comprova\u00e7\u00e3o do feriado local, \u201ccaso a informa\u00e7\u00e3o j\u00e1 conste do processo eletr\u00f4nico\u201d, conforme parte final do \u00a7 6\u00ba<\/p>\n\n\n\n<p>Esses t\u00f3picos foram tratados em nossa j\u00e1 citada obra <strong><a href=\"https:\/\/www.editorajuspodivm.com.br\/manual-dos-recursos-civeis-teoria-e-pratica-teoria-geral-e-recursos-em-especie-2024-10ed\" target=\"_blank\" rel=\"noreferrer noopener\">MANUAL DOS RECURSOS C\u00cdVEIS \u2013 TEORIA E PR\u00c1TICA<\/a><\/strong>, 10\u00aa edi\u00e7\u00e3o, onde tivemos a oportunidade e analisar a Lei 14.939\/2024.<\/p>\n","protected":false},"excerpt":{"rendered":"<p>A tempestividade \u00e9 um dos mais importantes requisitos de admissibilidade dos recursos.Ainda que a decis\u00e3o judicial n\u00e3o seja correta, somente poder\u00e1 ser impugnada dentro dos prazos estipulados em lei, em virtude da necessidade de preserva\u00e7\u00e3o da seguran\u00e7a jur\u00eddica e da estabiliza\u00e7\u00e3o das rela\u00e7\u00f5es sociais \u2013 sendo invi\u00e1vel que os processos judiciais permane\u00e7am em curso indefinidamente.Em [&hellip;]<\/p>\n","protected":false},"author":118,"featured_media":21054,"comment_status":"open","ping_status":"open","sticky":false,"template":"","format":"standard","meta":{"_acf_changed":false,"footnotes":""},"categories":[1,304],"tags":[3542,3418,305],"class_list":["post-21053","post","type-post","status-publish","format-standard","has-post-thumbnail","hentry","category-artigos","category-direito-processual-civil","tag-feriados","tag-prazos","tag-processo-civil"],"acf":[],"yoast_head":"<!-- This site is optimized with the Yoast SEO plugin v24.8.1 - https:\/\/yoast.com\/wordpress\/plugins\/seo\/ -->\n<title>Feriado Local: Efeitos Processuais (Lei 14.939\/2024) - Meu site jur\u00eddico<\/title>\n<meta name=\"description\" content=\"A tempestividade \u00e9 um dos mais importantes requisitos de admissibilidade dos recursos. Ainda que a decis\u00e3o judicial n\u00e3o seja correta, somente poder\u00e1 ser impugnada dentro dos prazos estipulados em lei, em virtude da necessidade de preserva\u00e7\u00e3o da seguran\u00e7a jur\u00eddica e da estabiliza\u00e7\u00e3o das rela\u00e7\u00f5es sociais \u2013 sendo invi\u00e1vel que os processos judiciais permane\u00e7am em curso indefinidamente.\" \/>\n<meta name=\"robots\" content=\"index, follow, max-snippet:-1, max-image-preview:large, max-video-preview:-1\" \/>\n<link rel=\"canonical\" href=\"https:\/\/meusitejuridico.com.br\/2024\/08\/07\/feriado-local-efeitos-processuais-lei-14-939-2024\/\" \/>\n<meta property=\"og:locale\" content=\"pt_BR\" \/>\n<meta property=\"og:type\" content=\"article\" \/>\n<meta property=\"og:title\" content=\"Feriado Local: Efeitos Processuais (Lei 14.939\/2024) - Meu site jur\u00eddico\" \/>\n<meta property=\"og:description\" content=\"A tempestividade \u00e9 um dos mais importantes requisitos de admissibilidade dos recursos. Ainda que a decis\u00e3o judicial n\u00e3o seja correta, somente poder\u00e1 ser impugnada dentro dos prazos estipulados em lei, em virtude da necessidade de preserva\u00e7\u00e3o da seguran\u00e7a jur\u00eddica e da estabiliza\u00e7\u00e3o das rela\u00e7\u00f5es sociais \u2013 sendo invi\u00e1vel que os processos judiciais permane\u00e7am em curso indefinidamente.\" \/>\n<meta property=\"og:url\" content=\"https:\/\/meusitejuridico.com.br\/2024\/08\/07\/feriado-local-efeitos-processuais-lei-14-939-2024\/\" \/>\n<meta property=\"og:site_name\" content=\"Meu site jur\u00eddico\" \/>\n<meta property=\"article:author\" content=\"https:\/\/www.facebook.com\/prof.marco.serau\/\" \/>\n<meta property=\"article:published_time\" content=\"2024-08-07T18:42:22+00:00\" \/>\n<meta property=\"article:modified_time\" content=\"2024-08-07T18:42:23+00:00\" \/>\n<meta property=\"og:image\" content=\"https:\/\/meusitejuridico.com.br\/s.meusitejuridico\/2024\/08\/b6112196-shutterstock-1099591508-1.jpg\" \/>\n\t<meta property=\"og:image:width\" content=\"1000\" \/>\n\t<meta property=\"og:image:height\" content=\"667\" \/>\n\t<meta property=\"og:image:type\" content=\"image\/jpeg\" \/>\n<meta name=\"author\" content=\"Marco Aur\u00e9lio Serau Jr.\" \/>\n<meta name=\"twitter:card\" content=\"summary_large_image\" \/>\n<meta name=\"twitter:creator\" content=\"@marcoserau\" \/>\n<meta name=\"twitter:label1\" content=\"Escrito por\" \/>\n\t<meta name=\"twitter:data1\" content=\"Marco Aur\u00e9lio Serau Jr.\" \/>\n\t<meta name=\"twitter:label2\" content=\"Est. tempo de leitura\" \/>\n\t<meta name=\"twitter:data2\" content=\"3 minutos\" \/>\n<script type=\"application\/ld+json\" class=\"yoast-schema-graph\">{\"@context\":\"https:\/\/schema.org\",\"@graph\":[{\"@type\":\"Article\",\"@id\":\"https:\/\/meusitejuridico.com.br\/2024\/08\/07\/feriado-local-efeitos-processuais-lei-14-939-2024\/#article\",\"isPartOf\":{\"@id\":\"https:\/\/meusitejuridico.com.br\/2024\/08\/07\/feriado-local-efeitos-processuais-lei-14-939-2024\/\"},\"author\":{\"name\":\"Marco Aur\u00e9lio Serau Jr.\",\"@id\":\"https:\/\/cdn.meusitejuridico.com.br\/#\/schema\/person\/1abc56520713c7a1399250f164c32604\"},\"headline\":\"Feriado Local: Efeitos Processuais (Lei 14.939\/2024)\",\"datePublished\":\"2024-08-07T18:42:22+00:00\",\"dateModified\":\"2024-08-07T18:42:23+00:00\",\"mainEntityOfPage\":{\"@id\":\"https:\/\/meusitejuridico.com.br\/2024\/08\/07\/feriado-local-efeitos-processuais-lei-14-939-2024\/\"},\"wordCount\":505,\"commentCount\":0,\"publisher\":{\"@id\":\"https:\/\/cdn.meusitejuridico.com.br\/#organization\"},\"image\":{\"@id\":\"https:\/\/meusitejuridico.com.br\/2024\/08\/07\/feriado-local-efeitos-processuais-lei-14-939-2024\/#primaryimage\"},\"thumbnailUrl\":\"https:\/\/cdn.meusitejuridico.com.br\/s.meusitejuridico\/2024\/08\/b6112196-shutterstock-1099591508-1.jpg\",\"keywords\":[\"feriados\",\"prazos\",\"Processo Civil\"],\"articleSection\":[\"Artigos\",\"Direito Processual Civil\"],\"inLanguage\":\"pt-BR\",\"potentialAction\":[{\"@type\":\"CommentAction\",\"name\":\"Comment\",\"target\":[\"https:\/\/meusitejuridico.com.br\/2024\/08\/07\/feriado-local-efeitos-processuais-lei-14-939-2024\/#respond\"]}]},{\"@type\":\"WebPage\",\"@id\":\"https:\/\/meusitejuridico.com.br\/2024\/08\/07\/feriado-local-efeitos-processuais-lei-14-939-2024\/\",\"url\":\"https:\/\/meusitejuridico.com.br\/2024\/08\/07\/feriado-local-efeitos-processuais-lei-14-939-2024\/\",\"name\":\"Feriado Local: Efeitos Processuais (Lei 14.939\/2024) - Meu site jur\u00eddico\",\"isPartOf\":{\"@id\":\"https:\/\/cdn.meusitejuridico.com.br\/#website\"},\"primaryImageOfPage\":{\"@id\":\"https:\/\/meusitejuridico.com.br\/2024\/08\/07\/feriado-local-efeitos-processuais-lei-14-939-2024\/#primaryimage\"},\"image\":{\"@id\":\"https:\/\/meusitejuridico.com.br\/2024\/08\/07\/feriado-local-efeitos-processuais-lei-14-939-2024\/#primaryimage\"},\"thumbnailUrl\":\"https:\/\/cdn.meusitejuridico.com.br\/s.meusitejuridico\/2024\/08\/b6112196-shutterstock-1099591508-1.jpg\",\"datePublished\":\"2024-08-07T18:42:22+00:00\",\"dateModified\":\"2024-08-07T18:42:23+00:00\",\"description\":\"A tempestividade \u00e9 um dos mais importantes requisitos de admissibilidade dos recursos. Ainda que a decis\u00e3o judicial n\u00e3o seja correta, somente poder\u00e1 ser impugnada dentro dos prazos estipulados em lei, em virtude da necessidade de preserva\u00e7\u00e3o da seguran\u00e7a jur\u00eddica e da estabiliza\u00e7\u00e3o das rela\u00e7\u00f5es sociais \u2013 sendo invi\u00e1vel que os processos judiciais permane\u00e7am em curso indefinidamente.\",\"breadcrumb\":{\"@id\":\"https:\/\/meusitejuridico.com.br\/2024\/08\/07\/feriado-local-efeitos-processuais-lei-14-939-2024\/#breadcrumb\"},\"inLanguage\":\"pt-BR\",\"potentialAction\":[{\"@type\":\"ReadAction\",\"target\":[\"https:\/\/meusitejuridico.com.br\/2024\/08\/07\/feriado-local-efeitos-processuais-lei-14-939-2024\/\"]}]},{\"@type\":\"ImageObject\",\"inLanguage\":\"pt-BR\",\"@id\":\"https:\/\/meusitejuridico.com.br\/2024\/08\/07\/feriado-local-efeitos-processuais-lei-14-939-2024\/#primaryimage\",\"url\":\"https:\/\/cdn.meusitejuridico.com.br\/s.meusitejuridico\/2024\/08\/b6112196-shutterstock-1099591508-1.jpg\",\"contentUrl\":\"https:\/\/cdn.meusitejuridico.com.br\/s.meusitejuridico\/2024\/08\/b6112196-shutterstock-1099591508-1.jpg\",\"width\":1000,\"height\":667},{\"@type\":\"BreadcrumbList\",\"@id\":\"https:\/\/meusitejuridico.com.br\/2024\/08\/07\/feriado-local-efeitos-processuais-lei-14-939-2024\/#breadcrumb\",\"itemListElement\":[{\"@type\":\"ListItem\",\"position\":1,\"name\":\"In\u00edcio\",\"item\":\"https:\/\/cdn.meusitejuridico.com.br\/\"},{\"@type\":\"ListItem\",\"position\":2,\"name\":\"Feriado Local: Efeitos Processuais (Lei 14.939\/2024)\"}]},{\"@type\":\"WebSite\",\"@id\":\"https:\/\/cdn.meusitejuridico.com.br\/#website\",\"url\":\"https:\/\/cdn.meusitejuridico.com.br\/\",\"name\":\"Meu site jur\u00eddico\",\"description\":\"Meu site jur\u00eddico\",\"publisher\":{\"@id\":\"https:\/\/cdn.meusitejuridico.com.br\/#organization\"},\"potentialAction\":[{\"@type\":\"SearchAction\",\"target\":{\"@type\":\"EntryPoint\",\"urlTemplate\":\"https:\/\/cdn.meusitejuridico.com.br\/?s={search_term_string}\"},\"query-input\":{\"@type\":\"PropertyValueSpecification\",\"valueRequired\":true,\"valueName\":\"search_term_string\"}}],\"inLanguage\":\"pt-BR\"},{\"@type\":\"Organization\",\"@id\":\"https:\/\/cdn.meusitejuridico.com.br\/#organization\",\"name\":\"Meu site jur\u00eddico\",\"url\":\"https:\/\/cdn.meusitejuridico.com.br\/\",\"logo\":{\"@type\":\"ImageObject\",\"inLanguage\":\"pt-BR\",\"@id\":\"https:\/\/cdn.meusitejuridico.com.br\/#\/schema\/logo\/image\/\",\"url\":\"https:\/\/cdn.meusitejuridico.com.br\/s.meusitejuridico\/2022\/03\/cropped-baeec2a3-msj-02-01-01.png\",\"contentUrl\":\"https:\/\/cdn.meusitejuridico.com.br\/s.meusitejuridico\/2022\/03\/cropped-baeec2a3-msj-02-01-01.png\",\"width\":349,\"height\":243,\"caption\":\"Meu site jur\u00eddico\"},\"image\":{\"@id\":\"https:\/\/cdn.meusitejuridico.com.br\/#\/schema\/logo\/image\/\"}},{\"@type\":\"Person\",\"@id\":\"https:\/\/cdn.meusitejuridico.com.br\/#\/schema\/person\/1abc56520713c7a1399250f164c32604\",\"name\":\"Marco Aur\u00e9lio Serau Jr.\",\"image\":{\"@type\":\"ImageObject\",\"inLanguage\":\"pt-BR\",\"@id\":\"https:\/\/cdn.meusitejuridico.com.br\/#\/schema\/person\/image\/\",\"url\":\"https:\/\/cdn.meusitejuridico.com.br\/s.meusitejuridico\/2024\/11\/Captura-de-tela-2024-11-22-140046-150x150.jpg\",\"contentUrl\":\"https:\/\/cdn.meusitejuridico.com.br\/s.meusitejuridico\/2024\/11\/Captura-de-tela-2024-11-22-140046-150x150.jpg\",\"caption\":\"Marco Aur\u00e9lio Serau Jr.\"},\"description\":\"Professor da UFPR \u2013 Universidade Federal do Paran\u00e1, na gradua\u00e7\u00e3o e p\u00f3s-gradua\u00e7\u00e3o. Doutor e Mestre em Direito pela USP \u2013 Universidade de S\u00e3o Paulo. Advogado e Consultor. Diretor Cient\u00edfico do IEPREV - Instituto de Estudos Previdenci\u00e1rios. Autor de diversas obras jur\u00eddicas, dentre elas Manual dos Recursos C\u00edveis \u2013 Teoria e Pr\u00e1tica, 8\u00aa ed., Juspodivm, 2023 (em coautoria com o Professor Denis Donoso).\",\"sameAs\":[\"https:\/\/www.editorajuspodivm.com.br\/autores\/detalhe\/695?idtag=ebe04ee0-bb3c-4b7f-96b9-fcd9428789d5\",\"https:\/\/www.facebook.com\/prof.marco.serau\/\",\"https:\/\/www.instagram.com\/prof.marcoserau\/\",\"https:\/\/x.com\/marcoserau\"],\"url\":\"https:\/\/cdn.meusitejuridico.com.br\/author\/918132643179\/\"}]}<\/script>\n<!-- \/ Yoast SEO plugin. -->","yoast_head_json":{"title":"Feriado Local: Efeitos Processuais (Lei 14.939\/2024) - Meu site jur\u00eddico","description":"A tempestividade \u00e9 um dos mais importantes requisitos de admissibilidade dos recursos. Ainda que a decis\u00e3o judicial n\u00e3o seja correta, somente poder\u00e1 ser impugnada dentro dos prazos estipulados em lei, em virtude da necessidade de preserva\u00e7\u00e3o da seguran\u00e7a jur\u00eddica e da estabiliza\u00e7\u00e3o das rela\u00e7\u00f5es sociais \u2013 sendo invi\u00e1vel que os processos judiciais permane\u00e7am em curso indefinidamente.","robots":{"index":"index","follow":"follow","max-snippet":"max-snippet:-1","max-image-preview":"max-image-preview:large","max-video-preview":"max-video-preview:-1"},"canonical":"https:\/\/meusitejuridico.com.br\/2024\/08\/07\/feriado-local-efeitos-processuais-lei-14-939-2024\/","og_locale":"pt_BR","og_type":"article","og_title":"Feriado Local: Efeitos Processuais (Lei 14.939\/2024) - Meu site jur\u00eddico","og_description":"A tempestividade \u00e9 um dos mais importantes requisitos de admissibilidade dos recursos. Ainda que a decis\u00e3o judicial n\u00e3o seja correta, somente poder\u00e1 ser impugnada dentro dos prazos estipulados em lei, em virtude da necessidade de preserva\u00e7\u00e3o da seguran\u00e7a jur\u00eddica e da estabiliza\u00e7\u00e3o das rela\u00e7\u00f5es sociais \u2013 sendo invi\u00e1vel que os processos judiciais permane\u00e7am em curso indefinidamente.","og_url":"https:\/\/meusitejuridico.com.br\/2024\/08\/07\/feriado-local-efeitos-processuais-lei-14-939-2024\/","og_site_name":"Meu site jur\u00eddico","article_author":"https:\/\/www.facebook.com\/prof.marco.serau\/","article_published_time":"2024-08-07T18:42:22+00:00","article_modified_time":"2024-08-07T18:42:23+00:00","og_image":[{"width":1000,"height":667,"url":"https:\/\/meusitejuridico.com.br\/s.meusitejuridico\/2024\/08\/b6112196-shutterstock-1099591508-1.jpg","type":"image\/jpeg"}],"author":"Marco Aur\u00e9lio Serau Jr.","twitter_card":"summary_large_image","twitter_creator":"@marcoserau","twitter_misc":{"Escrito por":"Marco Aur\u00e9lio Serau Jr.","Est. tempo de leitura":"3 minutos"},"schema":{"@context":"https:\/\/schema.org","@graph":[{"@type":"Article","@id":"https:\/\/meusitejuridico.com.br\/2024\/08\/07\/feriado-local-efeitos-processuais-lei-14-939-2024\/#article","isPartOf":{"@id":"https:\/\/meusitejuridico.com.br\/2024\/08\/07\/feriado-local-efeitos-processuais-lei-14-939-2024\/"},"author":{"name":"Marco Aur\u00e9lio Serau Jr.","@id":"https:\/\/cdn.meusitejuridico.com.br\/#\/schema\/person\/1abc56520713c7a1399250f164c32604"},"headline":"Feriado Local: Efeitos Processuais (Lei 14.939\/2024)","datePublished":"2024-08-07T18:42:22+00:00","dateModified":"2024-08-07T18:42:23+00:00","mainEntityOfPage":{"@id":"https:\/\/meusitejuridico.com.br\/2024\/08\/07\/feriado-local-efeitos-processuais-lei-14-939-2024\/"},"wordCount":505,"commentCount":0,"publisher":{"@id":"https:\/\/cdn.meusitejuridico.com.br\/#organization"},"image":{"@id":"https:\/\/meusitejuridico.com.br\/2024\/08\/07\/feriado-local-efeitos-processuais-lei-14-939-2024\/#primaryimage"},"thumbnailUrl":"https:\/\/cdn.meusitejuridico.com.br\/s.meusitejuridico\/2024\/08\/b6112196-shutterstock-1099591508-1.jpg","keywords":["feriados","prazos","Processo Civil"],"articleSection":["Artigos","Direito Processual Civil"],"inLanguage":"pt-BR","potentialAction":[{"@type":"CommentAction","name":"Comment","target":["https:\/\/meusitejuridico.com.br\/2024\/08\/07\/feriado-local-efeitos-processuais-lei-14-939-2024\/#respond"]}]},{"@type":"WebPage","@id":"https:\/\/meusitejuridico.com.br\/2024\/08\/07\/feriado-local-efeitos-processuais-lei-14-939-2024\/","url":"https:\/\/meusitejuridico.com.br\/2024\/08\/07\/feriado-local-efeitos-processuais-lei-14-939-2024\/","name":"Feriado Local: Efeitos Processuais (Lei 14.939\/2024) - Meu site jur\u00eddico","isPartOf":{"@id":"https:\/\/cdn.meusitejuridico.com.br\/#website"},"primaryImageOfPage":{"@id":"https:\/\/meusitejuridico.com.br\/2024\/08\/07\/feriado-local-efeitos-processuais-lei-14-939-2024\/#primaryimage"},"image":{"@id":"https:\/\/meusitejuridico.com.br\/2024\/08\/07\/feriado-local-efeitos-processuais-lei-14-939-2024\/#primaryimage"},"thumbnailUrl":"https:\/\/cdn.meusitejuridico.com.br\/s.meusitejuridico\/2024\/08\/b6112196-shutterstock-1099591508-1.jpg","datePublished":"2024-08-07T18:42:22+00:00","dateModified":"2024-08-07T18:42:23+00:00","description":"A tempestividade \u00e9 um dos mais importantes requisitos de admissibilidade dos recursos. Ainda que a decis\u00e3o judicial n\u00e3o seja correta, somente poder\u00e1 ser impugnada dentro dos prazos estipulados em lei, em virtude da necessidade de preserva\u00e7\u00e3o da seguran\u00e7a jur\u00eddica e da estabiliza\u00e7\u00e3o das rela\u00e7\u00f5es sociais \u2013 sendo invi\u00e1vel que os processos judiciais permane\u00e7am em curso indefinidamente.","breadcrumb":{"@id":"https:\/\/meusitejuridico.com.br\/2024\/08\/07\/feriado-local-efeitos-processuais-lei-14-939-2024\/#breadcrumb"},"inLanguage":"pt-BR","potentialAction":[{"@type":"ReadAction","target":["https:\/\/meusitejuridico.com.br\/2024\/08\/07\/feriado-local-efeitos-processuais-lei-14-939-2024\/"]}]},{"@type":"ImageObject","inLanguage":"pt-BR","@id":"https:\/\/meusitejuridico.com.br\/2024\/08\/07\/feriado-local-efeitos-processuais-lei-14-939-2024\/#primaryimage","url":"https:\/\/cdn.meusitejuridico.com.br\/s.meusitejuridico\/2024\/08\/b6112196-shutterstock-1099591508-1.jpg","contentUrl":"https:\/\/cdn.meusitejuridico.com.br\/s.meusitejuridico\/2024\/08\/b6112196-shutterstock-1099591508-1.jpg","width":1000,"height":667},{"@type":"BreadcrumbList","@id":"https:\/\/meusitejuridico.com.br\/2024\/08\/07\/feriado-local-efeitos-processuais-lei-14-939-2024\/#breadcrumb","itemListElement":[{"@type":"ListItem","position":1,"name":"In\u00edcio","item":"https:\/\/cdn.meusitejuridico.com.br\/"},{"@type":"ListItem","position":2,"name":"Feriado Local: Efeitos Processuais (Lei 14.939\/2024)"}]},{"@type":"WebSite","@id":"https:\/\/cdn.meusitejuridico.com.br\/#website","url":"https:\/\/cdn.meusitejuridico.com.br\/","name":"Meu site jur\u00eddico","description":"Meu site jur\u00eddico","publisher":{"@id":"https:\/\/cdn.meusitejuridico.com.br\/#organization"},"potentialAction":[{"@type":"SearchAction","target":{"@type":"EntryPoint","urlTemplate":"https:\/\/cdn.meusitejuridico.com.br\/?s={search_term_string}"},"query-input":{"@type":"PropertyValueSpecification","valueRequired":true,"valueName":"search_term_string"}}],"inLanguage":"pt-BR"},{"@type":"Organization","@id":"https:\/\/cdn.meusitejuridico.com.br\/#organization","name":"Meu site jur\u00eddico","url":"https:\/\/cdn.meusitejuridico.com.br\/","logo":{"@type":"ImageObject","inLanguage":"pt-BR","@id":"https:\/\/cdn.meusitejuridico.com.br\/#\/schema\/logo\/image\/","url":"https:\/\/cdn.meusitejuridico.com.br\/s.meusitejuridico\/2022\/03\/cropped-baeec2a3-msj-02-01-01.png","contentUrl":"https:\/\/cdn.meusitejuridico.com.br\/s.meusitejuridico\/2022\/03\/cropped-baeec2a3-msj-02-01-01.png","width":349,"height":243,"caption":"Meu site jur\u00eddico"},"image":{"@id":"https:\/\/cdn.meusitejuridico.com.br\/#\/schema\/logo\/image\/"}},{"@type":"Person","@id":"https:\/\/cdn.meusitejuridico.com.br\/#\/schema\/person\/1abc56520713c7a1399250f164c32604","name":"Marco Aur\u00e9lio Serau Jr.","image":{"@type":"ImageObject","inLanguage":"pt-BR","@id":"https:\/\/cdn.meusitejuridico.com.br\/#\/schema\/person\/image\/","url":"https:\/\/cdn.meusitejuridico.com.br\/s.meusitejuridico\/2024\/11\/Captura-de-tela-2024-11-22-140046-150x150.jpg","contentUrl":"https:\/\/cdn.meusitejuridico.com.br\/s.meusitejuridico\/2024\/11\/Captura-de-tela-2024-11-22-140046-150x150.jpg","caption":"Marco Aur\u00e9lio Serau Jr."},"description":"Professor da UFPR \u2013 Universidade Federal do Paran\u00e1, na gradua\u00e7\u00e3o e p\u00f3s-gradua\u00e7\u00e3o. Doutor e Mestre em Direito pela USP \u2013 Universidade de S\u00e3o Paulo. Advogado e Consultor. Diretor Cient\u00edfico do IEPREV - Instituto de Estudos Previdenci\u00e1rios. Autor de diversas obras jur\u00eddicas, dentre elas Manual dos Recursos C\u00edveis \u2013 Teoria e Pr\u00e1tica, 8\u00aa ed., Juspodivm, 2023 (em coautoria com o Professor Denis Donoso).","sameAs":["https:\/\/www.editorajuspodivm.com.br\/autores\/detalhe\/695?idtag=ebe04ee0-bb3c-4b7f-96b9-fcd9428789d5","https:\/\/www.facebook.com\/prof.marco.serau\/","https:\/\/www.instagram.com\/prof.marcoserau\/","https:\/\/x.com\/marcoserau"],"url":"https:\/\/cdn.meusitejuridico.com.br\/author\/918132643179\/"}]}},"_links":{"self":[{"href":"https:\/\/cdn.meusitejuridico.com.br\/api\/wp\/v2\/posts\/21053","targetHints":{"allow":["GET"]}}],"collection":[{"href":"https:\/\/cdn.meusitejuridico.com.br\/api\/wp\/v2\/posts"}],"about":[{"href":"https:\/\/cdn.meusitejuridico.com.br\/api\/wp\/v2\/types\/post"}],"author":[{"embeddable":true,"href":"https:\/\/cdn.meusitejuridico.com.br\/api\/wp\/v2\/users\/118"}],"replies":[{"embeddable":true,"href":"https:\/\/cdn.meusitejuridico.com.br\/api\/wp\/v2\/comments?post=21053"}],"version-history":[{"count":1,"href":"https:\/\/cdn.meusitejuridico.com.br\/api\/wp\/v2\/posts\/21053\/revisions"}],"predecessor-version":[{"id":21055,"href":"https:\/\/cdn.meusitejuridico.com.br\/api\/wp\/v2\/posts\/21053\/revisions\/21055"}],"wp:featuredmedia":[{"embeddable":true,"href":"https:\/\/cdn.meusitejuridico.com.br\/api\/wp\/v2\/media\/21054"}],"wp:attachment":[{"href":"https:\/\/cdn.meusitejuridico.com.br\/api\/wp\/v2\/media?parent=21053"}],"wp:term":[{"taxonomy":"category","embeddable":true,"href":"https:\/\/cdn.meusitejuridico.com.br\/api\/wp\/v2\/categories?post=21053"},{"taxonomy":"post_tag","embeddable":true,"href":"https:\/\/cdn.meusitejuridico.com.br\/api\/wp\/v2\/tags?post=21053"}],"curies":[{"name":"wp","href":"https:\/\/api.w.org\/{rel}","templated":true}]}}