{"id":23499,"date":"2025-12-11T11:19:32","date_gmt":"2025-12-11T14:19:32","guid":{"rendered":"https:\/\/meusitejuridico.editorajuspodivm.com.br\/?p=23499"},"modified":"2025-12-11T11:19:33","modified_gmt":"2025-12-11T14:19:33","slug":"busca-domiciliar-e-horario-constitucional-a-nova-interpretacao-fixada-pelo-stj","status":"publish","type":"post","link":"https:\/\/cdn.meusitejuridico.com.br\/2025\/12\/11\/busca-domiciliar-e-horario-constitucional-a-nova-interpretacao-fixada-pelo-stj\/","title":{"rendered":"Busca domiciliar e hor\u00e1rio constitucional: A nova interpreta\u00e7\u00e3o fixada pelo STJ"},"content":{"rendered":"\n<p>No julgamento dos RHCs 196.481 e 196.496, a Terceira Se\u00e7\u00e3o do STJ acaba de definir que, para fins de cumprimento de mandado de busca domiciliar, \u201cdia\u201d \u00e9 o per\u00edodo que vai das 5h \u00e0s 21h, independentemente de luminosidade natural.<\/p>\n\n\n\n<p>Essa defini\u00e7\u00e3o afasta, de imediato, as controv\u00e9rsias doutrin\u00e1rias que se formaram ao longo dos anos em torno da express\u00e3o \u201cdurante o dia\u201d, constante do art. 5\u00ba, XI, da Constitui\u00e7\u00e3o. Vejamos.<\/p>\n\n\n\n<p>Como regra, a busca domiciliar deve ser cumprida durante o dia, podendo ocorrer \u00e0 noite apenas se o morador consentir. Sempre houve debate sobre o que exatamente significaria \u201cdia\u201d, pois a Constitui\u00e7\u00e3o, ao proteger a inviolabilidade do domic\u00edlio, previu que a ordem judicial s\u00f3 pode ser cumprida nesse per\u00edodo. O objetivo do constituinte foi garantir transpar\u00eancia e controle social: a dilig\u00eancia realizada na calada da noite, sem circula\u00e7\u00e3o de pessoas, favoreceria condutas arbitr\u00e1rias e clandestinas.<\/p>\n\n\n\n<p>Tradicionalmente, antes da Lei 13.869\/19 (Lei de Abuso de Autoridade), duas linhas se confrontavam:<\/p>\n\n\n\n<p><strong>1) Crit\u00e9rio cronol\u00f3gico (hor\u00e1rio fixo)<\/strong><\/p>\n\n\n\n<p>Para essa corrente, \u201cdia\u201d corresponde simplesmente ao per\u00edodo entre 6h e 18h. Assim, qualquer ato antes das 6h ou ap\u00f3s as 18h configuraria cumprimento noturno da ordem judicial.<\/p>\n\n\n\n<p><strong>2) Crit\u00e9rio f\u00edsico-astron\u00f4mico (luminosidade natural)<\/strong><\/p>\n\n\n\n<p>Outro grupo defendia que \u201cdia\u201d seria o espa\u00e7o entre a aurora e o crep\u00fasculo, variando conforme a \u00e9poca do ano e a regi\u00e3o \u2014 especialmente onde h\u00e1 hor\u00e1rio de ver\u00e3o. Nesse racioc\u00ednio, havendo luz solar, ainda que ap\u00f3s as 18h, a dilig\u00eancia permaneceria v\u00e1lida.<\/p>\n\n\n\n<p>Com o advento da Lei 13.869\/2019, seu art. 22, \u00a71\u00ba, III, no cumprimento do mandado de busca domiciliar previu, expressamente, uma janela temporal: 5h \u00e0s 21h.<\/p>\n\n\n\n<p>Da\u00ed surgiram as duas interpreta\u00e7\u00f5es:<\/p>\n\n\n\n<p>Primeira corrente: \u201cdia\u201d \u00e9 o espa\u00e7o compreendido entre 5h e 21h, desde que presente luz solar<\/p>\n\n\n\n<p>Segunda corrente: \u201cdia\u201d compreende a baliza entre 5h e 21h, mesmo sem luz solar nesse intervalo.<\/p>\n\n\n\n<p>O STJ seguiu, portanto, essa segunda corrente, encerrando a controv\u00e9rsia.<br>Com isso, a Constitui\u00e7\u00e3o (art. 5\u00ba, XI) passa a ser interpretada de acordo com esse marco objetivo, que confere maior seguran\u00e7a jur\u00eddica para a execu\u00e7\u00e3o das dilig\u00eancias.<\/p>\n\n\n\n<p>Deve ser alertado, por fim, que, uma vez iniciada validamente a dilig\u00eancia durante o dia (isto \u00e9, dentro do intervalo 5h\u201321h), n\u00e3o h\u00e1 necessidade de suspender a opera\u00e7\u00e3o com o cair da noite. O constituinte buscou proteger a intimidade, restringindo o ingresso; n\u00e3o impediu que a atividade, regularmente iniciada, continuasse ap\u00f3s o anoitecer.<\/p>\n\n\n\n<p>Interromper a busca ao escurecer geraria situa\u00e7\u00f5es absurdas: imagine-se uma opera\u00e7\u00e3o em resid\u00eancia coletiva que deveria cessar \u00e0s 21h, obrigando agentes a manter vig\u00edlia at\u00e9 a manh\u00e3 seguinte para evitar fuga ou destrui\u00e7\u00e3o de provas. O sistema constitucional jamais pretendeu solu\u00e7\u00e3o t\u00e3o disfuncional.<\/p>\n\n\n\n<p><strong>Conclus\u00e3o: <\/strong>com o recente entendimento do STJ:<\/p>\n\n\n\n<ul class=\"wp-block-list\">\n<li>\u201cDia\u201d = 5h a 21h, com ou sem sol.<\/li>\n\n\n\n<li>Fora desse intervalo, o cumprimento do mandado \u00e9 ilegal, podendo configurar abuso de autoridade (Lei 13.869\/19).<\/li>\n\n\n\n<li>Iniciada a dilig\u00eancia dentro do per\u00edodo v\u00e1lido, \u00e9 plenamente poss\u00edvel sua continuidade ap\u00f3s 21h, sem qualquer irregularidade.<\/li>\n<\/ul>\n\n\n\n<p><\/p>\n","protected":false},"excerpt":{"rendered":"<p>No julgamento dos RHCs 196.481 e 196.496, a Terceira Se\u00e7\u00e3o do STJ acaba de definir que, para fins de cumprimento de mandado de busca domiciliar, \u201cdia\u201d \u00e9 o per\u00edodo que vai das 5h \u00e0s 21h, independentemente de luminosidade natural. Essa defini\u00e7\u00e3o afasta, de imediato, as controv\u00e9rsias doutrin\u00e1rias que se formaram ao longo dos anos em [&hellip;]<\/p>\n","protected":false},"author":3,"featured_media":23501,"comment_status":"open","ping_status":"open","sticky":false,"template":"","format":"standard","meta":{"_acf_changed":false,"footnotes":""},"categories":[1],"tags":[],"class_list":["post-23499","post","type-post","status-publish","format-standard","has-post-thumbnail","hentry","category-artigos"],"acf":[],"yoast_head":"<!-- This site is optimized with the Yoast SEO plugin v24.8.1 - https:\/\/yoast.com\/wordpress\/plugins\/seo\/ -->\n<title>Busca domiciliar e hor\u00e1rio constitucional: A nova interpreta\u00e7\u00e3o fixada pelo STJ - Meu site jur\u00eddico<\/title>\n<meta name=\"robots\" content=\"index, follow, max-snippet:-1, max-image-preview:large, max-video-preview:-1\" \/>\n<link rel=\"canonical\" href=\"https:\/\/meusitejuridico.editorajuspodivm.com.br\/2025\/12\/11\/busca-domiciliar-e-horario-constitucional-a-nova-interpretacao-fixada-pelo-stj\/\" \/>\n<meta property=\"og:locale\" content=\"pt_BR\" \/>\n<meta property=\"og:type\" content=\"article\" \/>\n<meta property=\"og:title\" content=\"Busca domiciliar e hor\u00e1rio constitucional: A nova interpreta\u00e7\u00e3o fixada pelo STJ - Meu site jur\u00eddico\" \/>\n<meta property=\"og:description\" content=\"No julgamento dos RHCs 196.481 e 196.496, a Terceira Se\u00e7\u00e3o do STJ acaba de definir que, para fins de cumprimento de mandado de busca domiciliar, \u201cdia\u201d \u00e9 o per\u00edodo que vai das 5h \u00e0s 21h, independentemente de luminosidade natural. Essa defini\u00e7\u00e3o afasta, de imediato, as controv\u00e9rsias doutrin\u00e1rias que se formaram ao longo dos anos em [&hellip;]\" \/>\n<meta property=\"og:url\" content=\"https:\/\/meusitejuridico.editorajuspodivm.com.br\/2025\/12\/11\/busca-domiciliar-e-horario-constitucional-a-nova-interpretacao-fixada-pelo-stj\/\" \/>\n<meta property=\"og:site_name\" content=\"Meu site jur\u00eddico\" \/>\n<meta property=\"article:author\" content=\"https:\/\/www.facebook.com\/RogerioSanchesC\" \/>\n<meta property=\"article:published_time\" content=\"2025-12-11T14:19:32+00:00\" \/>\n<meta property=\"article:modified_time\" content=\"2025-12-11T14:19:33+00:00\" \/>\n<meta property=\"og:image\" content=\"https:\/\/meusitejuridico.editorajuspodivm.com.br\/s.meusitejuridico\/2025\/12\/Busca-1024x683.png\" \/>\n\t<meta property=\"og:image:width\" content=\"1024\" \/>\n\t<meta property=\"og:image:height\" content=\"683\" \/>\n\t<meta property=\"og:image:type\" content=\"image\/png\" \/>\n<meta name=\"author\" content=\"Rog\u00e9rio Sanches Cunha\" \/>\n<meta name=\"twitter:card\" content=\"summary_large_image\" \/>\n<meta name=\"twitter:creator\" content=\"@RogerioSanchesC\" \/>\n<meta name=\"twitter:label1\" content=\"Escrito por\" \/>\n\t<meta name=\"twitter:data1\" content=\"Rog\u00e9rio Sanches Cunha\" \/>\n\t<meta name=\"twitter:label2\" content=\"Est. tempo de leitura\" \/>\n\t<meta name=\"twitter:data2\" content=\"3 minutos\" \/>\n<script type=\"application\/ld+json\" class=\"yoast-schema-graph\">{\"@context\":\"https:\/\/schema.org\",\"@graph\":[{\"@type\":\"Article\",\"@id\":\"https:\/\/meusitejuridico.editorajuspodivm.com.br\/2025\/12\/11\/busca-domiciliar-e-horario-constitucional-a-nova-interpretacao-fixada-pelo-stj\/#article\",\"isPartOf\":{\"@id\":\"https:\/\/meusitejuridico.editorajuspodivm.com.br\/2025\/12\/11\/busca-domiciliar-e-horario-constitucional-a-nova-interpretacao-fixada-pelo-stj\/\"},\"author\":{\"name\":\"Rog\u00e9rio Sanches Cunha\",\"@id\":\"https:\/\/cdn.meusitejuridico.com.br\/#\/schema\/person\/a3cebf06fd267ee700aae09eb6722d16\"},\"headline\":\"Busca domiciliar e hor\u00e1rio constitucional: A nova interpreta\u00e7\u00e3o fixada pelo STJ\",\"datePublished\":\"2025-12-11T14:19:32+00:00\",\"dateModified\":\"2025-12-11T14:19:33+00:00\",\"mainEntityOfPage\":{\"@id\":\"https:\/\/meusitejuridico.editorajuspodivm.com.br\/2025\/12\/11\/busca-domiciliar-e-horario-constitucional-a-nova-interpretacao-fixada-pelo-stj\/\"},\"wordCount\":537,\"commentCount\":0,\"publisher\":{\"@id\":\"https:\/\/cdn.meusitejuridico.com.br\/#organization\"},\"image\":{\"@id\":\"https:\/\/meusitejuridico.editorajuspodivm.com.br\/2025\/12\/11\/busca-domiciliar-e-horario-constitucional-a-nova-interpretacao-fixada-pelo-stj\/#primaryimage\"},\"thumbnailUrl\":\"https:\/\/cdn.meusitejuridico.com.br\/s.meusitejuridico\/2025\/12\/Busca.png\",\"articleSection\":[\"Artigos\"],\"inLanguage\":\"pt-BR\",\"potentialAction\":[{\"@type\":\"CommentAction\",\"name\":\"Comment\",\"target\":[\"https:\/\/meusitejuridico.editorajuspodivm.com.br\/2025\/12\/11\/busca-domiciliar-e-horario-constitucional-a-nova-interpretacao-fixada-pelo-stj\/#respond\"]}]},{\"@type\":\"WebPage\",\"@id\":\"https:\/\/meusitejuridico.editorajuspodivm.com.br\/2025\/12\/11\/busca-domiciliar-e-horario-constitucional-a-nova-interpretacao-fixada-pelo-stj\/\",\"url\":\"https:\/\/meusitejuridico.editorajuspodivm.com.br\/2025\/12\/11\/busca-domiciliar-e-horario-constitucional-a-nova-interpretacao-fixada-pelo-stj\/\",\"name\":\"Busca domiciliar e hor\u00e1rio constitucional: A nova interpreta\u00e7\u00e3o fixada pelo STJ - Meu site jur\u00eddico\",\"isPartOf\":{\"@id\":\"https:\/\/cdn.meusitejuridico.com.br\/#website\"},\"primaryImageOfPage\":{\"@id\":\"https:\/\/meusitejuridico.editorajuspodivm.com.br\/2025\/12\/11\/busca-domiciliar-e-horario-constitucional-a-nova-interpretacao-fixada-pelo-stj\/#primaryimage\"},\"image\":{\"@id\":\"https:\/\/meusitejuridico.editorajuspodivm.com.br\/2025\/12\/11\/busca-domiciliar-e-horario-constitucional-a-nova-interpretacao-fixada-pelo-stj\/#primaryimage\"},\"thumbnailUrl\":\"https:\/\/cdn.meusitejuridico.com.br\/s.meusitejuridico\/2025\/12\/Busca.png\",\"datePublished\":\"2025-12-11T14:19:32+00:00\",\"dateModified\":\"2025-12-11T14:19:33+00:00\",\"breadcrumb\":{\"@id\":\"https:\/\/meusitejuridico.editorajuspodivm.com.br\/2025\/12\/11\/busca-domiciliar-e-horario-constitucional-a-nova-interpretacao-fixada-pelo-stj\/#breadcrumb\"},\"inLanguage\":\"pt-BR\",\"potentialAction\":[{\"@type\":\"ReadAction\",\"target\":[\"https:\/\/meusitejuridico.editorajuspodivm.com.br\/2025\/12\/11\/busca-domiciliar-e-horario-constitucional-a-nova-interpretacao-fixada-pelo-stj\/\"]}]},{\"@type\":\"ImageObject\",\"inLanguage\":\"pt-BR\",\"@id\":\"https:\/\/meusitejuridico.editorajuspodivm.com.br\/2025\/12\/11\/busca-domiciliar-e-horario-constitucional-a-nova-interpretacao-fixada-pelo-stj\/#primaryimage\",\"url\":\"https:\/\/cdn.meusitejuridico.com.br\/s.meusitejuridico\/2025\/12\/Busca.png\",\"contentUrl\":\"https:\/\/cdn.meusitejuridico.com.br\/s.meusitejuridico\/2025\/12\/Busca.png\",\"width\":1536,\"height\":1024},{\"@type\":\"BreadcrumbList\",\"@id\":\"https:\/\/meusitejuridico.editorajuspodivm.com.br\/2025\/12\/11\/busca-domiciliar-e-horario-constitucional-a-nova-interpretacao-fixada-pelo-stj\/#breadcrumb\",\"itemListElement\":[{\"@type\":\"ListItem\",\"position\":1,\"name\":\"In\u00edcio\",\"item\":\"https:\/\/cdn.meusitejuridico.com.br\/\"},{\"@type\":\"ListItem\",\"position\":2,\"name\":\"Busca domiciliar e hor\u00e1rio constitucional: A nova interpreta\u00e7\u00e3o fixada pelo STJ\"}]},{\"@type\":\"WebSite\",\"@id\":\"https:\/\/cdn.meusitejuridico.com.br\/#website\",\"url\":\"https:\/\/cdn.meusitejuridico.com.br\/\",\"name\":\"Meu site jur\u00eddico\",\"description\":\"Meu site jur\u00eddico\",\"publisher\":{\"@id\":\"https:\/\/cdn.meusitejuridico.com.br\/#organization\"},\"potentialAction\":[{\"@type\":\"SearchAction\",\"target\":{\"@type\":\"EntryPoint\",\"urlTemplate\":\"https:\/\/cdn.meusitejuridico.com.br\/?s={search_term_string}\"},\"query-input\":{\"@type\":\"PropertyValueSpecification\",\"valueRequired\":true,\"valueName\":\"search_term_string\"}}],\"inLanguage\":\"pt-BR\"},{\"@type\":\"Organization\",\"@id\":\"https:\/\/cdn.meusitejuridico.com.br\/#organization\",\"name\":\"Meu site jur\u00eddico\",\"url\":\"https:\/\/cdn.meusitejuridico.com.br\/\",\"logo\":{\"@type\":\"ImageObject\",\"inLanguage\":\"pt-BR\",\"@id\":\"https:\/\/cdn.meusitejuridico.com.br\/#\/schema\/logo\/image\/\",\"url\":\"https:\/\/cdn.meusitejuridico.com.br\/s.meusitejuridico\/2022\/03\/cropped-baeec2a3-msj-02-01-01.png\",\"contentUrl\":\"https:\/\/cdn.meusitejuridico.com.br\/s.meusitejuridico\/2022\/03\/cropped-baeec2a3-msj-02-01-01.png\",\"width\":349,\"height\":243,\"caption\":\"Meu site jur\u00eddico\"},\"image\":{\"@id\":\"https:\/\/cdn.meusitejuridico.com.br\/#\/schema\/logo\/image\/\"}},{\"@type\":\"Person\",\"@id\":\"https:\/\/cdn.meusitejuridico.com.br\/#\/schema\/person\/a3cebf06fd267ee700aae09eb6722d16\",\"name\":\"Rog\u00e9rio Sanches Cunha\",\"image\":{\"@type\":\"ImageObject\",\"inLanguage\":\"pt-BR\",\"@id\":\"https:\/\/cdn.meusitejuridico.com.br\/#\/schema\/person\/image\/\",\"url\":\"https:\/\/cdn.meusitejuridico.com.br\/s.meusitejuridico\/2023\/04\/7de31285-rsc-0054-scaled-e1681840173909-150x150.jpg\",\"contentUrl\":\"https:\/\/cdn.meusitejuridico.com.br\/s.meusitejuridico\/2023\/04\/7de31285-rsc-0054-scaled-e1681840173909-150x150.jpg\",\"caption\":\"Rog\u00e9rio Sanches Cunha\"},\"description\":\"Membro do Ministe\u0301rio Pu\u0301blico do Estado de Sa\u0303o Paulo. Professor da Escola Superior do Ministe\u0301rio Pu\u0301blico dos estados de Sa\u0303o Paulo, Mato Grosso e Santa Catarina. Coordenador Pedag\u00f3gico e Professor de Penal e Processo Penal do Curso RSConline. Fundador do site www.meusitejuridico.com.br. Cofundador e coordenador pedago\u0301gico do JUSPLAY. Autor de obras juri\u0301dicas.\",\"sameAs\":[\"https:\/\/www.editorajuspodivm.com.br\/autores\/detalhe\/107?idtag=ebe04ee0-bb3c-4b7f-96b9-fcd9428789d5\",\"https:\/\/www.facebook.com\/RogerioSanchesC\",\"https:\/\/www.instagram.com\/rogeriosanchescunha\/\",\"https:\/\/x.com\/RogerioSanchesC\",\"https:\/\/www.youtube.com\/user\/RogerioSanchesC\"],\"url\":\"https:\/\/cdn.meusitejuridico.com.br\/author\/redesrogeriogmail-com\/\"}]}<\/script>\n<!-- \/ Yoast SEO plugin. -->","yoast_head_json":{"title":"Busca domiciliar e hor\u00e1rio constitucional: A nova interpreta\u00e7\u00e3o fixada pelo STJ - Meu site jur\u00eddico","robots":{"index":"index","follow":"follow","max-snippet":"max-snippet:-1","max-image-preview":"max-image-preview:large","max-video-preview":"max-video-preview:-1"},"canonical":"https:\/\/meusitejuridico.editorajuspodivm.com.br\/2025\/12\/11\/busca-domiciliar-e-horario-constitucional-a-nova-interpretacao-fixada-pelo-stj\/","og_locale":"pt_BR","og_type":"article","og_title":"Busca domiciliar e hor\u00e1rio constitucional: A nova interpreta\u00e7\u00e3o fixada pelo STJ - Meu site jur\u00eddico","og_description":"No julgamento dos RHCs 196.481 e 196.496, a Terceira Se\u00e7\u00e3o do STJ acaba de definir que, para fins de cumprimento de mandado de busca domiciliar, \u201cdia\u201d \u00e9 o per\u00edodo que vai das 5h \u00e0s 21h, independentemente de luminosidade natural. Essa defini\u00e7\u00e3o afasta, de imediato, as controv\u00e9rsias doutrin\u00e1rias que se formaram ao longo dos anos em [&hellip;]","og_url":"https:\/\/meusitejuridico.editorajuspodivm.com.br\/2025\/12\/11\/busca-domiciliar-e-horario-constitucional-a-nova-interpretacao-fixada-pelo-stj\/","og_site_name":"Meu site jur\u00eddico","article_author":"https:\/\/www.facebook.com\/RogerioSanchesC","article_published_time":"2025-12-11T14:19:32+00:00","article_modified_time":"2025-12-11T14:19:33+00:00","og_image":[{"width":1024,"height":683,"url":"https:\/\/meusitejuridico.editorajuspodivm.com.br\/s.meusitejuridico\/2025\/12\/Busca-1024x683.png","type":"image\/png"}],"author":"Rog\u00e9rio Sanches Cunha","twitter_card":"summary_large_image","twitter_creator":"@RogerioSanchesC","twitter_misc":{"Escrito por":"Rog\u00e9rio Sanches Cunha","Est. tempo de leitura":"3 minutos"},"schema":{"@context":"https:\/\/schema.org","@graph":[{"@type":"Article","@id":"https:\/\/meusitejuridico.editorajuspodivm.com.br\/2025\/12\/11\/busca-domiciliar-e-horario-constitucional-a-nova-interpretacao-fixada-pelo-stj\/#article","isPartOf":{"@id":"https:\/\/meusitejuridico.editorajuspodivm.com.br\/2025\/12\/11\/busca-domiciliar-e-horario-constitucional-a-nova-interpretacao-fixada-pelo-stj\/"},"author":{"name":"Rog\u00e9rio Sanches Cunha","@id":"https:\/\/cdn.meusitejuridico.com.br\/#\/schema\/person\/a3cebf06fd267ee700aae09eb6722d16"},"headline":"Busca domiciliar e hor\u00e1rio constitucional: A nova interpreta\u00e7\u00e3o fixada pelo STJ","datePublished":"2025-12-11T14:19:32+00:00","dateModified":"2025-12-11T14:19:33+00:00","mainEntityOfPage":{"@id":"https:\/\/meusitejuridico.editorajuspodivm.com.br\/2025\/12\/11\/busca-domiciliar-e-horario-constitucional-a-nova-interpretacao-fixada-pelo-stj\/"},"wordCount":537,"commentCount":0,"publisher":{"@id":"https:\/\/cdn.meusitejuridico.com.br\/#organization"},"image":{"@id":"https:\/\/meusitejuridico.editorajuspodivm.com.br\/2025\/12\/11\/busca-domiciliar-e-horario-constitucional-a-nova-interpretacao-fixada-pelo-stj\/#primaryimage"},"thumbnailUrl":"https:\/\/cdn.meusitejuridico.com.br\/s.meusitejuridico\/2025\/12\/Busca.png","articleSection":["Artigos"],"inLanguage":"pt-BR","potentialAction":[{"@type":"CommentAction","name":"Comment","target":["https:\/\/meusitejuridico.editorajuspodivm.com.br\/2025\/12\/11\/busca-domiciliar-e-horario-constitucional-a-nova-interpretacao-fixada-pelo-stj\/#respond"]}]},{"@type":"WebPage","@id":"https:\/\/meusitejuridico.editorajuspodivm.com.br\/2025\/12\/11\/busca-domiciliar-e-horario-constitucional-a-nova-interpretacao-fixada-pelo-stj\/","url":"https:\/\/meusitejuridico.editorajuspodivm.com.br\/2025\/12\/11\/busca-domiciliar-e-horario-constitucional-a-nova-interpretacao-fixada-pelo-stj\/","name":"Busca domiciliar e hor\u00e1rio constitucional: A nova interpreta\u00e7\u00e3o fixada pelo STJ - Meu site jur\u00eddico","isPartOf":{"@id":"https:\/\/cdn.meusitejuridico.com.br\/#website"},"primaryImageOfPage":{"@id":"https:\/\/meusitejuridico.editorajuspodivm.com.br\/2025\/12\/11\/busca-domiciliar-e-horario-constitucional-a-nova-interpretacao-fixada-pelo-stj\/#primaryimage"},"image":{"@id":"https:\/\/meusitejuridico.editorajuspodivm.com.br\/2025\/12\/11\/busca-domiciliar-e-horario-constitucional-a-nova-interpretacao-fixada-pelo-stj\/#primaryimage"},"thumbnailUrl":"https:\/\/cdn.meusitejuridico.com.br\/s.meusitejuridico\/2025\/12\/Busca.png","datePublished":"2025-12-11T14:19:32+00:00","dateModified":"2025-12-11T14:19:33+00:00","breadcrumb":{"@id":"https:\/\/meusitejuridico.editorajuspodivm.com.br\/2025\/12\/11\/busca-domiciliar-e-horario-constitucional-a-nova-interpretacao-fixada-pelo-stj\/#breadcrumb"},"inLanguage":"pt-BR","potentialAction":[{"@type":"ReadAction","target":["https:\/\/meusitejuridico.editorajuspodivm.com.br\/2025\/12\/11\/busca-domiciliar-e-horario-constitucional-a-nova-interpretacao-fixada-pelo-stj\/"]}]},{"@type":"ImageObject","inLanguage":"pt-BR","@id":"https:\/\/meusitejuridico.editorajuspodivm.com.br\/2025\/12\/11\/busca-domiciliar-e-horario-constitucional-a-nova-interpretacao-fixada-pelo-stj\/#primaryimage","url":"https:\/\/cdn.meusitejuridico.com.br\/s.meusitejuridico\/2025\/12\/Busca.png","contentUrl":"https:\/\/cdn.meusitejuridico.com.br\/s.meusitejuridico\/2025\/12\/Busca.png","width":1536,"height":1024},{"@type":"BreadcrumbList","@id":"https:\/\/meusitejuridico.editorajuspodivm.com.br\/2025\/12\/11\/busca-domiciliar-e-horario-constitucional-a-nova-interpretacao-fixada-pelo-stj\/#breadcrumb","itemListElement":[{"@type":"ListItem","position":1,"name":"In\u00edcio","item":"https:\/\/cdn.meusitejuridico.com.br\/"},{"@type":"ListItem","position":2,"name":"Busca domiciliar e hor\u00e1rio constitucional: A nova interpreta\u00e7\u00e3o fixada pelo STJ"}]},{"@type":"WebSite","@id":"https:\/\/cdn.meusitejuridico.com.br\/#website","url":"https:\/\/cdn.meusitejuridico.com.br\/","name":"Meu site jur\u00eddico","description":"Meu site jur\u00eddico","publisher":{"@id":"https:\/\/cdn.meusitejuridico.com.br\/#organization"},"potentialAction":[{"@type":"SearchAction","target":{"@type":"EntryPoint","urlTemplate":"https:\/\/cdn.meusitejuridico.com.br\/?s={search_term_string}"},"query-input":{"@type":"PropertyValueSpecification","valueRequired":true,"valueName":"search_term_string"}}],"inLanguage":"pt-BR"},{"@type":"Organization","@id":"https:\/\/cdn.meusitejuridico.com.br\/#organization","name":"Meu site jur\u00eddico","url":"https:\/\/cdn.meusitejuridico.com.br\/","logo":{"@type":"ImageObject","inLanguage":"pt-BR","@id":"https:\/\/cdn.meusitejuridico.com.br\/#\/schema\/logo\/image\/","url":"https:\/\/cdn.meusitejuridico.com.br\/s.meusitejuridico\/2022\/03\/cropped-baeec2a3-msj-02-01-01.png","contentUrl":"https:\/\/cdn.meusitejuridico.com.br\/s.meusitejuridico\/2022\/03\/cropped-baeec2a3-msj-02-01-01.png","width":349,"height":243,"caption":"Meu site jur\u00eddico"},"image":{"@id":"https:\/\/cdn.meusitejuridico.com.br\/#\/schema\/logo\/image\/"}},{"@type":"Person","@id":"https:\/\/cdn.meusitejuridico.com.br\/#\/schema\/person\/a3cebf06fd267ee700aae09eb6722d16","name":"Rog\u00e9rio Sanches Cunha","image":{"@type":"ImageObject","inLanguage":"pt-BR","@id":"https:\/\/cdn.meusitejuridico.com.br\/#\/schema\/person\/image\/","url":"https:\/\/cdn.meusitejuridico.com.br\/s.meusitejuridico\/2023\/04\/7de31285-rsc-0054-scaled-e1681840173909-150x150.jpg","contentUrl":"https:\/\/cdn.meusitejuridico.com.br\/s.meusitejuridico\/2023\/04\/7de31285-rsc-0054-scaled-e1681840173909-150x150.jpg","caption":"Rog\u00e9rio Sanches Cunha"},"description":"Membro do Ministe\u0301rio Pu\u0301blico do Estado de Sa\u0303o Paulo. Professor da Escola Superior do Ministe\u0301rio Pu\u0301blico dos estados de Sa\u0303o Paulo, Mato Grosso e Santa Catarina. Coordenador Pedag\u00f3gico e Professor de Penal e Processo Penal do Curso RSConline. Fundador do site www.meusitejuridico.com.br. Cofundador e coordenador pedago\u0301gico do JUSPLAY. Autor de obras juri\u0301dicas.","sameAs":["https:\/\/www.editorajuspodivm.com.br\/autores\/detalhe\/107?idtag=ebe04ee0-bb3c-4b7f-96b9-fcd9428789d5","https:\/\/www.facebook.com\/RogerioSanchesC","https:\/\/www.instagram.com\/rogeriosanchescunha\/","https:\/\/x.com\/RogerioSanchesC","https:\/\/www.youtube.com\/user\/RogerioSanchesC"],"url":"https:\/\/cdn.meusitejuridico.com.br\/author\/redesrogeriogmail-com\/"}]}},"_links":{"self":[{"href":"https:\/\/cdn.meusitejuridico.com.br\/api\/wp\/v2\/posts\/23499","targetHints":{"allow":["GET"]}}],"collection":[{"href":"https:\/\/cdn.meusitejuridico.com.br\/api\/wp\/v2\/posts"}],"about":[{"href":"https:\/\/cdn.meusitejuridico.com.br\/api\/wp\/v2\/types\/post"}],"author":[{"embeddable":true,"href":"https:\/\/cdn.meusitejuridico.com.br\/api\/wp\/v2\/users\/3"}],"replies":[{"embeddable":true,"href":"https:\/\/cdn.meusitejuridico.com.br\/api\/wp\/v2\/comments?post=23499"}],"version-history":[{"count":1,"href":"https:\/\/cdn.meusitejuridico.com.br\/api\/wp\/v2\/posts\/23499\/revisions"}],"predecessor-version":[{"id":23500,"href":"https:\/\/cdn.meusitejuridico.com.br\/api\/wp\/v2\/posts\/23499\/revisions\/23500"}],"wp:featuredmedia":[{"embeddable":true,"href":"https:\/\/cdn.meusitejuridico.com.br\/api\/wp\/v2\/media\/23501"}],"wp:attachment":[{"href":"https:\/\/cdn.meusitejuridico.com.br\/api\/wp\/v2\/media?parent=23499"}],"wp:term":[{"taxonomy":"category","embeddable":true,"href":"https:\/\/cdn.meusitejuridico.com.br\/api\/wp\/v2\/categories?post=23499"},{"taxonomy":"post_tag","embeddable":true,"href":"https:\/\/cdn.meusitejuridico.com.br\/api\/wp\/v2\/tags?post=23499"}],"curies":[{"name":"wp","href":"https:\/\/api.w.org\/{rel}","templated":true}]}}