{"id":3217,"date":"2017-08-09T14:17:01","date_gmt":"2017-08-09T17:17:01","guid":{"rendered":"https:\/\/meusitejuridico.com.br\/?p=3217"},"modified":"2017-08-09T14:22:19","modified_gmt":"2017-08-09T17:22:19","slug":"o-leviata-de-thomas-hobbes","status":"publish","type":"post","link":"https:\/\/cdn.meusitejuridico.com.br\/2017\/08\/09\/o-leviata-de-thomas-hobbes\/","title":{"rendered":"O Leviat\u00e3 de Thomas Hobbes"},"content":{"rendered":"<p class=\"p1\"><span class=\"s1\"><span class='qlabs_tooltip_top qlabs_tooltip_style_1 cursor_pointer' style=''  aria-haspopup='true'>Thomas Hobbes <span style='width: 180px; '  ><img decoding=\"async\" class=\"alignnone size-full wp-image-3218\" src=\"https:\/\/s3.amazonaws.com\/wp4-content\/s3-meusitejuridico\/2017\/08\/aab19501-hobbes.jpg\" alt=\"\" width=\"200\" height=\"211\" srcset=\"https:\/\/cdn.meusitejuridico.com.br\/s.meusitejuridico\/2017\/08\/aab19501-hobbes.jpg 200w, https:\/\/cdn.meusitejuridico.com.br\/s.meusitejuridico\/2017\/08\/aab19501-hobbes-80x84.jpg 80w\" sizes=\"(max-width: 200px) 100vw, 200px\" \/><\/span><\/span>\u00a0<\/span>nasceu em Westport, uma pequena aldeia localizada perto da vila de Malmesbury em 5 de abril de 1588 e faleceu em Hardwick em 04 de dezembro de 1679. Hobbes formou-se em Oxford dentro de uma tradi\u00e7\u00e3o escol\u00e1stica (<a class='qlabs_tooltip_top qlabs_tooltip_style_1 cursor_pointer event_hover' style=''  aria-haspopup='true'>nota<span style='width: 180px; '  >Conv\u00e9m salientar que o fil\u00f3sofo era filho de um pastor, e como n\u00e3o tinha condi\u00e7\u00f5es de cursar nenhuma institui\u00e7\u00e3o escolar, teve como educa\u00e7\u00e3o prim\u00e1ria a leitura de livros religiosos. Conheceu Robert Latimer quando tinha sete anos de idade e com este mestre aprendeu latim e grego, e aos 14 anos foi matriculado por seu tio no Magdalen College de Oxford onde se intitulou bacharel <\/span><\/a>). Dentre outras not\u00e1veis atividades, destaca-se o Hobbes fil\u00f3sofo, matem\u00e1tico e te\u00f3rico pol\u00edtico. Escreveu em 1651 suas principais obras, <em>Do Cidad\u00e3o<\/em> e <em>Leviat\u00e3 <\/em>&#8211; esta \u00faltima, objeto desta breve an\u00e1lise.<\/p>\n<p>Quando abordamos um autor marcante como Hobbes, conv\u00e9m realizar uma breve introdu\u00e7\u00e3o para situar o leitor sobre o per\u00edodo obscuro em que Hobbes escreveu <em>Leviat\u00e3<\/em>. Assim, \u201cse no tempo, como no espa\u00e7o, houvesse graus de alto e baixo, acredito firmemente que o mais alto de todos os tempos seria o que transcorreu de 1640 a 1660. Pois quem nele se postasse, como na montanha do Diabo para olhar o mundo e observar as a\u00e7\u00f5es dos homens, especialmente na Inglaterra, poderia descortinar um panorama de todas as esp\u00e9cies de injusti\u00e7a e de todas as esp\u00e9cies de loucura que o mundo possa tolerar, e de como foram produzidas pela hipocrisia e vaidade (<em>self-conceit<\/em>), sendo aquela dobrada iniq\u00fcidade e esta dupla loucura\u201d (<a class='qlabs_tooltip_top qlabs_tooltip_style_1 cursor_pointer event_hover' style=''  aria-haspopup='true'>nota<span style='width: 180px; '  >RIBEIRO, Renato Janine. A marca do Leviat\u00e3. Linguagem de poder em Hobbes. S\u00e3o Paulo: Ateli\u00ea Editorial, 2003.<\/span><\/a>).<\/p>\n<p>\u00c9 importante reter que Hobbes sofreu dois processos de heresia. Seus escritos foram condenados e publicamente queimados, mas lidos avidamente pelos intelectuais, pol\u00edticos e pelos mais humildes entre as pessoas comuns. O livro em estudo fez com que praticamente todo o clero da Inglaterra \u201cdeclarasse guerra\u201d ao fil\u00f3sofo. Lembre-se que Leviat\u00e3 designava um monstro marinho descrito na <em>B\u00edblia<\/em>, (nomeadamente no livro de J\u00f3): <em>Quem confia, se faz ilus\u00f5es, pois j\u00e1 seu aspecto o derruba. Ningu\u00e9m se atreve a provoc\u00e1-lo. Quem lhe resistir\u00e1? Quem ousou desafi\u00e1-lo e ficou ileso? Ningu\u00e9m debaixo do c\u00e9u<b>\u00a0<\/b><\/em>(<a class='qlabs_tooltip_top qlabs_tooltip_style_1 cursor_pointer event_hover' style=''  aria-haspopup='true'>nota<span style='width: 180px; '  >(J\u00d3 41, 1-3). Quanto ao Monstro citado, conv\u00e9m lembrar que suas origens remontam \u00e0 mitologia fen\u00edcia onde simbolizava o caos e possu\u00eda a imagem de um crocodilo. Na cren\u00e7a judaica, o Leviat\u00e3 (tamb\u00e9m chamado de drag\u00e3o em Ezequiel 29.3 e de crocodilo em Ezequiel 32.2) simboliza um poder contr\u00e1rio ao de Deus que, segundo o cristianismo, dever\u00e1 sucumbir no Ju\u00edzo Final.<\/span><\/a>).<\/p>\n<p>\u00c9 precisamente esse monstro que Hobbes equipara ao Estado (monstro nem tanto pelo poder absoluto, mas pelo seu car\u00e1ter artificial) &#8211; que simboliza o poder do estado absoluto. Lembre-se que Hobbes foi um defensor do absolutismo, e sua justificativa para essa forma de governo \u00e9 estritamente racional, isto \u00e9: livre de qualquer tipo de religiosidade e sentimentalismo. Ele criou, assim, uma teoria que fundamenta a necessidade de um Estado Soberano como forma de manter a paz civil.<\/p>\n<p>De fato, Hobbes foi o primeiro pensador ocidental a contrariar<span class='qlabs_tooltip_top qlabs_tooltip_style_1 cursor_pointer' style=''  aria-haspopup='true'>Arist\u00f3teles <span style='width: 180px; '  ><img fetchpriority=\"high\" decoding=\"async\" class=\"alignnone size-full wp-image-3219\" src=\"https:\/\/s3.amazonaws.com\/wp4-content\/s3-meusitejuridico\/2017\/08\/2641daa7-aristoteles.jpg\" alt=\"\" width=\"247\" height=\"204\" srcset=\"https:\/\/cdn.meusitejuridico.com.br\/s.meusitejuridico\/2017\/08\/2641daa7-aristoteles.jpg 247w, https:\/\/cdn.meusitejuridico.com.br\/s.meusitejuridico\/2017\/08\/2641daa7-aristoteles-80x66.jpg 80w\" sizes=\"(max-width: 247px) 100vw, 247px\" \/><\/span><\/span>, afirmando que \u201co homem n\u00e3o \u00e9 um ser social\u201d (um animal pol\u00edtico). Deste modo, para Hobbes, antes dos homens (com)viverem em sociedade, eles estavam inseridos numa situa\u00e7\u00e3o (hipot\u00e9tica), denominada \u201cestado de natureza\u201d. Diante deste contexto, se preocupava apenas em satisfazer suas necessidades e desejos, (al\u00e9m de defender seus direitos naturais, obviamente, tais como a vida, liberdade ou propriedade). O pensador assinala ainda que a natureza humana seria essencialmente ego\u00edsta, ou seja: busca satisfazer seus desejos, mesmo que aquilo que queira perten\u00e7a, de fato, a outro homem.<\/p>\n<p>Ora, \u00e9 nessa descri\u00e7\u00e3o que compreendemos perfeitamente a famosa frase <em>Homo lupus homini<\/em> (o homem \u00e9 o lobo do homem). Assim, pode-se afirmar que, no estado de natureza, ele \u00e9 capaz de destruir o outro para se preservar e alcan\u00e7ar os seus pr\u00f3prios objetivos, sobretudo, pelo fato de que est\u00e1 amparado pelo direito de natureza. Mas, afinal de contas, o que seria o \u201cdireito de natureza\u201d? Trata-se da liberdade que todo homem tem de usar o poder que possui, do modo que quiser, para se (auto)preservar, sem que haja um impedimento exterior a ele.<\/p>\n<p>Deste modo, pelo fato de sermos ego\u00edstas e entrarmos em conflito uns com os outros (o homem \u00e9 uma eterna amea\u00e7a aos outros. Sendo assim, a conseq\u00fc\u00eancia inevit\u00e1vel \u00e9 que a guerra se torna geral, temos ent\u00e3o a chamada &#8220;guerra de todos contra todos&#8221; (<em>bellum omnia omnes<\/em>).<\/p>\n<p>Fundamental ressaltar que, apesar de ego\u00edsta, o homem, movido pelo \u201cmedo da morte violenta\u201d e pela racionalidade (afinal o homem \u00e9 racional, pois pensa!), chega \u00e0 conclus\u00e3o que o bem maior e mais importante, a vida, est\u00e1 em risco constante (nesse \u201cestado de natureza\u201d). Eis que para defend\u00ea-la verdadeiramente s\u00f3 existe um caminho poss\u00edvel: abrir m\u00e3o da liberdade total e irrestrita, realizando um pacto, um contrato, (o \u201cContrato social\u201d), pelo qual os homens, saindo desse contexto natural, passam a viver juntos, sob a prote\u00e7\u00e3o de um poder Soberano, num \u201cestado civil\u201d.<\/p>\n<p>Por\u00e9m, para que este \u201ccontrato\u201d produza efeitos corretamente, h\u00e1 a necessidade perene de que (os homens\/contratantes) respeitem o pacto, nomeadamente aquilo que prometeram uns aos outros e, em \u00faltima an\u00e1lise respeitem a decis\u00e3o do Soberano. Assim, este poder Soberano imp\u00f5e o cumprimento do pacto (nem que se for pela for\u00e7a ou pelo medo).<\/p>\n<p>Evidente que, uma vez institucionalizado o Estado, o homem deixa de ser \u201clobo do homem\u201d e passa a controlar suas paix\u00f5es, pois agora se submete a contratos, leis &#8211; regramentos que estavam ausentes no estado de natureza.<\/p>\n<p><img decoding=\"async\" class=\"alignleft size-medium wp-image-3220\" src=\"https:\/\/s3.amazonaws.com\/wp4-content\/s3-meusitejuridico\/2017\/08\/e01d3da0-20151029092116105099a-192x300.jpg\" alt=\"\" width=\"192\" height=\"300\" srcset=\"https:\/\/cdn.meusitejuridico.com.br\/s.meusitejuridico\/2017\/08\/e01d3da0-20151029092116105099a-192x300.jpg 192w, https:\/\/cdn.meusitejuridico.com.br\/s.meusitejuridico\/2017\/08\/e01d3da0-20151029092116105099a-80x125.jpg 80w, https:\/\/cdn.meusitejuridico.com.br\/s.meusitejuridico\/2017\/08\/e01d3da0-20151029092116105099a.jpg 432w\" sizes=\"(max-width: 192px) 100vw, 192px\" \/>A obra em estudo se divide em quatro partes; 1: Natureza do homem e as leis naturais; 2: Natureza da sociedade civil e os direitos do poder soberano; 3: Da sociedade crist\u00e3 e 4: Do reino das trevas. Deste modo,<em> Leviat\u00e3 <\/em>tem, em sua primeira metade, uma certa \u201cdoutrina pol\u00edtica\u201d &#8211; confeccionada com louvor por Hobbes. J\u00e1 na segunda, cr\u00edticas lan\u00e7adas sobre a doutrina pol\u00edtica, eclesi\u00e1stica e jur\u00eddica da Igreja (n\u00e3o s\u00f3 a Igreja Cat\u00f3lica, mas todas que buscavam um poder pr\u00f3prio diverso do poder estatal).<\/p>\n<p>Sobre o Poder e o Estado, Hobbes tinha a seguinte concep\u00e7\u00e3o:<\/p>\n<p><em> \u201cO poder sempre existe. No estado de guerra ou na sociedade civil, \u00e9 uma \u2018preemin\u00eancia\u2019 \u2013 a diferen\u00e7a que d\u00e1 a um indiv\u00edduo uma certa vantagem sobre outro, para a obten\u00e7\u00e3o de um bem futuro. Precede o Estado, cujo advento tem justamente a fun\u00e7\u00e3o de acabar de vez com o car\u00e1ter caleidosc\u00f3pico, mutante, das rela\u00e7\u00f5es de poder na \u201ccondi\u00e7\u00e3o natural da humanidade\u201d, no estado de natureza. O poder \u00e9 outro nome da desigualdade: imposs\u00edvel suprimi-la, e \u00e9 por isso que a condi\u00e7\u00e3o humana ap\u00f3s o pecado exige a salva\u00e7\u00e3o pol\u00edtica. O estado de natureza distingue-se do Estado-civil \u2013 e necessita-o \u2013 simplesmente porque a desigualdade, suficiente para deixar o homem \u00e1 merc\u00ea da domina\u00e7\u00e3o e invas\u00e3o dos outros, n\u00e3o basta ainda para dar a este poder a dimens\u00e3o eterna, nem mesmo a curta continuidade temporal. Nisso distingue-se esse poder prec\u00e1rio, sem consist\u00eancia na t\u00e1bua do tempo, cujas figuras sem estabilidade s\u00f3 servem de mat\u00e9ria ao \u201cespet\u00e1culo do mundo\u201d, e a estabilidade pol\u00edtica, apan\u00e1gio do teatro visto, n\u00e3o pela rela\u00e7\u00e3o palco-plat\u00e9ia (rela\u00e7\u00e3o de consumo, mas na sua base mesma, no v\u00ednculo hobbesiano de produ\u00e7\u00e3o entre autor e <a class='qlabs_tooltip_top qlabs_tooltip_style_1 cursor_pointer event_hover' style=''  aria-haspopup='true'>ator<span style='width: 180px; '  >RIBEIRO, Renato Janine. op. cit.<\/span><\/a>\u201d<\/em>.<\/p>\n<p>Sublinhamos mais uma vez que o <em>Leviat\u00e3<\/em> foi escrito durante a Guerra Civil Inglesa, onde para o autor, seria uma constata\u00e7\u00e3o pr\u00e1tica do caos estabelecido: da \u201cguerra de todos contra todos\u201d.<\/p>\n<p>Diante deste cen\u00e1rio, para que este \u201ccaos\u201d n\u00e3o aconte\u00e7a, seria necess\u00e1rio um governo central forte, sancionador das atitudes b\u00e9licas. Eis aqui a defesa sustentada pelo autor de um contrato social com o governo de um soberano absoluto: em especial mon\u00e1rquico, capaz de garantir o bem comum e estabelecer a almejada paz.<\/p>\n<p><strong>Legenda da imagem:<\/strong> &#8220;Leviat\u00e3&#8221; de Hobbes: o rei absoluto com uma armadura formada pelos seus s\u00faditos, causando temor pela espada e dominando toda a Terra\/Reino. Importante do texto escrito em latim: &#8220;Non est potestas super terram quae comparetur ei&#8221;, que pode ser traduzido livremente &#8220;N\u00e3o h\u00e1 poder na Terra que se compare a Ele&#8221; \u2013 tradu\u00e7\u00e3o do autor. (foto: Gravura de Abraham Bosse &#8211; 1651)<\/p>\n<p><strong>Leitura recomendada:\u00a0<\/strong>HOBBES, Thomas. <em>O Leviat\u00e3<\/em>. Col. Os Pensadores. S\u00e3o Paulo:\u00a0 Ed. Abril, 1984.<\/p>\n<p><strong>Como esse tema j\u00e1 foi cobrado em concurso:<\/strong><\/p>\n<p><strong>(FGV &#8211; Exame de Ordem 2016.3) <\/strong>De acordo com o contratualismo proposto por Thomas Hobbes em sua obra Leviat\u00e3, o contrato social s\u00f3 \u00e9 poss\u00edvel em fun\u00e7\u00e3o de uma lei da natureza que expresse, segundo o autor, a pr\u00f3pria ideia de justi\u00e7a.<\/p>\n<p>Assinale a op\u00e7\u00e3o que, segundo o autor na obra em refer\u00eancia, apresenta esta lei da natureza.<\/p>\n<p>A) Tratar igualmente os iguais e desigualmente os desiguais.<br \/>\nB) Dar a cada um o que \u00e9 seu.<br \/>\n<strong>C) Que os homens cumpram os pactos que celebrem.<\/strong><br \/>\nD) Fazer o bem e evitar o mal.<\/p>\n<p>Para se aprofundar, recomendamos o livro\u00a0<span class='qlabs_tooltip_top qlabs_tooltip_style_1 cursor_pointer' style=''  aria-haspopup='true'>Manual de Filosofia do Direito\u00a0<span style='width: 180px; '  ><img loading=\"lazy\" decoding=\"async\" class=\"alignnone size-medium wp-image-3221\" src=\"https:\/\/s3.amazonaws.com\/wp4-content\/s3-meusitejuridico\/2017\/08\/61968ca2-captura-de-tela-2017-08-09-as-15756-pm-207x300.png\" alt=\"\" width=\"207\" height=\"300\" srcset=\"https:\/\/cdn.meusitejuridico.com.br\/s.meusitejuridico\/2017\/08\/61968ca2-captura-de-tela-2017-08-09-as-15756-pm-207x300.png 207w, https:\/\/cdn.meusitejuridico.com.br\/s.meusitejuridico\/2017\/08\/61968ca2-captura-de-tela-2017-08-09-as-15756-pm-80x116.png 80w, https:\/\/cdn.meusitejuridico.com.br\/s.meusitejuridico\/2017\/08\/61968ca2-captura-de-tela-2017-08-09-as-15756-pm.png 402w\" sizes=\"(max-width: 207px) 100vw, 207px\" \/><\/span><\/span>, de autoria do ator do texto, prof. Alexandre Cunha. Em breve no site da Editora Juspodivm.<\/p>\n<p><a href=\"#_ftnref1\" name=\"_ftn1\"><\/a><\/p>\n","protected":false},"excerpt":{"rendered":"<p>\u00a0nasceu em Westport, uma pequena aldeia localizada perto da vila de Malmesbury em 5 de abril de 1588 e faleceu em Hardwick em 04 de dezembro de 1679. Hobbes formou-se em Oxford dentro de uma tradi\u00e7\u00e3o escol\u00e1stica (). Dentre outras not\u00e1veis atividades, destaca-se o Hobbes fil\u00f3sofo, matem\u00e1tico e te\u00f3rico pol\u00edtico. Escreveu em 1651 suas principais [&hellip;]<\/p>\n","protected":false},"author":16,"featured_media":3223,"comment_status":"open","ping_status":"open","sticky":false,"template":"","format":"standard","meta":{"_acf_changed":false,"footnotes":""},"categories":[1,710],"tags":[901,383,902,903],"class_list":["post-3217","post","type-post","status-publish","format-standard","has-post-thumbnail","hentry","category-artigos","category-filosofia-formacao-humanistica","tag-aristoteles","tag-filosofia","tag-leviata","tag-thomaz-hobbes"],"acf":[],"yoast_head":"<!-- This site is optimized with the Yoast SEO plugin v24.8.1 - https:\/\/yoast.com\/wordpress\/plugins\/seo\/ -->\n<title>O Leviat\u00e3 de Thomas Hobbes - Meu site jur\u00eddico<\/title>\n<meta name=\"robots\" content=\"index, follow, max-snippet:-1, max-image-preview:large, max-video-preview:-1\" \/>\n<link rel=\"canonical\" href=\"https:\/\/meusitejuridico.editorajuspodivm.com.br\/2017\/08\/09\/o-leviata-de-thomas-hobbes\/\" \/>\n<meta property=\"og:locale\" content=\"pt_BR\" \/>\n<meta property=\"og:type\" content=\"article\" \/>\n<meta property=\"og:title\" content=\"O Leviat\u00e3 de Thomas Hobbes - Meu site jur\u00eddico\" \/>\n<meta property=\"og:description\" content=\"\u00a0nasceu em Westport, uma pequena aldeia localizada perto da vila de Malmesbury em 5 de abril de 1588 e faleceu em Hardwick em 04 de dezembro de 1679. Hobbes formou-se em Oxford dentro de uma tradi\u00e7\u00e3o escol\u00e1stica (). Dentre outras not\u00e1veis atividades, destaca-se o Hobbes fil\u00f3sofo, matem\u00e1tico e te\u00f3rico pol\u00edtico. Escreveu em 1651 suas principais [&hellip;]\" \/>\n<meta property=\"og:url\" content=\"https:\/\/meusitejuridico.editorajuspodivm.com.br\/2017\/08\/09\/o-leviata-de-thomas-hobbes\/\" \/>\n<meta property=\"og:site_name\" content=\"Meu site jur\u00eddico\" \/>\n<meta property=\"article:author\" content=\"https:\/\/www.facebook.com\/alexandre.cunha.71\" \/>\n<meta property=\"article:published_time\" content=\"2017-08-09T17:17:01+00:00\" \/>\n<meta property=\"article:modified_time\" content=\"2017-08-09T17:22:19+00:00\" \/>\n<meta property=\"og:image\" content=\"https:\/\/meusitejuridico.editorajuspodivm.com.br\/s.meusitejuridico\/2017\/08\/99029c18-shutterstock-381999814.jpg\" \/>\n\t<meta property=\"og:image:width\" content=\"500\" \/>\n\t<meta property=\"og:image:height\" content=\"343\" \/>\n\t<meta property=\"og:image:type\" content=\"image\/jpeg\" \/>\n<meta name=\"author\" content=\"Alexandre Sanches Cunha\" \/>\n<meta name=\"twitter:card\" content=\"summary_large_image\" \/>\n<meta name=\"twitter:creator\" content=\"@https:\/\/twitter.com\/Cunhaadv\" \/>\n<meta name=\"twitter:label1\" content=\"Escrito por\" \/>\n\t<meta name=\"twitter:data1\" content=\"Alexandre Sanches Cunha\" \/>\n\t<meta name=\"twitter:label2\" content=\"Est. tempo de leitura\" \/>\n\t<meta name=\"twitter:data2\" content=\"9 minutos\" \/>\n<script type=\"application\/ld+json\" class=\"yoast-schema-graph\">{\"@context\":\"https:\/\/schema.org\",\"@graph\":[{\"@type\":\"Article\",\"@id\":\"https:\/\/meusitejuridico.editorajuspodivm.com.br\/2017\/08\/09\/o-leviata-de-thomas-hobbes\/#article\",\"isPartOf\":{\"@id\":\"https:\/\/meusitejuridico.editorajuspodivm.com.br\/2017\/08\/09\/o-leviata-de-thomas-hobbes\/\"},\"author\":{\"name\":\"Alexandre Sanches Cunha\",\"@id\":\"https:\/\/cdn.meusitejuridico.com.br\/#\/schema\/person\/3a83254e6f8dffb851b564125d63595b\"},\"headline\":\"O Leviat\u00e3 de Thomas Hobbes\",\"datePublished\":\"2017-08-09T17:17:01+00:00\",\"dateModified\":\"2017-08-09T17:22:19+00:00\",\"mainEntityOfPage\":{\"@id\":\"https:\/\/meusitejuridico.editorajuspodivm.com.br\/2017\/08\/09\/o-leviata-de-thomas-hobbes\/\"},\"wordCount\":1722,\"commentCount\":2,\"publisher\":{\"@id\":\"https:\/\/cdn.meusitejuridico.com.br\/#organization\"},\"image\":{\"@id\":\"https:\/\/meusitejuridico.editorajuspodivm.com.br\/2017\/08\/09\/o-leviata-de-thomas-hobbes\/#primaryimage\"},\"thumbnailUrl\":\"https:\/\/cdn.meusitejuridico.com.br\/s.meusitejuridico\/2017\/08\/99029c18-shutterstock-381999814.jpg\",\"keywords\":[\"Arist\u00f3teles\",\"Filosofia\",\"Leviat\u00e3\",\"Thomaz Hobbes\"],\"articleSection\":[\"Artigos\",\"Filosofia e Forma\u00e7\u00e3o Human\u00edstica\"],\"inLanguage\":\"pt-BR\",\"potentialAction\":[{\"@type\":\"CommentAction\",\"name\":\"Comment\",\"target\":[\"https:\/\/meusitejuridico.editorajuspodivm.com.br\/2017\/08\/09\/o-leviata-de-thomas-hobbes\/#respond\"]}]},{\"@type\":\"WebPage\",\"@id\":\"https:\/\/meusitejuridico.editorajuspodivm.com.br\/2017\/08\/09\/o-leviata-de-thomas-hobbes\/\",\"url\":\"https:\/\/meusitejuridico.editorajuspodivm.com.br\/2017\/08\/09\/o-leviata-de-thomas-hobbes\/\",\"name\":\"O Leviat\u00e3 de Thomas Hobbes - Meu site jur\u00eddico\",\"isPartOf\":{\"@id\":\"https:\/\/cdn.meusitejuridico.com.br\/#website\"},\"primaryImageOfPage\":{\"@id\":\"https:\/\/meusitejuridico.editorajuspodivm.com.br\/2017\/08\/09\/o-leviata-de-thomas-hobbes\/#primaryimage\"},\"image\":{\"@id\":\"https:\/\/meusitejuridico.editorajuspodivm.com.br\/2017\/08\/09\/o-leviata-de-thomas-hobbes\/#primaryimage\"},\"thumbnailUrl\":\"https:\/\/cdn.meusitejuridico.com.br\/s.meusitejuridico\/2017\/08\/99029c18-shutterstock-381999814.jpg\",\"datePublished\":\"2017-08-09T17:17:01+00:00\",\"dateModified\":\"2017-08-09T17:22:19+00:00\",\"breadcrumb\":{\"@id\":\"https:\/\/meusitejuridico.editorajuspodivm.com.br\/2017\/08\/09\/o-leviata-de-thomas-hobbes\/#breadcrumb\"},\"inLanguage\":\"pt-BR\",\"potentialAction\":[{\"@type\":\"ReadAction\",\"target\":[\"https:\/\/meusitejuridico.editorajuspodivm.com.br\/2017\/08\/09\/o-leviata-de-thomas-hobbes\/\"]}]},{\"@type\":\"ImageObject\",\"inLanguage\":\"pt-BR\",\"@id\":\"https:\/\/meusitejuridico.editorajuspodivm.com.br\/2017\/08\/09\/o-leviata-de-thomas-hobbes\/#primaryimage\",\"url\":\"https:\/\/cdn.meusitejuridico.com.br\/s.meusitejuridico\/2017\/08\/99029c18-shutterstock-381999814.jpg\",\"contentUrl\":\"https:\/\/cdn.meusitejuridico.com.br\/s.meusitejuridico\/2017\/08\/99029c18-shutterstock-381999814.jpg\",\"width\":500,\"height\":343},{\"@type\":\"BreadcrumbList\",\"@id\":\"https:\/\/meusitejuridico.editorajuspodivm.com.br\/2017\/08\/09\/o-leviata-de-thomas-hobbes\/#breadcrumb\",\"itemListElement\":[{\"@type\":\"ListItem\",\"position\":1,\"name\":\"In\u00edcio\",\"item\":\"https:\/\/cdn.meusitejuridico.com.br\/\"},{\"@type\":\"ListItem\",\"position\":2,\"name\":\"O Leviat\u00e3 de Thomas Hobbes\"}]},{\"@type\":\"WebSite\",\"@id\":\"https:\/\/cdn.meusitejuridico.com.br\/#website\",\"url\":\"https:\/\/cdn.meusitejuridico.com.br\/\",\"name\":\"Meu site jur\u00eddico\",\"description\":\"Meu site jur\u00eddico\",\"publisher\":{\"@id\":\"https:\/\/cdn.meusitejuridico.com.br\/#organization\"},\"potentialAction\":[{\"@type\":\"SearchAction\",\"target\":{\"@type\":\"EntryPoint\",\"urlTemplate\":\"https:\/\/cdn.meusitejuridico.com.br\/?s={search_term_string}\"},\"query-input\":{\"@type\":\"PropertyValueSpecification\",\"valueRequired\":true,\"valueName\":\"search_term_string\"}}],\"inLanguage\":\"pt-BR\"},{\"@type\":\"Organization\",\"@id\":\"https:\/\/cdn.meusitejuridico.com.br\/#organization\",\"name\":\"Meu site jur\u00eddico\",\"url\":\"https:\/\/cdn.meusitejuridico.com.br\/\",\"logo\":{\"@type\":\"ImageObject\",\"inLanguage\":\"pt-BR\",\"@id\":\"https:\/\/cdn.meusitejuridico.com.br\/#\/schema\/logo\/image\/\",\"url\":\"https:\/\/cdn.meusitejuridico.com.br\/s.meusitejuridico\/2022\/03\/cropped-baeec2a3-msj-02-01-01.png\",\"contentUrl\":\"https:\/\/cdn.meusitejuridico.com.br\/s.meusitejuridico\/2022\/03\/cropped-baeec2a3-msj-02-01-01.png\",\"width\":349,\"height\":243,\"caption\":\"Meu site jur\u00eddico\"},\"image\":{\"@id\":\"https:\/\/cdn.meusitejuridico.com.br\/#\/schema\/logo\/image\/\"}},{\"@type\":\"Person\",\"@id\":\"https:\/\/cdn.meusitejuridico.com.br\/#\/schema\/person\/3a83254e6f8dffb851b564125d63595b\",\"name\":\"Alexandre Sanches Cunha\",\"image\":{\"@type\":\"ImageObject\",\"inLanguage\":\"pt-BR\",\"@id\":\"https:\/\/cdn.meusitejuridico.com.br\/#\/schema\/person\/image\/\",\"url\":\"https:\/\/cdn.meusitejuridico.com.br\/s.meusitejuridico\/2017\/05\/20b7b0dc-alexandre-150x150.jpeg\",\"contentUrl\":\"https:\/\/cdn.meusitejuridico.com.br\/s.meusitejuridico\/2017\/05\/20b7b0dc-alexandre-150x150.jpeg\",\"caption\":\"Alexandre Sanches Cunha\"},\"description\":\"Advogado\/Professor Universit\u00e1rio; Bacharel em Direito \u2013 PUC-Campinas; Bacharel em Filosofia \u2013 UNICAMP; Especialista em Direito Penal \u2013 PUC-Campinas; Especialista em Direitos Humanos \u2013 Universidade Coimbra; Mestre em Filosofia Antiga - UNICAMP.\",\"sameAs\":[\"https:\/\/www.editorajuspodivm.com.br\/autores?idtag=ebe04ee0-bb3c-4b7f-96b9-fcd9428789d5\/detalhe\/893\",\"https:\/\/www.facebook.com\/alexandre.cunha.71\",\"https:\/\/x.com\/https:\/\/twitter.com\/Cunhaadv\"],\"url\":\"https:\/\/cdn.meusitejuridico.com.br\/author\/alexcunha17terra-com-br\/\"}]}<\/script>\n<!-- \/ Yoast SEO plugin. -->","yoast_head_json":{"title":"O Leviat\u00e3 de Thomas Hobbes - Meu site jur\u00eddico","robots":{"index":"index","follow":"follow","max-snippet":"max-snippet:-1","max-image-preview":"max-image-preview:large","max-video-preview":"max-video-preview:-1"},"canonical":"https:\/\/meusitejuridico.editorajuspodivm.com.br\/2017\/08\/09\/o-leviata-de-thomas-hobbes\/","og_locale":"pt_BR","og_type":"article","og_title":"O Leviat\u00e3 de Thomas Hobbes - Meu site jur\u00eddico","og_description":"\u00a0nasceu em Westport, uma pequena aldeia localizada perto da vila de Malmesbury em 5 de abril de 1588 e faleceu em Hardwick em 04 de dezembro de 1679. Hobbes formou-se em Oxford dentro de uma tradi\u00e7\u00e3o escol\u00e1stica (). Dentre outras not\u00e1veis atividades, destaca-se o Hobbes fil\u00f3sofo, matem\u00e1tico e te\u00f3rico pol\u00edtico. Escreveu em 1651 suas principais [&hellip;]","og_url":"https:\/\/meusitejuridico.editorajuspodivm.com.br\/2017\/08\/09\/o-leviata-de-thomas-hobbes\/","og_site_name":"Meu site jur\u00eddico","article_author":"https:\/\/www.facebook.com\/alexandre.cunha.71","article_published_time":"2017-08-09T17:17:01+00:00","article_modified_time":"2017-08-09T17:22:19+00:00","og_image":[{"width":500,"height":343,"url":"https:\/\/meusitejuridico.editorajuspodivm.com.br\/s.meusitejuridico\/2017\/08\/99029c18-shutterstock-381999814.jpg","type":"image\/jpeg"}],"author":"Alexandre Sanches Cunha","twitter_card":"summary_large_image","twitter_creator":"@https:\/\/twitter.com\/Cunhaadv","twitter_misc":{"Escrito por":"Alexandre Sanches Cunha","Est. tempo de leitura":"9 minutos"},"schema":{"@context":"https:\/\/schema.org","@graph":[{"@type":"Article","@id":"https:\/\/meusitejuridico.editorajuspodivm.com.br\/2017\/08\/09\/o-leviata-de-thomas-hobbes\/#article","isPartOf":{"@id":"https:\/\/meusitejuridico.editorajuspodivm.com.br\/2017\/08\/09\/o-leviata-de-thomas-hobbes\/"},"author":{"name":"Alexandre Sanches Cunha","@id":"https:\/\/cdn.meusitejuridico.com.br\/#\/schema\/person\/3a83254e6f8dffb851b564125d63595b"},"headline":"O Leviat\u00e3 de Thomas Hobbes","datePublished":"2017-08-09T17:17:01+00:00","dateModified":"2017-08-09T17:22:19+00:00","mainEntityOfPage":{"@id":"https:\/\/meusitejuridico.editorajuspodivm.com.br\/2017\/08\/09\/o-leviata-de-thomas-hobbes\/"},"wordCount":1722,"commentCount":2,"publisher":{"@id":"https:\/\/cdn.meusitejuridico.com.br\/#organization"},"image":{"@id":"https:\/\/meusitejuridico.editorajuspodivm.com.br\/2017\/08\/09\/o-leviata-de-thomas-hobbes\/#primaryimage"},"thumbnailUrl":"https:\/\/cdn.meusitejuridico.com.br\/s.meusitejuridico\/2017\/08\/99029c18-shutterstock-381999814.jpg","keywords":["Arist\u00f3teles","Filosofia","Leviat\u00e3","Thomaz Hobbes"],"articleSection":["Artigos","Filosofia e Forma\u00e7\u00e3o Human\u00edstica"],"inLanguage":"pt-BR","potentialAction":[{"@type":"CommentAction","name":"Comment","target":["https:\/\/meusitejuridico.editorajuspodivm.com.br\/2017\/08\/09\/o-leviata-de-thomas-hobbes\/#respond"]}]},{"@type":"WebPage","@id":"https:\/\/meusitejuridico.editorajuspodivm.com.br\/2017\/08\/09\/o-leviata-de-thomas-hobbes\/","url":"https:\/\/meusitejuridico.editorajuspodivm.com.br\/2017\/08\/09\/o-leviata-de-thomas-hobbes\/","name":"O Leviat\u00e3 de Thomas Hobbes - Meu site jur\u00eddico","isPartOf":{"@id":"https:\/\/cdn.meusitejuridico.com.br\/#website"},"primaryImageOfPage":{"@id":"https:\/\/meusitejuridico.editorajuspodivm.com.br\/2017\/08\/09\/o-leviata-de-thomas-hobbes\/#primaryimage"},"image":{"@id":"https:\/\/meusitejuridico.editorajuspodivm.com.br\/2017\/08\/09\/o-leviata-de-thomas-hobbes\/#primaryimage"},"thumbnailUrl":"https:\/\/cdn.meusitejuridico.com.br\/s.meusitejuridico\/2017\/08\/99029c18-shutterstock-381999814.jpg","datePublished":"2017-08-09T17:17:01+00:00","dateModified":"2017-08-09T17:22:19+00:00","breadcrumb":{"@id":"https:\/\/meusitejuridico.editorajuspodivm.com.br\/2017\/08\/09\/o-leviata-de-thomas-hobbes\/#breadcrumb"},"inLanguage":"pt-BR","potentialAction":[{"@type":"ReadAction","target":["https:\/\/meusitejuridico.editorajuspodivm.com.br\/2017\/08\/09\/o-leviata-de-thomas-hobbes\/"]}]},{"@type":"ImageObject","inLanguage":"pt-BR","@id":"https:\/\/meusitejuridico.editorajuspodivm.com.br\/2017\/08\/09\/o-leviata-de-thomas-hobbes\/#primaryimage","url":"https:\/\/cdn.meusitejuridico.com.br\/s.meusitejuridico\/2017\/08\/99029c18-shutterstock-381999814.jpg","contentUrl":"https:\/\/cdn.meusitejuridico.com.br\/s.meusitejuridico\/2017\/08\/99029c18-shutterstock-381999814.jpg","width":500,"height":343},{"@type":"BreadcrumbList","@id":"https:\/\/meusitejuridico.editorajuspodivm.com.br\/2017\/08\/09\/o-leviata-de-thomas-hobbes\/#breadcrumb","itemListElement":[{"@type":"ListItem","position":1,"name":"In\u00edcio","item":"https:\/\/cdn.meusitejuridico.com.br\/"},{"@type":"ListItem","position":2,"name":"O Leviat\u00e3 de Thomas Hobbes"}]},{"@type":"WebSite","@id":"https:\/\/cdn.meusitejuridico.com.br\/#website","url":"https:\/\/cdn.meusitejuridico.com.br\/","name":"Meu site jur\u00eddico","description":"Meu site jur\u00eddico","publisher":{"@id":"https:\/\/cdn.meusitejuridico.com.br\/#organization"},"potentialAction":[{"@type":"SearchAction","target":{"@type":"EntryPoint","urlTemplate":"https:\/\/cdn.meusitejuridico.com.br\/?s={search_term_string}"},"query-input":{"@type":"PropertyValueSpecification","valueRequired":true,"valueName":"search_term_string"}}],"inLanguage":"pt-BR"},{"@type":"Organization","@id":"https:\/\/cdn.meusitejuridico.com.br\/#organization","name":"Meu site jur\u00eddico","url":"https:\/\/cdn.meusitejuridico.com.br\/","logo":{"@type":"ImageObject","inLanguage":"pt-BR","@id":"https:\/\/cdn.meusitejuridico.com.br\/#\/schema\/logo\/image\/","url":"https:\/\/cdn.meusitejuridico.com.br\/s.meusitejuridico\/2022\/03\/cropped-baeec2a3-msj-02-01-01.png","contentUrl":"https:\/\/cdn.meusitejuridico.com.br\/s.meusitejuridico\/2022\/03\/cropped-baeec2a3-msj-02-01-01.png","width":349,"height":243,"caption":"Meu site jur\u00eddico"},"image":{"@id":"https:\/\/cdn.meusitejuridico.com.br\/#\/schema\/logo\/image\/"}},{"@type":"Person","@id":"https:\/\/cdn.meusitejuridico.com.br\/#\/schema\/person\/3a83254e6f8dffb851b564125d63595b","name":"Alexandre Sanches Cunha","image":{"@type":"ImageObject","inLanguage":"pt-BR","@id":"https:\/\/cdn.meusitejuridico.com.br\/#\/schema\/person\/image\/","url":"https:\/\/cdn.meusitejuridico.com.br\/s.meusitejuridico\/2017\/05\/20b7b0dc-alexandre-150x150.jpeg","contentUrl":"https:\/\/cdn.meusitejuridico.com.br\/s.meusitejuridico\/2017\/05\/20b7b0dc-alexandre-150x150.jpeg","caption":"Alexandre Sanches Cunha"},"description":"Advogado\/Professor Universit\u00e1rio; Bacharel em Direito \u2013 PUC-Campinas; Bacharel em Filosofia \u2013 UNICAMP; Especialista em Direito Penal \u2013 PUC-Campinas; Especialista em Direitos Humanos \u2013 Universidade Coimbra; Mestre em Filosofia Antiga - UNICAMP.","sameAs":["https:\/\/www.editorajuspodivm.com.br\/autores?idtag=ebe04ee0-bb3c-4b7f-96b9-fcd9428789d5\/detalhe\/893","https:\/\/www.facebook.com\/alexandre.cunha.71","https:\/\/x.com\/https:\/\/twitter.com\/Cunhaadv"],"url":"https:\/\/cdn.meusitejuridico.com.br\/author\/alexcunha17terra-com-br\/"}]}},"_links":{"self":[{"href":"https:\/\/cdn.meusitejuridico.com.br\/api\/wp\/v2\/posts\/3217","targetHints":{"allow":["GET"]}}],"collection":[{"href":"https:\/\/cdn.meusitejuridico.com.br\/api\/wp\/v2\/posts"}],"about":[{"href":"https:\/\/cdn.meusitejuridico.com.br\/api\/wp\/v2\/types\/post"}],"author":[{"embeddable":true,"href":"https:\/\/cdn.meusitejuridico.com.br\/api\/wp\/v2\/users\/16"}],"replies":[{"embeddable":true,"href":"https:\/\/cdn.meusitejuridico.com.br\/api\/wp\/v2\/comments?post=3217"}],"version-history":[{"count":1,"href":"https:\/\/cdn.meusitejuridico.com.br\/api\/wp\/v2\/posts\/3217\/revisions"}],"predecessor-version":[{"id":3222,"href":"https:\/\/cdn.meusitejuridico.com.br\/api\/wp\/v2\/posts\/3217\/revisions\/3222"}],"wp:featuredmedia":[{"embeddable":true,"href":"https:\/\/cdn.meusitejuridico.com.br\/api\/wp\/v2\/media\/3223"}],"wp:attachment":[{"href":"https:\/\/cdn.meusitejuridico.com.br\/api\/wp\/v2\/media?parent=3217"}],"wp:term":[{"taxonomy":"category","embeddable":true,"href":"https:\/\/cdn.meusitejuridico.com.br\/api\/wp\/v2\/categories?post=3217"},{"taxonomy":"post_tag","embeddable":true,"href":"https:\/\/cdn.meusitejuridico.com.br\/api\/wp\/v2\/tags?post=3217"}],"curies":[{"name":"wp","href":"https:\/\/api.w.org\/{rel}","templated":true}]}}