{"id":5093,"date":"2018-04-27T09:03:52","date_gmt":"2018-04-27T12:03:52","guid":{"rendered":"https:\/\/meusitejuridico.com.br\/?p=5093"},"modified":"2018-04-27T09:03:52","modified_gmt":"2018-04-27T12:03:52","slug":"breves-apontamentos-sobre-o-feminismo","status":"publish","type":"post","link":"https:\/\/cdn.meusitejuridico.com.br\/2018\/04\/27\/breves-apontamentos-sobre-o-feminismo\/","title":{"rendered":"Breves apontamentos sobre o feminismo"},"content":{"rendered":"<p><a href=\"https:\/\/play.google.com\/store\/apps\/details?id=com.app.meuappjuridico&amp;hl=pt\" target=\"_blank\" rel=\"noopener\"><img decoding=\"async\" class=\"aligncenter wp-image-4610 size-medium\" src=\"https:\/\/s3.meusitejuridico.com.br\/2018\/02\/3cdb1249-banner-app-300x166.jpeg\" alt=\"\" width=\"300\" height=\"166\" srcset=\"https:\/\/cdn.meusitejuridico.com.br\/s.meusitejuridico\/2018\/02\/3cdb1249-banner-app-300x166.jpeg 300w, https:\/\/cdn.meusitejuridico.com.br\/s.meusitejuridico\/2018\/02\/3cdb1249-banner-app-768x424.jpeg 768w, https:\/\/cdn.meusitejuridico.com.br\/s.meusitejuridico\/2018\/02\/3cdb1249-banner-app-1024x566.jpeg 1024w, https:\/\/cdn.meusitejuridico.com.br\/s.meusitejuridico\/2018\/02\/3cdb1249-banner-app-80x44.jpeg 80w, https:\/\/cdn.meusitejuridico.com.br\/s.meusitejuridico\/2018\/02\/3cdb1249-banner-app.jpeg 1140w\" sizes=\"(max-width: 300px) 100vw, 300px\" \/><\/a><\/p>\n<p><u>1. Refer\u00eancias doutrin\u00e1rias<\/u><\/p>\n<p>Para a adequada compreens\u00e3o do tema, importante registrar duas marcantes obras, entre outras, que trataram do feminismo, sob a adequada \u00f3tica de direito humano em plena transforma\u00e7\u00e3o e evolu\u00e7\u00e3o, permitindo que o leitor possa se aprofundar a respeito. A primeira \u00e9 <em>Ciencia y feminismo<\/em>, da fil\u00f3sofa norteamericana Sandra Harding. A segunda, <em>O direito das mulheres: uma introdu\u00e7\u00e3o \u00e0 teoria feminista<\/em>, da professora de direito norueguesa Tove Stang Dahl.<\/p>\n<p><u>2. Defini\u00e7\u00e3o ou conceitua\u00e7\u00e3o<\/u><\/p>\n<p>H\u00e1 atualmente o senso comum de que, em linhas gerais, a express\u00e3o <em>feminismo<\/em> pode ser conceituada ou definida como representa\u00e7\u00e3o geral de todos e quaisquer movimentos ou a\u00e7\u00f5es de cr\u00edtica opostos \u00e0s correntes de separa\u00e7\u00e3o existentes entre homens e mulheres, especialmente a posi\u00e7\u00e3o de privil\u00e9gio ou domina\u00e7\u00e3o cient\u00edfico-pol\u00edtica masculina.<\/p>\n<p><u>3. Epistemologias ou correntes feministas<\/u><\/p>\n<p>Apesar da profunda discuss\u00e3o doutrin\u00e1ria a respeito da possibilidade de identifica\u00e7\u00e3o de correntes ou efetiva metodologia relacionada \u00e0 doutrina\u00e7\u00e3o feminista, h\u00e1 diversos renomados autores que sustentam essa viabilidade, conforme a seguir se ver.<\/p>\n<p><u>3.1. Empirismo feminista<\/u><\/p>\n<p>Constru\u00eddo nos campos da biologia e das ci\u00eancias sociais, o empirismo feminista traduz, em termos gerais, a primeira corrente cr\u00edtica feminista concreta das ci\u00eancias. Para o empirismo feminista o patriarcado, <a class='qlabs_tooltip_top qlabs_tooltip_style_1 cursor_pointer event_hover' style=''  aria-haspopup='true'>androcentrismo<span style='width: 180px; '  >Express\u00e3o constru\u00edda pelo soci\u00f3logo americano Lester F. Ward em 1903.<\/span><\/a> ou vis\u00e3o de mundo por meio da qual se privilegia a \u00f3tica masculina, est\u00e1 situado no centro da constru\u00e7\u00e3o da ci\u00eancia, ou seja, no momento da significa\u00e7\u00e3o da hip\u00f3tese e da <a class='qlabs_tooltip_top qlabs_tooltip_style_1 cursor_pointer event_hover' style=''  aria-haspopup='true'>interpreta\u00e7\u00e3o dos dados<span style='width: 180px; '  >v. MENDES, Soraia da Rosa. Criminologia feminista: novos paradigmas. S\u00e3o Paulo: Saraiva, 2017. p. 78.<\/span><\/a>.<\/p>\n<p><u>3.2. Standpoint (ponto de vista feminista)<\/u><\/p>\n<p>O ponto de vista feminista ou <em>standpoint<\/em> n\u00e3o se configura somente como uma perspectiva, indicando uma posi\u00e7\u00e3o que se obt\u00e9m em vincula\u00e7\u00e3o com a luta pol\u00edtica, presente no campo da realidade social, em sintonia com uma atua\u00e7\u00e3o pol\u00edtica de contraposi\u00e7\u00e3o ao androcentrismo. A teoria do ponto de vista feminista prop\u00f5e que em raz\u00e3o da evidente exclus\u00e3o das mulheres na hist\u00f3ria da constru\u00e7\u00e3o cient\u00edfica, decorr\u00eancia da posi\u00e7\u00e3o dominante androc\u00eantrica, seu desenvolvimento cr\u00edtico sobre o conhecimento pode ser mais amplo e renovador.<\/p>\n<p><u>3.3. P\u00f3s-feminismo<\/u><\/p>\n<p>O feminismo p\u00f3s-moderno que se originou no final da d\u00e9cada de 60 na Fran\u00e7a e tamb\u00e9m nos EUA, parte de pressupostos distintos dos que justificam a ci\u00eancia moderna, convergindo com formula\u00e7\u00f5es dos \u201cfil\u00f3sofos da diferen\u00e7a\u201d, como Michel Foucault. Nesse sentido, uma das propostas dessa corrente era de que o sujeito n\u00e3o fosse tomado como ponto de partida e que fosse considerado como efeito das determina\u00e7\u00f5es culturais, como parte integrante de um conjunto de complexas rela\u00e7\u00f5es sociais, sexuais e \u00e9tnicas.<\/p>\n<p><u>4. Pa\u00edses de origem<\/u><\/p>\n<p>\u00c9 poss\u00edvel apontar os EUA e a Fran\u00e7a como principais pa\u00edses nos quais o movimento humanista denominado <em>feminismo<\/em> teve suas origens. Na Fran\u00e7a, o movimento p\u00f3s-feminista foi concebido no final da d\u00e9cada de 60, tendo como pensadoras mais relevantes, Julia Kristeva e H\u00e9l\u00e8ne Cixou, igual per\u00edodo em que o movimento do Direito das Mulheres surgiu nos EUA.<\/p>\n<p><u>5. Registro sobre a Conven\u00e7\u00e3o sobre a Elimina\u00e7\u00e3o de Todas as Formas de Discrimina\u00e7\u00e3o contra a Mulher<\/u><\/p>\n<p>Por fim, de se registrar importante fato hist\u00f3rico-jur\u00eddico. Apesar de aprovada em 1979, a Conven\u00e7\u00e3o sobre a Elimina\u00e7\u00e3o de Todas as Formas de Discrimina\u00e7\u00e3o contra a Mulher acolhida pela ONU, somente foi ratificada no Brasil pelo Decreto Legislativo n<u><sup>o<\/sup><\/u> 93, de 14 de novembro de 1983 <u>\u2013 com reservas a dois dispositivos que dispunham sobre a efetiva igualdade entre homens e mulheres (artigos 15, par\u00e1grafo 4<sup>o<\/sup>, e 16, par\u00e1grafo 1<sup>o<\/sup>, al\u00edneas (a), (c), (g) e (h).<\/u><\/p>\n<p>Somente em de 22 de junho de 1994, com o Decreto Legislativo n<u><sup>o<\/sup><\/u> 26, que o Congresso Nacional revogou o citado Decreto Legislativo n<u><sup>o<\/sup><\/u> 93, aprovando a Conven\u00e7\u00e3o sobre a Elimina\u00e7\u00e3o de Todas as Formas de Discrimina\u00e7\u00e3o contra a Mulher em sua integralidade, o que somente confirma a import\u00e2ncia de se debater este direito humano, como uma das formas de combate \u00e0 discrimina\u00e7\u00e3o que ainda persiste em rela\u00e7\u00e3o \u00e0s mulheres em todo o mundo nos dias atuais.<\/p>\n<p><u>Bibliografia consultada<\/u><\/p>\n<p>DAHL, Tove Stang. <em>O direito das mulheres: uma introdu\u00e7\u00e3o \u00e0 teoria feminista<\/em>. Trad. Teresa Pizarro Beleza. Lisboa: Fund. Calouste Gulbenkian, 1993.<\/p>\n<p>HARDING, Sandra. \u201cA instabilidade das Categorias Anal\u00edticas na Teoria Feminista\u201d, in Revista de Estudos Feministas, vol.1, n. 1, 1993, Rio de Janeiro CIEC\/ECO\/UFRJ.<\/p>\n<p>__________________. Ciencia y Feminismo. Madrid: Moratas, 1996.<\/p>\n<p>MENDES, Soraia da Rosa. <em>Criminologia feminista: novos paradigmas. <\/em>S\u00e3o Paulo: Saraiva, 2017.<\/p>\n<p>RAGO. Margareth. <em>Epistemologia feminista, g\u00eanero e hist\u00f3ria<\/em>. Pedro, Joana; Grossi, Miriam (orgs.)- MASCULINO, FEMININO, PLURAL. Florian\u00f3polis: Ed. Mulheres, 1998.<\/p>\n<p><a href=\"#_ftnref1\" name=\"_ftn1\"><\/a><\/p>\n","protected":false},"excerpt":{"rendered":"<p>1. Refer\u00eancias doutrin\u00e1rias Para a adequada compreens\u00e3o do tema, importante registrar duas marcantes obras, entre outras, que trataram do feminismo, sob a adequada \u00f3tica de direito humano em plena transforma\u00e7\u00e3o e evolu\u00e7\u00e3o, permitindo que o leitor possa se aprofundar a respeito. A primeira \u00e9 Ciencia y feminismo, da fil\u00f3sofa norteamericana Sandra Harding. A segunda, O [&hellip;]<\/p>\n","protected":false},"author":53,"featured_media":5094,"comment_status":"open","ping_status":"open","sticky":false,"template":"","format":"standard","meta":{"_acf_changed":false,"footnotes":""},"categories":[1,380],"tags":[1633,1632,1332],"class_list":["post-5093","post","type-post","status-publish","format-standard","has-post-thumbnail","hentry","category-artigos","category-direito-internacional-e-direitos-humanos","tag-discriminacao","tag-feminismo","tag-onu"],"acf":[],"yoast_head":"<!-- This site is optimized with the Yoast SEO plugin v24.8.1 - https:\/\/yoast.com\/wordpress\/plugins\/seo\/ -->\n<title>Breves apontamentos sobre o feminismo - Meu site jur\u00eddico<\/title>\n<meta name=\"robots\" content=\"index, follow, max-snippet:-1, max-image-preview:large, max-video-preview:-1\" \/>\n<link rel=\"canonical\" href=\"https:\/\/meusitejuridico.editorajuspodivm.com.br\/2018\/04\/27\/breves-apontamentos-sobre-o-feminismo\/\" \/>\n<meta property=\"og:locale\" content=\"pt_BR\" \/>\n<meta property=\"og:type\" content=\"article\" \/>\n<meta property=\"og:title\" content=\"Breves apontamentos sobre o feminismo - Meu site jur\u00eddico\" \/>\n<meta property=\"og:description\" content=\"1. Refer\u00eancias doutrin\u00e1rias Para a adequada compreens\u00e3o do tema, importante registrar duas marcantes obras, entre outras, que trataram do feminismo, sob a adequada \u00f3tica de direito humano em plena transforma\u00e7\u00e3o e evolu\u00e7\u00e3o, permitindo que o leitor possa se aprofundar a respeito. A primeira \u00e9 Ciencia y feminismo, da fil\u00f3sofa norteamericana Sandra Harding. A segunda, O [&hellip;]\" \/>\n<meta property=\"og:url\" content=\"https:\/\/meusitejuridico.editorajuspodivm.com.br\/2018\/04\/27\/breves-apontamentos-sobre-o-feminismo\/\" \/>\n<meta property=\"og:site_name\" content=\"Meu site jur\u00eddico\" \/>\n<meta property=\"article:author\" content=\"https:\/\/www.facebook.com\/profile.php?id=100008837146694\" \/>\n<meta property=\"article:published_time\" content=\"2018-04-27T12:03:52+00:00\" \/>\n<meta property=\"og:image\" content=\"https:\/\/meusitejuridico.editorajuspodivm.com.br\/s.meusitejuridico\/2018\/04\/79216567-shutterstock-1008535228.jpg\" \/>\n\t<meta property=\"og:image:width\" content=\"1200\" \/>\n\t<meta property=\"og:image:height\" content=\"1200\" \/>\n\t<meta property=\"og:image:type\" content=\"image\/jpeg\" \/>\n<meta name=\"author\" content=\"Fernando Henrique de Moraes Ara\u00fajo\" \/>\n<meta name=\"twitter:card\" content=\"summary_large_image\" \/>\n<meta name=\"twitter:creator\" content=\"@fhdireito\" \/>\n<meta name=\"twitter:label1\" content=\"Escrito por\" \/>\n\t<meta name=\"twitter:data1\" content=\"Fernando Henrique de Moraes Ara\u00fajo\" \/>\n\t<meta name=\"twitter:label2\" content=\"Est. tempo de leitura\" \/>\n\t<meta name=\"twitter:data2\" content=\"4 minutos\" \/>\n<script type=\"application\/ld+json\" class=\"yoast-schema-graph\">{\"@context\":\"https:\/\/schema.org\",\"@graph\":[{\"@type\":\"Article\",\"@id\":\"https:\/\/meusitejuridico.editorajuspodivm.com.br\/2018\/04\/27\/breves-apontamentos-sobre-o-feminismo\/#article\",\"isPartOf\":{\"@id\":\"https:\/\/meusitejuridico.editorajuspodivm.com.br\/2018\/04\/27\/breves-apontamentos-sobre-o-feminismo\/\"},\"author\":{\"name\":\"Fernando Henrique de Moraes Ara\u00fajo\",\"@id\":\"https:\/\/cdn.meusitejuridico.com.br\/#\/schema\/person\/a24de43b01f624047e5048c20ad847b8\"},\"headline\":\"Breves apontamentos sobre o feminismo\",\"datePublished\":\"2018-04-27T12:03:52+00:00\",\"mainEntityOfPage\":{\"@id\":\"https:\/\/meusitejuridico.editorajuspodivm.com.br\/2018\/04\/27\/breves-apontamentos-sobre-o-feminismo\/\"},\"wordCount\":847,\"commentCount\":0,\"publisher\":{\"@id\":\"https:\/\/cdn.meusitejuridico.com.br\/#organization\"},\"image\":{\"@id\":\"https:\/\/meusitejuridico.editorajuspodivm.com.br\/2018\/04\/27\/breves-apontamentos-sobre-o-feminismo\/#primaryimage\"},\"thumbnailUrl\":\"https:\/\/cdn.meusitejuridico.com.br\/s.meusitejuridico\/2018\/04\/79216567-shutterstock-1008535228.jpg\",\"keywords\":[\"discrimina\u00e7\u00e3o\",\"feminismo\",\"ONU\"],\"articleSection\":[\"Artigos\",\"Direito Internacional e Direitos Humanos\"],\"inLanguage\":\"pt-BR\",\"potentialAction\":[{\"@type\":\"CommentAction\",\"name\":\"Comment\",\"target\":[\"https:\/\/meusitejuridico.editorajuspodivm.com.br\/2018\/04\/27\/breves-apontamentos-sobre-o-feminismo\/#respond\"]}]},{\"@type\":\"WebPage\",\"@id\":\"https:\/\/meusitejuridico.editorajuspodivm.com.br\/2018\/04\/27\/breves-apontamentos-sobre-o-feminismo\/\",\"url\":\"https:\/\/meusitejuridico.editorajuspodivm.com.br\/2018\/04\/27\/breves-apontamentos-sobre-o-feminismo\/\",\"name\":\"Breves apontamentos sobre o feminismo - Meu site jur\u00eddico\",\"isPartOf\":{\"@id\":\"https:\/\/cdn.meusitejuridico.com.br\/#website\"},\"primaryImageOfPage\":{\"@id\":\"https:\/\/meusitejuridico.editorajuspodivm.com.br\/2018\/04\/27\/breves-apontamentos-sobre-o-feminismo\/#primaryimage\"},\"image\":{\"@id\":\"https:\/\/meusitejuridico.editorajuspodivm.com.br\/2018\/04\/27\/breves-apontamentos-sobre-o-feminismo\/#primaryimage\"},\"thumbnailUrl\":\"https:\/\/cdn.meusitejuridico.com.br\/s.meusitejuridico\/2018\/04\/79216567-shutterstock-1008535228.jpg\",\"datePublished\":\"2018-04-27T12:03:52+00:00\",\"breadcrumb\":{\"@id\":\"https:\/\/meusitejuridico.editorajuspodivm.com.br\/2018\/04\/27\/breves-apontamentos-sobre-o-feminismo\/#breadcrumb\"},\"inLanguage\":\"pt-BR\",\"potentialAction\":[{\"@type\":\"ReadAction\",\"target\":[\"https:\/\/meusitejuridico.editorajuspodivm.com.br\/2018\/04\/27\/breves-apontamentos-sobre-o-feminismo\/\"]}]},{\"@type\":\"ImageObject\",\"inLanguage\":\"pt-BR\",\"@id\":\"https:\/\/meusitejuridico.editorajuspodivm.com.br\/2018\/04\/27\/breves-apontamentos-sobre-o-feminismo\/#primaryimage\",\"url\":\"https:\/\/cdn.meusitejuridico.com.br\/s.meusitejuridico\/2018\/04\/79216567-shutterstock-1008535228.jpg\",\"contentUrl\":\"https:\/\/cdn.meusitejuridico.com.br\/s.meusitejuridico\/2018\/04\/79216567-shutterstock-1008535228.jpg\",\"width\":1200,\"height\":1200},{\"@type\":\"BreadcrumbList\",\"@id\":\"https:\/\/meusitejuridico.editorajuspodivm.com.br\/2018\/04\/27\/breves-apontamentos-sobre-o-feminismo\/#breadcrumb\",\"itemListElement\":[{\"@type\":\"ListItem\",\"position\":1,\"name\":\"In\u00edcio\",\"item\":\"https:\/\/cdn.meusitejuridico.com.br\/\"},{\"@type\":\"ListItem\",\"position\":2,\"name\":\"Breves apontamentos sobre o feminismo\"}]},{\"@type\":\"WebSite\",\"@id\":\"https:\/\/cdn.meusitejuridico.com.br\/#website\",\"url\":\"https:\/\/cdn.meusitejuridico.com.br\/\",\"name\":\"Meu site jur\u00eddico\",\"description\":\"Meu site jur\u00eddico\",\"publisher\":{\"@id\":\"https:\/\/cdn.meusitejuridico.com.br\/#organization\"},\"potentialAction\":[{\"@type\":\"SearchAction\",\"target\":{\"@type\":\"EntryPoint\",\"urlTemplate\":\"https:\/\/cdn.meusitejuridico.com.br\/?s={search_term_string}\"},\"query-input\":{\"@type\":\"PropertyValueSpecification\",\"valueRequired\":true,\"valueName\":\"search_term_string\"}}],\"inLanguage\":\"pt-BR\"},{\"@type\":\"Organization\",\"@id\":\"https:\/\/cdn.meusitejuridico.com.br\/#organization\",\"name\":\"Meu site jur\u00eddico\",\"url\":\"https:\/\/cdn.meusitejuridico.com.br\/\",\"logo\":{\"@type\":\"ImageObject\",\"inLanguage\":\"pt-BR\",\"@id\":\"https:\/\/cdn.meusitejuridico.com.br\/#\/schema\/logo\/image\/\",\"url\":\"https:\/\/cdn.meusitejuridico.com.br\/s.meusitejuridico\/2022\/03\/cropped-baeec2a3-msj-02-01-01.png\",\"contentUrl\":\"https:\/\/cdn.meusitejuridico.com.br\/s.meusitejuridico\/2022\/03\/cropped-baeec2a3-msj-02-01-01.png\",\"width\":349,\"height\":243,\"caption\":\"Meu site jur\u00eddico\"},\"image\":{\"@id\":\"https:\/\/cdn.meusitejuridico.com.br\/#\/schema\/logo\/image\/\"}},{\"@type\":\"Person\",\"@id\":\"https:\/\/cdn.meusitejuridico.com.br\/#\/schema\/person\/a24de43b01f624047e5048c20ad847b8\",\"name\":\"Fernando Henrique de Moraes Ara\u00fajo\",\"image\":{\"@type\":\"ImageObject\",\"inLanguage\":\"pt-BR\",\"@id\":\"https:\/\/cdn.meusitejuridico.com.br\/#\/schema\/person\/image\/\",\"url\":\"https:\/\/cdn.meusitejuridico.com.br\/s.meusitejuridico\/2018\/04\/a6f1a2d7-image-123986672-150x150.jpg\",\"contentUrl\":\"https:\/\/cdn.meusitejuridico.com.br\/s.meusitejuridico\/2018\/04\/a6f1a2d7-image-123986672-150x150.jpg\",\"caption\":\"Fernando Henrique de Moraes Ara\u00fajo\"},\"description\":\"Promotor de Justi\u00e7a\/SP; Mestre em Direito pela PUC-SP \u2013 2007. Professor Universit\u00e1rio da FIEO \u2013 Faculdade de Direito de Osasco. Professor de Cursos preparat\u00f3rios para carreiras jur\u00eddicas. Especialista nas \u00e1reas de Direito penal, processo penal, direito p\u00fablico, direito ambiental, consumidor, inf\u00e2ncia e juventude e interesses difusos. Assessorou a Procuradoria Geral de Justi\u00e7a (PGJ), ocupando o cargo de Coordenador da \u00e1rea da inf\u00e2ncia e juventude do Centro de Apoio C\u00edvel e de Tutela Coletiva do Minist\u00e9rio P\u00fablico do Estado de S\u00e3o Paulo de junho de 2010 a julho de 2012.\",\"sameAs\":[\"https:\/\/www.editorajuspodivm.com.br\/autores\/detalhe\/1138?idtag=ebe04ee0-bb3c-4b7f-96b9-fcd9428789d5\",\"https:\/\/www.facebook.com\/profile.php?id=100008837146694\",\"https:\/\/www.instagram.com\/fhdireito\/\",\"https:\/\/x.com\/fhdireito\"],\"url\":\"https:\/\/cdn.meusitejuridico.com.br\/author\/fernandofernando\/\"}]}<\/script>\n<!-- \/ Yoast SEO plugin. -->","yoast_head_json":{"title":"Breves apontamentos sobre o feminismo - Meu site jur\u00eddico","robots":{"index":"index","follow":"follow","max-snippet":"max-snippet:-1","max-image-preview":"max-image-preview:large","max-video-preview":"max-video-preview:-1"},"canonical":"https:\/\/meusitejuridico.editorajuspodivm.com.br\/2018\/04\/27\/breves-apontamentos-sobre-o-feminismo\/","og_locale":"pt_BR","og_type":"article","og_title":"Breves apontamentos sobre o feminismo - Meu site jur\u00eddico","og_description":"1. Refer\u00eancias doutrin\u00e1rias Para a adequada compreens\u00e3o do tema, importante registrar duas marcantes obras, entre outras, que trataram do feminismo, sob a adequada \u00f3tica de direito humano em plena transforma\u00e7\u00e3o e evolu\u00e7\u00e3o, permitindo que o leitor possa se aprofundar a respeito. A primeira \u00e9 Ciencia y feminismo, da fil\u00f3sofa norteamericana Sandra Harding. A segunda, O [&hellip;]","og_url":"https:\/\/meusitejuridico.editorajuspodivm.com.br\/2018\/04\/27\/breves-apontamentos-sobre-o-feminismo\/","og_site_name":"Meu site jur\u00eddico","article_author":"https:\/\/www.facebook.com\/profile.php?id=100008837146694","article_published_time":"2018-04-27T12:03:52+00:00","og_image":[{"width":1200,"height":1200,"url":"https:\/\/meusitejuridico.editorajuspodivm.com.br\/s.meusitejuridico\/2018\/04\/79216567-shutterstock-1008535228.jpg","type":"image\/jpeg"}],"author":"Fernando Henrique de Moraes Ara\u00fajo","twitter_card":"summary_large_image","twitter_creator":"@fhdireito","twitter_misc":{"Escrito por":"Fernando Henrique de Moraes Ara\u00fajo","Est. tempo de leitura":"4 minutos"},"schema":{"@context":"https:\/\/schema.org","@graph":[{"@type":"Article","@id":"https:\/\/meusitejuridico.editorajuspodivm.com.br\/2018\/04\/27\/breves-apontamentos-sobre-o-feminismo\/#article","isPartOf":{"@id":"https:\/\/meusitejuridico.editorajuspodivm.com.br\/2018\/04\/27\/breves-apontamentos-sobre-o-feminismo\/"},"author":{"name":"Fernando Henrique de Moraes Ara\u00fajo","@id":"https:\/\/cdn.meusitejuridico.com.br\/#\/schema\/person\/a24de43b01f624047e5048c20ad847b8"},"headline":"Breves apontamentos sobre o feminismo","datePublished":"2018-04-27T12:03:52+00:00","mainEntityOfPage":{"@id":"https:\/\/meusitejuridico.editorajuspodivm.com.br\/2018\/04\/27\/breves-apontamentos-sobre-o-feminismo\/"},"wordCount":847,"commentCount":0,"publisher":{"@id":"https:\/\/cdn.meusitejuridico.com.br\/#organization"},"image":{"@id":"https:\/\/meusitejuridico.editorajuspodivm.com.br\/2018\/04\/27\/breves-apontamentos-sobre-o-feminismo\/#primaryimage"},"thumbnailUrl":"https:\/\/cdn.meusitejuridico.com.br\/s.meusitejuridico\/2018\/04\/79216567-shutterstock-1008535228.jpg","keywords":["discrimina\u00e7\u00e3o","feminismo","ONU"],"articleSection":["Artigos","Direito Internacional e Direitos Humanos"],"inLanguage":"pt-BR","potentialAction":[{"@type":"CommentAction","name":"Comment","target":["https:\/\/meusitejuridico.editorajuspodivm.com.br\/2018\/04\/27\/breves-apontamentos-sobre-o-feminismo\/#respond"]}]},{"@type":"WebPage","@id":"https:\/\/meusitejuridico.editorajuspodivm.com.br\/2018\/04\/27\/breves-apontamentos-sobre-o-feminismo\/","url":"https:\/\/meusitejuridico.editorajuspodivm.com.br\/2018\/04\/27\/breves-apontamentos-sobre-o-feminismo\/","name":"Breves apontamentos sobre o feminismo - Meu site jur\u00eddico","isPartOf":{"@id":"https:\/\/cdn.meusitejuridico.com.br\/#website"},"primaryImageOfPage":{"@id":"https:\/\/meusitejuridico.editorajuspodivm.com.br\/2018\/04\/27\/breves-apontamentos-sobre-o-feminismo\/#primaryimage"},"image":{"@id":"https:\/\/meusitejuridico.editorajuspodivm.com.br\/2018\/04\/27\/breves-apontamentos-sobre-o-feminismo\/#primaryimage"},"thumbnailUrl":"https:\/\/cdn.meusitejuridico.com.br\/s.meusitejuridico\/2018\/04\/79216567-shutterstock-1008535228.jpg","datePublished":"2018-04-27T12:03:52+00:00","breadcrumb":{"@id":"https:\/\/meusitejuridico.editorajuspodivm.com.br\/2018\/04\/27\/breves-apontamentos-sobre-o-feminismo\/#breadcrumb"},"inLanguage":"pt-BR","potentialAction":[{"@type":"ReadAction","target":["https:\/\/meusitejuridico.editorajuspodivm.com.br\/2018\/04\/27\/breves-apontamentos-sobre-o-feminismo\/"]}]},{"@type":"ImageObject","inLanguage":"pt-BR","@id":"https:\/\/meusitejuridico.editorajuspodivm.com.br\/2018\/04\/27\/breves-apontamentos-sobre-o-feminismo\/#primaryimage","url":"https:\/\/cdn.meusitejuridico.com.br\/s.meusitejuridico\/2018\/04\/79216567-shutterstock-1008535228.jpg","contentUrl":"https:\/\/cdn.meusitejuridico.com.br\/s.meusitejuridico\/2018\/04\/79216567-shutterstock-1008535228.jpg","width":1200,"height":1200},{"@type":"BreadcrumbList","@id":"https:\/\/meusitejuridico.editorajuspodivm.com.br\/2018\/04\/27\/breves-apontamentos-sobre-o-feminismo\/#breadcrumb","itemListElement":[{"@type":"ListItem","position":1,"name":"In\u00edcio","item":"https:\/\/cdn.meusitejuridico.com.br\/"},{"@type":"ListItem","position":2,"name":"Breves apontamentos sobre o feminismo"}]},{"@type":"WebSite","@id":"https:\/\/cdn.meusitejuridico.com.br\/#website","url":"https:\/\/cdn.meusitejuridico.com.br\/","name":"Meu site jur\u00eddico","description":"Meu site jur\u00eddico","publisher":{"@id":"https:\/\/cdn.meusitejuridico.com.br\/#organization"},"potentialAction":[{"@type":"SearchAction","target":{"@type":"EntryPoint","urlTemplate":"https:\/\/cdn.meusitejuridico.com.br\/?s={search_term_string}"},"query-input":{"@type":"PropertyValueSpecification","valueRequired":true,"valueName":"search_term_string"}}],"inLanguage":"pt-BR"},{"@type":"Organization","@id":"https:\/\/cdn.meusitejuridico.com.br\/#organization","name":"Meu site jur\u00eddico","url":"https:\/\/cdn.meusitejuridico.com.br\/","logo":{"@type":"ImageObject","inLanguage":"pt-BR","@id":"https:\/\/cdn.meusitejuridico.com.br\/#\/schema\/logo\/image\/","url":"https:\/\/cdn.meusitejuridico.com.br\/s.meusitejuridico\/2022\/03\/cropped-baeec2a3-msj-02-01-01.png","contentUrl":"https:\/\/cdn.meusitejuridico.com.br\/s.meusitejuridico\/2022\/03\/cropped-baeec2a3-msj-02-01-01.png","width":349,"height":243,"caption":"Meu site jur\u00eddico"},"image":{"@id":"https:\/\/cdn.meusitejuridico.com.br\/#\/schema\/logo\/image\/"}},{"@type":"Person","@id":"https:\/\/cdn.meusitejuridico.com.br\/#\/schema\/person\/a24de43b01f624047e5048c20ad847b8","name":"Fernando Henrique de Moraes Ara\u00fajo","image":{"@type":"ImageObject","inLanguage":"pt-BR","@id":"https:\/\/cdn.meusitejuridico.com.br\/#\/schema\/person\/image\/","url":"https:\/\/cdn.meusitejuridico.com.br\/s.meusitejuridico\/2018\/04\/a6f1a2d7-image-123986672-150x150.jpg","contentUrl":"https:\/\/cdn.meusitejuridico.com.br\/s.meusitejuridico\/2018\/04\/a6f1a2d7-image-123986672-150x150.jpg","caption":"Fernando Henrique de Moraes Ara\u00fajo"},"description":"Promotor de Justi\u00e7a\/SP; Mestre em Direito pela PUC-SP \u2013 2007. Professor Universit\u00e1rio da FIEO \u2013 Faculdade de Direito de Osasco. Professor de Cursos preparat\u00f3rios para carreiras jur\u00eddicas. Especialista nas \u00e1reas de Direito penal, processo penal, direito p\u00fablico, direito ambiental, consumidor, inf\u00e2ncia e juventude e interesses difusos. Assessorou a Procuradoria Geral de Justi\u00e7a (PGJ), ocupando o cargo de Coordenador da \u00e1rea da inf\u00e2ncia e juventude do Centro de Apoio C\u00edvel e de Tutela Coletiva do Minist\u00e9rio P\u00fablico do Estado de S\u00e3o Paulo de junho de 2010 a julho de 2012.","sameAs":["https:\/\/www.editorajuspodivm.com.br\/autores\/detalhe\/1138?idtag=ebe04ee0-bb3c-4b7f-96b9-fcd9428789d5","https:\/\/www.facebook.com\/profile.php?id=100008837146694","https:\/\/www.instagram.com\/fhdireito\/","https:\/\/x.com\/fhdireito"],"url":"https:\/\/cdn.meusitejuridico.com.br\/author\/fernandofernando\/"}]}},"_links":{"self":[{"href":"https:\/\/cdn.meusitejuridico.com.br\/api\/wp\/v2\/posts\/5093","targetHints":{"allow":["GET"]}}],"collection":[{"href":"https:\/\/cdn.meusitejuridico.com.br\/api\/wp\/v2\/posts"}],"about":[{"href":"https:\/\/cdn.meusitejuridico.com.br\/api\/wp\/v2\/types\/post"}],"author":[{"embeddable":true,"href":"https:\/\/cdn.meusitejuridico.com.br\/api\/wp\/v2\/users\/53"}],"replies":[{"embeddable":true,"href":"https:\/\/cdn.meusitejuridico.com.br\/api\/wp\/v2\/comments?post=5093"}],"version-history":[{"count":1,"href":"https:\/\/cdn.meusitejuridico.com.br\/api\/wp\/v2\/posts\/5093\/revisions"}],"predecessor-version":[{"id":5095,"href":"https:\/\/cdn.meusitejuridico.com.br\/api\/wp\/v2\/posts\/5093\/revisions\/5095"}],"wp:featuredmedia":[{"embeddable":true,"href":"https:\/\/cdn.meusitejuridico.com.br\/api\/wp\/v2\/media\/5094"}],"wp:attachment":[{"href":"https:\/\/cdn.meusitejuridico.com.br\/api\/wp\/v2\/media?parent=5093"}],"wp:term":[{"taxonomy":"category","embeddable":true,"href":"https:\/\/cdn.meusitejuridico.com.br\/api\/wp\/v2\/categories?post=5093"},{"taxonomy":"post_tag","embeddable":true,"href":"https:\/\/cdn.meusitejuridico.com.br\/api\/wp\/v2\/tags?post=5093"}],"curies":[{"name":"wp","href":"https:\/\/api.w.org\/{rel}","templated":true}]}}