{"id":5182,"date":"2018-05-08T16:54:07","date_gmt":"2018-05-08T19:54:07","guid":{"rendered":"https:\/\/meusitejuridico.com.br\/?p=5182"},"modified":"2018-05-08T16:54:07","modified_gmt":"2018-05-08T19:54:07","slug":"stj-afasta-foro-por-prerrogativa-de-governador-de-estado","status":"publish","type":"post","link":"https:\/\/cdn.meusitejuridico.com.br\/2018\/05\/08\/stj-afasta-foro-por-prerrogativa-de-governador-de-estado\/","title":{"rendered":"STJ afasta foro por prerrogativa de governador de Estado"},"content":{"rendered":"<p><a href=\"https:\/\/play.google.com\/store\/apps\/details?id=com.app.meuappjuridico&amp;hl=pt\" target=\"_blank\" rel=\"noopener\"><img decoding=\"async\" class=\"aligncenter wp-image-4610 size-medium\" src=\"https:\/\/s3.meusitejuridico.com.br\/2018\/02\/3cdb1249-banner-app-300x166.jpeg\" alt=\"\" width=\"300\" height=\"166\" srcset=\"https:\/\/cdn.meusitejuridico.com.br\/s.meusitejuridico\/2018\/02\/3cdb1249-banner-app-300x166.jpeg 300w, https:\/\/cdn.meusitejuridico.com.br\/s.meusitejuridico\/2018\/02\/3cdb1249-banner-app-768x424.jpeg 768w, https:\/\/cdn.meusitejuridico.com.br\/s.meusitejuridico\/2018\/02\/3cdb1249-banner-app-1024x566.jpeg 1024w, https:\/\/cdn.meusitejuridico.com.br\/s.meusitejuridico\/2018\/02\/3cdb1249-banner-app-80x44.jpeg 80w, https:\/\/cdn.meusitejuridico.com.br\/s.meusitejuridico\/2018\/02\/3cdb1249-banner-app.jpeg 1140w\" sizes=\"(max-width: 300px) 100vw, 300px\" \/><\/a><\/p>\n<p><a href=\"http:\/\/meusitejuridico.com.br\/2018\/05\/03\/stf-prerrogativa-de-foro-de-deputados-e-senadores-se-restringe-crimes-cometidos-no-exercicio-cargo-e-em-razao-dele\/\" target=\"_blank\" rel=\"noopener\">Comentamos<\/a> h\u00e1 alguns dias a decis\u00e3o do STF que restringiu o foro por prerrogativa de fun\u00e7\u00e3o estabelecido pela Constitui\u00e7\u00e3o Federal para deputados e senadores. De acordo com a decis\u00e3o, \u00e9 da compet\u00eancia do tribunal o julgamento de crimes cometidos por congressistas no exerc\u00edcio de sua fun\u00e7\u00e3o e em raz\u00e3o dela.<\/p>\n<p>Pela proposta do ministro Dias Toffoli, a decis\u00e3o do STF deveria se estender a todos os cargos sobre os quais a Constitui\u00e7\u00e3o Federal estabelece prerrogativa de foro, e os dispositivos constitucionais estaduais que disp\u00f5em sobre a mesma prerrogativa deveriam ser declarados inconstitucionais:<\/p>\n<p>\u201cReajusto o voto proferido na sess\u00e3o de ontem, para dar a ele maior extens\u00e3o e resolver a quest\u00e3o de ordem no sentido de: (&#8230;) ii) fixar a compet\u00eancia por prerrogativa de foro, prevista na Constitui\u00e7\u00e3o Federal, quanto aos demais cargos, exclusivamente quanto aos crimes praticados ap\u00f3s a diploma\u00e7\u00e3o ou a nomea\u00e7\u00e3o (conforme o caso), independentemente de sua rela\u00e7\u00e3o ou n\u00e3o com a fun\u00e7\u00e3o p\u00fablica em quest\u00e3o; iii) serem inaplic\u00e1veis as regras constitucionais de prerrogativa de foro quanto aos crimes praticados anteriormente \u00e0 diploma\u00e7\u00e3o ou \u00e0 nomea\u00e7\u00e3o (conforme o caso), hip\u00f3tese em que os processos dever\u00e3o ser remetidos ao ju\u00edzo de primeira inst\u00e2ncia competente, independentemente da fase em que se encontrem; iv) reconhecer a inconstitucionalidade das normas previstas nas Constitui\u00e7\u00f5es estaduais e na Lei Org\u00e2nica do Distrito Federal que contemplem hip\u00f3teses de prerrogativa de foro n\u00e3o previstas expressamente na Constitui\u00e7\u00e3o Federal, vedada a invoca\u00e7\u00e3o de simetria. Nestes casos \u2013 que, conforme mencionei em meu voto na data de ontem, englobam 16.559 autoridades estaduais, distritais e municipais -, os processos dever\u00e3o ser remetidos ao ju\u00edzo de primeira inst\u00e2ncia competente, independentemente da fase em que se encontrem (&#8230;)\u201d.<\/p>\n<p>A proposta n\u00e3o foi encampada pela maioria dos demais ministros, mas, na data de ontem (07\/05\/18), o STJ estendeu a decis\u00e3o do STF para restringir o foro por prerrogativa de governador de Estado que est\u00e1 sendo processado, perante aquela corte, por delito cometido antes da diploma\u00e7\u00e3o no cargo.<\/p>\n<p>O ministro Luis Felipe Salom\u00e3o fez refer\u00eancia, inicialmente, ao voto do ministro Barroso no STF, segundo o qual n\u00e3o h\u00e1 impedimento a que a corte constitucional fa\u00e7a interpreta\u00e7\u00e3o restritiva dos dispositivos que contemplam a prerrogativa de foro. E, em raz\u00e3o da orienta\u00e7\u00e3o adotada a respeito da extens\u00e3o da prerrogativa, h\u00e1 de ser observado o princ\u00edpio da simetria, pois, segundo o art. 25, <em>caput<\/em>, da CF, \u201cos Estados organizam-se e regem-se pelas Constitui\u00e7\u00f5es e leis que adotarem, observados os princ\u00edpios desta Constitui\u00e7\u00e3o&#8221;. O princ\u00edpio, segundo ressaltou o ministro Salom\u00e3o, deve balizar a interpreta\u00e7\u00e3o de todas as regras que envolvam o pacto federativo, como aquelas que disp\u00f5em sobre as prerrogativas dos governadores.<\/p>\n<p>O caso concreto, de resto, enquadra-se perfeitamente nas premissas adotadas pelo STF, pois a a\u00e7\u00e3o penal tramita contra o governador \u201cpela suposta pr\u00e1tica de 12 (doze) crimes de responsabilidade de prefeitos (art. 1\u00ba, inciso XIII, do DL 201\/67), decorrente da nomea\u00e7\u00e3o e admiss\u00e3o de servidores contra expressa disposi\u00e7\u00e3o de lei, ocorridos entre 01.01.2010 e 01.02.2010, quando o denunciado exercia o cargo de Prefeito Municipal de Jo\u00e3o Pessoa\/PB, ou seja, delitos que, em tese, n\u00e3o guardam rela\u00e7\u00e3o com o exerc\u00edcio, tampouco teriam sido praticados em raz\u00e3o da fun\u00e7\u00e3o p\u00fablica atualmente exercida pelo denunciado como Governador\u201d.<\/p>\n<p><strong>Para se aprofundar, recomendamos:<\/strong><\/p>\n<p>Curso:\u00a0<a href=\"https:\/\/goo.gl\/vDVTu9\" target=\"_blank\" rel=\"noopener\">Carreira Jur\u00eddica (m\u00f3d. I e II)<\/a><\/p>\n<p>Curso:\u00a0<a href=\"https:\/\/goo.gl\/HWHJAI\" target=\"_blank\" rel=\"noopener\">Intensivo para o Minist\u00e9rio P\u00fablico e Magistratura Estaduais + Legisla\u00e7\u00e3o Penal Especial<\/a><\/p>\n<p>Livro:\u00a0<a href=\"https:\/\/www.editorajuspodivm.com.br\/manual-de-direito-penal-parte-geral-2018-volume-unico\" target=\"_blank\" rel=\"noopener\">Manual de Direito Penal (parte geral)<\/a><\/p>\n","protected":false},"excerpt":{"rendered":"<p>Comentamos h\u00e1 alguns dias a decis\u00e3o do STF que restringiu o foro por prerrogativa de fun\u00e7\u00e3o estabelecido pela Constitui\u00e7\u00e3o Federal para deputados e senadores. De acordo com a decis\u00e3o, \u00e9 da compet\u00eancia do tribunal o julgamento de crimes cometidos por congressistas no exerc\u00edcio de sua fun\u00e7\u00e3o e em raz\u00e3o dela. Pela proposta do ministro Dias [&hellip;]<\/p>\n","protected":false},"author":3,"featured_media":4398,"comment_status":"open","ping_status":"open","sticky":false,"template":"","format":"standard","meta":{"_acf_changed":false,"footnotes":""},"categories":[1,114],"tags":[566,942,565,119,116],"class_list":["post-5182","post","type-post","status-publish","format-standard","has-post-thumbnail","hentry","category-artigos","category-direito-processual-penal","tag-ap-937","tag-governador","tag-prerrogativa-de-foro","tag-processo-penal","tag-stf"],"acf":[],"yoast_head":"<!-- This site is optimized with the Yoast SEO plugin v24.8.1 - https:\/\/yoast.com\/wordpress\/plugins\/seo\/ -->\n<title>STJ afasta foro por prerrogativa de governador de Estado - Meu site jur\u00eddico<\/title>\n<meta name=\"robots\" content=\"index, follow, max-snippet:-1, max-image-preview:large, max-video-preview:-1\" \/>\n<link rel=\"canonical\" href=\"https:\/\/meusitejuridico.com.br\/2018\/05\/08\/stj-afasta-foro-por-prerrogativa-de-governador-de-estado\/\" \/>\n<meta property=\"og:locale\" content=\"pt_BR\" \/>\n<meta property=\"og:type\" content=\"article\" \/>\n<meta property=\"og:title\" content=\"STJ afasta foro por prerrogativa de governador de Estado - Meu site jur\u00eddico\" \/>\n<meta property=\"og:description\" content=\"Comentamos h\u00e1 alguns dias a decis\u00e3o do STF que restringiu o foro por prerrogativa de fun\u00e7\u00e3o estabelecido pela Constitui\u00e7\u00e3o Federal para deputados e senadores. De acordo com a decis\u00e3o, \u00e9 da compet\u00eancia do tribunal o julgamento de crimes cometidos por congressistas no exerc\u00edcio de sua fun\u00e7\u00e3o e em raz\u00e3o dela. Pela proposta do ministro Dias [&hellip;]\" \/>\n<meta property=\"og:url\" content=\"https:\/\/meusitejuridico.com.br\/2018\/05\/08\/stj-afasta-foro-por-prerrogativa-de-governador-de-estado\/\" \/>\n<meta property=\"og:site_name\" content=\"Meu site jur\u00eddico\" \/>\n<meta property=\"article:author\" content=\"https:\/\/www.facebook.com\/RogerioSanchesC\" \/>\n<meta property=\"article:published_time\" content=\"2018-05-08T19:54:07+00:00\" \/>\n<meta property=\"og:image\" content=\"https:\/\/meusitejuridico.com.br\/s.meusitejuridico\/2018\/01\/bafbfce8-shutterstock-681097432.jpg\" \/>\n\t<meta property=\"og:image:width\" content=\"1000\" \/>\n\t<meta property=\"og:image:height\" content=\"667\" \/>\n\t<meta property=\"og:image:type\" content=\"image\/jpeg\" \/>\n<meta name=\"author\" content=\"Rog\u00e9rio Sanches Cunha\" \/>\n<meta name=\"twitter:card\" content=\"summary_large_image\" \/>\n<meta name=\"twitter:creator\" content=\"@RogerioSanchesC\" \/>\n<meta name=\"twitter:label1\" content=\"Escrito por\" \/>\n\t<meta name=\"twitter:data1\" content=\"Rog\u00e9rio Sanches Cunha\" \/>\n\t<meta name=\"twitter:label2\" content=\"Est. tempo de leitura\" \/>\n\t<meta name=\"twitter:data2\" content=\"3 minutos\" \/>\n<script type=\"application\/ld+json\" class=\"yoast-schema-graph\">{\"@context\":\"https:\/\/schema.org\",\"@graph\":[{\"@type\":\"Article\",\"@id\":\"https:\/\/meusitejuridico.com.br\/2018\/05\/08\/stj-afasta-foro-por-prerrogativa-de-governador-de-estado\/#article\",\"isPartOf\":{\"@id\":\"https:\/\/meusitejuridico.com.br\/2018\/05\/08\/stj-afasta-foro-por-prerrogativa-de-governador-de-estado\/\"},\"author\":{\"name\":\"Rog\u00e9rio Sanches Cunha\",\"@id\":\"https:\/\/cdn.meusitejuridico.com.br\/#\/schema\/person\/a3cebf06fd267ee700aae09eb6722d16\"},\"headline\":\"STJ afasta foro por prerrogativa de governador de Estado\",\"datePublished\":\"2018-05-08T19:54:07+00:00\",\"mainEntityOfPage\":{\"@id\":\"https:\/\/meusitejuridico.com.br\/2018\/05\/08\/stj-afasta-foro-por-prerrogativa-de-governador-de-estado\/\"},\"wordCount\":631,\"commentCount\":0,\"publisher\":{\"@id\":\"https:\/\/cdn.meusitejuridico.com.br\/#organization\"},\"image\":{\"@id\":\"https:\/\/meusitejuridico.com.br\/2018\/05\/08\/stj-afasta-foro-por-prerrogativa-de-governador-de-estado\/#primaryimage\"},\"thumbnailUrl\":\"https:\/\/cdn.meusitejuridico.com.br\/s.meusitejuridico\/2018\/01\/bafbfce8-shutterstock-681097432.jpg\",\"keywords\":[\"AP 937\",\"governador\",\"prerrogativa de foro\",\"Processo Penal\",\"STF\"],\"articleSection\":[\"Artigos\",\"Direito Processual Penal\"],\"inLanguage\":\"pt-BR\",\"potentialAction\":[{\"@type\":\"CommentAction\",\"name\":\"Comment\",\"target\":[\"https:\/\/meusitejuridico.com.br\/2018\/05\/08\/stj-afasta-foro-por-prerrogativa-de-governador-de-estado\/#respond\"]}]},{\"@type\":\"WebPage\",\"@id\":\"https:\/\/meusitejuridico.com.br\/2018\/05\/08\/stj-afasta-foro-por-prerrogativa-de-governador-de-estado\/\",\"url\":\"https:\/\/meusitejuridico.com.br\/2018\/05\/08\/stj-afasta-foro-por-prerrogativa-de-governador-de-estado\/\",\"name\":\"STJ afasta foro por prerrogativa de governador de Estado - Meu site jur\u00eddico\",\"isPartOf\":{\"@id\":\"https:\/\/cdn.meusitejuridico.com.br\/#website\"},\"primaryImageOfPage\":{\"@id\":\"https:\/\/meusitejuridico.com.br\/2018\/05\/08\/stj-afasta-foro-por-prerrogativa-de-governador-de-estado\/#primaryimage\"},\"image\":{\"@id\":\"https:\/\/meusitejuridico.com.br\/2018\/05\/08\/stj-afasta-foro-por-prerrogativa-de-governador-de-estado\/#primaryimage\"},\"thumbnailUrl\":\"https:\/\/cdn.meusitejuridico.com.br\/s.meusitejuridico\/2018\/01\/bafbfce8-shutterstock-681097432.jpg\",\"datePublished\":\"2018-05-08T19:54:07+00:00\",\"breadcrumb\":{\"@id\":\"https:\/\/meusitejuridico.com.br\/2018\/05\/08\/stj-afasta-foro-por-prerrogativa-de-governador-de-estado\/#breadcrumb\"},\"inLanguage\":\"pt-BR\",\"potentialAction\":[{\"@type\":\"ReadAction\",\"target\":[\"https:\/\/meusitejuridico.com.br\/2018\/05\/08\/stj-afasta-foro-por-prerrogativa-de-governador-de-estado\/\"]}]},{\"@type\":\"ImageObject\",\"inLanguage\":\"pt-BR\",\"@id\":\"https:\/\/meusitejuridico.com.br\/2018\/05\/08\/stj-afasta-foro-por-prerrogativa-de-governador-de-estado\/#primaryimage\",\"url\":\"https:\/\/cdn.meusitejuridico.com.br\/s.meusitejuridico\/2018\/01\/bafbfce8-shutterstock-681097432.jpg\",\"contentUrl\":\"https:\/\/cdn.meusitejuridico.com.br\/s.meusitejuridico\/2018\/01\/bafbfce8-shutterstock-681097432.jpg\",\"width\":1000,\"height\":667},{\"@type\":\"BreadcrumbList\",\"@id\":\"https:\/\/meusitejuridico.com.br\/2018\/05\/08\/stj-afasta-foro-por-prerrogativa-de-governador-de-estado\/#breadcrumb\",\"itemListElement\":[{\"@type\":\"ListItem\",\"position\":1,\"name\":\"In\u00edcio\",\"item\":\"https:\/\/cdn.meusitejuridico.com.br\/\"},{\"@type\":\"ListItem\",\"position\":2,\"name\":\"STJ afasta foro por prerrogativa de governador de Estado\"}]},{\"@type\":\"WebSite\",\"@id\":\"https:\/\/cdn.meusitejuridico.com.br\/#website\",\"url\":\"https:\/\/cdn.meusitejuridico.com.br\/\",\"name\":\"Meu site jur\u00eddico\",\"description\":\"Meu site jur\u00eddico\",\"publisher\":{\"@id\":\"https:\/\/cdn.meusitejuridico.com.br\/#organization\"},\"potentialAction\":[{\"@type\":\"SearchAction\",\"target\":{\"@type\":\"EntryPoint\",\"urlTemplate\":\"https:\/\/cdn.meusitejuridico.com.br\/?s={search_term_string}\"},\"query-input\":{\"@type\":\"PropertyValueSpecification\",\"valueRequired\":true,\"valueName\":\"search_term_string\"}}],\"inLanguage\":\"pt-BR\"},{\"@type\":\"Organization\",\"@id\":\"https:\/\/cdn.meusitejuridico.com.br\/#organization\",\"name\":\"Meu site jur\u00eddico\",\"url\":\"https:\/\/cdn.meusitejuridico.com.br\/\",\"logo\":{\"@type\":\"ImageObject\",\"inLanguage\":\"pt-BR\",\"@id\":\"https:\/\/cdn.meusitejuridico.com.br\/#\/schema\/logo\/image\/\",\"url\":\"https:\/\/cdn.meusitejuridico.com.br\/s.meusitejuridico\/2022\/03\/cropped-baeec2a3-msj-02-01-01.png\",\"contentUrl\":\"https:\/\/cdn.meusitejuridico.com.br\/s.meusitejuridico\/2022\/03\/cropped-baeec2a3-msj-02-01-01.png\",\"width\":349,\"height\":243,\"caption\":\"Meu site jur\u00eddico\"},\"image\":{\"@id\":\"https:\/\/cdn.meusitejuridico.com.br\/#\/schema\/logo\/image\/\"}},{\"@type\":\"Person\",\"@id\":\"https:\/\/cdn.meusitejuridico.com.br\/#\/schema\/person\/a3cebf06fd267ee700aae09eb6722d16\",\"name\":\"Rog\u00e9rio Sanches Cunha\",\"image\":{\"@type\":\"ImageObject\",\"inLanguage\":\"pt-BR\",\"@id\":\"https:\/\/cdn.meusitejuridico.com.br\/#\/schema\/person\/image\/\",\"url\":\"https:\/\/cdn.meusitejuridico.com.br\/s.meusitejuridico\/2023\/04\/7de31285-rsc-0054-scaled-e1681840173909-150x150.jpg\",\"contentUrl\":\"https:\/\/cdn.meusitejuridico.com.br\/s.meusitejuridico\/2023\/04\/7de31285-rsc-0054-scaled-e1681840173909-150x150.jpg\",\"caption\":\"Rog\u00e9rio Sanches Cunha\"},\"description\":\"Membro do Ministe\u0301rio Pu\u0301blico do Estado de Sa\u0303o Paulo. Professor da Escola Superior do Ministe\u0301rio Pu\u0301blico dos estados de Sa\u0303o Paulo, Mato Grosso e Santa Catarina. Coordenador Pedag\u00f3gico e Professor de Penal e Processo Penal do Curso RSConline. Fundador do site www.meusitejuridico.com.br. Cofundador e coordenador pedago\u0301gico do JUSPLAY. Autor de obras juri\u0301dicas.\",\"sameAs\":[\"https:\/\/www.editorajuspodivm.com.br\/autores\/detalhe\/107?idtag=ebe04ee0-bb3c-4b7f-96b9-fcd9428789d5\",\"https:\/\/www.facebook.com\/RogerioSanchesC\",\"https:\/\/www.instagram.com\/rogeriosanchescunha\/\",\"https:\/\/x.com\/RogerioSanchesC\",\"https:\/\/www.youtube.com\/user\/RogerioSanchesC\"],\"url\":\"https:\/\/cdn.meusitejuridico.com.br\/author\/redesrogeriogmail-com\/\"}]}<\/script>\n<!-- \/ Yoast SEO plugin. -->","yoast_head_json":{"title":"STJ afasta foro por prerrogativa de governador de Estado - Meu site jur\u00eddico","robots":{"index":"index","follow":"follow","max-snippet":"max-snippet:-1","max-image-preview":"max-image-preview:large","max-video-preview":"max-video-preview:-1"},"canonical":"https:\/\/meusitejuridico.com.br\/2018\/05\/08\/stj-afasta-foro-por-prerrogativa-de-governador-de-estado\/","og_locale":"pt_BR","og_type":"article","og_title":"STJ afasta foro por prerrogativa de governador de Estado - Meu site jur\u00eddico","og_description":"Comentamos h\u00e1 alguns dias a decis\u00e3o do STF que restringiu o foro por prerrogativa de fun\u00e7\u00e3o estabelecido pela Constitui\u00e7\u00e3o Federal para deputados e senadores. De acordo com a decis\u00e3o, \u00e9 da compet\u00eancia do tribunal o julgamento de crimes cometidos por congressistas no exerc\u00edcio de sua fun\u00e7\u00e3o e em raz\u00e3o dela. Pela proposta do ministro Dias [&hellip;]","og_url":"https:\/\/meusitejuridico.com.br\/2018\/05\/08\/stj-afasta-foro-por-prerrogativa-de-governador-de-estado\/","og_site_name":"Meu site jur\u00eddico","article_author":"https:\/\/www.facebook.com\/RogerioSanchesC","article_published_time":"2018-05-08T19:54:07+00:00","og_image":[{"width":1000,"height":667,"url":"https:\/\/meusitejuridico.com.br\/s.meusitejuridico\/2018\/01\/bafbfce8-shutterstock-681097432.jpg","type":"image\/jpeg"}],"author":"Rog\u00e9rio Sanches Cunha","twitter_card":"summary_large_image","twitter_creator":"@RogerioSanchesC","twitter_misc":{"Escrito por":"Rog\u00e9rio Sanches Cunha","Est. tempo de leitura":"3 minutos"},"schema":{"@context":"https:\/\/schema.org","@graph":[{"@type":"Article","@id":"https:\/\/meusitejuridico.com.br\/2018\/05\/08\/stj-afasta-foro-por-prerrogativa-de-governador-de-estado\/#article","isPartOf":{"@id":"https:\/\/meusitejuridico.com.br\/2018\/05\/08\/stj-afasta-foro-por-prerrogativa-de-governador-de-estado\/"},"author":{"name":"Rog\u00e9rio Sanches Cunha","@id":"https:\/\/cdn.meusitejuridico.com.br\/#\/schema\/person\/a3cebf06fd267ee700aae09eb6722d16"},"headline":"STJ afasta foro por prerrogativa de governador de Estado","datePublished":"2018-05-08T19:54:07+00:00","mainEntityOfPage":{"@id":"https:\/\/meusitejuridico.com.br\/2018\/05\/08\/stj-afasta-foro-por-prerrogativa-de-governador-de-estado\/"},"wordCount":631,"commentCount":0,"publisher":{"@id":"https:\/\/cdn.meusitejuridico.com.br\/#organization"},"image":{"@id":"https:\/\/meusitejuridico.com.br\/2018\/05\/08\/stj-afasta-foro-por-prerrogativa-de-governador-de-estado\/#primaryimage"},"thumbnailUrl":"https:\/\/cdn.meusitejuridico.com.br\/s.meusitejuridico\/2018\/01\/bafbfce8-shutterstock-681097432.jpg","keywords":["AP 937","governador","prerrogativa de foro","Processo Penal","STF"],"articleSection":["Artigos","Direito Processual Penal"],"inLanguage":"pt-BR","potentialAction":[{"@type":"CommentAction","name":"Comment","target":["https:\/\/meusitejuridico.com.br\/2018\/05\/08\/stj-afasta-foro-por-prerrogativa-de-governador-de-estado\/#respond"]}]},{"@type":"WebPage","@id":"https:\/\/meusitejuridico.com.br\/2018\/05\/08\/stj-afasta-foro-por-prerrogativa-de-governador-de-estado\/","url":"https:\/\/meusitejuridico.com.br\/2018\/05\/08\/stj-afasta-foro-por-prerrogativa-de-governador-de-estado\/","name":"STJ afasta foro por prerrogativa de governador de Estado - Meu site jur\u00eddico","isPartOf":{"@id":"https:\/\/cdn.meusitejuridico.com.br\/#website"},"primaryImageOfPage":{"@id":"https:\/\/meusitejuridico.com.br\/2018\/05\/08\/stj-afasta-foro-por-prerrogativa-de-governador-de-estado\/#primaryimage"},"image":{"@id":"https:\/\/meusitejuridico.com.br\/2018\/05\/08\/stj-afasta-foro-por-prerrogativa-de-governador-de-estado\/#primaryimage"},"thumbnailUrl":"https:\/\/cdn.meusitejuridico.com.br\/s.meusitejuridico\/2018\/01\/bafbfce8-shutterstock-681097432.jpg","datePublished":"2018-05-08T19:54:07+00:00","breadcrumb":{"@id":"https:\/\/meusitejuridico.com.br\/2018\/05\/08\/stj-afasta-foro-por-prerrogativa-de-governador-de-estado\/#breadcrumb"},"inLanguage":"pt-BR","potentialAction":[{"@type":"ReadAction","target":["https:\/\/meusitejuridico.com.br\/2018\/05\/08\/stj-afasta-foro-por-prerrogativa-de-governador-de-estado\/"]}]},{"@type":"ImageObject","inLanguage":"pt-BR","@id":"https:\/\/meusitejuridico.com.br\/2018\/05\/08\/stj-afasta-foro-por-prerrogativa-de-governador-de-estado\/#primaryimage","url":"https:\/\/cdn.meusitejuridico.com.br\/s.meusitejuridico\/2018\/01\/bafbfce8-shutterstock-681097432.jpg","contentUrl":"https:\/\/cdn.meusitejuridico.com.br\/s.meusitejuridico\/2018\/01\/bafbfce8-shutterstock-681097432.jpg","width":1000,"height":667},{"@type":"BreadcrumbList","@id":"https:\/\/meusitejuridico.com.br\/2018\/05\/08\/stj-afasta-foro-por-prerrogativa-de-governador-de-estado\/#breadcrumb","itemListElement":[{"@type":"ListItem","position":1,"name":"In\u00edcio","item":"https:\/\/cdn.meusitejuridico.com.br\/"},{"@type":"ListItem","position":2,"name":"STJ afasta foro por prerrogativa de governador de Estado"}]},{"@type":"WebSite","@id":"https:\/\/cdn.meusitejuridico.com.br\/#website","url":"https:\/\/cdn.meusitejuridico.com.br\/","name":"Meu site jur\u00eddico","description":"Meu site jur\u00eddico","publisher":{"@id":"https:\/\/cdn.meusitejuridico.com.br\/#organization"},"potentialAction":[{"@type":"SearchAction","target":{"@type":"EntryPoint","urlTemplate":"https:\/\/cdn.meusitejuridico.com.br\/?s={search_term_string}"},"query-input":{"@type":"PropertyValueSpecification","valueRequired":true,"valueName":"search_term_string"}}],"inLanguage":"pt-BR"},{"@type":"Organization","@id":"https:\/\/cdn.meusitejuridico.com.br\/#organization","name":"Meu site jur\u00eddico","url":"https:\/\/cdn.meusitejuridico.com.br\/","logo":{"@type":"ImageObject","inLanguage":"pt-BR","@id":"https:\/\/cdn.meusitejuridico.com.br\/#\/schema\/logo\/image\/","url":"https:\/\/cdn.meusitejuridico.com.br\/s.meusitejuridico\/2022\/03\/cropped-baeec2a3-msj-02-01-01.png","contentUrl":"https:\/\/cdn.meusitejuridico.com.br\/s.meusitejuridico\/2022\/03\/cropped-baeec2a3-msj-02-01-01.png","width":349,"height":243,"caption":"Meu site jur\u00eddico"},"image":{"@id":"https:\/\/cdn.meusitejuridico.com.br\/#\/schema\/logo\/image\/"}},{"@type":"Person","@id":"https:\/\/cdn.meusitejuridico.com.br\/#\/schema\/person\/a3cebf06fd267ee700aae09eb6722d16","name":"Rog\u00e9rio Sanches Cunha","image":{"@type":"ImageObject","inLanguage":"pt-BR","@id":"https:\/\/cdn.meusitejuridico.com.br\/#\/schema\/person\/image\/","url":"https:\/\/cdn.meusitejuridico.com.br\/s.meusitejuridico\/2023\/04\/7de31285-rsc-0054-scaled-e1681840173909-150x150.jpg","contentUrl":"https:\/\/cdn.meusitejuridico.com.br\/s.meusitejuridico\/2023\/04\/7de31285-rsc-0054-scaled-e1681840173909-150x150.jpg","caption":"Rog\u00e9rio Sanches Cunha"},"description":"Membro do Ministe\u0301rio Pu\u0301blico do Estado de Sa\u0303o Paulo. Professor da Escola Superior do Ministe\u0301rio Pu\u0301blico dos estados de Sa\u0303o Paulo, Mato Grosso e Santa Catarina. Coordenador Pedag\u00f3gico e Professor de Penal e Processo Penal do Curso RSConline. Fundador do site www.meusitejuridico.com.br. Cofundador e coordenador pedago\u0301gico do JUSPLAY. Autor de obras juri\u0301dicas.","sameAs":["https:\/\/www.editorajuspodivm.com.br\/autores\/detalhe\/107?idtag=ebe04ee0-bb3c-4b7f-96b9-fcd9428789d5","https:\/\/www.facebook.com\/RogerioSanchesC","https:\/\/www.instagram.com\/rogeriosanchescunha\/","https:\/\/x.com\/RogerioSanchesC","https:\/\/www.youtube.com\/user\/RogerioSanchesC"],"url":"https:\/\/cdn.meusitejuridico.com.br\/author\/redesrogeriogmail-com\/"}]}},"_links":{"self":[{"href":"https:\/\/cdn.meusitejuridico.com.br\/api\/wp\/v2\/posts\/5182","targetHints":{"allow":["GET"]}}],"collection":[{"href":"https:\/\/cdn.meusitejuridico.com.br\/api\/wp\/v2\/posts"}],"about":[{"href":"https:\/\/cdn.meusitejuridico.com.br\/api\/wp\/v2\/types\/post"}],"author":[{"embeddable":true,"href":"https:\/\/cdn.meusitejuridico.com.br\/api\/wp\/v2\/users\/3"}],"replies":[{"embeddable":true,"href":"https:\/\/cdn.meusitejuridico.com.br\/api\/wp\/v2\/comments?post=5182"}],"version-history":[{"count":1,"href":"https:\/\/cdn.meusitejuridico.com.br\/api\/wp\/v2\/posts\/5182\/revisions"}],"predecessor-version":[{"id":5183,"href":"https:\/\/cdn.meusitejuridico.com.br\/api\/wp\/v2\/posts\/5182\/revisions\/5183"}],"wp:featuredmedia":[{"embeddable":true,"href":"https:\/\/cdn.meusitejuridico.com.br\/api\/wp\/v2\/media\/4398"}],"wp:attachment":[{"href":"https:\/\/cdn.meusitejuridico.com.br\/api\/wp\/v2\/media?parent=5182"}],"wp:term":[{"taxonomy":"category","embeddable":true,"href":"https:\/\/cdn.meusitejuridico.com.br\/api\/wp\/v2\/categories?post=5182"},{"taxonomy":"post_tag","embeddable":true,"href":"https:\/\/cdn.meusitejuridico.com.br\/api\/wp\/v2\/tags?post=5182"}],"curies":[{"name":"wp","href":"https:\/\/api.w.org\/{rel}","templated":true}]}}