{"id":5419,"date":"2018-06-09T10:52:58","date_gmt":"2018-06-09T13:52:58","guid":{"rendered":"https:\/\/meusitejuridico.com.br\/?p=5419"},"modified":"2022-01-18T16:49:26","modified_gmt":"2022-01-18T19:49:26","slug":"625-compete-justica-federal-julgar-crime-cometido-no-exterior-se-o-brasil-negou-extradicao-autor","status":"publish","type":"post","link":"https:\/\/cdn.meusitejuridico.com.br\/2018\/06\/09\/625-compete-justica-federal-julgar-crime-cometido-no-exterior-se-o-brasil-negou-extradicao-autor\/","title":{"rendered":"625: Compete \u00e0 Justi\u00e7a Federal julgar crime cometido no exterior se o Brasil negou a extradi\u00e7\u00e3o do autor"},"content":{"rendered":"<p><a href=\"https:\/\/play.google.com\/store\/apps\/details?id=com.app.meuappjuridico&amp;hl=pt\" target=\"_blank\" rel=\"noopener\"><img decoding=\"async\" class=\"aligncenter wp-image-4610 size-medium\" src=\"https:\/\/s3.meusitejuridico.com.br\/2018\/02\/3cdb1249-banner-app-300x166.jpeg\" alt=\"\" width=\"300\" height=\"166\" srcset=\"https:\/\/cdn.meusitejuridico.com.br\/s.meusitejuridico\/2018\/02\/3cdb1249-banner-app-300x166.jpeg 300w, https:\/\/cdn.meusitejuridico.com.br\/s.meusitejuridico\/2018\/02\/3cdb1249-banner-app-768x424.jpeg 768w, https:\/\/cdn.meusitejuridico.com.br\/s.meusitejuridico\/2018\/02\/3cdb1249-banner-app-1024x566.jpeg 1024w, https:\/\/cdn.meusitejuridico.com.br\/s.meusitejuridico\/2018\/02\/3cdb1249-banner-app-80x44.jpeg 80w, https:\/\/cdn.meusitejuridico.com.br\/s.meusitejuridico\/2018\/02\/3cdb1249-banner-app.jpeg 1140w\" sizes=\"(max-width: 300px) 100vw, 300px\" \/><\/a><\/p>\n<p><strong>Informativo:<\/strong>\u00a0625 do STJ \u2013 Processo Penal, Direito Penal<\/p>\n<p><strong>Resumo:<\/strong><strong>\u00a0<\/strong>Compete \u00e0 Justi\u00e7a Federal o processamento e o julgamento da a\u00e7\u00e3o penal que versa sobre crime praticado no exterior que tenha sido transferida para a jurisdi\u00e7\u00e3o brasileira, por negativa de extradi\u00e7\u00e3o.<\/p>\n<p><strong>Coment\u00e1rios:<\/strong><\/p>\n<p>O crit\u00e9rio geral adotado pelo nosso ordenamento penal \u00e9 o de que a lei penal brasileira vale dentro do territ\u00f3rio nacional (f\u00edsico e jur\u00eddico), sem preju\u00edzo de conven\u00e7\u00f5es, tratados e regras de direito internacional. No entanto, em casos excepcionais, a nossa lei poder\u00e1 extrapolar os limites do territ\u00f3rio, alcan\u00e7ando crimes cometidos <strong>exclusivamente no estrangeiro<\/strong>, fen\u00f4meno denominado <em>extraterritorialidade<\/em>. O C\u00f3digo Penal, no <a class='qlabs_tooltip_top qlabs_tooltip_style_1 cursor_pointer event_hover' style=''  aria-haspopup='true'>art. 7\u00ba, incs. I e II e \u00a7 3\u00ba<span style='width: 180px; '  > I \u2013 os crimes: a) contra a vida ou a liberdade do Presidente da Rep\u00fablica; b) contra o patrim\u00f4nio ou a f\u00e9 p\u00fablica da Uni\u00e3o, do Distrito Federal, de Estado, de Territ\u00f3rio, de Munic\u00edpio, de empresa p\u00fablica, sociedade de economia mista, autarquia ou funda\u00e7\u00e3o institu\u00edda pelo Poder P\u00fablico; c) contra a administra\u00e7\u00e3o p\u00fablica, por quem est\u00e1 a seu servi\u00e7o; d) de genoc\u00eddio, quando o agente for brasileiro ou domiciliado no Brasil; II \u2013 os crimes: a) que, por tratado ou conven\u00e7\u00e3o, o Brasil se obrigou a reprimir; b) praticados por brasileiros; c) praticados em aeronaves ou embarca\u00e7\u00f5es brasileiras, mercante ou de propriedade privada, quando em territ\u00f3rio estrangeiro e a\u00ed n\u00e3o sejam julgados. \u00a7 3\u00ba. A lei brasileira aplica-se tamb\u00e9m ao crime cometido por estrangeiro contra brasileiro fora do Brasil (...).<\/span><\/a>, anuncia quais crimes ficam sujeitos \u00e0 lei brasileira, embora cometidos no estrangeiro. Os casos do inciso I s\u00e3o de extraterritorialidade incondicionada, aplicando-se a lei brasileira independentemente de qualquer requisito, ao passo que as situa\u00e7\u00f5es do item II s\u00e3o de extraterritorialidade condicionada, em que se faz necess\u00e1rio o concurso de <a class='qlabs_tooltip_top qlabs_tooltip_style_1 cursor_pointer event_hover' style=''  aria-haspopup='true'>condi\u00e7\u00f5es<span style='width: 180px; '  >(i) entrar o agente no territ\u00f3rio nacional; (ii) ser o fato pun\u00edvel tamb\u00e9m no pa\u00eds em que foi praticado; (iii) estar o crime inclu\u00eddo entre aqueles pelos quais a lei brasileira autoriza a extradi\u00e7\u00e3o; (iv) n\u00e3o ter sido o agente absolvido no estrangeiro ou n\u00e3o ter a\u00ed cumprido a pena; (v) n\u00e3o ter sido o agente perdoado no estrangeiro ou, por outro motivo, n\u00e3o estar extinta a punibilidade, segundo a lei mais favor\u00e1vel.<\/span><\/a> para que a lei brasileira seja aplicada, e a do \u00a7 3\u00ba \u00e9 hipercondicionada, demandando, al\u00e9m do cumprimento das mesmas condi\u00e7\u00f5es aplic\u00e1veis ao inciso II, que n\u00e3o tenha sido pedida ou tenha sido negada a extradi\u00e7\u00e3o e que tenha havido requisi\u00e7\u00e3o do Ministro da Justi\u00e7a.<\/p>\n<p>Verificado um crime cometido no estrangeiro e identificada a extraterritorialidade da lei brasileira, \u00e9 preciso apontar o \u00f3rg\u00e3o jurisdicional competente para julgamento no Brasil.<\/p>\n<p>Imaginemos que Andr\u00e9, brasileiro residente nos Estados Unidos, furte um cidad\u00e3o americano e se evada para o Brasil antes mesmo de que o crime seja comunicado \u00e0s autoridades daquele pa\u00eds. A lei brasileira alcan\u00e7a este fato, pois se trata de crime praticado por brasileiro e as condi\u00e7\u00f5es estabelecidas para a extraterritorialidade est\u00e3o preenchidas: o agente ingressou no Brasil; o furto \u00e9 crime tamb\u00e9m nos Estados Unidos e se inclui entre aqueles pelos quais a lei brasileira autoriza a extradi\u00e7\u00e3o; e Andr\u00e9 fugiu antes do in\u00edcio do processo, sem not\u00edcia de perd\u00e3o ou causa extintiva da punibilidade.<\/p>\n<p>Neste caso, de acordo com a orienta\u00e7\u00e3o adotada pelo STJ, Andr\u00e9 ser\u00e1 processado e julgado no Brasil pela Justi\u00e7a Estadual, pois n\u00e3o incide nenhuma das hip\u00f3teses espec\u00edficas de compet\u00eancia da Justi\u00e7a Federal (art. 109, CF\/88):<\/p>\n<p>\u201cCONFLITO NEGATIVO DE COMPET\u00caNCIA. INQU\u00c9RITO POLICIAL QUE APURA CRIME DE FURTO PERPETRADO POR BRASILEIRO, CONTRA V\u00cdTIMA BRASILEIRA, AMBOS RESIDENTES NO JAP\u00c3O. ITER CRIMINIS INTEGRALMENTE OCORRIDO NO EXTERIOR. REGRESSO DO AGENTE AO PA\u00cdS. COMPET\u00caNCIA DA JUSTI\u00c7A COMUM ESTADUAL. 1. Aplica-se a extraterritorialidade prevista no art. 7.\u00ba, inciso II, al\u00ednea b, e \u00a7 2.\u00ba, al\u00ednea a, do C\u00f3digo Penal, se o crime foi praticado por brasileiro no estrangeiro e, posteriormente, o agente ingressou em territ\u00f3rio nacional. 2. Nos termos do art. 88 do C\u00f3digo de Processo Penal, sendo a cidade de S\u00e3o Paulo\/SP o \u00faltimo domic\u00edlio do indiciado, \u00e9 patente a compet\u00eancia do Ju\u00edzo da Capital do Estado de S\u00e3o Paulo. 3. Afasta-se a compet\u00eancia da Justi\u00e7a Federal, tendo em vista a inexist\u00eancia de qualquer hip\u00f3tese prevista no art. 109 da Carta da Rep\u00fablica, principalmente, porque todo o iter criminis ocorreu no estrangeiro. 4. Conflito conhecido para declarar a compet\u00eancia do Ju\u00edzo de Direito do Departamento de Inqu\u00e9ritos Policiais e Pol\u00edcia Judici\u00e1ria de S\u00e3o Paulo\u201d (CC 115.375\/SP, j. 26\/10\/2011).<\/p>\n<p>H\u00e1, todavia, situa\u00e7\u00f5es em que o interesse da Uni\u00e3o pode se fazer presente em virtude da negativa de extradi\u00e7\u00e3o pelo Brasil.<\/p>\n<p>Julgando o conflito de compet\u00eancia 154.645\/MG (j. 25\/04\/2018), o STJ estabeleceu a compet\u00eancia da Justi\u00e7a Federal para julgar um brasileiro que havia cometido crimes contra a f\u00e9 p\u00fablica em Portugal, crimes estes que n\u00e3o envolveram o Brasil, pois consistiram em falsificar documentos de identidade portugueses para entrada ilegal nos Estados Unidos e no Canad\u00e1. Ocorre que, uma vez descoberto o crime, o agente retornou ao Brasil e, em raz\u00e3o disso, Portugal pediu sua extradi\u00e7\u00e3o, que, todavia, foi negada diante da <a class='qlabs_tooltip_top qlabs_tooltip_style_1 cursor_pointer event_hover' style=''  aria-haspopup='true'>veda\u00e7\u00e3o constitucional<span style='width: 180px; '  >Nenhum brasileiro ser\u00e1 extraditado, salvo o naturalizado, em caso de crime comum, praticado antes da naturaliza\u00e7\u00e3o, ou de comprovado envolvimento em tr\u00e1fico il\u00edcito de entorpecentes e drogas afins, na forma da lei. (art. 5\u00ba, LI)<\/span><\/a> \u00e0 extradi\u00e7\u00e3o de brasileiros.<\/p>\n<p>Nesta situa\u00e7\u00e3o, o STJ considerou competente a Justi\u00e7a Federal porque o Brasil mant\u00e9m com Portugal um tratado que estabelece, na impossibilidade de extradi\u00e7\u00e3o, a submiss\u00e3o do autor de crime \u201ca julgamento pelo Tribunal competente e, em conformidade com a sua lei, pelos fatos que fundamentaram, ou poderiam ter fundamentado, o pedido de extradi\u00e7\u00e3o\u201d, e compete \u00e0 Uni\u00e3o, por expressa disposi\u00e7\u00e3o constitucional, manter rela\u00e7\u00f5es com estados estrangeiros e cumprir os tratados firmados:<\/p>\n<p>\u201cPor se tratar de crime praticado por agente de nacionalidade brasileira, n\u00e3o \u00e9 poss\u00edvel a extradi\u00e7\u00e3o, em conformidade com o art. 5\u00ba, LI, da CF\/88. Aplic\u00e1vel, no caso, o Decreto n. 1.325\/1994, que incorporou ao ordenamento jur\u00eddico brasileiro o Tratado de Extradi\u00e7\u00e3o entre o Governo da Rep\u00fablica Federativa do Brasil e o Governo da Rep\u00fablica Portuguesa, no qual estabelece, na impossibilidade de extradi\u00e7\u00e3o por ser nacional da parte requerida, a obriga\u00e7\u00e3o de &#8220;submeter o infrator a julgamento pelo Tribunal competente e, em conformidade com a sua lei, pelos fatos que fundamentaram, ou poderiam ter fundamentado, o pedido de extradi\u00e7\u00e3o&#8221; (art. IV, 1, do Tratado de Extradi\u00e7\u00e3o). Al\u00e9m disso, cabe \u00e0 Uni\u00e3o, segundo disp\u00f5em os arts. 21, I, e 84, VII e VIII, da Carta da Rep\u00fablica, manter rela\u00e7\u00f5es com estados estrangeiros e cumprir os tratados firmados, fixando-se a sua responsabilidade na\u00a0<em>persecutio criminis<\/em>\u00a0nas hip\u00f3teses de crimes praticados por brasileiros no exterior, na qual haja incid\u00eancia da norma interna, no caso, o Direito Penal interno e n\u00e3o seja poss\u00edvel a extradi\u00e7\u00e3o. No plano interno, em decorr\u00eancia da repercuss\u00e3o das rela\u00e7\u00f5es da Uni\u00e3o com estados estrangeiros e o cumprimento dos tratados internacionais firmados, a coopera\u00e7\u00e3o passiva, a teor dos arts. 105 e 109, X, da CF\/88, imp\u00f5e a execu\u00e7\u00e3o de rogat\u00f3rias pela Justi\u00e7a Federal ap\u00f3s a chancela por esta Corte Superior. Assim, compete \u00e0 Justi\u00e7a Federal o processamento e o julgamento da a\u00e7\u00e3o penal que versa sobre crime praticado no exterior, o qual tenha sido transferida para a jurisdi\u00e7\u00e3o brasileira, por negativa de extradi\u00e7\u00e3o, aplic\u00e1vel o art. 109, IV, da CF\/88\u201d.<a href=\"#_ftnref1\" name=\"_ftn1\"><\/a><\/p>\n<p><strong>Para se aprofundar, recomendamos:<\/strong><\/p>\n<p>Curso:\u00a0<a href=\"https:\/\/goo.gl\/vDVTu9\" target=\"_blank\" rel=\"noopener\">Carreira Jur\u00eddica (m\u00f3d. I e II)<\/a><\/p>\n<p>Curso:\u00a0<a href=\"https:\/\/goo.gl\/HWHJAI\" target=\"_blank\" rel=\"noopener\">Intensivo para o Minist\u00e9rio P\u00fablico e Magistratura Estaduais + Legisla\u00e7\u00e3o Penal Especial<\/a><\/p>\n<p>Livro:\u00a0<a href=\"https:\/\/www.editorajuspodivm.com.br\/manual-de-direito-penal-parte-geral-2018-volume-unico\" target=\"_blank\" rel=\"noopener\">Manual de Direito Penal (parte geral)<\/a><\/p>\n","protected":false},"excerpt":{"rendered":"<p>Informativo:\u00a0625 do STJ \u2013 Processo Penal, Direito Penal Resumo:\u00a0Compete \u00e0 Justi\u00e7a Federal o processamento e o julgamento da a\u00e7\u00e3o penal que versa sobre crime praticado no exterior que tenha sido transferida para a jurisdi\u00e7\u00e3o brasileira, por negativa de extradi\u00e7\u00e3o. Coment\u00e1rios: O crit\u00e9rio geral adotado pelo nosso ordenamento penal \u00e9 o de que a lei penal [&hellip;]<\/p>\n","protected":false},"author":3,"featured_media":5421,"comment_status":"open","ping_status":"open","sticky":false,"template":"","format":"standard","meta":{"_acf_changed":false,"footnotes":""},"categories":[106,114,70,75,80],"tags":[1746,175,1259,915,1406],"class_list":["post-5419","post","type-post","status-publish","format-standard","has-post-thumbnail","hentry","category-direito-penal-disciplinas","category-direito-processual-penal","category-informativos-comentados","category-jurisprudencia-comentada","category-informativos-stj","tag-625-stj","tag-competencia","tag-extradicao","tag-extraterritorialidade","tag-tratados"],"acf":[],"yoast_head":"<!-- This site is optimized with the Yoast SEO plugin v24.8.1 - https:\/\/yoast.com\/wordpress\/plugins\/seo\/ -->\n<title>625: Compete \u00e0 Justi\u00e7a Federal julgar crime cometido no exterior se o Brasil negou a extradi\u00e7\u00e3o do autor - Meu site jur\u00eddico<\/title>\n<meta name=\"robots\" content=\"index, follow, max-snippet:-1, max-image-preview:large, max-video-preview:-1\" \/>\n<link rel=\"canonical\" href=\"https:\/\/meusitejuridico.com.br\/2018\/06\/09\/625-compete-justica-federal-julgar-crime-cometido-no-exterior-se-o-brasil-negou-extradicao-autor\/\" \/>\n<meta property=\"og:locale\" content=\"pt_BR\" \/>\n<meta property=\"og:type\" content=\"article\" \/>\n<meta property=\"og:title\" content=\"625: Compete \u00e0 Justi\u00e7a Federal julgar crime cometido no exterior se o Brasil negou a extradi\u00e7\u00e3o do autor - Meu site jur\u00eddico\" \/>\n<meta property=\"og:description\" content=\"Informativo:\u00a0625 do STJ \u2013 Processo Penal, Direito Penal Resumo:\u00a0Compete \u00e0 Justi\u00e7a Federal o processamento e o julgamento da a\u00e7\u00e3o penal que versa sobre crime praticado no exterior que tenha sido transferida para a jurisdi\u00e7\u00e3o brasileira, por negativa de extradi\u00e7\u00e3o. Coment\u00e1rios: O crit\u00e9rio geral adotado pelo nosso ordenamento penal \u00e9 o de que a lei penal [&hellip;]\" \/>\n<meta property=\"og:url\" content=\"https:\/\/meusitejuridico.com.br\/2018\/06\/09\/625-compete-justica-federal-julgar-crime-cometido-no-exterior-se-o-brasil-negou-extradicao-autor\/\" \/>\n<meta property=\"og:site_name\" content=\"Meu site jur\u00eddico\" \/>\n<meta property=\"article:author\" content=\"https:\/\/www.facebook.com\/RogerioSanchesC\" \/>\n<meta property=\"article:published_time\" content=\"2018-06-09T13:52:58+00:00\" \/>\n<meta property=\"article:modified_time\" content=\"2022-01-18T19:49:26+00:00\" \/>\n<meta property=\"og:image\" content=\"https:\/\/meusitejuridico.com.br\/s.meusitejuridico\/2018\/06\/7c52b6f3-shutterstock-611135009.jpg\" \/>\n\t<meta property=\"og:image:width\" content=\"1000\" \/>\n\t<meta property=\"og:image:height\" content=\"741\" \/>\n\t<meta property=\"og:image:type\" content=\"image\/jpeg\" \/>\n<meta name=\"author\" content=\"Rog\u00e9rio Sanches Cunha\" \/>\n<meta name=\"twitter:card\" content=\"summary_large_image\" \/>\n<meta name=\"twitter:creator\" content=\"@RogerioSanchesC\" \/>\n<meta name=\"twitter:label1\" content=\"Escrito por\" \/>\n\t<meta name=\"twitter:data1\" content=\"Rog\u00e9rio Sanches Cunha\" \/>\n\t<meta name=\"twitter:label2\" content=\"Est. tempo de leitura\" \/>\n\t<meta name=\"twitter:data2\" content=\"7 minutos\" \/>\n<script type=\"application\/ld+json\" class=\"yoast-schema-graph\">{\"@context\":\"https:\/\/schema.org\",\"@graph\":[{\"@type\":\"Article\",\"@id\":\"https:\/\/meusitejuridico.com.br\/2018\/06\/09\/625-compete-justica-federal-julgar-crime-cometido-no-exterior-se-o-brasil-negou-extradicao-autor\/#article\",\"isPartOf\":{\"@id\":\"https:\/\/meusitejuridico.com.br\/2018\/06\/09\/625-compete-justica-federal-julgar-crime-cometido-no-exterior-se-o-brasil-negou-extradicao-autor\/\"},\"author\":{\"name\":\"Rog\u00e9rio Sanches Cunha\",\"@id\":\"https:\/\/cdn.meusitejuridico.com.br\/#\/schema\/person\/a3cebf06fd267ee700aae09eb6722d16\"},\"headline\":\"625: Compete \u00e0 Justi\u00e7a Federal julgar crime cometido no exterior se o Brasil negou a extradi\u00e7\u00e3o do autor\",\"datePublished\":\"2018-06-09T13:52:58+00:00\",\"dateModified\":\"2022-01-18T19:49:26+00:00\",\"mainEntityOfPage\":{\"@id\":\"https:\/\/meusitejuridico.com.br\/2018\/06\/09\/625-compete-justica-federal-julgar-crime-cometido-no-exterior-se-o-brasil-negou-extradicao-autor\/\"},\"wordCount\":1432,\"commentCount\":0,\"publisher\":{\"@id\":\"https:\/\/cdn.meusitejuridico.com.br\/#organization\"},\"image\":{\"@id\":\"https:\/\/meusitejuridico.com.br\/2018\/06\/09\/625-compete-justica-federal-julgar-crime-cometido-no-exterior-se-o-brasil-negou-extradicao-autor\/#primaryimage\"},\"thumbnailUrl\":\"https:\/\/cdn.meusitejuridico.com.br\/s.meusitejuridico\/2018\/06\/7c52b6f3-shutterstock-611135009.jpg\",\"keywords\":[\"625 STJ\",\"compet\u00eancia\",\"extradi\u00e7\u00e3o\",\"extraterritorialidade\",\"tratados\"],\"articleSection\":[\"Direito Penal\",\"Direito Processual Penal\",\"Informativos\",\"Jurisprud\u00eancia\",\"STJ\"],\"inLanguage\":\"pt-BR\",\"potentialAction\":[{\"@type\":\"CommentAction\",\"name\":\"Comment\",\"target\":[\"https:\/\/meusitejuridico.com.br\/2018\/06\/09\/625-compete-justica-federal-julgar-crime-cometido-no-exterior-se-o-brasil-negou-extradicao-autor\/#respond\"]}]},{\"@type\":\"WebPage\",\"@id\":\"https:\/\/meusitejuridico.com.br\/2018\/06\/09\/625-compete-justica-federal-julgar-crime-cometido-no-exterior-se-o-brasil-negou-extradicao-autor\/\",\"url\":\"https:\/\/meusitejuridico.com.br\/2018\/06\/09\/625-compete-justica-federal-julgar-crime-cometido-no-exterior-se-o-brasil-negou-extradicao-autor\/\",\"name\":\"625: Compete \u00e0 Justi\u00e7a Federal julgar crime cometido no exterior se o Brasil negou a extradi\u00e7\u00e3o do autor - Meu site jur\u00eddico\",\"isPartOf\":{\"@id\":\"https:\/\/cdn.meusitejuridico.com.br\/#website\"},\"primaryImageOfPage\":{\"@id\":\"https:\/\/meusitejuridico.com.br\/2018\/06\/09\/625-compete-justica-federal-julgar-crime-cometido-no-exterior-se-o-brasil-negou-extradicao-autor\/#primaryimage\"},\"image\":{\"@id\":\"https:\/\/meusitejuridico.com.br\/2018\/06\/09\/625-compete-justica-federal-julgar-crime-cometido-no-exterior-se-o-brasil-negou-extradicao-autor\/#primaryimage\"},\"thumbnailUrl\":\"https:\/\/cdn.meusitejuridico.com.br\/s.meusitejuridico\/2018\/06\/7c52b6f3-shutterstock-611135009.jpg\",\"datePublished\":\"2018-06-09T13:52:58+00:00\",\"dateModified\":\"2022-01-18T19:49:26+00:00\",\"breadcrumb\":{\"@id\":\"https:\/\/meusitejuridico.com.br\/2018\/06\/09\/625-compete-justica-federal-julgar-crime-cometido-no-exterior-se-o-brasil-negou-extradicao-autor\/#breadcrumb\"},\"inLanguage\":\"pt-BR\",\"potentialAction\":[{\"@type\":\"ReadAction\",\"target\":[\"https:\/\/meusitejuridico.com.br\/2018\/06\/09\/625-compete-justica-federal-julgar-crime-cometido-no-exterior-se-o-brasil-negou-extradicao-autor\/\"]}]},{\"@type\":\"ImageObject\",\"inLanguage\":\"pt-BR\",\"@id\":\"https:\/\/meusitejuridico.com.br\/2018\/06\/09\/625-compete-justica-federal-julgar-crime-cometido-no-exterior-se-o-brasil-negou-extradicao-autor\/#primaryimage\",\"url\":\"https:\/\/cdn.meusitejuridico.com.br\/s.meusitejuridico\/2018\/06\/7c52b6f3-shutterstock-611135009.jpg\",\"contentUrl\":\"https:\/\/cdn.meusitejuridico.com.br\/s.meusitejuridico\/2018\/06\/7c52b6f3-shutterstock-611135009.jpg\",\"width\":1000,\"height\":741},{\"@type\":\"BreadcrumbList\",\"@id\":\"https:\/\/meusitejuridico.com.br\/2018\/06\/09\/625-compete-justica-federal-julgar-crime-cometido-no-exterior-se-o-brasil-negou-extradicao-autor\/#breadcrumb\",\"itemListElement\":[{\"@type\":\"ListItem\",\"position\":1,\"name\":\"In\u00edcio\",\"item\":\"https:\/\/cdn.meusitejuridico.com.br\/\"},{\"@type\":\"ListItem\",\"position\":2,\"name\":\"625: Compete \u00e0 Justi\u00e7a Federal julgar crime cometido no exterior se o Brasil negou a extradi\u00e7\u00e3o do autor\"}]},{\"@type\":\"WebSite\",\"@id\":\"https:\/\/cdn.meusitejuridico.com.br\/#website\",\"url\":\"https:\/\/cdn.meusitejuridico.com.br\/\",\"name\":\"Meu site jur\u00eddico\",\"description\":\"Meu site jur\u00eddico\",\"publisher\":{\"@id\":\"https:\/\/cdn.meusitejuridico.com.br\/#organization\"},\"potentialAction\":[{\"@type\":\"SearchAction\",\"target\":{\"@type\":\"EntryPoint\",\"urlTemplate\":\"https:\/\/cdn.meusitejuridico.com.br\/?s={search_term_string}\"},\"query-input\":{\"@type\":\"PropertyValueSpecification\",\"valueRequired\":true,\"valueName\":\"search_term_string\"}}],\"inLanguage\":\"pt-BR\"},{\"@type\":\"Organization\",\"@id\":\"https:\/\/cdn.meusitejuridico.com.br\/#organization\",\"name\":\"Meu site jur\u00eddico\",\"url\":\"https:\/\/cdn.meusitejuridico.com.br\/\",\"logo\":{\"@type\":\"ImageObject\",\"inLanguage\":\"pt-BR\",\"@id\":\"https:\/\/cdn.meusitejuridico.com.br\/#\/schema\/logo\/image\/\",\"url\":\"https:\/\/cdn.meusitejuridico.com.br\/s.meusitejuridico\/2022\/03\/cropped-baeec2a3-msj-02-01-01.png\",\"contentUrl\":\"https:\/\/cdn.meusitejuridico.com.br\/s.meusitejuridico\/2022\/03\/cropped-baeec2a3-msj-02-01-01.png\",\"width\":349,\"height\":243,\"caption\":\"Meu site jur\u00eddico\"},\"image\":{\"@id\":\"https:\/\/cdn.meusitejuridico.com.br\/#\/schema\/logo\/image\/\"}},{\"@type\":\"Person\",\"@id\":\"https:\/\/cdn.meusitejuridico.com.br\/#\/schema\/person\/a3cebf06fd267ee700aae09eb6722d16\",\"name\":\"Rog\u00e9rio Sanches Cunha\",\"image\":{\"@type\":\"ImageObject\",\"inLanguage\":\"pt-BR\",\"@id\":\"https:\/\/cdn.meusitejuridico.com.br\/#\/schema\/person\/image\/\",\"url\":\"https:\/\/cdn.meusitejuridico.com.br\/s.meusitejuridico\/2023\/04\/7de31285-rsc-0054-scaled-e1681840173909-150x150.jpg\",\"contentUrl\":\"https:\/\/cdn.meusitejuridico.com.br\/s.meusitejuridico\/2023\/04\/7de31285-rsc-0054-scaled-e1681840173909-150x150.jpg\",\"caption\":\"Rog\u00e9rio Sanches Cunha\"},\"description\":\"Membro do Ministe\u0301rio Pu\u0301blico do Estado de Sa\u0303o Paulo. Professor da Escola Superior do Ministe\u0301rio Pu\u0301blico dos estados de Sa\u0303o Paulo, Mato Grosso e Santa Catarina. Coordenador Pedag\u00f3gico e Professor de Penal e Processo Penal do Curso RSConline. Fundador do site www.meusitejuridico.com.br. Cofundador e coordenador pedago\u0301gico do JUSPLAY. Autor de obras juri\u0301dicas.\",\"sameAs\":[\"https:\/\/www.editorajuspodivm.com.br\/autores\/detalhe\/107?idtag=ebe04ee0-bb3c-4b7f-96b9-fcd9428789d5\",\"https:\/\/www.facebook.com\/RogerioSanchesC\",\"https:\/\/www.instagram.com\/rogeriosanchescunha\/\",\"https:\/\/x.com\/RogerioSanchesC\",\"https:\/\/www.youtube.com\/user\/RogerioSanchesC\"],\"url\":\"https:\/\/cdn.meusitejuridico.com.br\/author\/redesrogeriogmail-com\/\"}]}<\/script>\n<!-- \/ Yoast SEO plugin. -->","yoast_head_json":{"title":"625: Compete \u00e0 Justi\u00e7a Federal julgar crime cometido no exterior se o Brasil negou a extradi\u00e7\u00e3o do autor - Meu site jur\u00eddico","robots":{"index":"index","follow":"follow","max-snippet":"max-snippet:-1","max-image-preview":"max-image-preview:large","max-video-preview":"max-video-preview:-1"},"canonical":"https:\/\/meusitejuridico.com.br\/2018\/06\/09\/625-compete-justica-federal-julgar-crime-cometido-no-exterior-se-o-brasil-negou-extradicao-autor\/","og_locale":"pt_BR","og_type":"article","og_title":"625: Compete \u00e0 Justi\u00e7a Federal julgar crime cometido no exterior se o Brasil negou a extradi\u00e7\u00e3o do autor - Meu site jur\u00eddico","og_description":"Informativo:\u00a0625 do STJ \u2013 Processo Penal, Direito Penal Resumo:\u00a0Compete \u00e0 Justi\u00e7a Federal o processamento e o julgamento da a\u00e7\u00e3o penal que versa sobre crime praticado no exterior que tenha sido transferida para a jurisdi\u00e7\u00e3o brasileira, por negativa de extradi\u00e7\u00e3o. Coment\u00e1rios: O crit\u00e9rio geral adotado pelo nosso ordenamento penal \u00e9 o de que a lei penal [&hellip;]","og_url":"https:\/\/meusitejuridico.com.br\/2018\/06\/09\/625-compete-justica-federal-julgar-crime-cometido-no-exterior-se-o-brasil-negou-extradicao-autor\/","og_site_name":"Meu site jur\u00eddico","article_author":"https:\/\/www.facebook.com\/RogerioSanchesC","article_published_time":"2018-06-09T13:52:58+00:00","article_modified_time":"2022-01-18T19:49:26+00:00","og_image":[{"width":1000,"height":741,"url":"https:\/\/meusitejuridico.com.br\/s.meusitejuridico\/2018\/06\/7c52b6f3-shutterstock-611135009.jpg","type":"image\/jpeg"}],"author":"Rog\u00e9rio Sanches Cunha","twitter_card":"summary_large_image","twitter_creator":"@RogerioSanchesC","twitter_misc":{"Escrito por":"Rog\u00e9rio Sanches Cunha","Est. tempo de leitura":"7 minutos"},"schema":{"@context":"https:\/\/schema.org","@graph":[{"@type":"Article","@id":"https:\/\/meusitejuridico.com.br\/2018\/06\/09\/625-compete-justica-federal-julgar-crime-cometido-no-exterior-se-o-brasil-negou-extradicao-autor\/#article","isPartOf":{"@id":"https:\/\/meusitejuridico.com.br\/2018\/06\/09\/625-compete-justica-federal-julgar-crime-cometido-no-exterior-se-o-brasil-negou-extradicao-autor\/"},"author":{"name":"Rog\u00e9rio Sanches Cunha","@id":"https:\/\/cdn.meusitejuridico.com.br\/#\/schema\/person\/a3cebf06fd267ee700aae09eb6722d16"},"headline":"625: Compete \u00e0 Justi\u00e7a Federal julgar crime cometido no exterior se o Brasil negou a extradi\u00e7\u00e3o do autor","datePublished":"2018-06-09T13:52:58+00:00","dateModified":"2022-01-18T19:49:26+00:00","mainEntityOfPage":{"@id":"https:\/\/meusitejuridico.com.br\/2018\/06\/09\/625-compete-justica-federal-julgar-crime-cometido-no-exterior-se-o-brasil-negou-extradicao-autor\/"},"wordCount":1432,"commentCount":0,"publisher":{"@id":"https:\/\/cdn.meusitejuridico.com.br\/#organization"},"image":{"@id":"https:\/\/meusitejuridico.com.br\/2018\/06\/09\/625-compete-justica-federal-julgar-crime-cometido-no-exterior-se-o-brasil-negou-extradicao-autor\/#primaryimage"},"thumbnailUrl":"https:\/\/cdn.meusitejuridico.com.br\/s.meusitejuridico\/2018\/06\/7c52b6f3-shutterstock-611135009.jpg","keywords":["625 STJ","compet\u00eancia","extradi\u00e7\u00e3o","extraterritorialidade","tratados"],"articleSection":["Direito Penal","Direito Processual Penal","Informativos","Jurisprud\u00eancia","STJ"],"inLanguage":"pt-BR","potentialAction":[{"@type":"CommentAction","name":"Comment","target":["https:\/\/meusitejuridico.com.br\/2018\/06\/09\/625-compete-justica-federal-julgar-crime-cometido-no-exterior-se-o-brasil-negou-extradicao-autor\/#respond"]}]},{"@type":"WebPage","@id":"https:\/\/meusitejuridico.com.br\/2018\/06\/09\/625-compete-justica-federal-julgar-crime-cometido-no-exterior-se-o-brasil-negou-extradicao-autor\/","url":"https:\/\/meusitejuridico.com.br\/2018\/06\/09\/625-compete-justica-federal-julgar-crime-cometido-no-exterior-se-o-brasil-negou-extradicao-autor\/","name":"625: Compete \u00e0 Justi\u00e7a Federal julgar crime cometido no exterior se o Brasil negou a extradi\u00e7\u00e3o do autor - Meu site jur\u00eddico","isPartOf":{"@id":"https:\/\/cdn.meusitejuridico.com.br\/#website"},"primaryImageOfPage":{"@id":"https:\/\/meusitejuridico.com.br\/2018\/06\/09\/625-compete-justica-federal-julgar-crime-cometido-no-exterior-se-o-brasil-negou-extradicao-autor\/#primaryimage"},"image":{"@id":"https:\/\/meusitejuridico.com.br\/2018\/06\/09\/625-compete-justica-federal-julgar-crime-cometido-no-exterior-se-o-brasil-negou-extradicao-autor\/#primaryimage"},"thumbnailUrl":"https:\/\/cdn.meusitejuridico.com.br\/s.meusitejuridico\/2018\/06\/7c52b6f3-shutterstock-611135009.jpg","datePublished":"2018-06-09T13:52:58+00:00","dateModified":"2022-01-18T19:49:26+00:00","breadcrumb":{"@id":"https:\/\/meusitejuridico.com.br\/2018\/06\/09\/625-compete-justica-federal-julgar-crime-cometido-no-exterior-se-o-brasil-negou-extradicao-autor\/#breadcrumb"},"inLanguage":"pt-BR","potentialAction":[{"@type":"ReadAction","target":["https:\/\/meusitejuridico.com.br\/2018\/06\/09\/625-compete-justica-federal-julgar-crime-cometido-no-exterior-se-o-brasil-negou-extradicao-autor\/"]}]},{"@type":"ImageObject","inLanguage":"pt-BR","@id":"https:\/\/meusitejuridico.com.br\/2018\/06\/09\/625-compete-justica-federal-julgar-crime-cometido-no-exterior-se-o-brasil-negou-extradicao-autor\/#primaryimage","url":"https:\/\/cdn.meusitejuridico.com.br\/s.meusitejuridico\/2018\/06\/7c52b6f3-shutterstock-611135009.jpg","contentUrl":"https:\/\/cdn.meusitejuridico.com.br\/s.meusitejuridico\/2018\/06\/7c52b6f3-shutterstock-611135009.jpg","width":1000,"height":741},{"@type":"BreadcrumbList","@id":"https:\/\/meusitejuridico.com.br\/2018\/06\/09\/625-compete-justica-federal-julgar-crime-cometido-no-exterior-se-o-brasil-negou-extradicao-autor\/#breadcrumb","itemListElement":[{"@type":"ListItem","position":1,"name":"In\u00edcio","item":"https:\/\/cdn.meusitejuridico.com.br\/"},{"@type":"ListItem","position":2,"name":"625: Compete \u00e0 Justi\u00e7a Federal julgar crime cometido no exterior se o Brasil negou a extradi\u00e7\u00e3o do autor"}]},{"@type":"WebSite","@id":"https:\/\/cdn.meusitejuridico.com.br\/#website","url":"https:\/\/cdn.meusitejuridico.com.br\/","name":"Meu site jur\u00eddico","description":"Meu site jur\u00eddico","publisher":{"@id":"https:\/\/cdn.meusitejuridico.com.br\/#organization"},"potentialAction":[{"@type":"SearchAction","target":{"@type":"EntryPoint","urlTemplate":"https:\/\/cdn.meusitejuridico.com.br\/?s={search_term_string}"},"query-input":{"@type":"PropertyValueSpecification","valueRequired":true,"valueName":"search_term_string"}}],"inLanguage":"pt-BR"},{"@type":"Organization","@id":"https:\/\/cdn.meusitejuridico.com.br\/#organization","name":"Meu site jur\u00eddico","url":"https:\/\/cdn.meusitejuridico.com.br\/","logo":{"@type":"ImageObject","inLanguage":"pt-BR","@id":"https:\/\/cdn.meusitejuridico.com.br\/#\/schema\/logo\/image\/","url":"https:\/\/cdn.meusitejuridico.com.br\/s.meusitejuridico\/2022\/03\/cropped-baeec2a3-msj-02-01-01.png","contentUrl":"https:\/\/cdn.meusitejuridico.com.br\/s.meusitejuridico\/2022\/03\/cropped-baeec2a3-msj-02-01-01.png","width":349,"height":243,"caption":"Meu site jur\u00eddico"},"image":{"@id":"https:\/\/cdn.meusitejuridico.com.br\/#\/schema\/logo\/image\/"}},{"@type":"Person","@id":"https:\/\/cdn.meusitejuridico.com.br\/#\/schema\/person\/a3cebf06fd267ee700aae09eb6722d16","name":"Rog\u00e9rio Sanches Cunha","image":{"@type":"ImageObject","inLanguage":"pt-BR","@id":"https:\/\/cdn.meusitejuridico.com.br\/#\/schema\/person\/image\/","url":"https:\/\/cdn.meusitejuridico.com.br\/s.meusitejuridico\/2023\/04\/7de31285-rsc-0054-scaled-e1681840173909-150x150.jpg","contentUrl":"https:\/\/cdn.meusitejuridico.com.br\/s.meusitejuridico\/2023\/04\/7de31285-rsc-0054-scaled-e1681840173909-150x150.jpg","caption":"Rog\u00e9rio Sanches Cunha"},"description":"Membro do Ministe\u0301rio Pu\u0301blico do Estado de Sa\u0303o Paulo. Professor da Escola Superior do Ministe\u0301rio Pu\u0301blico dos estados de Sa\u0303o Paulo, Mato Grosso e Santa Catarina. Coordenador Pedag\u00f3gico e Professor de Penal e Processo Penal do Curso RSConline. Fundador do site www.meusitejuridico.com.br. Cofundador e coordenador pedago\u0301gico do JUSPLAY. Autor de obras juri\u0301dicas.","sameAs":["https:\/\/www.editorajuspodivm.com.br\/autores\/detalhe\/107?idtag=ebe04ee0-bb3c-4b7f-96b9-fcd9428789d5","https:\/\/www.facebook.com\/RogerioSanchesC","https:\/\/www.instagram.com\/rogeriosanchescunha\/","https:\/\/x.com\/RogerioSanchesC","https:\/\/www.youtube.com\/user\/RogerioSanchesC"],"url":"https:\/\/cdn.meusitejuridico.com.br\/author\/redesrogeriogmail-com\/"}]}},"_links":{"self":[{"href":"https:\/\/cdn.meusitejuridico.com.br\/api\/wp\/v2\/posts\/5419","targetHints":{"allow":["GET"]}}],"collection":[{"href":"https:\/\/cdn.meusitejuridico.com.br\/api\/wp\/v2\/posts"}],"about":[{"href":"https:\/\/cdn.meusitejuridico.com.br\/api\/wp\/v2\/types\/post"}],"author":[{"embeddable":true,"href":"https:\/\/cdn.meusitejuridico.com.br\/api\/wp\/v2\/users\/3"}],"replies":[{"embeddable":true,"href":"https:\/\/cdn.meusitejuridico.com.br\/api\/wp\/v2\/comments?post=5419"}],"version-history":[{"count":3,"href":"https:\/\/cdn.meusitejuridico.com.br\/api\/wp\/v2\/posts\/5419\/revisions"}],"predecessor-version":[{"id":5424,"href":"https:\/\/cdn.meusitejuridico.com.br\/api\/wp\/v2\/posts\/5419\/revisions\/5424"}],"wp:featuredmedia":[{"embeddable":true,"href":"https:\/\/cdn.meusitejuridico.com.br\/api\/wp\/v2\/media\/5421"}],"wp:attachment":[{"href":"https:\/\/cdn.meusitejuridico.com.br\/api\/wp\/v2\/media?parent=5419"}],"wp:term":[{"taxonomy":"category","embeddable":true,"href":"https:\/\/cdn.meusitejuridico.com.br\/api\/wp\/v2\/categories?post=5419"},{"taxonomy":"post_tag","embeddable":true,"href":"https:\/\/cdn.meusitejuridico.com.br\/api\/wp\/v2\/tags?post=5419"}],"curies":[{"name":"wp","href":"https:\/\/api.w.org\/{rel}","templated":true}]}}