{"id":5961,"date":"2018-08-01T14:30:06","date_gmt":"2018-08-01T17:30:06","guid":{"rendered":"https:\/\/meusitejuridico.com.br\/?p=5961"},"modified":"2018-08-01T13:17:28","modified_gmt":"2018-08-01T16:17:28","slug":"fato-que-deva-ser-apurado-no-juizo-criminal-obsta-prescricao-na-esfera-civil","status":"publish","type":"post","link":"https:\/\/cdn.meusitejuridico.com.br\/2018\/08\/01\/fato-que-deva-ser-apurado-no-juizo-criminal-obsta-prescricao-na-esfera-civil\/","title":{"rendered":"Fato que deva ser apurado no ju\u00edzo criminal obsta a prescri\u00e7\u00e3o na esfera civil"},"content":{"rendered":"<p><a href=\"https:\/\/play.google.com\/store\/apps\/details?id=com.app.meuappjuridico&amp;hl=pt\"><img decoding=\"async\" class=\"aligncenter wp-image-4610 size-medium\" src=\"https:\/\/s3.meusitejuridico.com.br\/2018\/02\/3cdb1249-banner-app-300x166.jpeg\" alt=\"\" width=\"300\" height=\"166\" srcset=\"https:\/\/cdn.meusitejuridico.com.br\/s.meusitejuridico\/2018\/02\/3cdb1249-banner-app-300x166.jpeg 300w, https:\/\/cdn.meusitejuridico.com.br\/s.meusitejuridico\/2018\/02\/3cdb1249-banner-app-768x424.jpeg 768w, https:\/\/cdn.meusitejuridico.com.br\/s.meusitejuridico\/2018\/02\/3cdb1249-banner-app-1024x566.jpeg 1024w, https:\/\/cdn.meusitejuridico.com.br\/s.meusitejuridico\/2018\/02\/3cdb1249-banner-app-80x44.jpeg 80w, https:\/\/cdn.meusitejuridico.com.br\/s.meusitejuridico\/2018\/02\/3cdb1249-banner-app.jpeg 1140w\" sizes=\"(max-width: 300px) 100vw, 300px\" \/><\/a><\/p>\n<p>Trazemos ao leitor, nesta oportunidade, uma an\u00e1lise de julgado do STJ em que foi apreciada quest\u00e3o versando sobre a\u00e7\u00e3o de indeniza\u00e7\u00e3o em que a parte autora requereu a condena\u00e7\u00e3o da parte r\u00e9 ao pagamento de compensa\u00e7\u00e3o por danos morais e est\u00e9ticos, decorrentes de acidente de tr\u00e2nsito ocorrido em agosto\/2002, tendo a a\u00e7\u00e3o sido proposta somente em fevereiro\/2006, portanto quase quatro anos ap\u00f3s o fato.<\/p>\n<p>Em primeira inst\u00e2ncia, foi reconhecida pelo ju\u00edzo monocr\u00e1tico a ocorr\u00eancia da prescri\u00e7\u00e3o, tendo o \u00f3rg\u00e3o julgador aplicado ao caso o <a class='qlabs_tooltip_top qlabs_tooltip_style_1 cursor_pointer event_hover' style=''  aria-haspopup='true'>art. 206, par\u00e1grafo 3\u00ba, inciso V, do CC\/2002<span style='width: 180px; '  >Art. 206. Prescreve: (...) \u00a7 3\u00ba Em tr\u00eas anos: (...) V - a pretens\u00e3o de repara\u00e7\u00e3o civil;<\/span><\/a>.<\/p>\n<p>Em segunda inst\u00e2ncia, a decis\u00e3o foi reformada TJMT, que entendeu aplic\u00e1vel \u00e0 esp\u00e9cie o art. 200 do CC, o qual disp\u00f5e sobre causa impeditiva da prescri\u00e7\u00e3o.<\/p>\n<p>Sobreveio, ent\u00e3o, Recurso Especial ao STJ, tendo a Terceira Turma, por unanimidade, acolhido a tese da parte recorrente, ao argumento de que o <a class='qlabs_tooltip_top qlabs_tooltip_style_1 cursor_pointer event_hover' style=''  aria-haspopup='true'>art. 200 do CC<span style='width: 180px; '  >Art. 200. Quando a a\u00e7\u00e3o se originar de fato que deva ser apurado no ju\u00edzo criminal, n\u00e3o correr\u00e1 a prescri\u00e7\u00e3o antes da respectiva senten\u00e7a definitiva.<\/span><\/a>, para que seja aplicado, requer ao menos a tramita\u00e7\u00e3o de Inqu\u00e9rito Policial para que se impe\u00e7a o in\u00edcio do prazo prescricional.<\/p>\n<p>Veja-se a ementa do julgado:<\/p>\n<p style=\"text-align: center;\"><strong>RESPONSABILIDADE CIVIL. PRESCRI\u00c7\u00c3O. SUSPENS\u00c3O. ACIDENTE DE TR\u00c2NSITO<\/strong><\/p>\n<p style=\"text-align: center;\">A independ\u00eancia entre os ju\u00edzos c\u00edveis e criminais (<a class='qlabs_tooltip_top qlabs_tooltip_style_1 cursor_pointer event_hover' style=''  aria-haspopup='true'>art. 935 do CC<span style='width: 180px; '  >Art. 935. A responsabilidade civil \u00e9 independente da criminal, n\u00e3o se podendo questionar mais sobre a exist\u00eancia do fato, ou sobre quem seja o seu autor, quando estas quest\u00f5es se acharem decididas no ju\u00edzo criminal.<\/span><\/a>) \u00e9 apenas relativa, pois existem situa\u00e7\u00f5es em que a decis\u00e3o proferida na esfera criminal pode interferir diretamente naquela proferida no ju\u00edzo c\u00edvel. O principal efeito civil de uma senten\u00e7a penal \u00e9 produzido pela condena\u00e7\u00e3o criminal, pois a senten\u00e7a penal condenat\u00f3ria faz coisa julgada no c\u00edvel. Por\u00e9m, n\u00e3o apenas se houver condena\u00e7\u00e3o criminal, mas tamb\u00e9m se ocorrerem algumas situa\u00e7\u00f5es de absolvi\u00e7\u00e3o criminal, essa decis\u00e3o far\u00e1 coisa julgada no c\u00edvel. Entretanto, o CPC autoriza (art. 265, IV) a suspens\u00e3o do processo, j\u00e1 que \u00e9 comum as duas a\u00e7\u00f5es tramitarem paralelamente. Dessa forma, o juiz do processo c\u00edvel pode suspend\u00ea-lo at\u00e9 o julgamento da a\u00e7\u00e3o penal por at\u00e9 um ano. Assim, situa-se nesse contexto a regra do art. 200 do CC, ao obstar o transcurso do prazo prescricional antes da solu\u00e7\u00e3o da a\u00e7\u00e3o penal. A finalidade dessa norma \u00e9 evitar solu\u00e7\u00f5es contradit\u00f3rias entre os ju\u00edzos c\u00edveis e criminais, especialmente quando a solu\u00e7\u00e3o do processo penal seja determinante do resultado do c\u00edvel. Sendo assim, permite-se \u00e0 v\u00edtima aguardar a solu\u00e7\u00e3o da a\u00e7\u00e3o penal para, apenas depois, desencadear a demanda indenizat\u00f3ria na esfera c\u00edvel. Por isso, \u00e9 fundamental que exista processo penal em curso ou, pelo menos, a tramita\u00e7\u00e3o de inqu\u00e9rito policial at\u00e9 o seu arquivamento. <em>In casu<\/em>, cuidou-se, na origem, de a\u00e7\u00e3o de repara\u00e7\u00e3o de danos derivados de acidente de tr\u00e2nsito (ocorrido em 26\/8\/2002) proposta apenas em 7\/2\/2006, em que o ju\u00edzo singular reconheceu a ocorr\u00eancia da prescri\u00e7\u00e3o trienal (art. 206 do CC), sendo que o tribunal a quo afastou o reconhecimento da prescri\u00e7\u00e3o com base no art. 200 do CC, por considerar que deveria ser apurada a les\u00e3o corporal culposa no ju\u00edzo criminal. Por\u00e9m, segundo as inst\u00e2ncias ordin\u00e1rias, n\u00e3o foi instaurado inqu\u00e9rito policial, tampouco iniciada a a\u00e7\u00e3o penal. Assim, n\u00e3o se estabeleceu a rela\u00e7\u00e3o de prejudicialidade entre a a\u00e7\u00e3o penal e a a\u00e7\u00e3o indenizat\u00f3ria em torno da exist\u00eancia de fato que devesse ser apurado no ju\u00edzo criminal como exige o texto legal (art. 200 do CC). Portanto, n\u00e3o ocorreu a suspens\u00e3o ou \u00f3bice da prescri\u00e7\u00e3o da pretens\u00e3o indenizat\u00f3ria prevista no art. 200 do CC, pois a verifica\u00e7\u00e3o da circunst\u00e2ncia f\u00e1tica n\u00e3o era prejudicial \u00e0 a\u00e7\u00e3o indenizat\u00f3ria, at\u00e9 porque n\u00e3o houve a representa\u00e7\u00e3o do ofendido e, consequentemente, a exist\u00eancia e recebimento de den\u00fancia. Precedentes citados: REsp 137.942-RJ, DJ 2\/3\/1998; REsp 622.117-PR, DJ 31\/5\/2004; REsp 920.582-RJ, DJe 24\/11\/2008, e REsp 1.131.125-RJ, DJe 18\/5\/2011. REsp 1.180.237-MT, Rel. Min. Paulo de Tarso Sanseverino, julgado em 19\/6\/2012.<\/p>\n<p>Como \u00e9 poss\u00edvel perceber, o tema em foco \u00e9 bastante pol\u00eamico, o que pode ser corroborado pela leitura das decis\u00f5es proferidas nas inst\u00e2ncias pelas quais o processo em quest\u00e3o tramitou. Em seu voto condutor, o pr\u00f3prio Ministro Paulo de Tarso Sanseverino asseverou a relev\u00e2ncia da quest\u00e3o, destacando, j\u00e1 no in\u00edcio de sua decis\u00e3o, que o caso n\u00e3o comportava a aplica\u00e7\u00e3o do art. 200 do CC\/2002, por \u201c<em>inexist\u00eancia de rela\u00e7\u00e3o de prejudicialidade entre as esferas c\u00edvel e criminal<\/em>\u201d. O eminente julgador lan\u00e7ou m\u00e3o, ainda, da moderna t\u00e9cnica do di\u00e1logo das fontes, ao aplicar o direito \u00e0 luz de diversas fontes legislativas (C\u00f3digos Civil e de Processo Civil, e C\u00f3digos Penal e de Processo Penal).<\/p>\n<p>Respeitados o brilhantismo e erudi\u00e7\u00e3o que constroem o julgado em comento, ser\u00e1 visto ao longo de nossas considera\u00e7\u00f5es, contudo, que o art. 200 do CC\/2002 comporta interpreta\u00e7\u00e3o diversa daquela levada a efeito pela Terceira Turma do STJ. Isso, ali\u00e1s &#8211; fazemos quest\u00e3o de registrar &#8211; \u00e9 da natureza de qualquer ci\u00eancia interpretativa, como o \u00e9 o Direito. Se assim n\u00e3o fosse, n\u00e3o precisar\u00edamos de operadores do direito, pois um computador corretamente programado faria as vezes do exegeta.<\/p>\n<p>T\u00e3o logo a decis\u00e3o foi noticiada, o professor Pablo Stolze Gagliano nos chamou \u00e0 reflex\u00e3o, em seu editorial n\u00ba 38, intitulado <em>O STJ e o Art. 200 do C\u00f3digo Civil: Um Julgado que Quase me Escapou<\/em>, publicado no peri\u00f3dico <a class='qlabs_tooltip_top qlabs_tooltip_style_1 cursor_pointer event_hover' style=''  aria-haspopup='true'>Carta Forense<span style='width: 180px; '  >http:\/\/www.cartaforense.com.br\/conteudo\/artigos\/o-stj-e-o-art-200-do-codigo-civil-um-julgado-que-quase-me-escapou\/9151<\/span><\/a>. Ap\u00f3s breve relat\u00f3rio do caso, e transcri\u00e7\u00e3o da ementa do julgamento, o eminente civilista arremata:<\/p>\n<p style=\"text-align: center;\">\u201cTrata-se de um respeit\u00e1vel entendimento, que, todavia, convida-nos a uma reflex\u00e3o acad\u00eamica mais detida, pois, a rigor, a paralisa\u00e7\u00e3o ou n\u00e3o do prazo prescricional dependeria de provid\u00eancias do pr\u00f3prio Estado (instaura\u00e7\u00e3o de inqu\u00e9rito policial ou ajuizamento de a\u00e7\u00e3o penal), e n\u00e3o da v\u00edtima (caso prevale\u00e7a este entendimento inclusive para a\u00e7\u00f5es penais em geral).<\/p>\n<p style=\"text-align: center;\">Ademais, cuida-se de um alcance interpretativo que d\u00e1, ao art. 200, uma amplitude peculiar, na medida em que o dispositivo n\u00e3o faz expressa men\u00e7\u00e3o a tais provid\u00eancias de cunho administrativo (inqu\u00e9rito policial) ou judicial (a\u00e7\u00e3o penal).<\/p>\n<p style=\"text-align: center;\">Vale dizer, temos a\u00ed um erudito entendimento pretoriano que n\u00e3o pode ser ignorado, pela sua peculiaridade, e, ainda, por emanar de um Tribunal superior.<\/p>\n<p style=\"text-align: center;\">(&#8230;)<\/p>\n<p style=\"text-align: center;\">Por tudo isso, fica aqui a exorta\u00e7\u00e3o de sempre: o estudo e a pesquisa constante devem fazer parte da vida de todo bacharel, pois o Direito muda velozmente, e, como visto acima, mudan\u00e7as h\u00e1 que, pelos seus relevantes reflexos pr\u00e1ticos, podem causar profundo impacto na vida das pessoas.\u201d<\/p>\n<p>\u00c9 de se concordar com a opini\u00e3o do insigne professor, pois a reflex\u00e3o \u00e9 mesmo pertinente, cabendo-nos refor\u00e7\u00e1-la, e investigar se o \u00f3rg\u00e3o julgador agiu da melhor forma, at\u00e9 mesmo em virtude de o dispositivo ser uma inova\u00e7\u00e3o em nosso sistema, portanto sem correspond\u00eancia na codifica\u00e7\u00e3o anterior.<\/p>\n<p>Diz o art. 200 do C\u00f3digo Civil:<\/p>\n<p style=\"text-align: center;\">\u201cArt. 200. Quando a a\u00e7\u00e3o se originar de fato que deva ser apurado no ju\u00edzo criminal, n\u00e3o correr\u00e1 a prescri\u00e7\u00e3o antes da respectiva senten\u00e7a definitiva\u201c.<\/p>\n<p>Numa an\u00e1lise perfunct\u00f3ria, nota-se que o dispositivo estatui uma condi\u00e7\u00e3o para que a prescri\u00e7\u00e3o comece a correr, qual seja, o dever de se apurar o fato danoso no ju\u00edzo criminal. Nesse sentido, com todo o respeito \u00e0s opini\u00f5es em contr\u00e1rio, a regra n\u00e3o diz, absolutamente, que deva efetivamente haver provid\u00eancia em \u00e2mbito criminal instaurada para que seja aplicada (inqu\u00e9rito policial ou a\u00e7\u00e3o penal). O preceptivo, a nosso ver, <strong>preocupa-se com o fato <\/strong>(destaquei). Ou seja, ocorrendo o fato, deve-se indagar se ele deve ser apurado na esfera criminal. Se positivo, entendemos que isso, por si s\u00f3, j\u00e1 \u00e9 o bastante para a incid\u00eancia do art. 200 do CC. Ali\u00e1s, foi exatamente esse o entendimento do TJMT ao proferir o ac\u00f3rd\u00e3o que originou o recurso especial em an\u00e1lise.<\/p>\n<p>Sobre o tema, <a class='qlabs_tooltip_top qlabs_tooltip_style_1 cursor_pointer event_hover' style=''  aria-haspopup='true'>Fl\u00e1vio Tartuce<span style='width: 180px; '  >TARTUCE, Fl\u00e1vio. Direito Civil 1: Lei de Introdu\u00e7\u00e3o e Parte Geral. 8a. Ed., S\u00e3o Paulo: M\u00e9todo, 2012, p. 439<\/span><\/a> ensina:<\/p>\n<p style=\"text-align: center;\">\u201c(&#8230;) h\u00e1 certo conflito entre o comando ora estudado e o art. 935 do mesmo C\u00f3digo, eis que esse dispositivo enuncia que a responsabilidade civil independe da criminal. Consigne-se que a referida independ\u00eancia n\u00e3o \u00e9 total, pois o curso do prazo prescricional civil depende da apura\u00e7\u00e3o dos fatos no \u00e2mbito criminal, pelo que consta da inova\u00e7\u00e3o ora visualizada\u201d.<\/p>\n<p>As considera\u00e7\u00f5es do preclaro autor merecem aten\u00e7\u00e3o, especialmente por tamb\u00e9m afirmar que a independ\u00eancia entre os ju\u00edzos c\u00edvel e criminal \u00e9 relativa.<\/p>\n<p>Mas, afinal de contas, essa independ\u00eancia entre ju\u00edzos \u00e9 relativa para autorizar que o prazo prescricional flua normalmente ou, ao contr\u00e1rio, para impedir que ele comece a fluir?<\/p>\n<p>A interpreta\u00e7\u00e3o levada a efeito pela Turma julgadora, ao que parece, ancora-se na parte final do art. 200 (<em>\u2026antes da respectiva senten\u00e7a definitiva<\/em>), a qual \u00e9 capaz de levar o int\u00e9rprete a concluir que, para que a prescri\u00e7\u00e3o n\u00e3o corra, dever\u00e1 haver a\u00e7\u00e3o penal em curso, pois, logicamente, para que haja senten\u00e7a, deve haver um processo judicial. Assim, n\u00e3o havendo provid\u00eancia na esfera criminal, o prazo prescricional civil correria normalmente. Ent\u00e3o, segundo esta constru\u00e7\u00e3o, a decis\u00e3o est\u00e1 perfeita.<\/p>\n<p>No entanto, a regra civil, salvo melhor ju\u00edzo, comporta interpreta\u00e7\u00e3o diversa (e inversa), pois, segundo sua reda\u00e7\u00e3o, \u00e9 perfeitamente poss\u00edvel entender que, para que seja aplicada, basta que o fato mere\u00e7a apura\u00e7\u00e3o no ju\u00edzo criminal, independentemente de efetiva exist\u00eancia de provid\u00eancia junto \u00e0s respectivas autoridades. Entendemos que a averigua\u00e7\u00e3o do fato, segundo a regra, \u00e9 uma imposi\u00e7\u00e3o legal ao Estado \u2013 titular do direito de punir (<em>jus puniendi<\/em>). Ademais, o dispositivo fala em \u201cju\u00edzo criminal\u201d, o que nos leva a concluir que a express\u00e3o delimita, claramente, o campo de aplica\u00e7\u00e3o do dispositivo, n\u00e3o havendo que se falar em inqu\u00e9rito policial, como fez constar o eminente ministro relator do julgado, pois o ju\u00edzo criminal \u00e9 exercido por autoridade legalmente investida de jurisdi\u00e7\u00e3o e dotada de compet\u00eancia para tanto, ou seja, o juiz.<\/p>\n<p>Al\u00e9m disso, ao contr\u00e1rio do que restou consolidado no julgamento em quest\u00e3o, \u00e9 de se indagar: haveria a imprescritibilidade da pretens\u00e3o, caso o fato n\u00e3o chegue a ser apurado no ju\u00edzo criminal? O questionamento \u00e9 pertinente porque, al\u00e9m dos casos envolvendo a aus\u00eancia de representa\u00e7\u00e3o do ofendido perante as autoridades respons\u00e1veis pela apura\u00e7\u00e3o de infra\u00e7\u00f5es penais, o Direito Penal convive com a chamada \u201ccifra negra\u201d, que alberga aqueles casos em que, dentre outros motivos, o delito sequer chega ao conhecimento do Estado para a devida apura\u00e7\u00e3o e aplica\u00e7\u00e3o da respectiva san\u00e7\u00e3o. Seria um argumento a mais para afastar a necessidade de efetiva exist\u00eancia de apura\u00e7\u00e3o do fato na esfera criminal como condi\u00e7\u00e3o para a aplica\u00e7\u00e3o do art. 200 do CC.<\/p>\n<p>Por outro lado, e n\u00e3o menos importante, por quest\u00f5es de pacifica\u00e7\u00e3o social e seguran\u00e7a jur\u00eddica, \u00e9 certo que a pretens\u00e3o n\u00e3o poder\u00e1 ficar imprescrit\u00edvel, eis que o exerc\u00edcio de um direito n\u00e3o pode ficar pendente indefinidamente no tempo. Sendo assim, deve-se encontrar um meio de se harmonizar essas duas situa\u00e7\u00f5es, de modo que a parte lesada n\u00e3o fique prejudicada pela ina\u00e7\u00e3o do Estado, ao n\u00e3o promover a a\u00e7\u00e3o penal, tampouco se beneficie com a imprescritibilidade da pretens\u00e3o. Nesse ponto, \u00e9 de se concordar com Pablo Stolze Gagliano, que pertinentemente levantou a quest\u00e3o. Afigura-se justo que algu\u00e9m sofra a a\u00e7\u00e3o do tempo pelo fato de o Estado-juiz n\u00e3o ter sido provocado?<\/p>\n<p>Por todo o exposto, somos da opini\u00e3o de que o art. 200 do atual C\u00f3digo Civil deve ser aplicado levando-se em considera\u00e7\u00e3o a natureza do fato causador do dano, isto \u00e9, deve-se observar t\u00e3o somente se o fato merece apura\u00e7\u00e3o na esfera criminal. Se assim for, ser\u00e1 o bastante para impedir o fluxo do prazo prescricional previsto no art. 206, \u00a7 3\u00ba, inciso V, do CC\/2002, n\u00e3o havendo que se falar em rela\u00e7\u00e3o de prejudicialidade.<\/p>\n<p>&nbsp;<\/p>\n","protected":false},"excerpt":{"rendered":"<p>Trazemos ao leitor, nesta oportunidade, uma an\u00e1lise de julgado do STJ em que foi apreciada quest\u00e3o versando sobre a\u00e7\u00e3o de indeniza\u00e7\u00e3o em que a parte autora requereu a condena\u00e7\u00e3o da parte r\u00e9 ao pagamento de compensa\u00e7\u00e3o por danos morais e est\u00e9ticos, decorrentes de acidente de tr\u00e2nsito ocorrido em agosto\/2002, tendo a a\u00e7\u00e3o sido proposta somente [&hellip;]<\/p>\n","protected":false},"author":57,"featured_media":5962,"comment_status":"open","ping_status":"open","sticky":false,"template":"","format":"standard","meta":{"_acf_changed":false,"footnotes":""},"categories":[1,255],"tags":[1541,1913,137,257,111],"class_list":["post-5961","post","type-post","status-publish","format-standard","has-post-thumbnail","hentry","category-artigos","category-direito-civil","tag-acidente","tag-art-935","tag-crime","tag-direito-civil","tag-prescricao"],"acf":[],"yoast_head":"<!-- This site is optimized with the Yoast SEO plugin v24.8.1 - https:\/\/yoast.com\/wordpress\/plugins\/seo\/ -->\n<title>Fato que deva ser apurado no ju\u00edzo criminal obsta a prescri\u00e7\u00e3o na esfera civil - Meu site jur\u00eddico<\/title>\n<meta name=\"robots\" content=\"index, follow, max-snippet:-1, max-image-preview:large, max-video-preview:-1\" \/>\n<link rel=\"canonical\" href=\"https:\/\/meusitejuridico.editorajuspodivm.com.br\/2018\/08\/01\/fato-que-deva-ser-apurado-no-juizo-criminal-obsta-prescricao-na-esfera-civil\/\" \/>\n<meta property=\"og:locale\" content=\"pt_BR\" \/>\n<meta property=\"og:type\" content=\"article\" \/>\n<meta property=\"og:title\" content=\"Fato que deva ser apurado no ju\u00edzo criminal obsta a prescri\u00e7\u00e3o na esfera civil - Meu site jur\u00eddico\" \/>\n<meta property=\"og:description\" content=\"Trazemos ao leitor, nesta oportunidade, uma an\u00e1lise de julgado do STJ em que foi apreciada quest\u00e3o versando sobre a\u00e7\u00e3o de indeniza\u00e7\u00e3o em que a parte autora requereu a condena\u00e7\u00e3o da parte r\u00e9 ao pagamento de compensa\u00e7\u00e3o por danos morais e est\u00e9ticos, decorrentes de acidente de tr\u00e2nsito ocorrido em agosto\/2002, tendo a a\u00e7\u00e3o sido proposta somente [&hellip;]\" \/>\n<meta property=\"og:url\" content=\"https:\/\/meusitejuridico.editorajuspodivm.com.br\/2018\/08\/01\/fato-que-deva-ser-apurado-no-juizo-criminal-obsta-prescricao-na-esfera-civil\/\" \/>\n<meta property=\"og:site_name\" content=\"Meu site jur\u00eddico\" \/>\n<meta property=\"article:published_time\" content=\"2018-08-01T17:30:06+00:00\" \/>\n<meta property=\"og:image\" content=\"https:\/\/meusitejuridico.editorajuspodivm.com.br\/s.meusitejuridico\/2018\/08\/f08b1e56-shutterstock-1029430792.jpg\" \/>\n\t<meta property=\"og:image:width\" content=\"1000\" \/>\n\t<meta property=\"og:image:height\" content=\"667\" \/>\n\t<meta property=\"og:image:type\" content=\"image\/jpeg\" \/>\n<meta name=\"author\" content=\"Vitor Guglinski\" \/>\n<meta name=\"twitter:card\" content=\"summary_large_image\" \/>\n<meta name=\"twitter:label1\" content=\"Escrito por\" \/>\n\t<meta name=\"twitter:data1\" content=\"Vitor Guglinski\" \/>\n\t<meta name=\"twitter:label2\" content=\"Est. tempo de leitura\" \/>\n\t<meta name=\"twitter:data2\" content=\"11 minutos\" \/>\n<script type=\"application\/ld+json\" class=\"yoast-schema-graph\">{\"@context\":\"https:\/\/schema.org\",\"@graph\":[{\"@type\":\"Article\",\"@id\":\"https:\/\/meusitejuridico.editorajuspodivm.com.br\/2018\/08\/01\/fato-que-deva-ser-apurado-no-juizo-criminal-obsta-prescricao-na-esfera-civil\/#article\",\"isPartOf\":{\"@id\":\"https:\/\/meusitejuridico.editorajuspodivm.com.br\/2018\/08\/01\/fato-que-deva-ser-apurado-no-juizo-criminal-obsta-prescricao-na-esfera-civil\/\"},\"author\":{\"name\":\"Vitor Guglinski\",\"@id\":\"https:\/\/cdn.meusitejuridico.com.br\/#\/schema\/person\/9510493393c1fdb85ea6b66dbd9ed0ef\"},\"headline\":\"Fato que deva ser apurado no ju\u00edzo criminal obsta a prescri\u00e7\u00e3o na esfera civil\",\"datePublished\":\"2018-08-01T17:30:06+00:00\",\"mainEntityOfPage\":{\"@id\":\"https:\/\/meusitejuridico.editorajuspodivm.com.br\/2018\/08\/01\/fato-que-deva-ser-apurado-no-juizo-criminal-obsta-prescricao-na-esfera-civil\/\"},\"wordCount\":2273,\"commentCount\":0,\"publisher\":{\"@id\":\"https:\/\/cdn.meusitejuridico.com.br\/#organization\"},\"image\":{\"@id\":\"https:\/\/meusitejuridico.editorajuspodivm.com.br\/2018\/08\/01\/fato-que-deva-ser-apurado-no-juizo-criminal-obsta-prescricao-na-esfera-civil\/#primaryimage\"},\"thumbnailUrl\":\"https:\/\/cdn.meusitejuridico.com.br\/s.meusitejuridico\/2018\/08\/f08b1e56-shutterstock-1029430792.jpg\",\"keywords\":[\"acidente\",\"art. 935\",\"crime\",\"Direito Civil\",\"Prescri\u00e7\u00e3o\"],\"articleSection\":[\"Artigos\",\"Direito Civil\"],\"inLanguage\":\"pt-BR\",\"potentialAction\":[{\"@type\":\"CommentAction\",\"name\":\"Comment\",\"target\":[\"https:\/\/meusitejuridico.editorajuspodivm.com.br\/2018\/08\/01\/fato-que-deva-ser-apurado-no-juizo-criminal-obsta-prescricao-na-esfera-civil\/#respond\"]}]},{\"@type\":\"WebPage\",\"@id\":\"https:\/\/meusitejuridico.editorajuspodivm.com.br\/2018\/08\/01\/fato-que-deva-ser-apurado-no-juizo-criminal-obsta-prescricao-na-esfera-civil\/\",\"url\":\"https:\/\/meusitejuridico.editorajuspodivm.com.br\/2018\/08\/01\/fato-que-deva-ser-apurado-no-juizo-criminal-obsta-prescricao-na-esfera-civil\/\",\"name\":\"Fato que deva ser apurado no ju\u00edzo criminal obsta a prescri\u00e7\u00e3o na esfera civil - Meu site jur\u00eddico\",\"isPartOf\":{\"@id\":\"https:\/\/cdn.meusitejuridico.com.br\/#website\"},\"primaryImageOfPage\":{\"@id\":\"https:\/\/meusitejuridico.editorajuspodivm.com.br\/2018\/08\/01\/fato-que-deva-ser-apurado-no-juizo-criminal-obsta-prescricao-na-esfera-civil\/#primaryimage\"},\"image\":{\"@id\":\"https:\/\/meusitejuridico.editorajuspodivm.com.br\/2018\/08\/01\/fato-que-deva-ser-apurado-no-juizo-criminal-obsta-prescricao-na-esfera-civil\/#primaryimage\"},\"thumbnailUrl\":\"https:\/\/cdn.meusitejuridico.com.br\/s.meusitejuridico\/2018\/08\/f08b1e56-shutterstock-1029430792.jpg\",\"datePublished\":\"2018-08-01T17:30:06+00:00\",\"breadcrumb\":{\"@id\":\"https:\/\/meusitejuridico.editorajuspodivm.com.br\/2018\/08\/01\/fato-que-deva-ser-apurado-no-juizo-criminal-obsta-prescricao-na-esfera-civil\/#breadcrumb\"},\"inLanguage\":\"pt-BR\",\"potentialAction\":[{\"@type\":\"ReadAction\",\"target\":[\"https:\/\/meusitejuridico.editorajuspodivm.com.br\/2018\/08\/01\/fato-que-deva-ser-apurado-no-juizo-criminal-obsta-prescricao-na-esfera-civil\/\"]}]},{\"@type\":\"ImageObject\",\"inLanguage\":\"pt-BR\",\"@id\":\"https:\/\/meusitejuridico.editorajuspodivm.com.br\/2018\/08\/01\/fato-que-deva-ser-apurado-no-juizo-criminal-obsta-prescricao-na-esfera-civil\/#primaryimage\",\"url\":\"https:\/\/cdn.meusitejuridico.com.br\/s.meusitejuridico\/2018\/08\/f08b1e56-shutterstock-1029430792.jpg\",\"contentUrl\":\"https:\/\/cdn.meusitejuridico.com.br\/s.meusitejuridico\/2018\/08\/f08b1e56-shutterstock-1029430792.jpg\",\"width\":1000,\"height\":667},{\"@type\":\"BreadcrumbList\",\"@id\":\"https:\/\/meusitejuridico.editorajuspodivm.com.br\/2018\/08\/01\/fato-que-deva-ser-apurado-no-juizo-criminal-obsta-prescricao-na-esfera-civil\/#breadcrumb\",\"itemListElement\":[{\"@type\":\"ListItem\",\"position\":1,\"name\":\"In\u00edcio\",\"item\":\"https:\/\/cdn.meusitejuridico.com.br\/\"},{\"@type\":\"ListItem\",\"position\":2,\"name\":\"Fato que deva ser apurado no ju\u00edzo criminal obsta a prescri\u00e7\u00e3o na esfera civil\"}]},{\"@type\":\"WebSite\",\"@id\":\"https:\/\/cdn.meusitejuridico.com.br\/#website\",\"url\":\"https:\/\/cdn.meusitejuridico.com.br\/\",\"name\":\"Meu site jur\u00eddico\",\"description\":\"Meu site jur\u00eddico\",\"publisher\":{\"@id\":\"https:\/\/cdn.meusitejuridico.com.br\/#organization\"},\"potentialAction\":[{\"@type\":\"SearchAction\",\"target\":{\"@type\":\"EntryPoint\",\"urlTemplate\":\"https:\/\/cdn.meusitejuridico.com.br\/?s={search_term_string}\"},\"query-input\":{\"@type\":\"PropertyValueSpecification\",\"valueRequired\":true,\"valueName\":\"search_term_string\"}}],\"inLanguage\":\"pt-BR\"},{\"@type\":\"Organization\",\"@id\":\"https:\/\/cdn.meusitejuridico.com.br\/#organization\",\"name\":\"Meu site jur\u00eddico\",\"url\":\"https:\/\/cdn.meusitejuridico.com.br\/\",\"logo\":{\"@type\":\"ImageObject\",\"inLanguage\":\"pt-BR\",\"@id\":\"https:\/\/cdn.meusitejuridico.com.br\/#\/schema\/logo\/image\/\",\"url\":\"https:\/\/cdn.meusitejuridico.com.br\/s.meusitejuridico\/2022\/03\/cropped-baeec2a3-msj-02-01-01.png\",\"contentUrl\":\"https:\/\/cdn.meusitejuridico.com.br\/s.meusitejuridico\/2022\/03\/cropped-baeec2a3-msj-02-01-01.png\",\"width\":349,\"height\":243,\"caption\":\"Meu site jur\u00eddico\"},\"image\":{\"@id\":\"https:\/\/cdn.meusitejuridico.com.br\/#\/schema\/logo\/image\/\"}},{\"@type\":\"Person\",\"@id\":\"https:\/\/cdn.meusitejuridico.com.br\/#\/schema\/person\/9510493393c1fdb85ea6b66dbd9ed0ef\",\"name\":\"Vitor Guglinski\",\"image\":{\"@type\":\"ImageObject\",\"inLanguage\":\"pt-BR\",\"@id\":\"https:\/\/cdn.meusitejuridico.com.br\/#\/schema\/person\/image\/\",\"url\":\"https:\/\/cdn.meusitejuridico.com.br\/s.meusitejuridico\/2018\/05\/cb832695-vitor-150x150.jpg\",\"contentUrl\":\"https:\/\/cdn.meusitejuridico.com.br\/s.meusitejuridico\/2018\/05\/cb832695-vitor-150x150.jpg\",\"caption\":\"Vitor Guglinski\"},\"description\":\"Advogado. Especialista em Direito do Consumidor. Membro do Instituto Brasileiro de Pol\u00edtica e Direito do Consumidor (Brasilcon). Ex-assessor jur\u00eddico da 2\u00aa Vara C\u00edvel de Juiz de Fora (MG). Autor colaborador da obra C\u00f3digo de Defesa do Consumidor - Doutrina e Jurisprud\u00eancia para Utiliza\u00e7\u00e3o Profissional (editora Juspodivn). Coautor da obra Temas Actuales de Derecho del Consumidor (editora Normas Jur\u00eddicas - Peru). Coautor da obra Dano Temporal: O Tempo como Valor Jur\u00eddico (editora Emp\u00f3rio do Direito).\",\"url\":\"https:\/\/cdn.meusitejuridico.com.br\/author\/vitorvitor\/\"}]}<\/script>\n<!-- \/ Yoast SEO plugin. -->","yoast_head_json":{"title":"Fato que deva ser apurado no ju\u00edzo criminal obsta a prescri\u00e7\u00e3o na esfera civil - Meu site jur\u00eddico","robots":{"index":"index","follow":"follow","max-snippet":"max-snippet:-1","max-image-preview":"max-image-preview:large","max-video-preview":"max-video-preview:-1"},"canonical":"https:\/\/meusitejuridico.editorajuspodivm.com.br\/2018\/08\/01\/fato-que-deva-ser-apurado-no-juizo-criminal-obsta-prescricao-na-esfera-civil\/","og_locale":"pt_BR","og_type":"article","og_title":"Fato que deva ser apurado no ju\u00edzo criminal obsta a prescri\u00e7\u00e3o na esfera civil - Meu site jur\u00eddico","og_description":"Trazemos ao leitor, nesta oportunidade, uma an\u00e1lise de julgado do STJ em que foi apreciada quest\u00e3o versando sobre a\u00e7\u00e3o de indeniza\u00e7\u00e3o em que a parte autora requereu a condena\u00e7\u00e3o da parte r\u00e9 ao pagamento de compensa\u00e7\u00e3o por danos morais e est\u00e9ticos, decorrentes de acidente de tr\u00e2nsito ocorrido em agosto\/2002, tendo a a\u00e7\u00e3o sido proposta somente [&hellip;]","og_url":"https:\/\/meusitejuridico.editorajuspodivm.com.br\/2018\/08\/01\/fato-que-deva-ser-apurado-no-juizo-criminal-obsta-prescricao-na-esfera-civil\/","og_site_name":"Meu site jur\u00eddico","article_published_time":"2018-08-01T17:30:06+00:00","og_image":[{"width":1000,"height":667,"url":"https:\/\/meusitejuridico.editorajuspodivm.com.br\/s.meusitejuridico\/2018\/08\/f08b1e56-shutterstock-1029430792.jpg","type":"image\/jpeg"}],"author":"Vitor Guglinski","twitter_card":"summary_large_image","twitter_misc":{"Escrito por":"Vitor Guglinski","Est. tempo de leitura":"11 minutos"},"schema":{"@context":"https:\/\/schema.org","@graph":[{"@type":"Article","@id":"https:\/\/meusitejuridico.editorajuspodivm.com.br\/2018\/08\/01\/fato-que-deva-ser-apurado-no-juizo-criminal-obsta-prescricao-na-esfera-civil\/#article","isPartOf":{"@id":"https:\/\/meusitejuridico.editorajuspodivm.com.br\/2018\/08\/01\/fato-que-deva-ser-apurado-no-juizo-criminal-obsta-prescricao-na-esfera-civil\/"},"author":{"name":"Vitor Guglinski","@id":"https:\/\/cdn.meusitejuridico.com.br\/#\/schema\/person\/9510493393c1fdb85ea6b66dbd9ed0ef"},"headline":"Fato que deva ser apurado no ju\u00edzo criminal obsta a prescri\u00e7\u00e3o na esfera civil","datePublished":"2018-08-01T17:30:06+00:00","mainEntityOfPage":{"@id":"https:\/\/meusitejuridico.editorajuspodivm.com.br\/2018\/08\/01\/fato-que-deva-ser-apurado-no-juizo-criminal-obsta-prescricao-na-esfera-civil\/"},"wordCount":2273,"commentCount":0,"publisher":{"@id":"https:\/\/cdn.meusitejuridico.com.br\/#organization"},"image":{"@id":"https:\/\/meusitejuridico.editorajuspodivm.com.br\/2018\/08\/01\/fato-que-deva-ser-apurado-no-juizo-criminal-obsta-prescricao-na-esfera-civil\/#primaryimage"},"thumbnailUrl":"https:\/\/cdn.meusitejuridico.com.br\/s.meusitejuridico\/2018\/08\/f08b1e56-shutterstock-1029430792.jpg","keywords":["acidente","art. 935","crime","Direito Civil","Prescri\u00e7\u00e3o"],"articleSection":["Artigos","Direito Civil"],"inLanguage":"pt-BR","potentialAction":[{"@type":"CommentAction","name":"Comment","target":["https:\/\/meusitejuridico.editorajuspodivm.com.br\/2018\/08\/01\/fato-que-deva-ser-apurado-no-juizo-criminal-obsta-prescricao-na-esfera-civil\/#respond"]}]},{"@type":"WebPage","@id":"https:\/\/meusitejuridico.editorajuspodivm.com.br\/2018\/08\/01\/fato-que-deva-ser-apurado-no-juizo-criminal-obsta-prescricao-na-esfera-civil\/","url":"https:\/\/meusitejuridico.editorajuspodivm.com.br\/2018\/08\/01\/fato-que-deva-ser-apurado-no-juizo-criminal-obsta-prescricao-na-esfera-civil\/","name":"Fato que deva ser apurado no ju\u00edzo criminal obsta a prescri\u00e7\u00e3o na esfera civil - Meu site jur\u00eddico","isPartOf":{"@id":"https:\/\/cdn.meusitejuridico.com.br\/#website"},"primaryImageOfPage":{"@id":"https:\/\/meusitejuridico.editorajuspodivm.com.br\/2018\/08\/01\/fato-que-deva-ser-apurado-no-juizo-criminal-obsta-prescricao-na-esfera-civil\/#primaryimage"},"image":{"@id":"https:\/\/meusitejuridico.editorajuspodivm.com.br\/2018\/08\/01\/fato-que-deva-ser-apurado-no-juizo-criminal-obsta-prescricao-na-esfera-civil\/#primaryimage"},"thumbnailUrl":"https:\/\/cdn.meusitejuridico.com.br\/s.meusitejuridico\/2018\/08\/f08b1e56-shutterstock-1029430792.jpg","datePublished":"2018-08-01T17:30:06+00:00","breadcrumb":{"@id":"https:\/\/meusitejuridico.editorajuspodivm.com.br\/2018\/08\/01\/fato-que-deva-ser-apurado-no-juizo-criminal-obsta-prescricao-na-esfera-civil\/#breadcrumb"},"inLanguage":"pt-BR","potentialAction":[{"@type":"ReadAction","target":["https:\/\/meusitejuridico.editorajuspodivm.com.br\/2018\/08\/01\/fato-que-deva-ser-apurado-no-juizo-criminal-obsta-prescricao-na-esfera-civil\/"]}]},{"@type":"ImageObject","inLanguage":"pt-BR","@id":"https:\/\/meusitejuridico.editorajuspodivm.com.br\/2018\/08\/01\/fato-que-deva-ser-apurado-no-juizo-criminal-obsta-prescricao-na-esfera-civil\/#primaryimage","url":"https:\/\/cdn.meusitejuridico.com.br\/s.meusitejuridico\/2018\/08\/f08b1e56-shutterstock-1029430792.jpg","contentUrl":"https:\/\/cdn.meusitejuridico.com.br\/s.meusitejuridico\/2018\/08\/f08b1e56-shutterstock-1029430792.jpg","width":1000,"height":667},{"@type":"BreadcrumbList","@id":"https:\/\/meusitejuridico.editorajuspodivm.com.br\/2018\/08\/01\/fato-que-deva-ser-apurado-no-juizo-criminal-obsta-prescricao-na-esfera-civil\/#breadcrumb","itemListElement":[{"@type":"ListItem","position":1,"name":"In\u00edcio","item":"https:\/\/cdn.meusitejuridico.com.br\/"},{"@type":"ListItem","position":2,"name":"Fato que deva ser apurado no ju\u00edzo criminal obsta a prescri\u00e7\u00e3o na esfera civil"}]},{"@type":"WebSite","@id":"https:\/\/cdn.meusitejuridico.com.br\/#website","url":"https:\/\/cdn.meusitejuridico.com.br\/","name":"Meu site jur\u00eddico","description":"Meu site jur\u00eddico","publisher":{"@id":"https:\/\/cdn.meusitejuridico.com.br\/#organization"},"potentialAction":[{"@type":"SearchAction","target":{"@type":"EntryPoint","urlTemplate":"https:\/\/cdn.meusitejuridico.com.br\/?s={search_term_string}"},"query-input":{"@type":"PropertyValueSpecification","valueRequired":true,"valueName":"search_term_string"}}],"inLanguage":"pt-BR"},{"@type":"Organization","@id":"https:\/\/cdn.meusitejuridico.com.br\/#organization","name":"Meu site jur\u00eddico","url":"https:\/\/cdn.meusitejuridico.com.br\/","logo":{"@type":"ImageObject","inLanguage":"pt-BR","@id":"https:\/\/cdn.meusitejuridico.com.br\/#\/schema\/logo\/image\/","url":"https:\/\/cdn.meusitejuridico.com.br\/s.meusitejuridico\/2022\/03\/cropped-baeec2a3-msj-02-01-01.png","contentUrl":"https:\/\/cdn.meusitejuridico.com.br\/s.meusitejuridico\/2022\/03\/cropped-baeec2a3-msj-02-01-01.png","width":349,"height":243,"caption":"Meu site jur\u00eddico"},"image":{"@id":"https:\/\/cdn.meusitejuridico.com.br\/#\/schema\/logo\/image\/"}},{"@type":"Person","@id":"https:\/\/cdn.meusitejuridico.com.br\/#\/schema\/person\/9510493393c1fdb85ea6b66dbd9ed0ef","name":"Vitor Guglinski","image":{"@type":"ImageObject","inLanguage":"pt-BR","@id":"https:\/\/cdn.meusitejuridico.com.br\/#\/schema\/person\/image\/","url":"https:\/\/cdn.meusitejuridico.com.br\/s.meusitejuridico\/2018\/05\/cb832695-vitor-150x150.jpg","contentUrl":"https:\/\/cdn.meusitejuridico.com.br\/s.meusitejuridico\/2018\/05\/cb832695-vitor-150x150.jpg","caption":"Vitor Guglinski"},"description":"Advogado. Especialista em Direito do Consumidor. Membro do Instituto Brasileiro de Pol\u00edtica e Direito do Consumidor (Brasilcon). Ex-assessor jur\u00eddico da 2\u00aa Vara C\u00edvel de Juiz de Fora (MG). Autor colaborador da obra C\u00f3digo de Defesa do Consumidor - Doutrina e Jurisprud\u00eancia para Utiliza\u00e7\u00e3o Profissional (editora Juspodivn). Coautor da obra Temas Actuales de Derecho del Consumidor (editora Normas Jur\u00eddicas - Peru). Coautor da obra Dano Temporal: O Tempo como Valor Jur\u00eddico (editora Emp\u00f3rio do Direito).","url":"https:\/\/cdn.meusitejuridico.com.br\/author\/vitorvitor\/"}]}},"_links":{"self":[{"href":"https:\/\/cdn.meusitejuridico.com.br\/api\/wp\/v2\/posts\/5961","targetHints":{"allow":["GET"]}}],"collection":[{"href":"https:\/\/cdn.meusitejuridico.com.br\/api\/wp\/v2\/posts"}],"about":[{"href":"https:\/\/cdn.meusitejuridico.com.br\/api\/wp\/v2\/types\/post"}],"author":[{"embeddable":true,"href":"https:\/\/cdn.meusitejuridico.com.br\/api\/wp\/v2\/users\/57"}],"replies":[{"embeddable":true,"href":"https:\/\/cdn.meusitejuridico.com.br\/api\/wp\/v2\/comments?post=5961"}],"version-history":[{"count":3,"href":"https:\/\/cdn.meusitejuridico.com.br\/api\/wp\/v2\/posts\/5961\/revisions"}],"predecessor-version":[{"id":5965,"href":"https:\/\/cdn.meusitejuridico.com.br\/api\/wp\/v2\/posts\/5961\/revisions\/5965"}],"wp:featuredmedia":[{"embeddable":true,"href":"https:\/\/cdn.meusitejuridico.com.br\/api\/wp\/v2\/media\/5962"}],"wp:attachment":[{"href":"https:\/\/cdn.meusitejuridico.com.br\/api\/wp\/v2\/media?parent=5961"}],"wp:term":[{"taxonomy":"category","embeddable":true,"href":"https:\/\/cdn.meusitejuridico.com.br\/api\/wp\/v2\/categories?post=5961"},{"taxonomy":"post_tag","embeddable":true,"href":"https:\/\/cdn.meusitejuridico.com.br\/api\/wp\/v2\/tags?post=5961"}],"curies":[{"name":"wp","href":"https:\/\/api.w.org\/{rel}","templated":true}]}}