{"id":7063,"date":"2018-12-17T13:07:58","date_gmt":"2018-12-17T15:07:58","guid":{"rendered":"https:\/\/meusitejuridico.editorajuspodivm.com.br\/?p=7063"},"modified":"2018-12-17T13:08:33","modified_gmt":"2018-12-17T15:08:33","slug":"declaracao-universal-dos-direitos-humanos-desafios-contemporaneos","status":"publish","type":"post","link":"https:\/\/cdn.meusitejuridico.com.br\/2018\/12\/17\/declaracao-universal-dos-direitos-humanos-desafios-contemporaneos\/","title":{"rendered":"Declara\u00e7\u00e3o universal dos direitos humanos:  Desafios contempor\u00e2neos"},"content":{"rendered":"<p><a href=\"https:\/\/play.google.com\/store\/apps\/details?id=com.app.meuappjuridico&amp;hl=pt\" target=\"_blank\" rel=\"noopener\"><img decoding=\"async\" class=\"aligncenter wp-image-4610 size-medium\" src=\"https:\/\/s3.meusitejuridico.com.br\/2018\/02\/3cdb1249-banner-app-300x166.jpeg\" alt=\"\" width=\"300\" height=\"166\" srcset=\"https:\/\/cdn.meusitejuridico.com.br\/s.meusitejuridico\/2018\/02\/3cdb1249-banner-app-300x166.jpeg 300w, https:\/\/cdn.meusitejuridico.com.br\/s.meusitejuridico\/2018\/02\/3cdb1249-banner-app-768x424.jpeg 768w, https:\/\/cdn.meusitejuridico.com.br\/s.meusitejuridico\/2018\/02\/3cdb1249-banner-app-1024x566.jpeg 1024w, https:\/\/cdn.meusitejuridico.com.br\/s.meusitejuridico\/2018\/02\/3cdb1249-banner-app-80x44.jpeg 80w, https:\/\/cdn.meusitejuridico.com.br\/s.meusitejuridico\/2018\/02\/3cdb1249-banner-app.jpeg 1140w\" sizes=\"(max-width: 300px) 100vw, 300px\" \/><\/a><\/p>\n<p><strong>INTRODU\u00c7\u00c3O<\/strong><\/p>\n<p>Os direitos humanos nascem quando devem e podem nascer. Como real\u00e7a Norberto Bobbio, os direitos humanos n\u00e3o nascem todos de uma vez, nem de uma vez por todas. Para Hannah Arendt, os direitos humanos n\u00e3o s\u00e3o um dado, mas um constru\u00eddo, uma inven\u00e7\u00e3o humana, em constante processo de constru\u00e7\u00e3o e reconstru\u00e7\u00e3o. Refletem um constru\u00eddo axiol\u00f3gico, a partir de um espa\u00e7o simb\u00f3lico de luta e a\u00e7\u00e3o social. No dizer de Joaqu\u00edn Herrera Flores, os direitos humanos comp\u00f5em uma racionalidade de resist\u00eancia, na medida em que traduzem processos que abrem e consolidam espa\u00e7os de luta pela dignidade humana. Invocam, nesse sentido, uma plataforma emancipat\u00f3ria voltada \u00e0 prote\u00e7\u00e3o da dignidade humana.<\/p>\n<p>Considerando a historicidade dos direitos, este artigo ambiciona enfocar a Declara\u00e7\u00e3o Universal de Direitos Humanos, com destaque ao seu legado e impacto, bem como aos desafios contempor\u00e2neos.<a href=\"#_ftnref1\" name=\"_ftn1\"><\/a><\/p>\n<p>Clique <a href=\"https:\/\/s3.meusitejuridico.com.br\/2018\/12\/edffa829-artigo-dh-declaracao-2018-definitivo-rev.pdf\" target=\"_blank\" rel=\"noopener\">aqui<\/a> para ler o artigo completo.<\/p>\n","protected":false},"excerpt":{"rendered":"<p>INTRODU\u00c7\u00c3O Os direitos humanos nascem quando devem e podem nascer. Como real\u00e7a Norberto Bobbio, os direitos humanos n\u00e3o nascem todos de uma vez, nem de uma vez por todas. Para Hannah Arendt, os direitos humanos n\u00e3o s\u00e3o um dado, mas um constru\u00eddo, uma inven\u00e7\u00e3o humana, em constante processo de constru\u00e7\u00e3o e reconstru\u00e7\u00e3o. Refletem um constru\u00eddo [&hellip;]<\/p>\n","protected":false},"author":80,"featured_media":7067,"comment_status":"open","ping_status":"open","sticky":false,"template":"","format":"standard","meta":{"_acf_changed":false,"footnotes":""},"categories":[1,380],"tags":[2260,2259,158,2264,2263,1332,2262,2261],"class_list":["post-7063","post","type-post","status-publish","format-standard","has-post-thumbnail","hentry","category-artigos","category-direito-internacional-e-direitos-humanos","tag-2260","tag-declaracao-universal","tag-direitos-humanos","tag-fundamentalismo","tag-laicidade","tag-onu","tag-relativismo","tag-universalismo"],"acf":[],"yoast_head":"<!-- This site is optimized with the Yoast SEO plugin v24.8.1 - https:\/\/yoast.com\/wordpress\/plugins\/seo\/ -->\n<title>Declara\u00e7\u00e3o universal dos direitos humanos: Desafios contempor\u00e2neos - Meu site jur\u00eddico<\/title>\n<meta name=\"robots\" content=\"index, follow, max-snippet:-1, max-image-preview:large, max-video-preview:-1\" \/>\n<link rel=\"canonical\" href=\"https:\/\/cdn.meusitejuridico.com.br\/2018\/12\/17\/declaracao-universal-dos-direitos-humanos-desafios-contemporaneos\/\" \/>\n<meta property=\"og:locale\" content=\"pt_BR\" \/>\n<meta property=\"og:type\" content=\"article\" \/>\n<meta property=\"og:title\" content=\"Declara\u00e7\u00e3o universal dos direitos humanos: Desafios contempor\u00e2neos - Meu site jur\u00eddico\" \/>\n<meta property=\"og:description\" content=\"INTRODU\u00c7\u00c3O Os direitos humanos nascem quando devem e podem nascer. Como real\u00e7a Norberto Bobbio, os direitos humanos n\u00e3o nascem todos de uma vez, nem de uma vez por todas. Para Hannah Arendt, os direitos humanos n\u00e3o s\u00e3o um dado, mas um constru\u00eddo, uma inven\u00e7\u00e3o humana, em constante processo de constru\u00e7\u00e3o e reconstru\u00e7\u00e3o. Refletem um constru\u00eddo [&hellip;]\" \/>\n<meta property=\"og:url\" content=\"https:\/\/cdn.meusitejuridico.com.br\/2018\/12\/17\/declaracao-universal-dos-direitos-humanos-desafios-contemporaneos\/\" \/>\n<meta property=\"og:site_name\" content=\"Meu site jur\u00eddico\" \/>\n<meta property=\"article:published_time\" content=\"2018-12-17T15:07:58+00:00\" \/>\n<meta property=\"article:modified_time\" content=\"2018-12-17T15:08:33+00:00\" \/>\n<meta property=\"og:image\" content=\"https:\/\/cdn.meusitejuridico.com.br\/s.meusitejuridico\/2018\/12\/76854b68-whatsapp-image-2018-12-17-at-100155.jpeg\" \/>\n\t<meta property=\"og:image:width\" content=\"1280\" \/>\n\t<meta property=\"og:image:height\" content=\"850\" \/>\n\t<meta property=\"og:image:type\" content=\"image\/jpeg\" \/>\n<meta name=\"author\" content=\"Fl\u00e1via Piovesan\" \/>\n<meta name=\"twitter:card\" content=\"summary_large_image\" \/>\n<meta name=\"twitter:label1\" content=\"Escrito por\" \/>\n\t<meta name=\"twitter:data1\" content=\"Fl\u00e1via Piovesan\" \/>\n\t<meta name=\"twitter:label2\" content=\"Est. tempo de leitura\" \/>\n\t<meta name=\"twitter:data2\" content=\"1 minuto\" \/>\n<script type=\"application\/ld+json\" class=\"yoast-schema-graph\">{\"@context\":\"https:\/\/schema.org\",\"@graph\":[{\"@type\":\"Article\",\"@id\":\"https:\/\/cdn.meusitejuridico.com.br\/2018\/12\/17\/declaracao-universal-dos-direitos-humanos-desafios-contemporaneos\/#article\",\"isPartOf\":{\"@id\":\"https:\/\/cdn.meusitejuridico.com.br\/2018\/12\/17\/declaracao-universal-dos-direitos-humanos-desafios-contemporaneos\/\"},\"author\":{\"name\":\"Fl\u00e1via Piovesan\",\"@id\":\"https:\/\/meusitejuridico.editorajuspodivm.com.br\/#\/schema\/person\/105a42ae9085fe7a06d68537dcc7c44f\"},\"headline\":\"Declara\u00e7\u00e3o universal dos direitos humanos: Desafios contempor\u00e2neos\",\"datePublished\":\"2018-12-17T15:07:58+00:00\",\"dateModified\":\"2018-12-17T15:08:33+00:00\",\"mainEntityOfPage\":{\"@id\":\"https:\/\/cdn.meusitejuridico.com.br\/2018\/12\/17\/declaracao-universal-dos-direitos-humanos-desafios-contemporaneos\/\"},\"wordCount\":173,\"commentCount\":0,\"publisher\":{\"@id\":\"https:\/\/meusitejuridico.editorajuspodivm.com.br\/#organization\"},\"image\":{\"@id\":\"https:\/\/cdn.meusitejuridico.com.br\/2018\/12\/17\/declaracao-universal-dos-direitos-humanos-desafios-contemporaneos\/#primaryimage\"},\"thumbnailUrl\":\"https:\/\/cdn.meusitejuridico.com.br\/s.meusitejuridico\/2018\/12\/76854b68-whatsapp-image-2018-12-17-at-100155.jpeg\",\"keywords\":[\"1948\",\"Declara\u00e7\u00e3o Universal\",\"direitos humanos\",\"fundamentalismo\",\"laicidade\",\"ONU\",\"relativismo\",\"universalismo\"],\"articleSection\":[\"Artigos\",\"Direito Internacional e Direitos Humanos\"],\"inLanguage\":\"pt-BR\",\"potentialAction\":[{\"@type\":\"CommentAction\",\"name\":\"Comment\",\"target\":[\"https:\/\/cdn.meusitejuridico.com.br\/2018\/12\/17\/declaracao-universal-dos-direitos-humanos-desafios-contemporaneos\/#respond\"]}]},{\"@type\":\"WebPage\",\"@id\":\"https:\/\/cdn.meusitejuridico.com.br\/2018\/12\/17\/declaracao-universal-dos-direitos-humanos-desafios-contemporaneos\/\",\"url\":\"https:\/\/cdn.meusitejuridico.com.br\/2018\/12\/17\/declaracao-universal-dos-direitos-humanos-desafios-contemporaneos\/\",\"name\":\"Declara\u00e7\u00e3o universal dos direitos humanos: Desafios contempor\u00e2neos - Meu site jur\u00eddico\",\"isPartOf\":{\"@id\":\"https:\/\/meusitejuridico.editorajuspodivm.com.br\/#website\"},\"primaryImageOfPage\":{\"@id\":\"https:\/\/cdn.meusitejuridico.com.br\/2018\/12\/17\/declaracao-universal-dos-direitos-humanos-desafios-contemporaneos\/#primaryimage\"},\"image\":{\"@id\":\"https:\/\/cdn.meusitejuridico.com.br\/2018\/12\/17\/declaracao-universal-dos-direitos-humanos-desafios-contemporaneos\/#primaryimage\"},\"thumbnailUrl\":\"https:\/\/cdn.meusitejuridico.com.br\/s.meusitejuridico\/2018\/12\/76854b68-whatsapp-image-2018-12-17-at-100155.jpeg\",\"datePublished\":\"2018-12-17T15:07:58+00:00\",\"dateModified\":\"2018-12-17T15:08:33+00:00\",\"breadcrumb\":{\"@id\":\"https:\/\/cdn.meusitejuridico.com.br\/2018\/12\/17\/declaracao-universal-dos-direitos-humanos-desafios-contemporaneos\/#breadcrumb\"},\"inLanguage\":\"pt-BR\",\"potentialAction\":[{\"@type\":\"ReadAction\",\"target\":[\"https:\/\/cdn.meusitejuridico.com.br\/2018\/12\/17\/declaracao-universal-dos-direitos-humanos-desafios-contemporaneos\/\"]}]},{\"@type\":\"ImageObject\",\"inLanguage\":\"pt-BR\",\"@id\":\"https:\/\/cdn.meusitejuridico.com.br\/2018\/12\/17\/declaracao-universal-dos-direitos-humanos-desafios-contemporaneos\/#primaryimage\",\"url\":\"https:\/\/cdn.meusitejuridico.com.br\/s.meusitejuridico\/2018\/12\/76854b68-whatsapp-image-2018-12-17-at-100155.jpeg\",\"contentUrl\":\"https:\/\/cdn.meusitejuridico.com.br\/s.meusitejuridico\/2018\/12\/76854b68-whatsapp-image-2018-12-17-at-100155.jpeg\",\"width\":1280,\"height\":850},{\"@type\":\"BreadcrumbList\",\"@id\":\"https:\/\/cdn.meusitejuridico.com.br\/2018\/12\/17\/declaracao-universal-dos-direitos-humanos-desafios-contemporaneos\/#breadcrumb\",\"itemListElement\":[{\"@type\":\"ListItem\",\"position\":1,\"name\":\"In\u00edcio\",\"item\":\"https:\/\/meusitejuridico.editorajuspodivm.com.br\/\"},{\"@type\":\"ListItem\",\"position\":2,\"name\":\"Declara\u00e7\u00e3o universal dos direitos humanos: Desafios contempor\u00e2neos\"}]},{\"@type\":\"WebSite\",\"@id\":\"https:\/\/meusitejuridico.editorajuspodivm.com.br\/#website\",\"url\":\"https:\/\/meusitejuridico.editorajuspodivm.com.br\/\",\"name\":\"Meu site jur\u00eddico\",\"description\":\"Meu site jur\u00eddico\",\"publisher\":{\"@id\":\"https:\/\/meusitejuridico.editorajuspodivm.com.br\/#organization\"},\"potentialAction\":[{\"@type\":\"SearchAction\",\"target\":{\"@type\":\"EntryPoint\",\"urlTemplate\":\"https:\/\/meusitejuridico.editorajuspodivm.com.br\/?s={search_term_string}\"},\"query-input\":{\"@type\":\"PropertyValueSpecification\",\"valueRequired\":true,\"valueName\":\"search_term_string\"}}],\"inLanguage\":\"pt-BR\"},{\"@type\":\"Organization\",\"@id\":\"https:\/\/meusitejuridico.editorajuspodivm.com.br\/#organization\",\"name\":\"Meu site jur\u00eddico\",\"url\":\"https:\/\/meusitejuridico.editorajuspodivm.com.br\/\",\"logo\":{\"@type\":\"ImageObject\",\"inLanguage\":\"pt-BR\",\"@id\":\"https:\/\/meusitejuridico.editorajuspodivm.com.br\/#\/schema\/logo\/image\/\",\"url\":\"https:\/\/cdn.meusitejuridico.com.br\/s.meusitejuridico\/2022\/03\/cropped-baeec2a3-msj-02-01-01.png\",\"contentUrl\":\"https:\/\/cdn.meusitejuridico.com.br\/s.meusitejuridico\/2022\/03\/cropped-baeec2a3-msj-02-01-01.png\",\"width\":349,\"height\":243,\"caption\":\"Meu site jur\u00eddico\"},\"image\":{\"@id\":\"https:\/\/meusitejuridico.editorajuspodivm.com.br\/#\/schema\/logo\/image\/\"}},{\"@type\":\"Person\",\"@id\":\"https:\/\/meusitejuridico.editorajuspodivm.com.br\/#\/schema\/person\/105a42ae9085fe7a06d68537dcc7c44f\",\"name\":\"Fl\u00e1via Piovesan\",\"image\":{\"@type\":\"ImageObject\",\"inLanguage\":\"pt-BR\",\"@id\":\"https:\/\/meusitejuridico.editorajuspodivm.com.br\/#\/schema\/person\/image\/\",\"url\":\"https:\/\/cdn.meusitejuridico.com.br\/s.meusitejuridico\/2018\/12\/ca8ff08d-fp-150x150.png\",\"contentUrl\":\"https:\/\/cdn.meusitejuridico.com.br\/s.meusitejuridico\/2018\/12\/ca8ff08d-fp-150x150.png\",\"caption\":\"Fl\u00e1via Piovesan\"},\"description\":\"Professora doutora em Direito Constitucional e Direitos Humanos da Pontif\u00edcia Universidade Cat\u00f3lica de S\u00e3o Paulo, Professora de Direitos Humanos dos Programas de P\u00f3s Gradua\u00e7\u00e3o da Pontif\u00edcia Universidade Cat\u00f3lica de S\u00e3o Paulo, da Pontif\u00edcia Universidade Cat\u00f3lica do Paran\u00e1 e da Universidade Pablo de Olavide (Sevilha, Espanha); visiting fellow do Human Rights Program da Harvard Law School (1995 e 2000), visiting fellow do Centre for Brazilian Studies da University of Oxford (2005), visiting fellow do Max Planck Institute for Comparative Public Law and International Law (Heidelberg 2007; 2008; e 2015); de 2009 a 2014 foi Humboldt Foundation Georg Forster Research Fellow no Max Planck Institute (Heidelberg); foi membro do Conselho Nacional de Defesa dos Direitos da Pessoa Humana. Foi membro da UN High Level Task Force on the implementation of the right to development e \u00e9 membro do OAS Working Group para o monitoramento do Protocolo de San Salvador em mat\u00e9ria de direitos econ\u00f4micos, sociais e culturais.\",\"sameAs\":[\"https:\/\/www.editorajuspodivm.com.br\/autores\/detalhe\/662?idtag=ebe04ee0-bb3c-4b7f-96b9-fcd9428789d5\"],\"url\":\"https:\/\/cdn.meusitejuridico.com.br\/author\/flaviaflavia\/\"}]}<\/script>\n<!-- \/ Yoast SEO plugin. -->","yoast_head_json":{"title":"Declara\u00e7\u00e3o universal dos direitos humanos: Desafios contempor\u00e2neos - Meu site jur\u00eddico","robots":{"index":"index","follow":"follow","max-snippet":"max-snippet:-1","max-image-preview":"max-image-preview:large","max-video-preview":"max-video-preview:-1"},"canonical":"https:\/\/cdn.meusitejuridico.com.br\/2018\/12\/17\/declaracao-universal-dos-direitos-humanos-desafios-contemporaneos\/","og_locale":"pt_BR","og_type":"article","og_title":"Declara\u00e7\u00e3o universal dos direitos humanos: Desafios contempor\u00e2neos - Meu site jur\u00eddico","og_description":"INTRODU\u00c7\u00c3O Os direitos humanos nascem quando devem e podem nascer. Como real\u00e7a Norberto Bobbio, os direitos humanos n\u00e3o nascem todos de uma vez, nem de uma vez por todas. Para Hannah Arendt, os direitos humanos n\u00e3o s\u00e3o um dado, mas um constru\u00eddo, uma inven\u00e7\u00e3o humana, em constante processo de constru\u00e7\u00e3o e reconstru\u00e7\u00e3o. Refletem um constru\u00eddo [&hellip;]","og_url":"https:\/\/cdn.meusitejuridico.com.br\/2018\/12\/17\/declaracao-universal-dos-direitos-humanos-desafios-contemporaneos\/","og_site_name":"Meu site jur\u00eddico","article_published_time":"2018-12-17T15:07:58+00:00","article_modified_time":"2018-12-17T15:08:33+00:00","og_image":[{"width":1280,"height":850,"url":"https:\/\/cdn.meusitejuridico.com.br\/s.meusitejuridico\/2018\/12\/76854b68-whatsapp-image-2018-12-17-at-100155.jpeg","type":"image\/jpeg"}],"author":"Fl\u00e1via Piovesan","twitter_card":"summary_large_image","twitter_misc":{"Escrito por":"Fl\u00e1via Piovesan","Est. tempo de leitura":"1 minuto"},"schema":{"@context":"https:\/\/schema.org","@graph":[{"@type":"Article","@id":"https:\/\/cdn.meusitejuridico.com.br\/2018\/12\/17\/declaracao-universal-dos-direitos-humanos-desafios-contemporaneos\/#article","isPartOf":{"@id":"https:\/\/cdn.meusitejuridico.com.br\/2018\/12\/17\/declaracao-universal-dos-direitos-humanos-desafios-contemporaneos\/"},"author":{"name":"Fl\u00e1via Piovesan","@id":"https:\/\/meusitejuridico.editorajuspodivm.com.br\/#\/schema\/person\/105a42ae9085fe7a06d68537dcc7c44f"},"headline":"Declara\u00e7\u00e3o universal dos direitos humanos: Desafios contempor\u00e2neos","datePublished":"2018-12-17T15:07:58+00:00","dateModified":"2018-12-17T15:08:33+00:00","mainEntityOfPage":{"@id":"https:\/\/cdn.meusitejuridico.com.br\/2018\/12\/17\/declaracao-universal-dos-direitos-humanos-desafios-contemporaneos\/"},"wordCount":173,"commentCount":0,"publisher":{"@id":"https:\/\/meusitejuridico.editorajuspodivm.com.br\/#organization"},"image":{"@id":"https:\/\/cdn.meusitejuridico.com.br\/2018\/12\/17\/declaracao-universal-dos-direitos-humanos-desafios-contemporaneos\/#primaryimage"},"thumbnailUrl":"https:\/\/cdn.meusitejuridico.com.br\/s.meusitejuridico\/2018\/12\/76854b68-whatsapp-image-2018-12-17-at-100155.jpeg","keywords":["1948","Declara\u00e7\u00e3o Universal","direitos humanos","fundamentalismo","laicidade","ONU","relativismo","universalismo"],"articleSection":["Artigos","Direito Internacional e Direitos Humanos"],"inLanguage":"pt-BR","potentialAction":[{"@type":"CommentAction","name":"Comment","target":["https:\/\/cdn.meusitejuridico.com.br\/2018\/12\/17\/declaracao-universal-dos-direitos-humanos-desafios-contemporaneos\/#respond"]}]},{"@type":"WebPage","@id":"https:\/\/cdn.meusitejuridico.com.br\/2018\/12\/17\/declaracao-universal-dos-direitos-humanos-desafios-contemporaneos\/","url":"https:\/\/cdn.meusitejuridico.com.br\/2018\/12\/17\/declaracao-universal-dos-direitos-humanos-desafios-contemporaneos\/","name":"Declara\u00e7\u00e3o universal dos direitos humanos: Desafios contempor\u00e2neos - Meu site jur\u00eddico","isPartOf":{"@id":"https:\/\/meusitejuridico.editorajuspodivm.com.br\/#website"},"primaryImageOfPage":{"@id":"https:\/\/cdn.meusitejuridico.com.br\/2018\/12\/17\/declaracao-universal-dos-direitos-humanos-desafios-contemporaneos\/#primaryimage"},"image":{"@id":"https:\/\/cdn.meusitejuridico.com.br\/2018\/12\/17\/declaracao-universal-dos-direitos-humanos-desafios-contemporaneos\/#primaryimage"},"thumbnailUrl":"https:\/\/cdn.meusitejuridico.com.br\/s.meusitejuridico\/2018\/12\/76854b68-whatsapp-image-2018-12-17-at-100155.jpeg","datePublished":"2018-12-17T15:07:58+00:00","dateModified":"2018-12-17T15:08:33+00:00","breadcrumb":{"@id":"https:\/\/cdn.meusitejuridico.com.br\/2018\/12\/17\/declaracao-universal-dos-direitos-humanos-desafios-contemporaneos\/#breadcrumb"},"inLanguage":"pt-BR","potentialAction":[{"@type":"ReadAction","target":["https:\/\/cdn.meusitejuridico.com.br\/2018\/12\/17\/declaracao-universal-dos-direitos-humanos-desafios-contemporaneos\/"]}]},{"@type":"ImageObject","inLanguage":"pt-BR","@id":"https:\/\/cdn.meusitejuridico.com.br\/2018\/12\/17\/declaracao-universal-dos-direitos-humanos-desafios-contemporaneos\/#primaryimage","url":"https:\/\/cdn.meusitejuridico.com.br\/s.meusitejuridico\/2018\/12\/76854b68-whatsapp-image-2018-12-17-at-100155.jpeg","contentUrl":"https:\/\/cdn.meusitejuridico.com.br\/s.meusitejuridico\/2018\/12\/76854b68-whatsapp-image-2018-12-17-at-100155.jpeg","width":1280,"height":850},{"@type":"BreadcrumbList","@id":"https:\/\/cdn.meusitejuridico.com.br\/2018\/12\/17\/declaracao-universal-dos-direitos-humanos-desafios-contemporaneos\/#breadcrumb","itemListElement":[{"@type":"ListItem","position":1,"name":"In\u00edcio","item":"https:\/\/meusitejuridico.editorajuspodivm.com.br\/"},{"@type":"ListItem","position":2,"name":"Declara\u00e7\u00e3o universal dos direitos humanos: Desafios contempor\u00e2neos"}]},{"@type":"WebSite","@id":"https:\/\/meusitejuridico.editorajuspodivm.com.br\/#website","url":"https:\/\/meusitejuridico.editorajuspodivm.com.br\/","name":"Meu site jur\u00eddico","description":"Meu site jur\u00eddico","publisher":{"@id":"https:\/\/meusitejuridico.editorajuspodivm.com.br\/#organization"},"potentialAction":[{"@type":"SearchAction","target":{"@type":"EntryPoint","urlTemplate":"https:\/\/meusitejuridico.editorajuspodivm.com.br\/?s={search_term_string}"},"query-input":{"@type":"PropertyValueSpecification","valueRequired":true,"valueName":"search_term_string"}}],"inLanguage":"pt-BR"},{"@type":"Organization","@id":"https:\/\/meusitejuridico.editorajuspodivm.com.br\/#organization","name":"Meu site jur\u00eddico","url":"https:\/\/meusitejuridico.editorajuspodivm.com.br\/","logo":{"@type":"ImageObject","inLanguage":"pt-BR","@id":"https:\/\/meusitejuridico.editorajuspodivm.com.br\/#\/schema\/logo\/image\/","url":"https:\/\/cdn.meusitejuridico.com.br\/s.meusitejuridico\/2022\/03\/cropped-baeec2a3-msj-02-01-01.png","contentUrl":"https:\/\/cdn.meusitejuridico.com.br\/s.meusitejuridico\/2022\/03\/cropped-baeec2a3-msj-02-01-01.png","width":349,"height":243,"caption":"Meu site jur\u00eddico"},"image":{"@id":"https:\/\/meusitejuridico.editorajuspodivm.com.br\/#\/schema\/logo\/image\/"}},{"@type":"Person","@id":"https:\/\/meusitejuridico.editorajuspodivm.com.br\/#\/schema\/person\/105a42ae9085fe7a06d68537dcc7c44f","name":"Fl\u00e1via Piovesan","image":{"@type":"ImageObject","inLanguage":"pt-BR","@id":"https:\/\/meusitejuridico.editorajuspodivm.com.br\/#\/schema\/person\/image\/","url":"https:\/\/cdn.meusitejuridico.com.br\/s.meusitejuridico\/2018\/12\/ca8ff08d-fp-150x150.png","contentUrl":"https:\/\/cdn.meusitejuridico.com.br\/s.meusitejuridico\/2018\/12\/ca8ff08d-fp-150x150.png","caption":"Fl\u00e1via Piovesan"},"description":"Professora doutora em Direito Constitucional e Direitos Humanos da Pontif\u00edcia Universidade Cat\u00f3lica de S\u00e3o Paulo, Professora de Direitos Humanos dos Programas de P\u00f3s Gradua\u00e7\u00e3o da Pontif\u00edcia Universidade Cat\u00f3lica de S\u00e3o Paulo, da Pontif\u00edcia Universidade Cat\u00f3lica do Paran\u00e1 e da Universidade Pablo de Olavide (Sevilha, Espanha); visiting fellow do Human Rights Program da Harvard Law School (1995 e 2000), visiting fellow do Centre for Brazilian Studies da University of Oxford (2005), visiting fellow do Max Planck Institute for Comparative Public Law and International Law (Heidelberg 2007; 2008; e 2015); de 2009 a 2014 foi Humboldt Foundation Georg Forster Research Fellow no Max Planck Institute (Heidelberg); foi membro do Conselho Nacional de Defesa dos Direitos da Pessoa Humana. Foi membro da UN High Level Task Force on the implementation of the right to development e \u00e9 membro do OAS Working Group para o monitoramento do Protocolo de San Salvador em mat\u00e9ria de direitos econ\u00f4micos, sociais e culturais.","sameAs":["https:\/\/www.editorajuspodivm.com.br\/autores\/detalhe\/662?idtag=ebe04ee0-bb3c-4b7f-96b9-fcd9428789d5"],"url":"https:\/\/cdn.meusitejuridico.com.br\/author\/flaviaflavia\/"}]}},"_links":{"self":[{"href":"https:\/\/cdn.meusitejuridico.com.br\/api\/wp\/v2\/posts\/7063","targetHints":{"allow":["GET"]}}],"collection":[{"href":"https:\/\/cdn.meusitejuridico.com.br\/api\/wp\/v2\/posts"}],"about":[{"href":"https:\/\/cdn.meusitejuridico.com.br\/api\/wp\/v2\/types\/post"}],"author":[{"embeddable":true,"href":"https:\/\/cdn.meusitejuridico.com.br\/api\/wp\/v2\/users\/80"}],"replies":[{"embeddable":true,"href":"https:\/\/cdn.meusitejuridico.com.br\/api\/wp\/v2\/comments?post=7063"}],"version-history":[{"count":2,"href":"https:\/\/cdn.meusitejuridico.com.br\/api\/wp\/v2\/posts\/7063\/revisions"}],"predecessor-version":[{"id":7066,"href":"https:\/\/cdn.meusitejuridico.com.br\/api\/wp\/v2\/posts\/7063\/revisions\/7066"}],"wp:featuredmedia":[{"embeddable":true,"href":"https:\/\/cdn.meusitejuridico.com.br\/api\/wp\/v2\/media\/7067"}],"wp:attachment":[{"href":"https:\/\/cdn.meusitejuridico.com.br\/api\/wp\/v2\/media?parent=7063"}],"wp:term":[{"taxonomy":"category","embeddable":true,"href":"https:\/\/cdn.meusitejuridico.com.br\/api\/wp\/v2\/categories?post=7063"},{"taxonomy":"post_tag","embeddable":true,"href":"https:\/\/cdn.meusitejuridico.com.br\/api\/wp\/v2\/tags?post=7063"}],"curies":[{"name":"wp","href":"https:\/\/api.w.org\/{rel}","templated":true}]}}