{"id":7204,"date":"2019-01-06T08:00:17","date_gmt":"2019-01-06T10:00:17","guid":{"rendered":"https:\/\/meusitejuridico.editorajuspodivm.com.br\/?p=7204"},"modified":"2019-01-05T08:22:44","modified_gmt":"2019-01-05T10:22:44","slug":"certo-ou-errado-podem-obter-autorizacao-para-saida-temporaria-os-condenados-que-cumprem-pena-em-regime-semiaberto","status":"publish","type":"post","link":"https:\/\/cdn.meusitejuridico.com.br\/2019\/01\/06\/certo-ou-errado-podem-obter-autorizacao-para-saida-temporaria-os-condenados-que-cumprem-pena-em-regime-semiaberto\/","title":{"rendered":"Certo ou errado? Podem obter autoriza\u00e7\u00e3o para sa\u00edda tempor\u00e1ria os condenados que cumprem pena em regime semiaberto"},"content":{"rendered":"<p><strong>CERTO<\/strong><\/p>\n<p>O artigo 122 da Lei n\u00ba 7.210\/84 disp\u00f5e que os condenados que cumprem pena em regime semiaberto poder\u00e3o obter autoriza\u00e7\u00e3o para sa\u00edda tempor\u00e1ria do estabelecimento, sem vigil\u00e2ncia direta, nos seguintes casos: I \u2013 visita \u00e0 fam\u00edlia; II \u2013 frequ\u00eancia a curso supletivo profissionalizante, bem como de instru\u00e7\u00e3o do segundo grau ou superior, na Comarca do Ju\u00edzo da Execu\u00e7\u00e3o; III \u2013 participa\u00e7\u00e3o em atividades que concorram para o retorno ao conv\u00edvio social. E, de acordo com o STF, \u201c\u00c9 leg\u00edtima a decis\u00e3o judicial que estabelece calend\u00e1rio anual de sa\u00eddas tempor\u00e1rias para que o preso possa visitar a fam\u00edlia. Esse o entendimento da Primeira Turma, que concedeu a ordem em \u201chabeas corpus\u201d para restabelecer ato do Ju\u00edzo das Execu\u00e7\u00f5es Penais do Estado do Rio de Janeiro, que concedera autoriza\u00e7\u00e3o de sa\u00edda tempor\u00e1ria para visita peri\u00f3dica \u00e0 fam\u00edlia do paciente. Essa decis\u00e3o, mantida em grau de recurso, fora, no entanto, reformada pelo STJ, que assentara o descabimento da concess\u00e3o de sa\u00eddas automatizadas. Segundo aquela Corte, seria necess\u00e1ria a manifesta\u00e7\u00e3o motivada do ju\u00edzo da execu\u00e7\u00e3o, com interven\u00e7\u00e3o do Minist\u00e9rio P\u00fablico, em cada sa\u00edda tempor\u00e1ria. A Turma afirmou que a sa\u00edda tempor\u00e1ria autorizada repercutiria sobre outras sa\u00eddas, desde que n\u00e3o houvesse cometimento de falta grave pelo custodiado\u201d (HC 130502\/RJ, j. 21\/06\/2016).<\/p>\n<p><a href=\"https:\/\/play.google.com\/store\/apps\/details?id=com.app.meuappjuridico&amp;hl=pt\" target=\"_blank\" rel=\"noopener\"><\/a><a href=\"https:\/\/play.google.com\/store\/apps\/details?id=com.app.meuappjuridico&amp;hl=pt\" target=\"_blank\" rel=\"noopener\"><img decoding=\"async\" class=\"alignnone wp-image-4610 size-medium\" src=\"https:\/\/s3.meusitejuridico.com.br\/2018\/02\/3cdb1249-banner-app-300x166.jpeg\" alt=\"\" width=\"300\" height=\"166\" srcset=\"https:\/\/cdn.meusitejuridico.com.br\/s.meusitejuridico\/2018\/02\/3cdb1249-banner-app-300x166.jpeg 300w, https:\/\/cdn.meusitejuridico.com.br\/s.meusitejuridico\/2018\/02\/3cdb1249-banner-app-768x424.jpeg 768w, https:\/\/cdn.meusitejuridico.com.br\/s.meusitejuridico\/2018\/02\/3cdb1249-banner-app-1024x566.jpeg 1024w, https:\/\/cdn.meusitejuridico.com.br\/s.meusitejuridico\/2018\/02\/3cdb1249-banner-app-80x44.jpeg 80w, https:\/\/cdn.meusitejuridico.com.br\/s.meusitejuridico\/2018\/02\/3cdb1249-banner-app.jpeg 1140w\" sizes=\"(max-width: 300px) 100vw, 300px\" \/><\/a><\/p>\n<p>Material extra\u00eddo da obra <a href=\"https:\/\/www.editorajuspodivm.com.br\/revisaco-direito-penal-2209-questoes-comentadas-alternativa-por-alternativa-2018\" target=\"_blank\" rel=\"noopener\">Revisa\u00e7o Direito Penal<\/a><\/p>\n","protected":false},"excerpt":{"rendered":"<p>CERTO O artigo 122 da Lei n\u00ba 7.210\/84 disp\u00f5e que os condenados que cumprem pena em regime semiaberto poder\u00e3o obter autoriza\u00e7\u00e3o para sa\u00edda tempor\u00e1ria do estabelecimento, sem vigil\u00e2ncia direta, nos seguintes casos: I \u2013 visita \u00e0 fam\u00edlia; II \u2013 frequ\u00eancia a curso supletivo profissionalizante, bem como de instru\u00e7\u00e3o do segundo grau ou superior, na Comarca [&hellip;]<\/p>\n","protected":false},"author":7,"featured_media":7205,"comment_status":"open","ping_status":"open","sticky":false,"template":"","format":"standard","meta":{"_acf_changed":false,"footnotes":""},"categories":[78,437],"tags":[2316,713,118,2179,714],"class_list":["post-7204","post","type-post","status-publish","format-standard","has-post-thumbnail","hentry","category-material-de-aula","category-perguntas-e-respostas","tag-art-122-lep","tag-autorizacoes-de-saida","tag-execucao-penal","tag-lei-7-21084","tag-saida-temporaria"],"acf":[],"yoast_head":"<!-- This site is optimized with the Yoast SEO plugin v24.8.1 - https:\/\/yoast.com\/wordpress\/plugins\/seo\/ -->\n<title>Certo ou errado? Podem obter autoriza\u00e7\u00e3o para sa\u00edda tempor\u00e1ria os condenados que cumprem pena em regime semiaberto - Meu site jur\u00eddico<\/title>\n<meta name=\"robots\" content=\"index, follow, max-snippet:-1, max-image-preview:large, max-video-preview:-1\" \/>\n<link rel=\"canonical\" href=\"https:\/\/cdn.meusitejuridico.com.br\/2019\/01\/06\/certo-ou-errado-podem-obter-autorizacao-para-saida-temporaria-os-condenados-que-cumprem-pena-em-regime-semiaberto\/\" \/>\n<meta property=\"og:locale\" content=\"pt_BR\" \/>\n<meta property=\"og:type\" content=\"article\" \/>\n<meta property=\"og:title\" content=\"Certo ou errado? Podem obter autoriza\u00e7\u00e3o para sa\u00edda tempor\u00e1ria os condenados que cumprem pena em regime semiaberto - Meu site jur\u00eddico\" \/>\n<meta property=\"og:description\" content=\"CERTO O artigo 122 da Lei n\u00ba 7.210\/84 disp\u00f5e que os condenados que cumprem pena em regime semiaberto poder\u00e3o obter autoriza\u00e7\u00e3o para sa\u00edda tempor\u00e1ria do estabelecimento, sem vigil\u00e2ncia direta, nos seguintes casos: I \u2013 visita \u00e0 fam\u00edlia; II \u2013 frequ\u00eancia a curso supletivo profissionalizante, bem como de instru\u00e7\u00e3o do segundo grau ou superior, na Comarca [&hellip;]\" \/>\n<meta property=\"og:url\" content=\"https:\/\/cdn.meusitejuridico.com.br\/2019\/01\/06\/certo-ou-errado-podem-obter-autorizacao-para-saida-temporaria-os-condenados-que-cumprem-pena-em-regime-semiaberto\/\" \/>\n<meta property=\"og:site_name\" content=\"Meu site jur\u00eddico\" \/>\n<meta property=\"article:published_time\" content=\"2019-01-06T10:00:17+00:00\" \/>\n<meta property=\"og:image\" content=\"https:\/\/cdn.meusitejuridico.com.br\/s.meusitejuridico\/2019\/01\/fdeb0fb3-whatsapp-image-2019-01-03-at-170930.jpeg\" \/>\n\t<meta property=\"og:image:width\" content=\"1280\" \/>\n\t<meta property=\"og:image:height\" content=\"720\" \/>\n\t<meta property=\"og:image:type\" content=\"image\/jpeg\" \/>\n<meta name=\"author\" content=\"Equipe Meu Site Jur\u00eddico\" \/>\n<meta name=\"twitter:card\" content=\"summary_large_image\" \/>\n<meta name=\"twitter:label1\" content=\"Escrito por\" \/>\n\t<meta name=\"twitter:data1\" content=\"Equipe Meu Site Jur\u00eddico\" \/>\n\t<meta name=\"twitter:label2\" content=\"Est. tempo de leitura\" \/>\n\t<meta name=\"twitter:data2\" content=\"1 minuto\" \/>\n<script type=\"application\/ld+json\" class=\"yoast-schema-graph\">{\"@context\":\"https:\/\/schema.org\",\"@graph\":[{\"@type\":\"Article\",\"@id\":\"https:\/\/cdn.meusitejuridico.com.br\/2019\/01\/06\/certo-ou-errado-podem-obter-autorizacao-para-saida-temporaria-os-condenados-que-cumprem-pena-em-regime-semiaberto\/#article\",\"isPartOf\":{\"@id\":\"https:\/\/cdn.meusitejuridico.com.br\/2019\/01\/06\/certo-ou-errado-podem-obter-autorizacao-para-saida-temporaria-os-condenados-que-cumprem-pena-em-regime-semiaberto\/\"},\"author\":{\"name\":\"Equipe Meu Site Jur\u00eddico\",\"@id\":\"https:\/\/cdn.meusitejuridico.com.br\/#\/schema\/person\/5c2237ac0c8ff03bcf1a09fe3e45dfce\"},\"headline\":\"Certo ou errado? Podem obter autoriza\u00e7\u00e3o para sa\u00edda tempor\u00e1ria os condenados que cumprem pena em regime semiaberto\",\"datePublished\":\"2019-01-06T10:00:17+00:00\",\"mainEntityOfPage\":{\"@id\":\"https:\/\/cdn.meusitejuridico.com.br\/2019\/01\/06\/certo-ou-errado-podem-obter-autorizacao-para-saida-temporaria-os-condenados-que-cumprem-pena-em-regime-semiaberto\/\"},\"wordCount\":269,\"commentCount\":0,\"publisher\":{\"@id\":\"https:\/\/cdn.meusitejuridico.com.br\/#organization\"},\"image\":{\"@id\":\"https:\/\/cdn.meusitejuridico.com.br\/2019\/01\/06\/certo-ou-errado-podem-obter-autorizacao-para-saida-temporaria-os-condenados-que-cumprem-pena-em-regime-semiaberto\/#primaryimage\"},\"thumbnailUrl\":\"https:\/\/cdn.meusitejuridico.com.br\/s.meusitejuridico\/2019\/01\/fdeb0fb3-whatsapp-image-2019-01-03-at-170930.jpeg\",\"keywords\":[\"art. 122 LEP\",\"autoriza\u00e7\u00f5es de sa\u00edda\",\"Execu\u00e7\u00e3o Penal\",\"Lei 7.210\/84\",\"sa\u00edda tempor\u00e1ria\"],\"articleSection\":[\"Material de aula\",\"Perguntas e Respostas\"],\"inLanguage\":\"pt-BR\",\"potentialAction\":[{\"@type\":\"CommentAction\",\"name\":\"Comment\",\"target\":[\"https:\/\/cdn.meusitejuridico.com.br\/2019\/01\/06\/certo-ou-errado-podem-obter-autorizacao-para-saida-temporaria-os-condenados-que-cumprem-pena-em-regime-semiaberto\/#respond\"]}]},{\"@type\":\"WebPage\",\"@id\":\"https:\/\/cdn.meusitejuridico.com.br\/2019\/01\/06\/certo-ou-errado-podem-obter-autorizacao-para-saida-temporaria-os-condenados-que-cumprem-pena-em-regime-semiaberto\/\",\"url\":\"https:\/\/cdn.meusitejuridico.com.br\/2019\/01\/06\/certo-ou-errado-podem-obter-autorizacao-para-saida-temporaria-os-condenados-que-cumprem-pena-em-regime-semiaberto\/\",\"name\":\"Certo ou errado? Podem obter autoriza\u00e7\u00e3o para sa\u00edda tempor\u00e1ria os condenados que cumprem pena em regime semiaberto - Meu site jur\u00eddico\",\"isPartOf\":{\"@id\":\"https:\/\/cdn.meusitejuridico.com.br\/#website\"},\"primaryImageOfPage\":{\"@id\":\"https:\/\/cdn.meusitejuridico.com.br\/2019\/01\/06\/certo-ou-errado-podem-obter-autorizacao-para-saida-temporaria-os-condenados-que-cumprem-pena-em-regime-semiaberto\/#primaryimage\"},\"image\":{\"@id\":\"https:\/\/cdn.meusitejuridico.com.br\/2019\/01\/06\/certo-ou-errado-podem-obter-autorizacao-para-saida-temporaria-os-condenados-que-cumprem-pena-em-regime-semiaberto\/#primaryimage\"},\"thumbnailUrl\":\"https:\/\/cdn.meusitejuridico.com.br\/s.meusitejuridico\/2019\/01\/fdeb0fb3-whatsapp-image-2019-01-03-at-170930.jpeg\",\"datePublished\":\"2019-01-06T10:00:17+00:00\",\"breadcrumb\":{\"@id\":\"https:\/\/cdn.meusitejuridico.com.br\/2019\/01\/06\/certo-ou-errado-podem-obter-autorizacao-para-saida-temporaria-os-condenados-que-cumprem-pena-em-regime-semiaberto\/#breadcrumb\"},\"inLanguage\":\"pt-BR\",\"potentialAction\":[{\"@type\":\"ReadAction\",\"target\":[\"https:\/\/cdn.meusitejuridico.com.br\/2019\/01\/06\/certo-ou-errado-podem-obter-autorizacao-para-saida-temporaria-os-condenados-que-cumprem-pena-em-regime-semiaberto\/\"]}]},{\"@type\":\"ImageObject\",\"inLanguage\":\"pt-BR\",\"@id\":\"https:\/\/cdn.meusitejuridico.com.br\/2019\/01\/06\/certo-ou-errado-podem-obter-autorizacao-para-saida-temporaria-os-condenados-que-cumprem-pena-em-regime-semiaberto\/#primaryimage\",\"url\":\"https:\/\/cdn.meusitejuridico.com.br\/s.meusitejuridico\/2019\/01\/fdeb0fb3-whatsapp-image-2019-01-03-at-170930.jpeg\",\"contentUrl\":\"https:\/\/cdn.meusitejuridico.com.br\/s.meusitejuridico\/2019\/01\/fdeb0fb3-whatsapp-image-2019-01-03-at-170930.jpeg\",\"width\":1280,\"height\":720},{\"@type\":\"BreadcrumbList\",\"@id\":\"https:\/\/cdn.meusitejuridico.com.br\/2019\/01\/06\/certo-ou-errado-podem-obter-autorizacao-para-saida-temporaria-os-condenados-que-cumprem-pena-em-regime-semiaberto\/#breadcrumb\",\"itemListElement\":[{\"@type\":\"ListItem\",\"position\":1,\"name\":\"In\u00edcio\",\"item\":\"https:\/\/cdn.meusitejuridico.com.br\/\"},{\"@type\":\"ListItem\",\"position\":2,\"name\":\"Certo ou errado? Podem obter autoriza\u00e7\u00e3o para sa\u00edda tempor\u00e1ria os condenados que cumprem pena em regime semiaberto\"}]},{\"@type\":\"WebSite\",\"@id\":\"https:\/\/cdn.meusitejuridico.com.br\/#website\",\"url\":\"https:\/\/cdn.meusitejuridico.com.br\/\",\"name\":\"Meu site jur\u00eddico\",\"description\":\"Meu site jur\u00eddico\",\"publisher\":{\"@id\":\"https:\/\/cdn.meusitejuridico.com.br\/#organization\"},\"potentialAction\":[{\"@type\":\"SearchAction\",\"target\":{\"@type\":\"EntryPoint\",\"urlTemplate\":\"https:\/\/cdn.meusitejuridico.com.br\/?s={search_term_string}\"},\"query-input\":{\"@type\":\"PropertyValueSpecification\",\"valueRequired\":true,\"valueName\":\"search_term_string\"}}],\"inLanguage\":\"pt-BR\"},{\"@type\":\"Organization\",\"@id\":\"https:\/\/cdn.meusitejuridico.com.br\/#organization\",\"name\":\"Meu site jur\u00eddico\",\"url\":\"https:\/\/cdn.meusitejuridico.com.br\/\",\"logo\":{\"@type\":\"ImageObject\",\"inLanguage\":\"pt-BR\",\"@id\":\"https:\/\/cdn.meusitejuridico.com.br\/#\/schema\/logo\/image\/\",\"url\":\"https:\/\/cdn.meusitejuridico.com.br\/s.meusitejuridico\/2022\/03\/cropped-baeec2a3-msj-02-01-01.png\",\"contentUrl\":\"https:\/\/cdn.meusitejuridico.com.br\/s.meusitejuridico\/2022\/03\/cropped-baeec2a3-msj-02-01-01.png\",\"width\":349,\"height\":243,\"caption\":\"Meu site jur\u00eddico\"},\"image\":{\"@id\":\"https:\/\/cdn.meusitejuridico.com.br\/#\/schema\/logo\/image\/\"}},{\"@type\":\"Person\",\"@id\":\"https:\/\/cdn.meusitejuridico.com.br\/#\/schema\/person\/5c2237ac0c8ff03bcf1a09fe3e45dfce\",\"name\":\"Equipe Meu Site Jur\u00eddico\",\"image\":{\"@type\":\"ImageObject\",\"inLanguage\":\"pt-BR\",\"@id\":\"https:\/\/cdn.meusitejuridico.com.br\/#\/schema\/person\/image\/\",\"url\":\"https:\/\/cdn.meusitejuridico.com.br\/s.meusitejuridico\/2020\/07\/6be289aa-logo-msj.png\",\"contentUrl\":\"https:\/\/cdn.meusitejuridico.com.br\/s.meusitejuridico\/2020\/07\/6be289aa-logo-msj.png\",\"caption\":\"Equipe Meu Site Jur\u00eddico\"},\"description\":\"Contem conosco!\",\"url\":\"https:\/\/cdn.meusitejuridico.com.br\/author\/equipe-meu-site-juridico\/\"}]}<\/script>\n<!-- \/ Yoast SEO plugin. -->","yoast_head_json":{"title":"Certo ou errado? Podem obter autoriza\u00e7\u00e3o para sa\u00edda tempor\u00e1ria os condenados que cumprem pena em regime semiaberto - Meu site jur\u00eddico","robots":{"index":"index","follow":"follow","max-snippet":"max-snippet:-1","max-image-preview":"max-image-preview:large","max-video-preview":"max-video-preview:-1"},"canonical":"https:\/\/cdn.meusitejuridico.com.br\/2019\/01\/06\/certo-ou-errado-podem-obter-autorizacao-para-saida-temporaria-os-condenados-que-cumprem-pena-em-regime-semiaberto\/","og_locale":"pt_BR","og_type":"article","og_title":"Certo ou errado? Podem obter autoriza\u00e7\u00e3o para sa\u00edda tempor\u00e1ria os condenados que cumprem pena em regime semiaberto - Meu site jur\u00eddico","og_description":"CERTO O artigo 122 da Lei n\u00ba 7.210\/84 disp\u00f5e que os condenados que cumprem pena em regime semiaberto poder\u00e3o obter autoriza\u00e7\u00e3o para sa\u00edda tempor\u00e1ria do estabelecimento, sem vigil\u00e2ncia direta, nos seguintes casos: I \u2013 visita \u00e0 fam\u00edlia; II \u2013 frequ\u00eancia a curso supletivo profissionalizante, bem como de instru\u00e7\u00e3o do segundo grau ou superior, na Comarca [&hellip;]","og_url":"https:\/\/cdn.meusitejuridico.com.br\/2019\/01\/06\/certo-ou-errado-podem-obter-autorizacao-para-saida-temporaria-os-condenados-que-cumprem-pena-em-regime-semiaberto\/","og_site_name":"Meu site jur\u00eddico","article_published_time":"2019-01-06T10:00:17+00:00","og_image":[{"width":1280,"height":720,"url":"https:\/\/cdn.meusitejuridico.com.br\/s.meusitejuridico\/2019\/01\/fdeb0fb3-whatsapp-image-2019-01-03-at-170930.jpeg","type":"image\/jpeg"}],"author":"Equipe Meu Site Jur\u00eddico","twitter_card":"summary_large_image","twitter_misc":{"Escrito por":"Equipe Meu Site Jur\u00eddico","Est. tempo de leitura":"1 minuto"},"schema":{"@context":"https:\/\/schema.org","@graph":[{"@type":"Article","@id":"https:\/\/cdn.meusitejuridico.com.br\/2019\/01\/06\/certo-ou-errado-podem-obter-autorizacao-para-saida-temporaria-os-condenados-que-cumprem-pena-em-regime-semiaberto\/#article","isPartOf":{"@id":"https:\/\/cdn.meusitejuridico.com.br\/2019\/01\/06\/certo-ou-errado-podem-obter-autorizacao-para-saida-temporaria-os-condenados-que-cumprem-pena-em-regime-semiaberto\/"},"author":{"name":"Equipe Meu Site Jur\u00eddico","@id":"https:\/\/cdn.meusitejuridico.com.br\/#\/schema\/person\/5c2237ac0c8ff03bcf1a09fe3e45dfce"},"headline":"Certo ou errado? Podem obter autoriza\u00e7\u00e3o para sa\u00edda tempor\u00e1ria os condenados que cumprem pena em regime semiaberto","datePublished":"2019-01-06T10:00:17+00:00","mainEntityOfPage":{"@id":"https:\/\/cdn.meusitejuridico.com.br\/2019\/01\/06\/certo-ou-errado-podem-obter-autorizacao-para-saida-temporaria-os-condenados-que-cumprem-pena-em-regime-semiaberto\/"},"wordCount":269,"commentCount":0,"publisher":{"@id":"https:\/\/cdn.meusitejuridico.com.br\/#organization"},"image":{"@id":"https:\/\/cdn.meusitejuridico.com.br\/2019\/01\/06\/certo-ou-errado-podem-obter-autorizacao-para-saida-temporaria-os-condenados-que-cumprem-pena-em-regime-semiaberto\/#primaryimage"},"thumbnailUrl":"https:\/\/cdn.meusitejuridico.com.br\/s.meusitejuridico\/2019\/01\/fdeb0fb3-whatsapp-image-2019-01-03-at-170930.jpeg","keywords":["art. 122 LEP","autoriza\u00e7\u00f5es de sa\u00edda","Execu\u00e7\u00e3o Penal","Lei 7.210\/84","sa\u00edda tempor\u00e1ria"],"articleSection":["Material de aula","Perguntas e Respostas"],"inLanguage":"pt-BR","potentialAction":[{"@type":"CommentAction","name":"Comment","target":["https:\/\/cdn.meusitejuridico.com.br\/2019\/01\/06\/certo-ou-errado-podem-obter-autorizacao-para-saida-temporaria-os-condenados-que-cumprem-pena-em-regime-semiaberto\/#respond"]}]},{"@type":"WebPage","@id":"https:\/\/cdn.meusitejuridico.com.br\/2019\/01\/06\/certo-ou-errado-podem-obter-autorizacao-para-saida-temporaria-os-condenados-que-cumprem-pena-em-regime-semiaberto\/","url":"https:\/\/cdn.meusitejuridico.com.br\/2019\/01\/06\/certo-ou-errado-podem-obter-autorizacao-para-saida-temporaria-os-condenados-que-cumprem-pena-em-regime-semiaberto\/","name":"Certo ou errado? Podem obter autoriza\u00e7\u00e3o para sa\u00edda tempor\u00e1ria os condenados que cumprem pena em regime semiaberto - Meu site jur\u00eddico","isPartOf":{"@id":"https:\/\/cdn.meusitejuridico.com.br\/#website"},"primaryImageOfPage":{"@id":"https:\/\/cdn.meusitejuridico.com.br\/2019\/01\/06\/certo-ou-errado-podem-obter-autorizacao-para-saida-temporaria-os-condenados-que-cumprem-pena-em-regime-semiaberto\/#primaryimage"},"image":{"@id":"https:\/\/cdn.meusitejuridico.com.br\/2019\/01\/06\/certo-ou-errado-podem-obter-autorizacao-para-saida-temporaria-os-condenados-que-cumprem-pena-em-regime-semiaberto\/#primaryimage"},"thumbnailUrl":"https:\/\/cdn.meusitejuridico.com.br\/s.meusitejuridico\/2019\/01\/fdeb0fb3-whatsapp-image-2019-01-03-at-170930.jpeg","datePublished":"2019-01-06T10:00:17+00:00","breadcrumb":{"@id":"https:\/\/cdn.meusitejuridico.com.br\/2019\/01\/06\/certo-ou-errado-podem-obter-autorizacao-para-saida-temporaria-os-condenados-que-cumprem-pena-em-regime-semiaberto\/#breadcrumb"},"inLanguage":"pt-BR","potentialAction":[{"@type":"ReadAction","target":["https:\/\/cdn.meusitejuridico.com.br\/2019\/01\/06\/certo-ou-errado-podem-obter-autorizacao-para-saida-temporaria-os-condenados-que-cumprem-pena-em-regime-semiaberto\/"]}]},{"@type":"ImageObject","inLanguage":"pt-BR","@id":"https:\/\/cdn.meusitejuridico.com.br\/2019\/01\/06\/certo-ou-errado-podem-obter-autorizacao-para-saida-temporaria-os-condenados-que-cumprem-pena-em-regime-semiaberto\/#primaryimage","url":"https:\/\/cdn.meusitejuridico.com.br\/s.meusitejuridico\/2019\/01\/fdeb0fb3-whatsapp-image-2019-01-03-at-170930.jpeg","contentUrl":"https:\/\/cdn.meusitejuridico.com.br\/s.meusitejuridico\/2019\/01\/fdeb0fb3-whatsapp-image-2019-01-03-at-170930.jpeg","width":1280,"height":720},{"@type":"BreadcrumbList","@id":"https:\/\/cdn.meusitejuridico.com.br\/2019\/01\/06\/certo-ou-errado-podem-obter-autorizacao-para-saida-temporaria-os-condenados-que-cumprem-pena-em-regime-semiaberto\/#breadcrumb","itemListElement":[{"@type":"ListItem","position":1,"name":"In\u00edcio","item":"https:\/\/cdn.meusitejuridico.com.br\/"},{"@type":"ListItem","position":2,"name":"Certo ou errado? Podem obter autoriza\u00e7\u00e3o para sa\u00edda tempor\u00e1ria os condenados que cumprem pena em regime semiaberto"}]},{"@type":"WebSite","@id":"https:\/\/cdn.meusitejuridico.com.br\/#website","url":"https:\/\/cdn.meusitejuridico.com.br\/","name":"Meu site jur\u00eddico","description":"Meu site jur\u00eddico","publisher":{"@id":"https:\/\/cdn.meusitejuridico.com.br\/#organization"},"potentialAction":[{"@type":"SearchAction","target":{"@type":"EntryPoint","urlTemplate":"https:\/\/cdn.meusitejuridico.com.br\/?s={search_term_string}"},"query-input":{"@type":"PropertyValueSpecification","valueRequired":true,"valueName":"search_term_string"}}],"inLanguage":"pt-BR"},{"@type":"Organization","@id":"https:\/\/cdn.meusitejuridico.com.br\/#organization","name":"Meu site jur\u00eddico","url":"https:\/\/cdn.meusitejuridico.com.br\/","logo":{"@type":"ImageObject","inLanguage":"pt-BR","@id":"https:\/\/cdn.meusitejuridico.com.br\/#\/schema\/logo\/image\/","url":"https:\/\/cdn.meusitejuridico.com.br\/s.meusitejuridico\/2022\/03\/cropped-baeec2a3-msj-02-01-01.png","contentUrl":"https:\/\/cdn.meusitejuridico.com.br\/s.meusitejuridico\/2022\/03\/cropped-baeec2a3-msj-02-01-01.png","width":349,"height":243,"caption":"Meu site jur\u00eddico"},"image":{"@id":"https:\/\/cdn.meusitejuridico.com.br\/#\/schema\/logo\/image\/"}},{"@type":"Person","@id":"https:\/\/cdn.meusitejuridico.com.br\/#\/schema\/person\/5c2237ac0c8ff03bcf1a09fe3e45dfce","name":"Equipe Meu Site Jur\u00eddico","image":{"@type":"ImageObject","inLanguage":"pt-BR","@id":"https:\/\/cdn.meusitejuridico.com.br\/#\/schema\/person\/image\/","url":"https:\/\/cdn.meusitejuridico.com.br\/s.meusitejuridico\/2020\/07\/6be289aa-logo-msj.png","contentUrl":"https:\/\/cdn.meusitejuridico.com.br\/s.meusitejuridico\/2020\/07\/6be289aa-logo-msj.png","caption":"Equipe Meu Site Jur\u00eddico"},"description":"Contem conosco!","url":"https:\/\/cdn.meusitejuridico.com.br\/author\/equipe-meu-site-juridico\/"}]}},"_links":{"self":[{"href":"https:\/\/cdn.meusitejuridico.com.br\/api\/wp\/v2\/posts\/7204","targetHints":{"allow":["GET"]}}],"collection":[{"href":"https:\/\/cdn.meusitejuridico.com.br\/api\/wp\/v2\/posts"}],"about":[{"href":"https:\/\/cdn.meusitejuridico.com.br\/api\/wp\/v2\/types\/post"}],"author":[{"embeddable":true,"href":"https:\/\/cdn.meusitejuridico.com.br\/api\/wp\/v2\/users\/7"}],"replies":[{"embeddable":true,"href":"https:\/\/cdn.meusitejuridico.com.br\/api\/wp\/v2\/comments?post=7204"}],"version-history":[{"count":3,"href":"https:\/\/cdn.meusitejuridico.com.br\/api\/wp\/v2\/posts\/7204\/revisions"}],"predecessor-version":[{"id":7208,"href":"https:\/\/cdn.meusitejuridico.com.br\/api\/wp\/v2\/posts\/7204\/revisions\/7208"}],"wp:featuredmedia":[{"embeddable":true,"href":"https:\/\/cdn.meusitejuridico.com.br\/api\/wp\/v2\/media\/7205"}],"wp:attachment":[{"href":"https:\/\/cdn.meusitejuridico.com.br\/api\/wp\/v2\/media?parent=7204"}],"wp:term":[{"taxonomy":"category","embeddable":true,"href":"https:\/\/cdn.meusitejuridico.com.br\/api\/wp\/v2\/categories?post=7204"},{"taxonomy":"post_tag","embeddable":true,"href":"https:\/\/cdn.meusitejuridico.com.br\/api\/wp\/v2\/tags?post=7204"}],"curies":[{"name":"wp","href":"https:\/\/api.w.org\/{rel}","templated":true}]}}