{"id":7416,"date":"2019-01-25T20:34:44","date_gmt":"2019-01-25T22:34:44","guid":{"rendered":"https:\/\/meusitejuridico.editorajuspodivm.com.br\/?p=7416"},"modified":"2019-01-25T20:34:44","modified_gmt":"2019-01-25T22:34:44","slug":"exame-da-oab-raio-x-da-1a-fase","status":"publish","type":"post","link":"https:\/\/cdn.meusitejuridico.com.br\/2019\/01\/25\/exame-da-oab-raio-x-da-1a-fase\/","title":{"rendered":"Exame da OAB: Raio-X da 1\u00aa Fase"},"content":{"rendered":"<p><a href=\"https:\/\/play.google.com\/store\/apps\/details?id=com.app.meuappjuridico&amp;hl=pt\" target=\"_blank\" rel=\"noopener\"><img decoding=\"async\" class=\"aligncenter wp-image-4610 size-medium\" src=\"https:\/\/s3.meusitejuridico.com.br\/2018\/02\/3cdb1249-banner-app-300x166.jpeg\" alt=\"\" width=\"300\" height=\"166\" srcset=\"https:\/\/cdn.meusitejuridico.com.br\/s.meusitejuridico\/2018\/02\/3cdb1249-banner-app-300x166.jpeg 300w, https:\/\/cdn.meusitejuridico.com.br\/s.meusitejuridico\/2018\/02\/3cdb1249-banner-app-768x424.jpeg 768w, https:\/\/cdn.meusitejuridico.com.br\/s.meusitejuridico\/2018\/02\/3cdb1249-banner-app-1024x566.jpeg 1024w, https:\/\/cdn.meusitejuridico.com.br\/s.meusitejuridico\/2018\/02\/3cdb1249-banner-app-80x44.jpeg 80w, https:\/\/cdn.meusitejuridico.com.br\/s.meusitejuridico\/2018\/02\/3cdb1249-banner-app.jpeg 1140w\" sizes=\"(max-width: 300px) 100vw, 300px\" \/><\/a><\/p>\n<p>Ol\u00e1, leitor!<\/p>\n<p>Em parceria com o MeuSiteJur\u00eddico, publicaremos, a partir de agora, uma nova s\u00e9rie de posts intitulada <em>Raio-X do Exame de Ordem<\/em>. Tanto na primeira quanto na segunda fase da prova, a FGV tem sido extremamente repetitiva ao escolher os assuntos cobrados no Exame de Ordem. Portanto, com um estudo estrat\u00e9gico, baseado nos temas frequentemente presentes na prova, \u00e9 poss\u00edvel a aprova\u00e7\u00e3o sem muito esfor\u00e7o.<\/p>\n<p><strong>Clique <a href=\"https:\/\/s3.meusitejuridico.com.br\/2019\/01\/38868933-raio-x-1-pdf.pdf\" target=\"_blank\" rel=\"noopener\">aqui<\/a> para acessar o material completo.<\/strong><\/p>\n","protected":false},"excerpt":{"rendered":"<p>Ol\u00e1, leitor! Em parceria com o MeuSiteJur\u00eddico, publicaremos, a partir de agora, uma nova s\u00e9rie de posts intitulada Raio-X do Exame de Ordem. Tanto na primeira quanto na segunda fase da prova, a FGV tem sido extremamente repetitiva ao escolher os assuntos cobrados no Exame de Ordem. Portanto, com um estudo estrat\u00e9gico, baseado nos temas [&hellip;]<\/p>\n","protected":false},"author":31,"featured_media":1941,"comment_status":"open","ping_status":"open","sticky":false,"template":"","format":"standard","meta":{"_acf_changed":false,"footnotes":""},"categories":[1,106],"tags":[107,2230,193,2365,2364],"class_list":["post-7416","post","type-post","status-publish","format-standard","has-post-thumbnail","hentry","category-artigos","category-direito-penal-disciplinas","tag-direito-penal","tag-exame-de-ordem","tag-oab","tag-primeira-fase","tag-raio-x"],"acf":[],"yoast_head":"<!-- This site is optimized with the Yoast SEO plugin v24.8.1 - https:\/\/yoast.com\/wordpress\/plugins\/seo\/ -->\n<title>Exame da OAB: Raio-X da 1\u00aa Fase - Meu site jur\u00eddico<\/title>\n<meta name=\"robots\" content=\"index, follow, max-snippet:-1, max-image-preview:large, max-video-preview:-1\" \/>\n<link rel=\"canonical\" href=\"https:\/\/meusitejuridico.editorajuspodivm.com.br\/2019\/01\/25\/exame-da-oab-raio-x-da-1a-fase\/\" \/>\n<meta property=\"og:locale\" content=\"pt_BR\" \/>\n<meta property=\"og:type\" content=\"article\" \/>\n<meta property=\"og:title\" content=\"Exame da OAB: Raio-X da 1\u00aa Fase - Meu site jur\u00eddico\" \/>\n<meta property=\"og:description\" content=\"Ol\u00e1, leitor! Em parceria com o MeuSiteJur\u00eddico, publicaremos, a partir de agora, uma nova s\u00e9rie de posts intitulada Raio-X do Exame de Ordem. Tanto na primeira quanto na segunda fase da prova, a FGV tem sido extremamente repetitiva ao escolher os assuntos cobrados no Exame de Ordem. Portanto, com um estudo estrat\u00e9gico, baseado nos temas [&hellip;]\" \/>\n<meta property=\"og:url\" content=\"https:\/\/meusitejuridico.editorajuspodivm.com.br\/2019\/01\/25\/exame-da-oab-raio-x-da-1a-fase\/\" \/>\n<meta property=\"og:site_name\" content=\"Meu site jur\u00eddico\" \/>\n<meta property=\"article:author\" content=\"https:\/\/facebook.com\/forumcriminal\" \/>\n<meta property=\"article:published_time\" content=\"2019-01-25T22:34:44+00:00\" \/>\n<meta property=\"og:image\" content=\"https:\/\/meusitejuridico.editorajuspodivm.com.br\/s.meusitejuridico\/2017\/04\/022527a5-shutterstock-566305513.jpg\" \/>\n\t<meta property=\"og:image:width\" content=\"4800\" \/>\n\t<meta property=\"og:image:height\" content=\"3200\" \/>\n\t<meta property=\"og:image:type\" content=\"image\/jpeg\" \/>\n<meta name=\"author\" content=\"Leonardo Castro\" \/>\n<meta name=\"twitter:card\" content=\"summary_large_image\" \/>\n<meta name=\"twitter:label1\" content=\"Escrito por\" \/>\n\t<meta name=\"twitter:data1\" content=\"Leonardo Castro\" \/>\n<script type=\"application\/ld+json\" class=\"yoast-schema-graph\">{\"@context\":\"https:\/\/schema.org\",\"@graph\":[{\"@type\":\"Article\",\"@id\":\"https:\/\/meusitejuridico.editorajuspodivm.com.br\/2019\/01\/25\/exame-da-oab-raio-x-da-1a-fase\/#article\",\"isPartOf\":{\"@id\":\"https:\/\/meusitejuridico.editorajuspodivm.com.br\/2019\/01\/25\/exame-da-oab-raio-x-da-1a-fase\/\"},\"author\":{\"name\":\"Leonardo Castro\",\"@id\":\"https:\/\/cdn.meusitejuridico.com.br\/#\/schema\/person\/7fb7d3eebc91c10f77ac3c56326af1c9\"},\"headline\":\"Exame da OAB: Raio-X da 1\u00aa Fase\",\"datePublished\":\"2019-01-25T22:34:44+00:00\",\"mainEntityOfPage\":{\"@id\":\"https:\/\/meusitejuridico.editorajuspodivm.com.br\/2019\/01\/25\/exame-da-oab-raio-x-da-1a-fase\/\"},\"wordCount\":84,\"commentCount\":0,\"publisher\":{\"@id\":\"https:\/\/cdn.meusitejuridico.com.br\/#organization\"},\"image\":{\"@id\":\"https:\/\/meusitejuridico.editorajuspodivm.com.br\/2019\/01\/25\/exame-da-oab-raio-x-da-1a-fase\/#primaryimage\"},\"thumbnailUrl\":\"https:\/\/cdn.meusitejuridico.com.br\/s.meusitejuridico\/2017\/04\/022527a5-shutterstock-566305513.jpg\",\"keywords\":[\"Direito Penal\",\"exame de ordem\",\"OAB\",\"primeira fase\",\"raio-x\"],\"articleSection\":[\"Artigos\",\"Direito Penal\"],\"inLanguage\":\"pt-BR\",\"potentialAction\":[{\"@type\":\"CommentAction\",\"name\":\"Comment\",\"target\":[\"https:\/\/meusitejuridico.editorajuspodivm.com.br\/2019\/01\/25\/exame-da-oab-raio-x-da-1a-fase\/#respond\"]}]},{\"@type\":\"WebPage\",\"@id\":\"https:\/\/meusitejuridico.editorajuspodivm.com.br\/2019\/01\/25\/exame-da-oab-raio-x-da-1a-fase\/\",\"url\":\"https:\/\/meusitejuridico.editorajuspodivm.com.br\/2019\/01\/25\/exame-da-oab-raio-x-da-1a-fase\/\",\"name\":\"Exame da OAB: Raio-X da 1\u00aa Fase - Meu site jur\u00eddico\",\"isPartOf\":{\"@id\":\"https:\/\/cdn.meusitejuridico.com.br\/#website\"},\"primaryImageOfPage\":{\"@id\":\"https:\/\/meusitejuridico.editorajuspodivm.com.br\/2019\/01\/25\/exame-da-oab-raio-x-da-1a-fase\/#primaryimage\"},\"image\":{\"@id\":\"https:\/\/meusitejuridico.editorajuspodivm.com.br\/2019\/01\/25\/exame-da-oab-raio-x-da-1a-fase\/#primaryimage\"},\"thumbnailUrl\":\"https:\/\/cdn.meusitejuridico.com.br\/s.meusitejuridico\/2017\/04\/022527a5-shutterstock-566305513.jpg\",\"datePublished\":\"2019-01-25T22:34:44+00:00\",\"breadcrumb\":{\"@id\":\"https:\/\/meusitejuridico.editorajuspodivm.com.br\/2019\/01\/25\/exame-da-oab-raio-x-da-1a-fase\/#breadcrumb\"},\"inLanguage\":\"pt-BR\",\"potentialAction\":[{\"@type\":\"ReadAction\",\"target\":[\"https:\/\/meusitejuridico.editorajuspodivm.com.br\/2019\/01\/25\/exame-da-oab-raio-x-da-1a-fase\/\"]}]},{\"@type\":\"ImageObject\",\"inLanguage\":\"pt-BR\",\"@id\":\"https:\/\/meusitejuridico.editorajuspodivm.com.br\/2019\/01\/25\/exame-da-oab-raio-x-da-1a-fase\/#primaryimage\",\"url\":\"https:\/\/cdn.meusitejuridico.com.br\/s.meusitejuridico\/2017\/04\/022527a5-shutterstock-566305513.jpg\",\"contentUrl\":\"https:\/\/cdn.meusitejuridico.com.br\/s.meusitejuridico\/2017\/04\/022527a5-shutterstock-566305513.jpg\",\"width\":4800,\"height\":3200},{\"@type\":\"BreadcrumbList\",\"@id\":\"https:\/\/meusitejuridico.editorajuspodivm.com.br\/2019\/01\/25\/exame-da-oab-raio-x-da-1a-fase\/#breadcrumb\",\"itemListElement\":[{\"@type\":\"ListItem\",\"position\":1,\"name\":\"In\u00edcio\",\"item\":\"https:\/\/cdn.meusitejuridico.com.br\/\"},{\"@type\":\"ListItem\",\"position\":2,\"name\":\"Exame da OAB: Raio-X da 1\u00aa Fase\"}]},{\"@type\":\"WebSite\",\"@id\":\"https:\/\/cdn.meusitejuridico.com.br\/#website\",\"url\":\"https:\/\/cdn.meusitejuridico.com.br\/\",\"name\":\"Meu site jur\u00eddico\",\"description\":\"Meu site jur\u00eddico\",\"publisher\":{\"@id\":\"https:\/\/cdn.meusitejuridico.com.br\/#organization\"},\"potentialAction\":[{\"@type\":\"SearchAction\",\"target\":{\"@type\":\"EntryPoint\",\"urlTemplate\":\"https:\/\/cdn.meusitejuridico.com.br\/?s={search_term_string}\"},\"query-input\":{\"@type\":\"PropertyValueSpecification\",\"valueRequired\":true,\"valueName\":\"search_term_string\"}}],\"inLanguage\":\"pt-BR\"},{\"@type\":\"Organization\",\"@id\":\"https:\/\/cdn.meusitejuridico.com.br\/#organization\",\"name\":\"Meu site jur\u00eddico\",\"url\":\"https:\/\/cdn.meusitejuridico.com.br\/\",\"logo\":{\"@type\":\"ImageObject\",\"inLanguage\":\"pt-BR\",\"@id\":\"https:\/\/cdn.meusitejuridico.com.br\/#\/schema\/logo\/image\/\",\"url\":\"https:\/\/cdn.meusitejuridico.com.br\/s.meusitejuridico\/2022\/03\/cropped-baeec2a3-msj-02-01-01.png\",\"contentUrl\":\"https:\/\/cdn.meusitejuridico.com.br\/s.meusitejuridico\/2022\/03\/cropped-baeec2a3-msj-02-01-01.png\",\"width\":349,\"height\":243,\"caption\":\"Meu site jur\u00eddico\"},\"image\":{\"@id\":\"https:\/\/cdn.meusitejuridico.com.br\/#\/schema\/logo\/image\/\"}},{\"@type\":\"Person\",\"@id\":\"https:\/\/cdn.meusitejuridico.com.br\/#\/schema\/person\/7fb7d3eebc91c10f77ac3c56326af1c9\",\"name\":\"Leonardo Castro\",\"image\":{\"@type\":\"ImageObject\",\"inLanguage\":\"pt-BR\",\"@id\":\"https:\/\/cdn.meusitejuridico.com.br\/#\/schema\/person\/image\/\",\"url\":\"https:\/\/cdn.meusitejuridico.com.br\/s.meusitejuridico\/2017\/08\/2cdb7a9d-img-0893-150x150.jpg\",\"contentUrl\":\"https:\/\/cdn.meusitejuridico.com.br\/s.meusitejuridico\/2017\/08\/2cdb7a9d-img-0893-150x150.jpg\",\"caption\":\"Leonardo Castro\"},\"description\":\"Professor de Direito Penal. Coautor de obras jur\u00eddicas.\",\"sameAs\":[\"https:\/\/facebook.com\/forumcriminal\"],\"url\":\"https:\/\/cdn.meusitejuridico.com.br\/author\/leonardocastro-com-br\/\"}]}<\/script>\n<!-- \/ Yoast SEO plugin. -->","yoast_head_json":{"title":"Exame da OAB: Raio-X da 1\u00aa Fase - Meu site jur\u00eddico","robots":{"index":"index","follow":"follow","max-snippet":"max-snippet:-1","max-image-preview":"max-image-preview:large","max-video-preview":"max-video-preview:-1"},"canonical":"https:\/\/meusitejuridico.editorajuspodivm.com.br\/2019\/01\/25\/exame-da-oab-raio-x-da-1a-fase\/","og_locale":"pt_BR","og_type":"article","og_title":"Exame da OAB: Raio-X da 1\u00aa Fase - Meu site jur\u00eddico","og_description":"Ol\u00e1, leitor! Em parceria com o MeuSiteJur\u00eddico, publicaremos, a partir de agora, uma nova s\u00e9rie de posts intitulada Raio-X do Exame de Ordem. Tanto na primeira quanto na segunda fase da prova, a FGV tem sido extremamente repetitiva ao escolher os assuntos cobrados no Exame de Ordem. Portanto, com um estudo estrat\u00e9gico, baseado nos temas [&hellip;]","og_url":"https:\/\/meusitejuridico.editorajuspodivm.com.br\/2019\/01\/25\/exame-da-oab-raio-x-da-1a-fase\/","og_site_name":"Meu site jur\u00eddico","article_author":"https:\/\/facebook.com\/forumcriminal","article_published_time":"2019-01-25T22:34:44+00:00","og_image":[{"width":4800,"height":3200,"url":"https:\/\/meusitejuridico.editorajuspodivm.com.br\/s.meusitejuridico\/2017\/04\/022527a5-shutterstock-566305513.jpg","type":"image\/jpeg"}],"author":"Leonardo Castro","twitter_card":"summary_large_image","twitter_misc":{"Escrito por":"Leonardo Castro"},"schema":{"@context":"https:\/\/schema.org","@graph":[{"@type":"Article","@id":"https:\/\/meusitejuridico.editorajuspodivm.com.br\/2019\/01\/25\/exame-da-oab-raio-x-da-1a-fase\/#article","isPartOf":{"@id":"https:\/\/meusitejuridico.editorajuspodivm.com.br\/2019\/01\/25\/exame-da-oab-raio-x-da-1a-fase\/"},"author":{"name":"Leonardo Castro","@id":"https:\/\/cdn.meusitejuridico.com.br\/#\/schema\/person\/7fb7d3eebc91c10f77ac3c56326af1c9"},"headline":"Exame da OAB: Raio-X da 1\u00aa Fase","datePublished":"2019-01-25T22:34:44+00:00","mainEntityOfPage":{"@id":"https:\/\/meusitejuridico.editorajuspodivm.com.br\/2019\/01\/25\/exame-da-oab-raio-x-da-1a-fase\/"},"wordCount":84,"commentCount":0,"publisher":{"@id":"https:\/\/cdn.meusitejuridico.com.br\/#organization"},"image":{"@id":"https:\/\/meusitejuridico.editorajuspodivm.com.br\/2019\/01\/25\/exame-da-oab-raio-x-da-1a-fase\/#primaryimage"},"thumbnailUrl":"https:\/\/cdn.meusitejuridico.com.br\/s.meusitejuridico\/2017\/04\/022527a5-shutterstock-566305513.jpg","keywords":["Direito Penal","exame de ordem","OAB","primeira fase","raio-x"],"articleSection":["Artigos","Direito Penal"],"inLanguage":"pt-BR","potentialAction":[{"@type":"CommentAction","name":"Comment","target":["https:\/\/meusitejuridico.editorajuspodivm.com.br\/2019\/01\/25\/exame-da-oab-raio-x-da-1a-fase\/#respond"]}]},{"@type":"WebPage","@id":"https:\/\/meusitejuridico.editorajuspodivm.com.br\/2019\/01\/25\/exame-da-oab-raio-x-da-1a-fase\/","url":"https:\/\/meusitejuridico.editorajuspodivm.com.br\/2019\/01\/25\/exame-da-oab-raio-x-da-1a-fase\/","name":"Exame da OAB: Raio-X da 1\u00aa Fase - Meu site jur\u00eddico","isPartOf":{"@id":"https:\/\/cdn.meusitejuridico.com.br\/#website"},"primaryImageOfPage":{"@id":"https:\/\/meusitejuridico.editorajuspodivm.com.br\/2019\/01\/25\/exame-da-oab-raio-x-da-1a-fase\/#primaryimage"},"image":{"@id":"https:\/\/meusitejuridico.editorajuspodivm.com.br\/2019\/01\/25\/exame-da-oab-raio-x-da-1a-fase\/#primaryimage"},"thumbnailUrl":"https:\/\/cdn.meusitejuridico.com.br\/s.meusitejuridico\/2017\/04\/022527a5-shutterstock-566305513.jpg","datePublished":"2019-01-25T22:34:44+00:00","breadcrumb":{"@id":"https:\/\/meusitejuridico.editorajuspodivm.com.br\/2019\/01\/25\/exame-da-oab-raio-x-da-1a-fase\/#breadcrumb"},"inLanguage":"pt-BR","potentialAction":[{"@type":"ReadAction","target":["https:\/\/meusitejuridico.editorajuspodivm.com.br\/2019\/01\/25\/exame-da-oab-raio-x-da-1a-fase\/"]}]},{"@type":"ImageObject","inLanguage":"pt-BR","@id":"https:\/\/meusitejuridico.editorajuspodivm.com.br\/2019\/01\/25\/exame-da-oab-raio-x-da-1a-fase\/#primaryimage","url":"https:\/\/cdn.meusitejuridico.com.br\/s.meusitejuridico\/2017\/04\/022527a5-shutterstock-566305513.jpg","contentUrl":"https:\/\/cdn.meusitejuridico.com.br\/s.meusitejuridico\/2017\/04\/022527a5-shutterstock-566305513.jpg","width":4800,"height":3200},{"@type":"BreadcrumbList","@id":"https:\/\/meusitejuridico.editorajuspodivm.com.br\/2019\/01\/25\/exame-da-oab-raio-x-da-1a-fase\/#breadcrumb","itemListElement":[{"@type":"ListItem","position":1,"name":"In\u00edcio","item":"https:\/\/cdn.meusitejuridico.com.br\/"},{"@type":"ListItem","position":2,"name":"Exame da OAB: Raio-X da 1\u00aa Fase"}]},{"@type":"WebSite","@id":"https:\/\/cdn.meusitejuridico.com.br\/#website","url":"https:\/\/cdn.meusitejuridico.com.br\/","name":"Meu site jur\u00eddico","description":"Meu site jur\u00eddico","publisher":{"@id":"https:\/\/cdn.meusitejuridico.com.br\/#organization"},"potentialAction":[{"@type":"SearchAction","target":{"@type":"EntryPoint","urlTemplate":"https:\/\/cdn.meusitejuridico.com.br\/?s={search_term_string}"},"query-input":{"@type":"PropertyValueSpecification","valueRequired":true,"valueName":"search_term_string"}}],"inLanguage":"pt-BR"},{"@type":"Organization","@id":"https:\/\/cdn.meusitejuridico.com.br\/#organization","name":"Meu site jur\u00eddico","url":"https:\/\/cdn.meusitejuridico.com.br\/","logo":{"@type":"ImageObject","inLanguage":"pt-BR","@id":"https:\/\/cdn.meusitejuridico.com.br\/#\/schema\/logo\/image\/","url":"https:\/\/cdn.meusitejuridico.com.br\/s.meusitejuridico\/2022\/03\/cropped-baeec2a3-msj-02-01-01.png","contentUrl":"https:\/\/cdn.meusitejuridico.com.br\/s.meusitejuridico\/2022\/03\/cropped-baeec2a3-msj-02-01-01.png","width":349,"height":243,"caption":"Meu site jur\u00eddico"},"image":{"@id":"https:\/\/cdn.meusitejuridico.com.br\/#\/schema\/logo\/image\/"}},{"@type":"Person","@id":"https:\/\/cdn.meusitejuridico.com.br\/#\/schema\/person\/7fb7d3eebc91c10f77ac3c56326af1c9","name":"Leonardo Castro","image":{"@type":"ImageObject","inLanguage":"pt-BR","@id":"https:\/\/cdn.meusitejuridico.com.br\/#\/schema\/person\/image\/","url":"https:\/\/cdn.meusitejuridico.com.br\/s.meusitejuridico\/2017\/08\/2cdb7a9d-img-0893-150x150.jpg","contentUrl":"https:\/\/cdn.meusitejuridico.com.br\/s.meusitejuridico\/2017\/08\/2cdb7a9d-img-0893-150x150.jpg","caption":"Leonardo Castro"},"description":"Professor de Direito Penal. Coautor de obras jur\u00eddicas.","sameAs":["https:\/\/facebook.com\/forumcriminal"],"url":"https:\/\/cdn.meusitejuridico.com.br\/author\/leonardocastro-com-br\/"}]}},"_links":{"self":[{"href":"https:\/\/cdn.meusitejuridico.com.br\/api\/wp\/v2\/posts\/7416","targetHints":{"allow":["GET"]}}],"collection":[{"href":"https:\/\/cdn.meusitejuridico.com.br\/api\/wp\/v2\/posts"}],"about":[{"href":"https:\/\/cdn.meusitejuridico.com.br\/api\/wp\/v2\/types\/post"}],"author":[{"embeddable":true,"href":"https:\/\/cdn.meusitejuridico.com.br\/api\/wp\/v2\/users\/31"}],"replies":[{"embeddable":true,"href":"https:\/\/cdn.meusitejuridico.com.br\/api\/wp\/v2\/comments?post=7416"}],"version-history":[{"count":3,"href":"https:\/\/cdn.meusitejuridico.com.br\/api\/wp\/v2\/posts\/7416\/revisions"}],"predecessor-version":[{"id":7420,"href":"https:\/\/cdn.meusitejuridico.com.br\/api\/wp\/v2\/posts\/7416\/revisions\/7420"}],"wp:featuredmedia":[{"embeddable":true,"href":"https:\/\/cdn.meusitejuridico.com.br\/api\/wp\/v2\/media\/1941"}],"wp:attachment":[{"href":"https:\/\/cdn.meusitejuridico.com.br\/api\/wp\/v2\/media?parent=7416"}],"wp:term":[{"taxonomy":"category","embeddable":true,"href":"https:\/\/cdn.meusitejuridico.com.br\/api\/wp\/v2\/categories?post=7416"},{"taxonomy":"post_tag","embeddable":true,"href":"https:\/\/cdn.meusitejuridico.com.br\/api\/wp\/v2\/tags?post=7416"}],"curies":[{"name":"wp","href":"https:\/\/api.w.org\/{rel}","templated":true}]}}