{"id":8988,"date":"2019-08-20T13:41:40","date_gmt":"2019-08-20T16:41:40","guid":{"rendered":"https:\/\/meusitejuridico.editorajuspodivm.com.br\/?p=8988"},"modified":"2022-01-18T16:47:49","modified_gmt":"2022-01-18T19:47:49","slug":"652-reducao-da-prescricao-no-art-115-cp-nao-se-relaciona-com-causas-interruptivas-prazo","status":"publish","type":"post","link":"https:\/\/cdn.meusitejuridico.com.br\/2019\/08\/20\/652-reducao-da-prescricao-no-art-115-cp-nao-se-relaciona-com-causas-interruptivas-prazo\/","title":{"rendered":"652: A redu\u00e7\u00e3o da prescri\u00e7\u00e3o no art. 115 do CP n\u00e3o se relaciona com as causas interruptivas do prazo"},"content":{"rendered":"<p><a href=\"https:\/\/play.google.com\/store\/apps\/details?id=com.app.meuappjuridico&amp;hl=pt\" target=\"_blank\" rel=\"noopener\"><img decoding=\"async\" class=\"aligncenter wp-image-4610 size-medium\" src=\"https:\/\/s3.meusitejuridico.com.br\/2018\/02\/3cdb1249-banner-app-300x166.jpeg\" alt=\"\" width=\"300\" height=\"166\" srcset=\"https:\/\/cdn.meusitejuridico.com.br\/s.meusitejuridico\/2018\/02\/3cdb1249-banner-app-300x166.jpeg 300w, https:\/\/cdn.meusitejuridico.com.br\/s.meusitejuridico\/2018\/02\/3cdb1249-banner-app-768x424.jpeg 768w, https:\/\/cdn.meusitejuridico.com.br\/s.meusitejuridico\/2018\/02\/3cdb1249-banner-app-1024x566.jpeg 1024w, https:\/\/cdn.meusitejuridico.com.br\/s.meusitejuridico\/2018\/02\/3cdb1249-banner-app-80x44.jpeg 80w, https:\/\/cdn.meusitejuridico.com.br\/s.meusitejuridico\/2018\/02\/3cdb1249-banner-app.jpeg 1140w\" sizes=\"(max-width: 300px) 100vw, 300px\" \/><\/a><\/p>\n<p><strong>Informativo:<\/strong>\u00a0652 do STJ \u2013 Direito Penal<\/p>\n<p><strong>Resumo:<\/strong> A redu\u00e7\u00e3o do prazo prescricional prevista no art. 115 do CP n\u00e3o se relaciona com as causas interruptivas da prescri\u00e7\u00e3o previstas no art. 117 do mesmo diploma legal, tratando-se de fen\u00f4menos distintos e que repercutem de maneira diversa.<\/p>\n<p><strong>Coment\u00e1rios:<\/strong><\/p>\n<p>O art. 117 do C\u00f3digo Penal elenca as causas interruptivas do prazo prescricional e, dentre elas, estabelece que a prescri\u00e7\u00e3o se interrompe pela publica\u00e7\u00e3o da senten\u00e7a ou ac\u00f3rd\u00e3o condenat\u00f3rios recorr\u00edveis.<\/p>\n<p>H\u00e1 orienta\u00e7\u00e3o no sentido de que o ac\u00f3rd\u00e3o que apenas confirma a condena\u00e7\u00e3o tamb\u00e9m interrompe o prazo, embora a mat\u00e9ria seja controversa. A 1\u00aa Turma do STF j\u00e1 decidiu que <strong>h\u00e1 interrup\u00e7\u00e3o<\/strong>, pois a decis\u00e3o proferida em sede de apela\u00e7\u00e3o substitui a senten\u00e7a recorrida (HC 138.088\/RJ, DJe 27\/11\/2017). No STJ prevalece o entendimento de que <strong>n\u00e3o <\/strong>h\u00e1 interrup\u00e7\u00e3o, ainda que o ac\u00f3rd\u00e3o modifique a pena aplicada (AgRg no REsp 1.728.903\/RS, j. 12\/03\/2019). Mas, considerando as circunst\u00e2ncias e a extens\u00e3o da decis\u00e3o confirmat\u00f3ria, o mesmo tribunal j\u00e1 decidiu que a confirma\u00e7\u00e3o pode ter efeito interruptivo, inclusive para o benef\u00edcio do art. 115 do C\u00f3digo Penal:<\/p>\n<p><em>\u201c1. Havendo substancial modifica\u00e7\u00e3o da senten\u00e7a pelo ac\u00f3rd\u00e3o, que n\u00e3o apenas aumentou o quantum de pena, mas tamb\u00e9m o pr\u00f3prio lapso prescricional, al\u00e9m de modificar a tipifica\u00e7\u00e3o conferida ao fato, deve o ac\u00f3rd\u00e3o ser considerado como novo marco interruptivo da prescri\u00e7\u00e3o, inclusive para fins de aplica\u00e7\u00e3o do benef\u00edcio do art. 115 do C\u00f3digo Penal. 2. Agravo regimental provido a fim de dar provimento ao recurso especial para entender aplic\u00e1vel ao caso concreto a redu\u00e7\u00e3o prevista no art. 115 do C\u00f3digo Penal e reconhecer a ocorr\u00eancia de prescri\u00e7\u00e3o (pena-base de 3 anos e 6 meses com prazo prescricional de 4 anos, per\u00edodo esse que transcorreu entre a data do fato \u2013 ano de 2005 \u2013 e o recebimento da den\u00fancia \u2013 29 de junho de 2010).\u201d (AgRg no REsp\u00a01.481.022\u00a0\/RS, j. 18\/09\/2018)<\/em><\/p>\n<p>Mas, na decis\u00e3o veiculada neste informativo, o STJ diferenciou as situa\u00e7\u00f5es de interrup\u00e7\u00e3o e de redu\u00e7\u00e3o do prazo prescricional.<\/p>\n<p>Recordemos que o art. 115 do C\u00f3digo Penal disp\u00f5e que s\u00e3o reduzidos de metade os prazos de prescri\u00e7\u00e3o quando o criminoso era, na data da senten\u00e7a, maior de setenta anos. Nesta mat\u00e9ria tamb\u00e9m h\u00e1 certa controv\u00e9rsia, pois h\u00e1 quem argumente que o sentido da palavra \u201csenten\u00e7a\u201d deve ser estendido para o ac\u00f3rd\u00e3o. Logo, no caso do ac\u00f3rd\u00e3o confirmat\u00f3rio da senten\u00e7a condenat\u00f3ria, se h\u00e1 interrup\u00e7\u00e3o do prazo prescricional tamb\u00e9m h\u00e1 de ser dada a devida relev\u00e2ncia \u00e0 idade do condenado na data do julgamento em segunda inst\u00e2ncia.<\/p>\n<p>O STJ, por\u00e9m, denegou a ordem no <em>habeas corpus<\/em> 316.110\/SP (j. 25\/06\/2019), no qual se pretendia a extin\u00e7\u00e3o da punibilidade porque o impetrante havia completado setenta anos de idade antes do julgamento da apela\u00e7\u00e3o na qual sua pena foi reduzida. O ministro Rog\u00e9rio Schietti Cruz fez refer\u00eancia \u00e0 controv\u00e9rsia envolvendo a interpreta\u00e7\u00e3o do marco interruptivo da prescri\u00e7\u00e3o, e, ao mesmo tempo, diferenciou as situa\u00e7\u00f5es de interrup\u00e7\u00e3o e de redu\u00e7\u00e3o da prescri\u00e7\u00e3o:<\/p>\n<p><em>\u201cEntretanto, uma coisa \u00e9 a redu\u00e7\u00e3o do prazo prescricional e outra s\u00e3o os marcos interruptivos da prescri\u00e7\u00e3o. Em minha compreens\u00e3o n\u00e3o relaciono a redu\u00e7\u00e3o dos prazos, conforme art. 115 do CP, com as causas interruptivas da prescri\u00e7\u00e3o, previstas no art. 117 do mesmo Diploma Legal, porquanto se trata de fen\u00f4menos distintos e que repercutem de maneira diversa. Al\u00e9m disso, h\u00e1 ainda a pr\u00f3pria disposi\u00e7\u00e3o legal (art. 115 do CP), que apenas alude a necessidade de senten\u00e7a como marco temporal para a redu\u00e7\u00e3o, por raz\u00e3o et\u00e1ria, do prazo prescricional.<\/em><\/p>\n<p><em>Ao afirmar que s\u00e3o fen\u00f4menos distintos e que repercutem de maneira distinta, o fa\u00e7o com base na seguinte premissa: a interrup\u00e7\u00e3o do prazo prescricional, pela ocorr\u00eancia de algum dos diversos fatores concernentes no art. 117, se relaciona com os pilares que sustentam o instituto da prescri\u00e7\u00e3o, isto \u00e9, com o decurso do tempo, que pode levar ao esquecimento do fato, e a circunst\u00e2ncia de que eventual in\u00e9rcia deve ser suportada pelo Estado, merc\u00ea de sua atua\u00e7\u00e3o basear-se no ius puniendi.<\/em><\/p>\n<p><em>J\u00e1 a redu\u00e7\u00e3o do prazo prescricional pela idade avan\u00e7ada do agente se orienta pelo vetor constitucional da dignidade da pessoa humana, representada pela necessidade de prote\u00e7\u00e3o \u00e0 velhice, a qual merece tratamento especial \u00e0 vista dos efeitos delet\u00e9rios da longa dura\u00e7\u00e3o do processo. Ambos os institutos, portanto, n\u00e3o se confundem, embora o reconhecimento de um possa influenciar na admiss\u00e3o do outro. <\/em><\/p>\n<p><em>Sob o aspecto da descri\u00e7\u00e3o legal, extrai-se do art. 115 do CP a seguinte reda\u00e7\u00e3o: &#8220;S\u00e3o reduzidos de metade os prazos de prescri\u00e7\u00e3o quando o criminoso era, ao tempo do crime, menor de 21 (vinte e um) anos, ou, na data da senten\u00e7a, maior de 70 (setenta) anos&#8221;. Veja-se que a redu\u00e7\u00e3o ocorrer\u00e1 se o agente foi maior que 70 anos na data da senten\u00e7a. <\/em><\/p>\n<p><em>Segundo a orienta\u00e7\u00e3o desta Corte e do STF, o termo senten\u00e7a deve ser compreendido como a primeira decis\u00e3o condenat\u00f3ria, ou seja, a redu\u00e7\u00e3o deve operar quando o agente completar 70 anos antes da primeira decis\u00e3o condenat\u00f3ria, somente.\u201d<\/em><\/p>\n<p><strong>Para se aprofundar, recomendamos:<\/strong><\/p>\n<p>Livro:\u00a0<a href=\"https:\/\/www.editorajuspodivm.com.br\/manual-de-direito-penal-parte-geral-2019\" target=\"_blank\" rel=\"noopener\">Manual de Direito Penal (parte geral)<\/a><\/p>\n","protected":false},"excerpt":{"rendered":"<p>Informativo:\u00a0652 do STJ \u2013 Direito Penal Resumo: A redu\u00e7\u00e3o do prazo prescricional prevista no art. 115 do CP n\u00e3o se relaciona com as causas interruptivas da prescri\u00e7\u00e3o previstas no art. 117 do mesmo diploma legal, tratando-se de fen\u00f4menos distintos e que repercutem de maneira diversa. Coment\u00e1rios: O art. 117 do C\u00f3digo Penal elenca as causas [&hellip;]<\/p>\n","protected":false},"author":3,"featured_media":6611,"comment_status":"open","ping_status":"open","sticky":false,"template":"","format":"standard","meta":{"_acf_changed":false,"footnotes":""},"categories":[106,70,80],"tags":[2803,2805,2806,107,2152,111,2804],"class_list":["post-8988","post","type-post","status-publish","format-standard","has-post-thumbnail","hentry","category-direito-penal-disciplinas","category-informativos-comentados","category-informativos-stj","tag-652-stj","tag-art-115","tag-art-117","tag-direito-penal","tag-interrupcao","tag-prescricao","tag-reducao"],"acf":[],"yoast_head":"<!-- This site is optimized with the Yoast SEO plugin v24.8.1 - https:\/\/yoast.com\/wordpress\/plugins\/seo\/ -->\n<title>652: A redu\u00e7\u00e3o da prescri\u00e7\u00e3o no art. 115 do CP n\u00e3o se relaciona com as causas interruptivas do prazo - Meu site jur\u00eddico<\/title>\n<meta name=\"robots\" content=\"index, follow, max-snippet:-1, max-image-preview:large, max-video-preview:-1\" \/>\n<link rel=\"canonical\" href=\"https:\/\/meusitejuridico.com.br\/2019\/08\/20\/652-reducao-da-prescricao-no-art-115-cp-nao-se-relaciona-com-causas-interruptivas-prazo\/\" \/>\n<meta property=\"og:locale\" content=\"pt_BR\" \/>\n<meta property=\"og:type\" content=\"article\" \/>\n<meta property=\"og:title\" content=\"652: A redu\u00e7\u00e3o da prescri\u00e7\u00e3o no art. 115 do CP n\u00e3o se relaciona com as causas interruptivas do prazo - Meu site jur\u00eddico\" \/>\n<meta property=\"og:description\" content=\"Informativo:\u00a0652 do STJ \u2013 Direito Penal Resumo: A redu\u00e7\u00e3o do prazo prescricional prevista no art. 115 do CP n\u00e3o se relaciona com as causas interruptivas da prescri\u00e7\u00e3o previstas no art. 117 do mesmo diploma legal, tratando-se de fen\u00f4menos distintos e que repercutem de maneira diversa. Coment\u00e1rios: O art. 117 do C\u00f3digo Penal elenca as causas [&hellip;]\" \/>\n<meta property=\"og:url\" content=\"https:\/\/meusitejuridico.com.br\/2019\/08\/20\/652-reducao-da-prescricao-no-art-115-cp-nao-se-relaciona-com-causas-interruptivas-prazo\/\" \/>\n<meta property=\"og:site_name\" content=\"Meu site jur\u00eddico\" \/>\n<meta property=\"article:author\" content=\"https:\/\/www.facebook.com\/RogerioSanchesC\" \/>\n<meta property=\"article:published_time\" content=\"2019-08-20T16:41:40+00:00\" \/>\n<meta property=\"article:modified_time\" content=\"2022-01-18T19:47:49+00:00\" \/>\n<meta property=\"og:image\" content=\"https:\/\/meusitejuridico.com.br\/s.meusitejuridico\/2018\/10\/a8485776-shutterstock-562939393.jpg\" \/>\n\t<meta property=\"og:image:width\" content=\"1000\" \/>\n\t<meta property=\"og:image:height\" content=\"667\" \/>\n\t<meta property=\"og:image:type\" content=\"image\/jpeg\" \/>\n<meta name=\"author\" content=\"Rog\u00e9rio Sanches Cunha\" \/>\n<meta name=\"twitter:card\" content=\"summary_large_image\" \/>\n<meta name=\"twitter:creator\" content=\"@RogerioSanchesC\" \/>\n<meta name=\"twitter:label1\" content=\"Escrito por\" \/>\n\t<meta name=\"twitter:data1\" content=\"Rog\u00e9rio Sanches Cunha\" \/>\n\t<meta name=\"twitter:label2\" content=\"Est. tempo de leitura\" \/>\n\t<meta name=\"twitter:data2\" content=\"5 minutos\" \/>\n<script type=\"application\/ld+json\" class=\"yoast-schema-graph\">{\"@context\":\"https:\/\/schema.org\",\"@graph\":[{\"@type\":\"Article\",\"@id\":\"https:\/\/meusitejuridico.com.br\/2019\/08\/20\/652-reducao-da-prescricao-no-art-115-cp-nao-se-relaciona-com-causas-interruptivas-prazo\/#article\",\"isPartOf\":{\"@id\":\"https:\/\/meusitejuridico.com.br\/2019\/08\/20\/652-reducao-da-prescricao-no-art-115-cp-nao-se-relaciona-com-causas-interruptivas-prazo\/\"},\"author\":{\"name\":\"Rog\u00e9rio Sanches Cunha\",\"@id\":\"https:\/\/meusitejuridico.editorajuspodivm.com.br\/#\/schema\/person\/a3cebf06fd267ee700aae09eb6722d16\"},\"headline\":\"652: A redu\u00e7\u00e3o da prescri\u00e7\u00e3o no art. 115 do CP n\u00e3o se relaciona com as causas interruptivas do prazo\",\"datePublished\":\"2019-08-20T16:41:40+00:00\",\"dateModified\":\"2022-01-18T19:47:49+00:00\",\"mainEntityOfPage\":{\"@id\":\"https:\/\/meusitejuridico.com.br\/2019\/08\/20\/652-reducao-da-prescricao-no-art-115-cp-nao-se-relaciona-com-causas-interruptivas-prazo\/\"},\"wordCount\":947,\"commentCount\":0,\"publisher\":{\"@id\":\"https:\/\/meusitejuridico.editorajuspodivm.com.br\/#organization\"},\"image\":{\"@id\":\"https:\/\/meusitejuridico.com.br\/2019\/08\/20\/652-reducao-da-prescricao-no-art-115-cp-nao-se-relaciona-com-causas-interruptivas-prazo\/#primaryimage\"},\"thumbnailUrl\":\"https:\/\/cdn.meusitejuridico.com.br\/s.meusitejuridico\/2018\/10\/a8485776-shutterstock-562939393.jpg\",\"keywords\":[\"652 STJ\",\"art. 115\",\"art. 117\",\"Direito Penal\",\"interrup\u00e7\u00e3o\",\"Prescri\u00e7\u00e3o\",\"redu\u00e7\u00e3o\"],\"articleSection\":[\"Direito Penal\",\"Informativos\",\"STJ\"],\"inLanguage\":\"pt-BR\",\"potentialAction\":[{\"@type\":\"CommentAction\",\"name\":\"Comment\",\"target\":[\"https:\/\/meusitejuridico.com.br\/2019\/08\/20\/652-reducao-da-prescricao-no-art-115-cp-nao-se-relaciona-com-causas-interruptivas-prazo\/#respond\"]}]},{\"@type\":\"WebPage\",\"@id\":\"https:\/\/meusitejuridico.com.br\/2019\/08\/20\/652-reducao-da-prescricao-no-art-115-cp-nao-se-relaciona-com-causas-interruptivas-prazo\/\",\"url\":\"https:\/\/meusitejuridico.com.br\/2019\/08\/20\/652-reducao-da-prescricao-no-art-115-cp-nao-se-relaciona-com-causas-interruptivas-prazo\/\",\"name\":\"652: A redu\u00e7\u00e3o da prescri\u00e7\u00e3o no art. 115 do CP n\u00e3o se relaciona com as causas interruptivas do prazo - Meu site jur\u00eddico\",\"isPartOf\":{\"@id\":\"https:\/\/meusitejuridico.editorajuspodivm.com.br\/#website\"},\"primaryImageOfPage\":{\"@id\":\"https:\/\/meusitejuridico.com.br\/2019\/08\/20\/652-reducao-da-prescricao-no-art-115-cp-nao-se-relaciona-com-causas-interruptivas-prazo\/#primaryimage\"},\"image\":{\"@id\":\"https:\/\/meusitejuridico.com.br\/2019\/08\/20\/652-reducao-da-prescricao-no-art-115-cp-nao-se-relaciona-com-causas-interruptivas-prazo\/#primaryimage\"},\"thumbnailUrl\":\"https:\/\/cdn.meusitejuridico.com.br\/s.meusitejuridico\/2018\/10\/a8485776-shutterstock-562939393.jpg\",\"datePublished\":\"2019-08-20T16:41:40+00:00\",\"dateModified\":\"2022-01-18T19:47:49+00:00\",\"breadcrumb\":{\"@id\":\"https:\/\/meusitejuridico.com.br\/2019\/08\/20\/652-reducao-da-prescricao-no-art-115-cp-nao-se-relaciona-com-causas-interruptivas-prazo\/#breadcrumb\"},\"inLanguage\":\"pt-BR\",\"potentialAction\":[{\"@type\":\"ReadAction\",\"target\":[\"https:\/\/meusitejuridico.com.br\/2019\/08\/20\/652-reducao-da-prescricao-no-art-115-cp-nao-se-relaciona-com-causas-interruptivas-prazo\/\"]}]},{\"@type\":\"ImageObject\",\"inLanguage\":\"pt-BR\",\"@id\":\"https:\/\/meusitejuridico.com.br\/2019\/08\/20\/652-reducao-da-prescricao-no-art-115-cp-nao-se-relaciona-com-causas-interruptivas-prazo\/#primaryimage\",\"url\":\"https:\/\/cdn.meusitejuridico.com.br\/s.meusitejuridico\/2018\/10\/a8485776-shutterstock-562939393.jpg\",\"contentUrl\":\"https:\/\/cdn.meusitejuridico.com.br\/s.meusitejuridico\/2018\/10\/a8485776-shutterstock-562939393.jpg\",\"width\":1000,\"height\":667},{\"@type\":\"BreadcrumbList\",\"@id\":\"https:\/\/meusitejuridico.com.br\/2019\/08\/20\/652-reducao-da-prescricao-no-art-115-cp-nao-se-relaciona-com-causas-interruptivas-prazo\/#breadcrumb\",\"itemListElement\":[{\"@type\":\"ListItem\",\"position\":1,\"name\":\"In\u00edcio\",\"item\":\"https:\/\/meusitejuridico.editorajuspodivm.com.br\/\"},{\"@type\":\"ListItem\",\"position\":2,\"name\":\"652: A redu\u00e7\u00e3o da prescri\u00e7\u00e3o no art. 115 do CP n\u00e3o se relaciona com as causas interruptivas do prazo\"}]},{\"@type\":\"WebSite\",\"@id\":\"https:\/\/meusitejuridico.editorajuspodivm.com.br\/#website\",\"url\":\"https:\/\/meusitejuridico.editorajuspodivm.com.br\/\",\"name\":\"Meu site jur\u00eddico\",\"description\":\"Meu site jur\u00eddico\",\"publisher\":{\"@id\":\"https:\/\/meusitejuridico.editorajuspodivm.com.br\/#organization\"},\"potentialAction\":[{\"@type\":\"SearchAction\",\"target\":{\"@type\":\"EntryPoint\",\"urlTemplate\":\"https:\/\/meusitejuridico.editorajuspodivm.com.br\/?s={search_term_string}\"},\"query-input\":{\"@type\":\"PropertyValueSpecification\",\"valueRequired\":true,\"valueName\":\"search_term_string\"}}],\"inLanguage\":\"pt-BR\"},{\"@type\":\"Organization\",\"@id\":\"https:\/\/meusitejuridico.editorajuspodivm.com.br\/#organization\",\"name\":\"Meu site jur\u00eddico\",\"url\":\"https:\/\/meusitejuridico.editorajuspodivm.com.br\/\",\"logo\":{\"@type\":\"ImageObject\",\"inLanguage\":\"pt-BR\",\"@id\":\"https:\/\/meusitejuridico.editorajuspodivm.com.br\/#\/schema\/logo\/image\/\",\"url\":\"https:\/\/cdn.meusitejuridico.com.br\/s.meusitejuridico\/2022\/03\/cropped-baeec2a3-msj-02-01-01.png\",\"contentUrl\":\"https:\/\/cdn.meusitejuridico.com.br\/s.meusitejuridico\/2022\/03\/cropped-baeec2a3-msj-02-01-01.png\",\"width\":349,\"height\":243,\"caption\":\"Meu site jur\u00eddico\"},\"image\":{\"@id\":\"https:\/\/meusitejuridico.editorajuspodivm.com.br\/#\/schema\/logo\/image\/\"}},{\"@type\":\"Person\",\"@id\":\"https:\/\/meusitejuridico.editorajuspodivm.com.br\/#\/schema\/person\/a3cebf06fd267ee700aae09eb6722d16\",\"name\":\"Rog\u00e9rio Sanches Cunha\",\"image\":{\"@type\":\"ImageObject\",\"inLanguage\":\"pt-BR\",\"@id\":\"https:\/\/meusitejuridico.editorajuspodivm.com.br\/#\/schema\/person\/image\/\",\"url\":\"https:\/\/cdn.meusitejuridico.com.br\/s.meusitejuridico\/2023\/04\/7de31285-rsc-0054-scaled-e1681840173909-150x150.jpg\",\"contentUrl\":\"https:\/\/cdn.meusitejuridico.com.br\/s.meusitejuridico\/2023\/04\/7de31285-rsc-0054-scaled-e1681840173909-150x150.jpg\",\"caption\":\"Rog\u00e9rio Sanches Cunha\"},\"description\":\"Membro do Ministe\u0301rio Pu\u0301blico do Estado de Sa\u0303o Paulo. Professor da Escola Superior do Ministe\u0301rio Pu\u0301blico dos estados de Sa\u0303o Paulo, Mato Grosso e Santa Catarina. Coordenador Pedag\u00f3gico e Professor de Penal e Processo Penal do Curso RSConline. Fundador do site www.meusitejuridico.com.br. Cofundador e coordenador pedago\u0301gico do JUSPLAY. Autor de obras juri\u0301dicas.\",\"sameAs\":[\"https:\/\/www.editorajuspodivm.com.br\/autores\/detalhe\/107?idtag=ebe04ee0-bb3c-4b7f-96b9-fcd9428789d5\",\"https:\/\/www.facebook.com\/RogerioSanchesC\",\"https:\/\/www.instagram.com\/rogeriosanchescunha\/\",\"https:\/\/x.com\/RogerioSanchesC\",\"https:\/\/www.youtube.com\/user\/RogerioSanchesC\"],\"url\":\"https:\/\/cdn.meusitejuridico.com.br\/author\/redesrogeriogmail-com\/\"}]}<\/script>\n<!-- \/ Yoast SEO plugin. -->","yoast_head_json":{"title":"652: A redu\u00e7\u00e3o da prescri\u00e7\u00e3o no art. 115 do CP n\u00e3o se relaciona com as causas interruptivas do prazo - Meu site jur\u00eddico","robots":{"index":"index","follow":"follow","max-snippet":"max-snippet:-1","max-image-preview":"max-image-preview:large","max-video-preview":"max-video-preview:-1"},"canonical":"https:\/\/meusitejuridico.com.br\/2019\/08\/20\/652-reducao-da-prescricao-no-art-115-cp-nao-se-relaciona-com-causas-interruptivas-prazo\/","og_locale":"pt_BR","og_type":"article","og_title":"652: A redu\u00e7\u00e3o da prescri\u00e7\u00e3o no art. 115 do CP n\u00e3o se relaciona com as causas interruptivas do prazo - Meu site jur\u00eddico","og_description":"Informativo:\u00a0652 do STJ \u2013 Direito Penal Resumo: A redu\u00e7\u00e3o do prazo prescricional prevista no art. 115 do CP n\u00e3o se relaciona com as causas interruptivas da prescri\u00e7\u00e3o previstas no art. 117 do mesmo diploma legal, tratando-se de fen\u00f4menos distintos e que repercutem de maneira diversa. Coment\u00e1rios: O art. 117 do C\u00f3digo Penal elenca as causas [&hellip;]","og_url":"https:\/\/meusitejuridico.com.br\/2019\/08\/20\/652-reducao-da-prescricao-no-art-115-cp-nao-se-relaciona-com-causas-interruptivas-prazo\/","og_site_name":"Meu site jur\u00eddico","article_author":"https:\/\/www.facebook.com\/RogerioSanchesC","article_published_time":"2019-08-20T16:41:40+00:00","article_modified_time":"2022-01-18T19:47:49+00:00","og_image":[{"width":1000,"height":667,"url":"https:\/\/meusitejuridico.com.br\/s.meusitejuridico\/2018\/10\/a8485776-shutterstock-562939393.jpg","type":"image\/jpeg"}],"author":"Rog\u00e9rio Sanches Cunha","twitter_card":"summary_large_image","twitter_creator":"@RogerioSanchesC","twitter_misc":{"Escrito por":"Rog\u00e9rio Sanches Cunha","Est. tempo de leitura":"5 minutos"},"schema":{"@context":"https:\/\/schema.org","@graph":[{"@type":"Article","@id":"https:\/\/meusitejuridico.com.br\/2019\/08\/20\/652-reducao-da-prescricao-no-art-115-cp-nao-se-relaciona-com-causas-interruptivas-prazo\/#article","isPartOf":{"@id":"https:\/\/meusitejuridico.com.br\/2019\/08\/20\/652-reducao-da-prescricao-no-art-115-cp-nao-se-relaciona-com-causas-interruptivas-prazo\/"},"author":{"name":"Rog\u00e9rio Sanches Cunha","@id":"https:\/\/meusitejuridico.editorajuspodivm.com.br\/#\/schema\/person\/a3cebf06fd267ee700aae09eb6722d16"},"headline":"652: A redu\u00e7\u00e3o da prescri\u00e7\u00e3o no art. 115 do CP n\u00e3o se relaciona com as causas interruptivas do prazo","datePublished":"2019-08-20T16:41:40+00:00","dateModified":"2022-01-18T19:47:49+00:00","mainEntityOfPage":{"@id":"https:\/\/meusitejuridico.com.br\/2019\/08\/20\/652-reducao-da-prescricao-no-art-115-cp-nao-se-relaciona-com-causas-interruptivas-prazo\/"},"wordCount":947,"commentCount":0,"publisher":{"@id":"https:\/\/meusitejuridico.editorajuspodivm.com.br\/#organization"},"image":{"@id":"https:\/\/meusitejuridico.com.br\/2019\/08\/20\/652-reducao-da-prescricao-no-art-115-cp-nao-se-relaciona-com-causas-interruptivas-prazo\/#primaryimage"},"thumbnailUrl":"https:\/\/cdn.meusitejuridico.com.br\/s.meusitejuridico\/2018\/10\/a8485776-shutterstock-562939393.jpg","keywords":["652 STJ","art. 115","art. 117","Direito Penal","interrup\u00e7\u00e3o","Prescri\u00e7\u00e3o","redu\u00e7\u00e3o"],"articleSection":["Direito Penal","Informativos","STJ"],"inLanguage":"pt-BR","potentialAction":[{"@type":"CommentAction","name":"Comment","target":["https:\/\/meusitejuridico.com.br\/2019\/08\/20\/652-reducao-da-prescricao-no-art-115-cp-nao-se-relaciona-com-causas-interruptivas-prazo\/#respond"]}]},{"@type":"WebPage","@id":"https:\/\/meusitejuridico.com.br\/2019\/08\/20\/652-reducao-da-prescricao-no-art-115-cp-nao-se-relaciona-com-causas-interruptivas-prazo\/","url":"https:\/\/meusitejuridico.com.br\/2019\/08\/20\/652-reducao-da-prescricao-no-art-115-cp-nao-se-relaciona-com-causas-interruptivas-prazo\/","name":"652: A redu\u00e7\u00e3o da prescri\u00e7\u00e3o no art. 115 do CP n\u00e3o se relaciona com as causas interruptivas do prazo - Meu site jur\u00eddico","isPartOf":{"@id":"https:\/\/meusitejuridico.editorajuspodivm.com.br\/#website"},"primaryImageOfPage":{"@id":"https:\/\/meusitejuridico.com.br\/2019\/08\/20\/652-reducao-da-prescricao-no-art-115-cp-nao-se-relaciona-com-causas-interruptivas-prazo\/#primaryimage"},"image":{"@id":"https:\/\/meusitejuridico.com.br\/2019\/08\/20\/652-reducao-da-prescricao-no-art-115-cp-nao-se-relaciona-com-causas-interruptivas-prazo\/#primaryimage"},"thumbnailUrl":"https:\/\/cdn.meusitejuridico.com.br\/s.meusitejuridico\/2018\/10\/a8485776-shutterstock-562939393.jpg","datePublished":"2019-08-20T16:41:40+00:00","dateModified":"2022-01-18T19:47:49+00:00","breadcrumb":{"@id":"https:\/\/meusitejuridico.com.br\/2019\/08\/20\/652-reducao-da-prescricao-no-art-115-cp-nao-se-relaciona-com-causas-interruptivas-prazo\/#breadcrumb"},"inLanguage":"pt-BR","potentialAction":[{"@type":"ReadAction","target":["https:\/\/meusitejuridico.com.br\/2019\/08\/20\/652-reducao-da-prescricao-no-art-115-cp-nao-se-relaciona-com-causas-interruptivas-prazo\/"]}]},{"@type":"ImageObject","inLanguage":"pt-BR","@id":"https:\/\/meusitejuridico.com.br\/2019\/08\/20\/652-reducao-da-prescricao-no-art-115-cp-nao-se-relaciona-com-causas-interruptivas-prazo\/#primaryimage","url":"https:\/\/cdn.meusitejuridico.com.br\/s.meusitejuridico\/2018\/10\/a8485776-shutterstock-562939393.jpg","contentUrl":"https:\/\/cdn.meusitejuridico.com.br\/s.meusitejuridico\/2018\/10\/a8485776-shutterstock-562939393.jpg","width":1000,"height":667},{"@type":"BreadcrumbList","@id":"https:\/\/meusitejuridico.com.br\/2019\/08\/20\/652-reducao-da-prescricao-no-art-115-cp-nao-se-relaciona-com-causas-interruptivas-prazo\/#breadcrumb","itemListElement":[{"@type":"ListItem","position":1,"name":"In\u00edcio","item":"https:\/\/meusitejuridico.editorajuspodivm.com.br\/"},{"@type":"ListItem","position":2,"name":"652: A redu\u00e7\u00e3o da prescri\u00e7\u00e3o no art. 115 do CP n\u00e3o se relaciona com as causas interruptivas do prazo"}]},{"@type":"WebSite","@id":"https:\/\/meusitejuridico.editorajuspodivm.com.br\/#website","url":"https:\/\/meusitejuridico.editorajuspodivm.com.br\/","name":"Meu site jur\u00eddico","description":"Meu site jur\u00eddico","publisher":{"@id":"https:\/\/meusitejuridico.editorajuspodivm.com.br\/#organization"},"potentialAction":[{"@type":"SearchAction","target":{"@type":"EntryPoint","urlTemplate":"https:\/\/meusitejuridico.editorajuspodivm.com.br\/?s={search_term_string}"},"query-input":{"@type":"PropertyValueSpecification","valueRequired":true,"valueName":"search_term_string"}}],"inLanguage":"pt-BR"},{"@type":"Organization","@id":"https:\/\/meusitejuridico.editorajuspodivm.com.br\/#organization","name":"Meu site jur\u00eddico","url":"https:\/\/meusitejuridico.editorajuspodivm.com.br\/","logo":{"@type":"ImageObject","inLanguage":"pt-BR","@id":"https:\/\/meusitejuridico.editorajuspodivm.com.br\/#\/schema\/logo\/image\/","url":"https:\/\/cdn.meusitejuridico.com.br\/s.meusitejuridico\/2022\/03\/cropped-baeec2a3-msj-02-01-01.png","contentUrl":"https:\/\/cdn.meusitejuridico.com.br\/s.meusitejuridico\/2022\/03\/cropped-baeec2a3-msj-02-01-01.png","width":349,"height":243,"caption":"Meu site jur\u00eddico"},"image":{"@id":"https:\/\/meusitejuridico.editorajuspodivm.com.br\/#\/schema\/logo\/image\/"}},{"@type":"Person","@id":"https:\/\/meusitejuridico.editorajuspodivm.com.br\/#\/schema\/person\/a3cebf06fd267ee700aae09eb6722d16","name":"Rog\u00e9rio Sanches Cunha","image":{"@type":"ImageObject","inLanguage":"pt-BR","@id":"https:\/\/meusitejuridico.editorajuspodivm.com.br\/#\/schema\/person\/image\/","url":"https:\/\/cdn.meusitejuridico.com.br\/s.meusitejuridico\/2023\/04\/7de31285-rsc-0054-scaled-e1681840173909-150x150.jpg","contentUrl":"https:\/\/cdn.meusitejuridico.com.br\/s.meusitejuridico\/2023\/04\/7de31285-rsc-0054-scaled-e1681840173909-150x150.jpg","caption":"Rog\u00e9rio Sanches Cunha"},"description":"Membro do Ministe\u0301rio Pu\u0301blico do Estado de Sa\u0303o Paulo. Professor da Escola Superior do Ministe\u0301rio Pu\u0301blico dos estados de Sa\u0303o Paulo, Mato Grosso e Santa Catarina. Coordenador Pedag\u00f3gico e Professor de Penal e Processo Penal do Curso RSConline. Fundador do site www.meusitejuridico.com.br. Cofundador e coordenador pedago\u0301gico do JUSPLAY. Autor de obras juri\u0301dicas.","sameAs":["https:\/\/www.editorajuspodivm.com.br\/autores\/detalhe\/107?idtag=ebe04ee0-bb3c-4b7f-96b9-fcd9428789d5","https:\/\/www.facebook.com\/RogerioSanchesC","https:\/\/www.instagram.com\/rogeriosanchescunha\/","https:\/\/x.com\/RogerioSanchesC","https:\/\/www.youtube.com\/user\/RogerioSanchesC"],"url":"https:\/\/cdn.meusitejuridico.com.br\/author\/redesrogeriogmail-com\/"}]}},"_links":{"self":[{"href":"https:\/\/cdn.meusitejuridico.com.br\/api\/wp\/v2\/posts\/8988","targetHints":{"allow":["GET"]}}],"collection":[{"href":"https:\/\/cdn.meusitejuridico.com.br\/api\/wp\/v2\/posts"}],"about":[{"href":"https:\/\/cdn.meusitejuridico.com.br\/api\/wp\/v2\/types\/post"}],"author":[{"embeddable":true,"href":"https:\/\/cdn.meusitejuridico.com.br\/api\/wp\/v2\/users\/3"}],"replies":[{"embeddable":true,"href":"https:\/\/cdn.meusitejuridico.com.br\/api\/wp\/v2\/comments?post=8988"}],"version-history":[{"count":5,"href":"https:\/\/cdn.meusitejuridico.com.br\/api\/wp\/v2\/posts\/8988\/revisions"}],"predecessor-version":[{"id":9012,"href":"https:\/\/cdn.meusitejuridico.com.br\/api\/wp\/v2\/posts\/8988\/revisions\/9012"}],"wp:featuredmedia":[{"embeddable":true,"href":"https:\/\/cdn.meusitejuridico.com.br\/api\/wp\/v2\/media\/6611"}],"wp:attachment":[{"href":"https:\/\/cdn.meusitejuridico.com.br\/api\/wp\/v2\/media?parent=8988"}],"wp:term":[{"taxonomy":"category","embeddable":true,"href":"https:\/\/cdn.meusitejuridico.com.br\/api\/wp\/v2\/categories?post=8988"},{"taxonomy":"post_tag","embeddable":true,"href":"https:\/\/cdn.meusitejuridico.com.br\/api\/wp\/v2\/tags?post=8988"}],"curies":[{"name":"wp","href":"https:\/\/api.w.org\/{rel}","templated":true}]}}