{"id":9018,"date":"2019-08-23T08:25:00","date_gmt":"2019-08-23T11:25:00","guid":{"rendered":"https:\/\/meusitejuridico.editorajuspodivm.com.br\/?p=9018"},"modified":"2019-08-23T08:25:00","modified_gmt":"2019-08-23T11:25:00","slug":"certo-ou-errado-segundo-o-cpp-o-preso-especial-nao-sera-transportado-juntamente-com-o-preso-comum","status":"publish","type":"post","link":"https:\/\/cdn.meusitejuridico.com.br\/2019\/08\/23\/certo-ou-errado-segundo-o-cpp-o-preso-especial-nao-sera-transportado-juntamente-com-o-preso-comum\/","title":{"rendered":"Certo ou errado? Segundo o CPP, o preso especial n\u00e3o ser\u00e1 transportado juntamente com o preso comum"},"content":{"rendered":"<p><strong>CERTO<\/strong><\/p>\n<p>O art. 295, \u00a7 4\u00ba, do CPP estabelece a regra de que o preso especial n\u00e3o ser\u00e1 transportado juntamente com o preso comum.<\/p>\n<p>H\u00e1 quem critique a regra por criar distin\u00e7\u00e3o entre incultos e letrados, beneficiando estes \u00faltimos, apenas em virtude do grau que ostentam, em detrimentos dos primeiros. N\u00e3o \u00e9 bem assim. Basta imaginar a situa\u00e7\u00e3o na qual um magistrado, tido como preso especial, com larga atua\u00e7\u00e3o na \u00e1rea criminal, se veja compelido a dividir o mesmo ve\u00edculo com um preso comum, a quem condenou. Ou o caso de um delegado de pol\u00edcia, tamb\u00e9m considerado preso especial, compelido a ocupar o mesmo espa\u00e7o restrito daquele que, antes, prendera. O objetivo da lei n\u00e3o \u00e9 de criar privil\u00e9gios a detentores de determinados cargos, mas, antes de tudo, de garantir-lhes mesmo a seguran\u00e7a, fortemente comprometida caso se permitisse o amplo e irrestrito conv\u00edvio entre adversos.<\/p>\n<p>Acrescente-se que a Lei n. 12.850\/2013, ao tratar da criminalidade organizada, em seu art. 5\u00ba, inc. II, assegura \u00e0quele que foi beneficiado com a colabora\u00e7\u00e3o premiada, o direito de \u201cser conduzido, em ju\u00edzo, separadamente dos demais coautores e part\u00edcipes\u201d.<\/p>\n<p><a href=\"https:\/\/play.google.com\/store\/apps\/details?id=com.app.meuappjuridico&amp;hl=pt\" target=\"_blank\" rel=\"noopener\"><img decoding=\"async\" class=\"alignnone wp-image-4610 size-medium\" src=\"https:\/\/s3.meusitejuridico.com.br\/2018\/02\/3cdb1249-banner-app-300x166.jpeg\" alt=\"\" width=\"300\" height=\"166\" srcset=\"https:\/\/cdn.meusitejuridico.com.br\/s.meusitejuridico\/2018\/02\/3cdb1249-banner-app-300x166.jpeg 300w, https:\/\/cdn.meusitejuridico.com.br\/s.meusitejuridico\/2018\/02\/3cdb1249-banner-app-768x424.jpeg 768w, https:\/\/cdn.meusitejuridico.com.br\/s.meusitejuridico\/2018\/02\/3cdb1249-banner-app-1024x566.jpeg 1024w, https:\/\/cdn.meusitejuridico.com.br\/s.meusitejuridico\/2018\/02\/3cdb1249-banner-app-80x44.jpeg 80w, https:\/\/cdn.meusitejuridico.com.br\/s.meusitejuridico\/2018\/02\/3cdb1249-banner-app.jpeg 1140w\" sizes=\"(max-width: 300px) 100vw, 300px\" \/><\/a><\/p>\n<p>Material extra\u00eddo da obra\u00a0<a href=\"https:\/\/www.editorajuspodivm.com.br\/codigo-de-processo-penal-e-lei-de-execucao-penal-comentados-por-artigos-2019\" target=\"_blank\" rel=\"noopener\">C\u00f3digo de Processo Penal e Lei de Execu\u00e7\u00e3o Penal Comentados por Artigos<\/a><\/p>\n","protected":false},"excerpt":{"rendered":"<p>CERTO O art. 295, \u00a7 4\u00ba, do CPP estabelece a regra de que o preso especial n\u00e3o ser\u00e1 transportado juntamente com o preso comum. H\u00e1 quem critique a regra por criar distin\u00e7\u00e3o entre incultos e letrados, beneficiando estes \u00faltimos, apenas em virtude do grau que ostentam, em detrimentos dos primeiros. N\u00e3o \u00e9 bem assim. Basta [&hellip;]<\/p>\n","protected":false},"author":7,"featured_media":4147,"comment_status":"open","ping_status":"open","sticky":false,"template":"","format":"standard","meta":{"_acf_changed":false,"footnotes":""},"categories":[78,437],"tags":[2812,2811,119],"class_list":["post-9018","post","type-post","status-publish","format-standard","has-post-thumbnail","hentry","category-material-de-aula","category-perguntas-e-respostas","tag-art-295-cpp","tag-preso-especial","tag-processo-penal"],"acf":[],"yoast_head":"<!-- This site is optimized with the Yoast SEO plugin v24.8.1 - https:\/\/yoast.com\/wordpress\/plugins\/seo\/ -->\n<title>Certo ou errado? Segundo o CPP, o preso especial n\u00e3o ser\u00e1 transportado juntamente com o preso comum - Meu site jur\u00eddico<\/title>\n<meta name=\"robots\" content=\"index, follow, max-snippet:-1, max-image-preview:large, max-video-preview:-1\" \/>\n<link rel=\"canonical\" href=\"https:\/\/meusitejuridico.editorajuspodivm.com.br\/2019\/08\/23\/certo-ou-errado-segundo-o-cpp-o-preso-especial-nao-sera-transportado-juntamente-com-o-preso-comum\/\" \/>\n<meta property=\"og:locale\" content=\"pt_BR\" \/>\n<meta property=\"og:type\" content=\"article\" \/>\n<meta property=\"og:title\" content=\"Certo ou errado? Segundo o CPP, o preso especial n\u00e3o ser\u00e1 transportado juntamente com o preso comum - Meu site jur\u00eddico\" \/>\n<meta property=\"og:description\" content=\"CERTO O art. 295, \u00a7 4\u00ba, do CPP estabelece a regra de que o preso especial n\u00e3o ser\u00e1 transportado juntamente com o preso comum. H\u00e1 quem critique a regra por criar distin\u00e7\u00e3o entre incultos e letrados, beneficiando estes \u00faltimos, apenas em virtude do grau que ostentam, em detrimentos dos primeiros. N\u00e3o \u00e9 bem assim. Basta [&hellip;]\" \/>\n<meta property=\"og:url\" content=\"https:\/\/meusitejuridico.editorajuspodivm.com.br\/2019\/08\/23\/certo-ou-errado-segundo-o-cpp-o-preso-especial-nao-sera-transportado-juntamente-com-o-preso-comum\/\" \/>\n<meta property=\"og:site_name\" content=\"Meu site jur\u00eddico\" \/>\n<meta property=\"article:published_time\" content=\"2019-08-23T11:25:00+00:00\" \/>\n<meta property=\"og:image\" content=\"https:\/\/meusitejuridico.editorajuspodivm.com.br\/s.meusitejuridico\/2017\/12\/d9dd28fd-shutterstock-443543113.jpg\" \/>\n\t<meta property=\"og:image:width\" content=\"1000\" \/>\n\t<meta property=\"og:image:height\" content=\"662\" \/>\n\t<meta property=\"og:image:type\" content=\"image\/jpeg\" \/>\n<meta name=\"author\" content=\"Equipe Meu Site Jur\u00eddico\" \/>\n<meta name=\"twitter:card\" content=\"summary_large_image\" \/>\n<meta name=\"twitter:label1\" content=\"Escrito por\" \/>\n\t<meta name=\"twitter:data1\" content=\"Equipe Meu Site Jur\u00eddico\" \/>\n\t<meta name=\"twitter:label2\" content=\"Est. tempo de leitura\" \/>\n\t<meta name=\"twitter:data2\" content=\"1 minuto\" \/>\n<script type=\"application\/ld+json\" class=\"yoast-schema-graph\">{\"@context\":\"https:\/\/schema.org\",\"@graph\":[{\"@type\":\"Article\",\"@id\":\"https:\/\/meusitejuridico.editorajuspodivm.com.br\/2019\/08\/23\/certo-ou-errado-segundo-o-cpp-o-preso-especial-nao-sera-transportado-juntamente-com-o-preso-comum\/#article\",\"isPartOf\":{\"@id\":\"https:\/\/meusitejuridico.editorajuspodivm.com.br\/2019\/08\/23\/certo-ou-errado-segundo-o-cpp-o-preso-especial-nao-sera-transportado-juntamente-com-o-preso-comum\/\"},\"author\":{\"name\":\"Equipe Meu Site Jur\u00eddico\",\"@id\":\"https:\/\/meusitejuridico.editorajuspodivm.com.br\/#\/schema\/person\/5c2237ac0c8ff03bcf1a09fe3e45dfce\"},\"headline\":\"Certo ou errado? Segundo o CPP, o preso especial n\u00e3o ser\u00e1 transportado juntamente com o preso comum\",\"datePublished\":\"2019-08-23T11:25:00+00:00\",\"mainEntityOfPage\":{\"@id\":\"https:\/\/meusitejuridico.editorajuspodivm.com.br\/2019\/08\/23\/certo-ou-errado-segundo-o-cpp-o-preso-especial-nao-sera-transportado-juntamente-com-o-preso-comum\/\"},\"wordCount\":230,\"commentCount\":0,\"publisher\":{\"@id\":\"https:\/\/meusitejuridico.editorajuspodivm.com.br\/#organization\"},\"image\":{\"@id\":\"https:\/\/meusitejuridico.editorajuspodivm.com.br\/2019\/08\/23\/certo-ou-errado-segundo-o-cpp-o-preso-especial-nao-sera-transportado-juntamente-com-o-preso-comum\/#primaryimage\"},\"thumbnailUrl\":\"https:\/\/cdn.meusitejuridico.com.br\/s.meusitejuridico\/2017\/12\/d9dd28fd-shutterstock-443543113.jpg\",\"keywords\":[\"art. 295 CPP\",\"preso especial\",\"Processo Penal\"],\"articleSection\":[\"Material de aula\",\"Perguntas e Respostas\"],\"inLanguage\":\"pt-BR\",\"potentialAction\":[{\"@type\":\"CommentAction\",\"name\":\"Comment\",\"target\":[\"https:\/\/meusitejuridico.editorajuspodivm.com.br\/2019\/08\/23\/certo-ou-errado-segundo-o-cpp-o-preso-especial-nao-sera-transportado-juntamente-com-o-preso-comum\/#respond\"]}]},{\"@type\":\"WebPage\",\"@id\":\"https:\/\/meusitejuridico.editorajuspodivm.com.br\/2019\/08\/23\/certo-ou-errado-segundo-o-cpp-o-preso-especial-nao-sera-transportado-juntamente-com-o-preso-comum\/\",\"url\":\"https:\/\/meusitejuridico.editorajuspodivm.com.br\/2019\/08\/23\/certo-ou-errado-segundo-o-cpp-o-preso-especial-nao-sera-transportado-juntamente-com-o-preso-comum\/\",\"name\":\"Certo ou errado? Segundo o CPP, o preso especial n\u00e3o ser\u00e1 transportado juntamente com o preso comum - Meu site jur\u00eddico\",\"isPartOf\":{\"@id\":\"https:\/\/meusitejuridico.editorajuspodivm.com.br\/#website\"},\"primaryImageOfPage\":{\"@id\":\"https:\/\/meusitejuridico.editorajuspodivm.com.br\/2019\/08\/23\/certo-ou-errado-segundo-o-cpp-o-preso-especial-nao-sera-transportado-juntamente-com-o-preso-comum\/#primaryimage\"},\"image\":{\"@id\":\"https:\/\/meusitejuridico.editorajuspodivm.com.br\/2019\/08\/23\/certo-ou-errado-segundo-o-cpp-o-preso-especial-nao-sera-transportado-juntamente-com-o-preso-comum\/#primaryimage\"},\"thumbnailUrl\":\"https:\/\/cdn.meusitejuridico.com.br\/s.meusitejuridico\/2017\/12\/d9dd28fd-shutterstock-443543113.jpg\",\"datePublished\":\"2019-08-23T11:25:00+00:00\",\"breadcrumb\":{\"@id\":\"https:\/\/meusitejuridico.editorajuspodivm.com.br\/2019\/08\/23\/certo-ou-errado-segundo-o-cpp-o-preso-especial-nao-sera-transportado-juntamente-com-o-preso-comum\/#breadcrumb\"},\"inLanguage\":\"pt-BR\",\"potentialAction\":[{\"@type\":\"ReadAction\",\"target\":[\"https:\/\/meusitejuridico.editorajuspodivm.com.br\/2019\/08\/23\/certo-ou-errado-segundo-o-cpp-o-preso-especial-nao-sera-transportado-juntamente-com-o-preso-comum\/\"]}]},{\"@type\":\"ImageObject\",\"inLanguage\":\"pt-BR\",\"@id\":\"https:\/\/meusitejuridico.editorajuspodivm.com.br\/2019\/08\/23\/certo-ou-errado-segundo-o-cpp-o-preso-especial-nao-sera-transportado-juntamente-com-o-preso-comum\/#primaryimage\",\"url\":\"https:\/\/cdn.meusitejuridico.com.br\/s.meusitejuridico\/2017\/12\/d9dd28fd-shutterstock-443543113.jpg\",\"contentUrl\":\"https:\/\/cdn.meusitejuridico.com.br\/s.meusitejuridico\/2017\/12\/d9dd28fd-shutterstock-443543113.jpg\",\"width\":1000,\"height\":662},{\"@type\":\"BreadcrumbList\",\"@id\":\"https:\/\/meusitejuridico.editorajuspodivm.com.br\/2019\/08\/23\/certo-ou-errado-segundo-o-cpp-o-preso-especial-nao-sera-transportado-juntamente-com-o-preso-comum\/#breadcrumb\",\"itemListElement\":[{\"@type\":\"ListItem\",\"position\":1,\"name\":\"In\u00edcio\",\"item\":\"https:\/\/meusitejuridico.editorajuspodivm.com.br\/\"},{\"@type\":\"ListItem\",\"position\":2,\"name\":\"Certo ou errado? Segundo o CPP, o preso especial n\u00e3o ser\u00e1 transportado juntamente com o preso comum\"}]},{\"@type\":\"WebSite\",\"@id\":\"https:\/\/meusitejuridico.editorajuspodivm.com.br\/#website\",\"url\":\"https:\/\/meusitejuridico.editorajuspodivm.com.br\/\",\"name\":\"Meu site jur\u00eddico\",\"description\":\"Meu site jur\u00eddico\",\"publisher\":{\"@id\":\"https:\/\/meusitejuridico.editorajuspodivm.com.br\/#organization\"},\"potentialAction\":[{\"@type\":\"SearchAction\",\"target\":{\"@type\":\"EntryPoint\",\"urlTemplate\":\"https:\/\/meusitejuridico.editorajuspodivm.com.br\/?s={search_term_string}\"},\"query-input\":{\"@type\":\"PropertyValueSpecification\",\"valueRequired\":true,\"valueName\":\"search_term_string\"}}],\"inLanguage\":\"pt-BR\"},{\"@type\":\"Organization\",\"@id\":\"https:\/\/meusitejuridico.editorajuspodivm.com.br\/#organization\",\"name\":\"Meu site jur\u00eddico\",\"url\":\"https:\/\/meusitejuridico.editorajuspodivm.com.br\/\",\"logo\":{\"@type\":\"ImageObject\",\"inLanguage\":\"pt-BR\",\"@id\":\"https:\/\/meusitejuridico.editorajuspodivm.com.br\/#\/schema\/logo\/image\/\",\"url\":\"https:\/\/cdn.meusitejuridico.com.br\/s.meusitejuridico\/2022\/03\/cropped-baeec2a3-msj-02-01-01.png\",\"contentUrl\":\"https:\/\/cdn.meusitejuridico.com.br\/s.meusitejuridico\/2022\/03\/cropped-baeec2a3-msj-02-01-01.png\",\"width\":349,\"height\":243,\"caption\":\"Meu site jur\u00eddico\"},\"image\":{\"@id\":\"https:\/\/meusitejuridico.editorajuspodivm.com.br\/#\/schema\/logo\/image\/\"}},{\"@type\":\"Person\",\"@id\":\"https:\/\/meusitejuridico.editorajuspodivm.com.br\/#\/schema\/person\/5c2237ac0c8ff03bcf1a09fe3e45dfce\",\"name\":\"Equipe Meu Site Jur\u00eddico\",\"image\":{\"@type\":\"ImageObject\",\"inLanguage\":\"pt-BR\",\"@id\":\"https:\/\/meusitejuridico.editorajuspodivm.com.br\/#\/schema\/person\/image\/\",\"url\":\"https:\/\/cdn.meusitejuridico.com.br\/s.meusitejuridico\/2020\/07\/6be289aa-logo-msj.png\",\"contentUrl\":\"https:\/\/cdn.meusitejuridico.com.br\/s.meusitejuridico\/2020\/07\/6be289aa-logo-msj.png\",\"caption\":\"Equipe Meu Site Jur\u00eddico\"},\"description\":\"Contem conosco!\",\"url\":\"https:\/\/cdn.meusitejuridico.com.br\/author\/equipe-meu-site-juridico\/\"}]}<\/script>\n<!-- \/ Yoast SEO plugin. -->","yoast_head_json":{"title":"Certo ou errado? Segundo o CPP, o preso especial n\u00e3o ser\u00e1 transportado juntamente com o preso comum - Meu site jur\u00eddico","robots":{"index":"index","follow":"follow","max-snippet":"max-snippet:-1","max-image-preview":"max-image-preview:large","max-video-preview":"max-video-preview:-1"},"canonical":"https:\/\/meusitejuridico.editorajuspodivm.com.br\/2019\/08\/23\/certo-ou-errado-segundo-o-cpp-o-preso-especial-nao-sera-transportado-juntamente-com-o-preso-comum\/","og_locale":"pt_BR","og_type":"article","og_title":"Certo ou errado? Segundo o CPP, o preso especial n\u00e3o ser\u00e1 transportado juntamente com o preso comum - Meu site jur\u00eddico","og_description":"CERTO O art. 295, \u00a7 4\u00ba, do CPP estabelece a regra de que o preso especial n\u00e3o ser\u00e1 transportado juntamente com o preso comum. H\u00e1 quem critique a regra por criar distin\u00e7\u00e3o entre incultos e letrados, beneficiando estes \u00faltimos, apenas em virtude do grau que ostentam, em detrimentos dos primeiros. N\u00e3o \u00e9 bem assim. Basta [&hellip;]","og_url":"https:\/\/meusitejuridico.editorajuspodivm.com.br\/2019\/08\/23\/certo-ou-errado-segundo-o-cpp-o-preso-especial-nao-sera-transportado-juntamente-com-o-preso-comum\/","og_site_name":"Meu site jur\u00eddico","article_published_time":"2019-08-23T11:25:00+00:00","og_image":[{"width":1000,"height":662,"url":"https:\/\/meusitejuridico.editorajuspodivm.com.br\/s.meusitejuridico\/2017\/12\/d9dd28fd-shutterstock-443543113.jpg","type":"image\/jpeg"}],"author":"Equipe Meu Site Jur\u00eddico","twitter_card":"summary_large_image","twitter_misc":{"Escrito por":"Equipe Meu Site Jur\u00eddico","Est. tempo de leitura":"1 minuto"},"schema":{"@context":"https:\/\/schema.org","@graph":[{"@type":"Article","@id":"https:\/\/meusitejuridico.editorajuspodivm.com.br\/2019\/08\/23\/certo-ou-errado-segundo-o-cpp-o-preso-especial-nao-sera-transportado-juntamente-com-o-preso-comum\/#article","isPartOf":{"@id":"https:\/\/meusitejuridico.editorajuspodivm.com.br\/2019\/08\/23\/certo-ou-errado-segundo-o-cpp-o-preso-especial-nao-sera-transportado-juntamente-com-o-preso-comum\/"},"author":{"name":"Equipe Meu Site Jur\u00eddico","@id":"https:\/\/meusitejuridico.editorajuspodivm.com.br\/#\/schema\/person\/5c2237ac0c8ff03bcf1a09fe3e45dfce"},"headline":"Certo ou errado? Segundo o CPP, o preso especial n\u00e3o ser\u00e1 transportado juntamente com o preso comum","datePublished":"2019-08-23T11:25:00+00:00","mainEntityOfPage":{"@id":"https:\/\/meusitejuridico.editorajuspodivm.com.br\/2019\/08\/23\/certo-ou-errado-segundo-o-cpp-o-preso-especial-nao-sera-transportado-juntamente-com-o-preso-comum\/"},"wordCount":230,"commentCount":0,"publisher":{"@id":"https:\/\/meusitejuridico.editorajuspodivm.com.br\/#organization"},"image":{"@id":"https:\/\/meusitejuridico.editorajuspodivm.com.br\/2019\/08\/23\/certo-ou-errado-segundo-o-cpp-o-preso-especial-nao-sera-transportado-juntamente-com-o-preso-comum\/#primaryimage"},"thumbnailUrl":"https:\/\/cdn.meusitejuridico.com.br\/s.meusitejuridico\/2017\/12\/d9dd28fd-shutterstock-443543113.jpg","keywords":["art. 295 CPP","preso especial","Processo Penal"],"articleSection":["Material de aula","Perguntas e Respostas"],"inLanguage":"pt-BR","potentialAction":[{"@type":"CommentAction","name":"Comment","target":["https:\/\/meusitejuridico.editorajuspodivm.com.br\/2019\/08\/23\/certo-ou-errado-segundo-o-cpp-o-preso-especial-nao-sera-transportado-juntamente-com-o-preso-comum\/#respond"]}]},{"@type":"WebPage","@id":"https:\/\/meusitejuridico.editorajuspodivm.com.br\/2019\/08\/23\/certo-ou-errado-segundo-o-cpp-o-preso-especial-nao-sera-transportado-juntamente-com-o-preso-comum\/","url":"https:\/\/meusitejuridico.editorajuspodivm.com.br\/2019\/08\/23\/certo-ou-errado-segundo-o-cpp-o-preso-especial-nao-sera-transportado-juntamente-com-o-preso-comum\/","name":"Certo ou errado? Segundo o CPP, o preso especial n\u00e3o ser\u00e1 transportado juntamente com o preso comum - Meu site jur\u00eddico","isPartOf":{"@id":"https:\/\/meusitejuridico.editorajuspodivm.com.br\/#website"},"primaryImageOfPage":{"@id":"https:\/\/meusitejuridico.editorajuspodivm.com.br\/2019\/08\/23\/certo-ou-errado-segundo-o-cpp-o-preso-especial-nao-sera-transportado-juntamente-com-o-preso-comum\/#primaryimage"},"image":{"@id":"https:\/\/meusitejuridico.editorajuspodivm.com.br\/2019\/08\/23\/certo-ou-errado-segundo-o-cpp-o-preso-especial-nao-sera-transportado-juntamente-com-o-preso-comum\/#primaryimage"},"thumbnailUrl":"https:\/\/cdn.meusitejuridico.com.br\/s.meusitejuridico\/2017\/12\/d9dd28fd-shutterstock-443543113.jpg","datePublished":"2019-08-23T11:25:00+00:00","breadcrumb":{"@id":"https:\/\/meusitejuridico.editorajuspodivm.com.br\/2019\/08\/23\/certo-ou-errado-segundo-o-cpp-o-preso-especial-nao-sera-transportado-juntamente-com-o-preso-comum\/#breadcrumb"},"inLanguage":"pt-BR","potentialAction":[{"@type":"ReadAction","target":["https:\/\/meusitejuridico.editorajuspodivm.com.br\/2019\/08\/23\/certo-ou-errado-segundo-o-cpp-o-preso-especial-nao-sera-transportado-juntamente-com-o-preso-comum\/"]}]},{"@type":"ImageObject","inLanguage":"pt-BR","@id":"https:\/\/meusitejuridico.editorajuspodivm.com.br\/2019\/08\/23\/certo-ou-errado-segundo-o-cpp-o-preso-especial-nao-sera-transportado-juntamente-com-o-preso-comum\/#primaryimage","url":"https:\/\/cdn.meusitejuridico.com.br\/s.meusitejuridico\/2017\/12\/d9dd28fd-shutterstock-443543113.jpg","contentUrl":"https:\/\/cdn.meusitejuridico.com.br\/s.meusitejuridico\/2017\/12\/d9dd28fd-shutterstock-443543113.jpg","width":1000,"height":662},{"@type":"BreadcrumbList","@id":"https:\/\/meusitejuridico.editorajuspodivm.com.br\/2019\/08\/23\/certo-ou-errado-segundo-o-cpp-o-preso-especial-nao-sera-transportado-juntamente-com-o-preso-comum\/#breadcrumb","itemListElement":[{"@type":"ListItem","position":1,"name":"In\u00edcio","item":"https:\/\/meusitejuridico.editorajuspodivm.com.br\/"},{"@type":"ListItem","position":2,"name":"Certo ou errado? Segundo o CPP, o preso especial n\u00e3o ser\u00e1 transportado juntamente com o preso comum"}]},{"@type":"WebSite","@id":"https:\/\/meusitejuridico.editorajuspodivm.com.br\/#website","url":"https:\/\/meusitejuridico.editorajuspodivm.com.br\/","name":"Meu site jur\u00eddico","description":"Meu site jur\u00eddico","publisher":{"@id":"https:\/\/meusitejuridico.editorajuspodivm.com.br\/#organization"},"potentialAction":[{"@type":"SearchAction","target":{"@type":"EntryPoint","urlTemplate":"https:\/\/meusitejuridico.editorajuspodivm.com.br\/?s={search_term_string}"},"query-input":{"@type":"PropertyValueSpecification","valueRequired":true,"valueName":"search_term_string"}}],"inLanguage":"pt-BR"},{"@type":"Organization","@id":"https:\/\/meusitejuridico.editorajuspodivm.com.br\/#organization","name":"Meu site jur\u00eddico","url":"https:\/\/meusitejuridico.editorajuspodivm.com.br\/","logo":{"@type":"ImageObject","inLanguage":"pt-BR","@id":"https:\/\/meusitejuridico.editorajuspodivm.com.br\/#\/schema\/logo\/image\/","url":"https:\/\/cdn.meusitejuridico.com.br\/s.meusitejuridico\/2022\/03\/cropped-baeec2a3-msj-02-01-01.png","contentUrl":"https:\/\/cdn.meusitejuridico.com.br\/s.meusitejuridico\/2022\/03\/cropped-baeec2a3-msj-02-01-01.png","width":349,"height":243,"caption":"Meu site jur\u00eddico"},"image":{"@id":"https:\/\/meusitejuridico.editorajuspodivm.com.br\/#\/schema\/logo\/image\/"}},{"@type":"Person","@id":"https:\/\/meusitejuridico.editorajuspodivm.com.br\/#\/schema\/person\/5c2237ac0c8ff03bcf1a09fe3e45dfce","name":"Equipe Meu Site Jur\u00eddico","image":{"@type":"ImageObject","inLanguage":"pt-BR","@id":"https:\/\/meusitejuridico.editorajuspodivm.com.br\/#\/schema\/person\/image\/","url":"https:\/\/cdn.meusitejuridico.com.br\/s.meusitejuridico\/2020\/07\/6be289aa-logo-msj.png","contentUrl":"https:\/\/cdn.meusitejuridico.com.br\/s.meusitejuridico\/2020\/07\/6be289aa-logo-msj.png","caption":"Equipe Meu Site Jur\u00eddico"},"description":"Contem conosco!","url":"https:\/\/cdn.meusitejuridico.com.br\/author\/equipe-meu-site-juridico\/"}]}},"_links":{"self":[{"href":"https:\/\/cdn.meusitejuridico.com.br\/api\/wp\/v2\/posts\/9018","targetHints":{"allow":["GET"]}}],"collection":[{"href":"https:\/\/cdn.meusitejuridico.com.br\/api\/wp\/v2\/posts"}],"about":[{"href":"https:\/\/cdn.meusitejuridico.com.br\/api\/wp\/v2\/types\/post"}],"author":[{"embeddable":true,"href":"https:\/\/cdn.meusitejuridico.com.br\/api\/wp\/v2\/users\/7"}],"replies":[{"embeddable":true,"href":"https:\/\/cdn.meusitejuridico.com.br\/api\/wp\/v2\/comments?post=9018"}],"version-history":[{"count":1,"href":"https:\/\/cdn.meusitejuridico.com.br\/api\/wp\/v2\/posts\/9018\/revisions"}],"predecessor-version":[{"id":9019,"href":"https:\/\/cdn.meusitejuridico.com.br\/api\/wp\/v2\/posts\/9018\/revisions\/9019"}],"wp:featuredmedia":[{"embeddable":true,"href":"https:\/\/cdn.meusitejuridico.com.br\/api\/wp\/v2\/media\/4147"}],"wp:attachment":[{"href":"https:\/\/cdn.meusitejuridico.com.br\/api\/wp\/v2\/media?parent=9018"}],"wp:term":[{"taxonomy":"category","embeddable":true,"href":"https:\/\/cdn.meusitejuridico.com.br\/api\/wp\/v2\/categories?post=9018"},{"taxonomy":"post_tag","embeddable":true,"href":"https:\/\/cdn.meusitejuridico.com.br\/api\/wp\/v2\/tags?post=9018"}],"curies":[{"name":"wp","href":"https:\/\/api.w.org\/{rel}","templated":true}]}}