{"id":208,"name":"L\u00edvia Sant'Anna Vaz e Rog\u00e9rio Sanches Cunha","url":"","description":"L\u00edvia Sant'Anna Vaz, Promotora de Justi\u00e7a do MPBA, titular da PJ de Combate ao Racismo e \u00e0 Intoler\u00e2ncia Religiosa\r\nMestra em Direito P\u00fablico pela Universidade Federal da Bahia\r\nDoutora em Ci\u00eancias Jur\u00eddico-Pol\u00edticas pela Faculdade de Direito da Universidade de Lisboa. Coordenadora do Grupo de Trabalho de Enfrentamento ao Racismo e Respeito \u00e0 Diversidade \u00c9tnica e Cultural, da Comiss\u00e3o de Defesa dos Direitos Fundamentais do CNMP \r\nNomeada uma das Pessoas de Descend\u00eancia Africana Mais Influentes do Mundo, na Edi\u00e7\u00e3o Lei &amp; Justi\u00e7a (Most Influential People of African Descent - Law &amp; Justice Edition) \r\n\r\n____________________________________________________________________\r\nRog\u00e9rio Sanches Cunha, Promotor de Justi\u00e7a\/SP, atualmente assessorando o Procurador-Geral de Justi\u00e7a\r\nProfessor da Escola Superior do MPSP, do MPMT e do MPSC\r\nProfessor de Penal e Processo Penal do curso RSC online\r\nFundador do www.meusitejuridico.com.br\r\nAutor de obras jur\u00eddicas","link":"https:\/\/cdn.meusitejuridico.com.br\/author\/rogeriolivia\/","slug":"rogeriolivia","avatar_urls":{"24":"https:\/\/cdn.meusitejuridico.com.br\/s.meusitejuridico\/2023\/02\/98eaaa9d-3-150x150.png","48":"https:\/\/cdn.meusitejuridico.com.br\/s.meusitejuridico\/2023\/02\/98eaaa9d-3-150x150.png","96":"https:\/\/cdn.meusitejuridico.com.br\/s.meusitejuridico\/2023\/02\/98eaaa9d-3-150x150.png"},"meta":[],"acf":[],"yoast_head":"<!-- This site is optimized with the Yoast SEO plugin v24.8.1 - https:\/\/yoast.com\/wordpress\/plugins\/seo\/ -->\n<title>L\u00edvia Sant&#039;Anna Vaz e Rog\u00e9rio Sanches Cunha, Author at Meu site jur\u00eddico<\/title>\n<meta name=\"robots\" content=\"index, follow, max-snippet:-1, max-image-preview:large, max-video-preview:-1\" \/>\n<link rel=\"canonical\" href=\"https:\/\/meusitejuridico.com.br\/author\/rogeriolivia\/\" \/>\n<meta property=\"og:locale\" content=\"pt_BR\" \/>\n<meta property=\"og:type\" content=\"profile\" \/>\n<meta property=\"og:title\" content=\"L\u00edvia Sant&#039;Anna Vaz e Rog\u00e9rio Sanches Cunha, Author at Meu site jur\u00eddico\" \/>\n<meta property=\"og:url\" content=\"https:\/\/meusitejuridico.com.br\/author\/rogeriolivia\/\" \/>\n<meta property=\"og:site_name\" content=\"Meu site jur\u00eddico\" \/>\n<meta property=\"og:image\" content=\"https:\/\/meusitejuridico.com.br\/s.meusitejuridico\/2023\/02\/98eaaa9d-3.png\" \/>\n<meta name=\"twitter:card\" content=\"summary_large_image\" \/>\n<script type=\"application\/ld+json\" class=\"yoast-schema-graph\">{\"@context\":\"https:\/\/schema.org\",\"@graph\":[{\"@type\":\"ProfilePage\",\"@id\":\"https:\/\/meusitejuridico.com.br\/author\/rogeriolivia\/\",\"url\":\"https:\/\/meusitejuridico.com.br\/author\/rogeriolivia\/\",\"name\":\"L\u00edvia Sant'Anna Vaz e Rog\u00e9rio Sanches Cunha, Author at Meu site jur\u00eddico\",\"isPartOf\":{\"@id\":\"https:\/\/cdn.meusitejuridico.com.br\/#website\"},\"breadcrumb\":{\"@id\":\"https:\/\/meusitejuridico.com.br\/author\/rogeriolivia\/#breadcrumb\"},\"inLanguage\":\"pt-BR\",\"potentialAction\":[{\"@type\":\"ReadAction\",\"target\":[\"https:\/\/meusitejuridico.com.br\/author\/rogeriolivia\/\"]}]},{\"@type\":\"BreadcrumbList\",\"@id\":\"https:\/\/meusitejuridico.com.br\/author\/rogeriolivia\/#breadcrumb\",\"itemListElement\":[{\"@type\":\"ListItem\",\"position\":1,\"name\":\"In\u00edcio\",\"item\":\"https:\/\/cdn.meusitejuridico.com.br\/\"},{\"@type\":\"ListItem\",\"position\":2,\"name\":\"Arquivos para L\u00edvia Sant'Anna Vaz e Rog\u00e9rio Sanches Cunha\"}]},{\"@type\":\"WebSite\",\"@id\":\"https:\/\/cdn.meusitejuridico.com.br\/#website\",\"url\":\"https:\/\/cdn.meusitejuridico.com.br\/\",\"name\":\"Meu site jur\u00eddico\",\"description\":\"Meu site jur\u00eddico\",\"publisher\":{\"@id\":\"https:\/\/cdn.meusitejuridico.com.br\/#organization\"},\"potentialAction\":[{\"@type\":\"SearchAction\",\"target\":{\"@type\":\"EntryPoint\",\"urlTemplate\":\"https:\/\/cdn.meusitejuridico.com.br\/?s={search_term_string}\"},\"query-input\":{\"@type\":\"PropertyValueSpecification\",\"valueRequired\":true,\"valueName\":\"search_term_string\"}}],\"inLanguage\":\"pt-BR\"},{\"@type\":\"Organization\",\"@id\":\"https:\/\/cdn.meusitejuridico.com.br\/#organization\",\"name\":\"Meu site jur\u00eddico\",\"url\":\"https:\/\/cdn.meusitejuridico.com.br\/\",\"logo\":{\"@type\":\"ImageObject\",\"inLanguage\":\"pt-BR\",\"@id\":\"https:\/\/cdn.meusitejuridico.com.br\/#\/schema\/logo\/image\/\",\"url\":\"https:\/\/cdn.meusitejuridico.com.br\/s.meusitejuridico\/2022\/03\/cropped-baeec2a3-msj-02-01-01.png\",\"contentUrl\":\"https:\/\/cdn.meusitejuridico.com.br\/s.meusitejuridico\/2022\/03\/cropped-baeec2a3-msj-02-01-01.png\",\"width\":349,\"height\":243,\"caption\":\"Meu site jur\u00eddico\"},\"image\":{\"@id\":\"https:\/\/cdn.meusitejuridico.com.br\/#\/schema\/logo\/image\/\"}},{\"@type\":\"Person\",\"@id\":\"https:\/\/cdn.meusitejuridico.com.br\/#\/schema\/person\/b636ba46fdde2823994d6d57dd8e5211\",\"name\":\"L\u00edvia Sant'Anna Vaz e Rog\u00e9rio Sanches Cunha\",\"image\":{\"@type\":\"ImageObject\",\"inLanguage\":\"pt-BR\",\"@id\":\"https:\/\/cdn.meusitejuridico.com.br\/#\/schema\/person\/image\/\",\"url\":\"https:\/\/cdn.meusitejuridico.com.br\/s.meusitejuridico\/2023\/02\/98eaaa9d-3-150x150.png\",\"contentUrl\":\"https:\/\/cdn.meusitejuridico.com.br\/s.meusitejuridico\/2023\/02\/98eaaa9d-3-150x150.png\",\"caption\":\"L\u00edvia Sant'Anna Vaz e Rog\u00e9rio Sanches Cunha\"},\"description\":\"L\u00edvia Sant'Anna Vaz, Promotora de Justi\u00e7a do MPBA, titular da PJ de Combate ao Racismo e \u00e0 Intoler\u00e2ncia Religiosa Mestra em Direito P\u00fablico pela Universidade Federal da Bahia Doutora em Ci\u00eancias Jur\u00eddico-Pol\u00edticas pela Faculdade de Direito da Universidade de Lisboa. Coordenadora do Grupo de Trabalho de Enfrentamento ao Racismo e Respeito \u00e0 Diversidade \u00c9tnica e Cultural, da Comiss\u00e3o de Defesa dos Direitos Fundamentais do CNMP Nomeada uma das Pessoas de Descend\u00eancia Africana Mais Influentes do Mundo, na Edi\u00e7\u00e3o Lei &amp; Justi\u00e7a (Most Influential People of African Descent - Law &amp; Justice Edition) ____________________________________________________________________ Rog\u00e9rio Sanches Cunha, Promotor de Justi\u00e7a\/SP, atualmente assessorando o Procurador-Geral de Justi\u00e7a Professor da Escola Superior do MPSP, do MPMT e do MPSC Professor de Penal e Processo Penal do curso RSC online Fundador do www.meusitejuridico.com.br Autor de obras jur\u00eddicas\",\"mainEntityOfPage\":{\"@id\":\"https:\/\/meusitejuridico.com.br\/author\/rogeriolivia\/\"}}]}<\/script>\n<!-- \/ Yoast SEO plugin. -->","yoast_head_json":{"title":"L\u00edvia Sant'Anna Vaz e Rog\u00e9rio Sanches Cunha, Author at Meu site jur\u00eddico","robots":{"index":"index","follow":"follow","max-snippet":"max-snippet:-1","max-image-preview":"max-image-preview:large","max-video-preview":"max-video-preview:-1"},"canonical":"https:\/\/meusitejuridico.com.br\/author\/rogeriolivia\/","og_locale":"pt_BR","og_type":"profile","og_title":"L\u00edvia Sant'Anna Vaz e Rog\u00e9rio Sanches Cunha, Author at Meu site jur\u00eddico","og_url":"https:\/\/meusitejuridico.com.br\/author\/rogeriolivia\/","og_site_name":"Meu site jur\u00eddico","og_image":[{"url":"https:\/\/meusitejuridico.com.br\/s.meusitejuridico\/2023\/02\/98eaaa9d-3.png","type":"","width":"","height":""}],"twitter_card":"summary_large_image","schema":{"@context":"https:\/\/schema.org","@graph":[{"@type":"ProfilePage","@id":"https:\/\/meusitejuridico.com.br\/author\/rogeriolivia\/","url":"https:\/\/meusitejuridico.com.br\/author\/rogeriolivia\/","name":"L\u00edvia Sant'Anna Vaz e Rog\u00e9rio Sanches Cunha, Author at Meu site jur\u00eddico","isPartOf":{"@id":"https:\/\/cdn.meusitejuridico.com.br\/#website"},"breadcrumb":{"@id":"https:\/\/meusitejuridico.com.br\/author\/rogeriolivia\/#breadcrumb"},"inLanguage":"pt-BR","potentialAction":[{"@type":"ReadAction","target":["https:\/\/meusitejuridico.com.br\/author\/rogeriolivia\/"]}]},{"@type":"BreadcrumbList","@id":"https:\/\/meusitejuridico.com.br\/author\/rogeriolivia\/#breadcrumb","itemListElement":[{"@type":"ListItem","position":1,"name":"In\u00edcio","item":"https:\/\/cdn.meusitejuridico.com.br\/"},{"@type":"ListItem","position":2,"name":"Arquivos para L\u00edvia Sant'Anna Vaz e Rog\u00e9rio Sanches Cunha"}]},{"@type":"WebSite","@id":"https:\/\/cdn.meusitejuridico.com.br\/#website","url":"https:\/\/cdn.meusitejuridico.com.br\/","name":"Meu site jur\u00eddico","description":"Meu site jur\u00eddico","publisher":{"@id":"https:\/\/cdn.meusitejuridico.com.br\/#organization"},"potentialAction":[{"@type":"SearchAction","target":{"@type":"EntryPoint","urlTemplate":"https:\/\/cdn.meusitejuridico.com.br\/?s={search_term_string}"},"query-input":{"@type":"PropertyValueSpecification","valueRequired":true,"valueName":"search_term_string"}}],"inLanguage":"pt-BR"},{"@type":"Organization","@id":"https:\/\/cdn.meusitejuridico.com.br\/#organization","name":"Meu site jur\u00eddico","url":"https:\/\/cdn.meusitejuridico.com.br\/","logo":{"@type":"ImageObject","inLanguage":"pt-BR","@id":"https:\/\/cdn.meusitejuridico.com.br\/#\/schema\/logo\/image\/","url":"https:\/\/cdn.meusitejuridico.com.br\/s.meusitejuridico\/2022\/03\/cropped-baeec2a3-msj-02-01-01.png","contentUrl":"https:\/\/cdn.meusitejuridico.com.br\/s.meusitejuridico\/2022\/03\/cropped-baeec2a3-msj-02-01-01.png","width":349,"height":243,"caption":"Meu site jur\u00eddico"},"image":{"@id":"https:\/\/cdn.meusitejuridico.com.br\/#\/schema\/logo\/image\/"}},{"@type":"Person","@id":"https:\/\/cdn.meusitejuridico.com.br\/#\/schema\/person\/b636ba46fdde2823994d6d57dd8e5211","name":"L\u00edvia Sant'Anna Vaz e Rog\u00e9rio Sanches Cunha","image":{"@type":"ImageObject","inLanguage":"pt-BR","@id":"https:\/\/cdn.meusitejuridico.com.br\/#\/schema\/person\/image\/","url":"https:\/\/cdn.meusitejuridico.com.br\/s.meusitejuridico\/2023\/02\/98eaaa9d-3-150x150.png","contentUrl":"https:\/\/cdn.meusitejuridico.com.br\/s.meusitejuridico\/2023\/02\/98eaaa9d-3-150x150.png","caption":"L\u00edvia Sant'Anna Vaz e Rog\u00e9rio Sanches Cunha"},"description":"L\u00edvia Sant'Anna Vaz, Promotora de Justi\u00e7a do MPBA, titular da PJ de Combate ao Racismo e \u00e0 Intoler\u00e2ncia Religiosa Mestra em Direito P\u00fablico pela Universidade Federal da Bahia Doutora em Ci\u00eancias Jur\u00eddico-Pol\u00edticas pela Faculdade de Direito da Universidade de Lisboa. Coordenadora do Grupo de Trabalho de Enfrentamento ao Racismo e Respeito \u00e0 Diversidade \u00c9tnica e Cultural, da Comiss\u00e3o de Defesa dos Direitos Fundamentais do CNMP Nomeada uma das Pessoas de Descend\u00eancia Africana Mais Influentes do Mundo, na Edi\u00e7\u00e3o Lei &amp; Justi\u00e7a (Most Influential People of African Descent - Law &amp; Justice Edition) ____________________________________________________________________ Rog\u00e9rio Sanches Cunha, Promotor de Justi\u00e7a\/SP, atualmente assessorando o Procurador-Geral de Justi\u00e7a Professor da Escola Superior do MPSP, do MPMT e do MPSC Professor de Penal e Processo Penal do curso RSC online Fundador do www.meusitejuridico.com.br Autor de obras jur\u00eddicas","mainEntityOfPage":{"@id":"https:\/\/meusitejuridico.com.br\/author\/rogeriolivia\/"}}]}},"elementor_introduction":"","_links":{"self":[{"href":"https:\/\/cdn.meusitejuridico.com.br\/api\/wp\/v2\/users\/208","targetHints":{"allow":["GET"]}}],"collection":[{"href":"https:\/\/cdn.meusitejuridico.com.br\/api\/wp\/v2\/users"}]}}