{"id":227,"name":"Adriano Sousa Costa, Eduardo Fontes, Ivana David e Vitor Bueno Cardoso","url":"","description":"Adriano Sousa Costa \u00e9 Delegado de Pol\u00edcia Civil de Goi\u00e1s, autor pela Juspodivm e Impetus, professor da p\u00f3s-gradua\u00e7\u00e3o, membro da Academia Goiana de Direito, doutorando em Ci\u00eancia Pol\u00edtica pela Universidade de Bras\u00edlia (UnB) e mestre em Ci\u00eancia Pol\u00edtica pela Universidade Federal de Goi\u00e1s (UFG).\r\n\r\n____________________________________________________________________\r\nEduardo Fontes \u00e9 Delegado de Pol\u00edcia Federal, ex-superintendente da Pol\u00edcia Federal no estado de Amazonas, autor de obras jur\u00eddicas pela Juspodivm, professor de ci\u00eancias criminais, professor da Academia Nacional de Pol\u00edcia, especialista em Seguran\u00e7a P\u00fablica e Direitos Humanos pelo Minist\u00e9rio da Justi\u00e7a, mestrando em Ci\u00eancias Jur\u00eddicas e Pol\u00edticas pela Universidade Portucalense, coordenador do Iberojur no Brasil, aprovado nos concursos de procurador do Estado de S\u00e3o Paulo e delegado de Pol\u00edcia Civil no Paran\u00e1.\r\n\r\n____________________________________________________________________\r\nIvana David \u00e9 desembargadora do Tribunal de Justi\u00e7a do Estado de S\u00e3o Paulo, professora convidada do curso de Direito Digital - Investiga\u00e7\u00e3o de Crimes Digital do Insper\/Executiva, da Ebradi e do Instituto NewLaw e coordenadora do curso de p\u00f3s-gradua\u00e7\u00e3o em Direito Digital do MeuCurso.\r\n\r\n____________________________________________________________________\r\nVitor Bueno Cardoso \u00e9 Delegado de Pol\u00edcia Federal, bacharel em Direito e p\u00f3s-graduado em Escrivania Policial e em Seguran\u00e7a P\u00fablica.","link":"https:\/\/cdn.meusitejuridico.com.br\/author\/adrianoeduardoivanavitor\/","slug":"adrianoeduardoivanavitor","avatar_urls":{"24":"https:\/\/cdn.meusitejuridico.com.br\/s.meusitejuridico\/2022\/03\/cropped-b14a6d84-msj-32x32.png","48":"https:\/\/cdn.meusitejuridico.com.br\/s.meusitejuridico\/2022\/03\/cropped-b14a6d84-msj-150x150.png","96":"https:\/\/cdn.meusitejuridico.com.br\/s.meusitejuridico\/2022\/03\/cropped-b14a6d84-msj-150x150.png"},"meta":[],"acf":[],"yoast_head":"<!-- This site is optimized with the Yoast SEO plugin v24.8.1 - https:\/\/yoast.com\/wordpress\/plugins\/seo\/ -->\n<title>Adriano Sousa Costa, Eduardo Fontes, Ivana David e Vitor Bueno Cardoso, Author at Meu site jur\u00eddico<\/title>\n<meta name=\"robots\" content=\"index, follow, max-snippet:-1, max-image-preview:large, max-video-preview:-1\" \/>\n<link rel=\"canonical\" href=\"https:\/\/meusitejuridico.editorajuspodivm.com.br\/author\/adrianoeduardoivanavitor\/\" \/>\n<meta property=\"og:locale\" content=\"pt_BR\" \/>\n<meta property=\"og:type\" content=\"profile\" \/>\n<meta property=\"og:title\" content=\"Adriano Sousa Costa, Eduardo Fontes, Ivana David e Vitor Bueno Cardoso, Author at Meu site jur\u00eddico\" \/>\n<meta property=\"og:url\" content=\"https:\/\/meusitejuridico.editorajuspodivm.com.br\/author\/adrianoeduardoivanavitor\/\" \/>\n<meta property=\"og:site_name\" content=\"Meu site jur\u00eddico\" \/>\n<meta property=\"og:image\" content=\"https:\/\/meusitejuridico.editorajuspodivm.com.br\/s.meusitejuridico\/2022\/03\/cropped-b14a6d84-msj.png\" \/>\n<meta name=\"twitter:card\" content=\"summary_large_image\" \/>\n<script type=\"application\/ld+json\" class=\"yoast-schema-graph\">{\"@context\":\"https:\/\/schema.org\",\"@graph\":[{\"@type\":\"ProfilePage\",\"@id\":\"https:\/\/meusitejuridico.editorajuspodivm.com.br\/author\/adrianoeduardoivanavitor\/\",\"url\":\"https:\/\/meusitejuridico.editorajuspodivm.com.br\/author\/adrianoeduardoivanavitor\/\",\"name\":\"Adriano Sousa Costa, Eduardo Fontes, Ivana David e Vitor Bueno Cardoso, Author at Meu site jur\u00eddico\",\"isPartOf\":{\"@id\":\"https:\/\/cdn.meusitejuridico.com.br\/#website\"},\"breadcrumb\":{\"@id\":\"https:\/\/meusitejuridico.editorajuspodivm.com.br\/author\/adrianoeduardoivanavitor\/#breadcrumb\"},\"inLanguage\":\"pt-BR\",\"potentialAction\":[{\"@type\":\"ReadAction\",\"target\":[\"https:\/\/meusitejuridico.editorajuspodivm.com.br\/author\/adrianoeduardoivanavitor\/\"]}]},{\"@type\":\"BreadcrumbList\",\"@id\":\"https:\/\/meusitejuridico.editorajuspodivm.com.br\/author\/adrianoeduardoivanavitor\/#breadcrumb\",\"itemListElement\":[{\"@type\":\"ListItem\",\"position\":1,\"name\":\"In\u00edcio\",\"item\":\"https:\/\/cdn.meusitejuridico.com.br\/\"},{\"@type\":\"ListItem\",\"position\":2,\"name\":\"Arquivos para Adriano Sousa Costa, Eduardo Fontes, Ivana David e Vitor Bueno Cardoso\"}]},{\"@type\":\"WebSite\",\"@id\":\"https:\/\/cdn.meusitejuridico.com.br\/#website\",\"url\":\"https:\/\/cdn.meusitejuridico.com.br\/\",\"name\":\"Meu site jur\u00eddico\",\"description\":\"Meu site jur\u00eddico\",\"publisher\":{\"@id\":\"https:\/\/cdn.meusitejuridico.com.br\/#organization\"},\"potentialAction\":[{\"@type\":\"SearchAction\",\"target\":{\"@type\":\"EntryPoint\",\"urlTemplate\":\"https:\/\/cdn.meusitejuridico.com.br\/?s={search_term_string}\"},\"query-input\":{\"@type\":\"PropertyValueSpecification\",\"valueRequired\":true,\"valueName\":\"search_term_string\"}}],\"inLanguage\":\"pt-BR\"},{\"@type\":\"Organization\",\"@id\":\"https:\/\/cdn.meusitejuridico.com.br\/#organization\",\"name\":\"Meu site jur\u00eddico\",\"url\":\"https:\/\/cdn.meusitejuridico.com.br\/\",\"logo\":{\"@type\":\"ImageObject\",\"inLanguage\":\"pt-BR\",\"@id\":\"https:\/\/cdn.meusitejuridico.com.br\/#\/schema\/logo\/image\/\",\"url\":\"https:\/\/cdn.meusitejuridico.com.br\/s.meusitejuridico\/2022\/03\/cropped-baeec2a3-msj-02-01-01.png\",\"contentUrl\":\"https:\/\/cdn.meusitejuridico.com.br\/s.meusitejuridico\/2022\/03\/cropped-baeec2a3-msj-02-01-01.png\",\"width\":349,\"height\":243,\"caption\":\"Meu site jur\u00eddico\"},\"image\":{\"@id\":\"https:\/\/cdn.meusitejuridico.com.br\/#\/schema\/logo\/image\/\"}},{\"@type\":\"Person\",\"@id\":\"https:\/\/cdn.meusitejuridico.com.br\/#\/schema\/person\/7a812924663228f462efff14f11f327b\",\"name\":\"Adriano Sousa Costa, Eduardo Fontes, Ivana David e Vitor Bueno Cardoso\",\"image\":{\"@type\":\"ImageObject\",\"inLanguage\":\"pt-BR\",\"@id\":\"https:\/\/cdn.meusitejuridico.com.br\/#\/schema\/person\/image\/\",\"url\":\"https:\/\/cdn.meusitejuridico.com.br\/s.meusitejuridico\/2022\/03\/cropped-b14a6d84-msj-150x150.png\",\"contentUrl\":\"https:\/\/cdn.meusitejuridico.com.br\/s.meusitejuridico\/2022\/03\/cropped-b14a6d84-msj-150x150.png\",\"caption\":\"Adriano Sousa Costa, Eduardo Fontes, Ivana David e Vitor Bueno Cardoso\"},\"description\":\"Adriano Sousa Costa \u00e9 Delegado de Pol\u00edcia Civil de Goi\u00e1s, autor pela Juspodivm e Impetus, professor da p\u00f3s-gradua\u00e7\u00e3o, membro da Academia Goiana de Direito, doutorando em Ci\u00eancia Pol\u00edtica pela Universidade de Bras\u00edlia (UnB) e mestre em Ci\u00eancia Pol\u00edtica pela Universidade Federal de Goi\u00e1s (UFG). ____________________________________________________________________ Eduardo Fontes \u00e9 Delegado de Pol\u00edcia Federal, ex-superintendente da Pol\u00edcia Federal no estado de Amazonas, autor de obras jur\u00eddicas pela Juspodivm, professor de ci\u00eancias criminais, professor da Academia Nacional de Pol\u00edcia, especialista em Seguran\u00e7a P\u00fablica e Direitos Humanos pelo Minist\u00e9rio da Justi\u00e7a, mestrando em Ci\u00eancias Jur\u00eddicas e Pol\u00edticas pela Universidade Portucalense, coordenador do Iberojur no Brasil, aprovado nos concursos de procurador do Estado de S\u00e3o Paulo e delegado de Pol\u00edcia Civil no Paran\u00e1. ____________________________________________________________________ Ivana David \u00e9 desembargadora do Tribunal de Justi\u00e7a do Estado de S\u00e3o Paulo, professora convidada do curso de Direito Digital - Investiga\u00e7\u00e3o de Crimes Digital do Insper\/Executiva, da Ebradi e do Instituto NewLaw e coordenadora do curso de p\u00f3s-gradua\u00e7\u00e3o em Direito Digital do MeuCurso. ____________________________________________________________________ Vitor Bueno Cardoso \u00e9 Delegado de Pol\u00edcia Federal, bacharel em Direito e p\u00f3s-graduado em Escrivania Policial e em Seguran\u00e7a P\u00fablica.\",\"mainEntityOfPage\":{\"@id\":\"https:\/\/meusitejuridico.editorajuspodivm.com.br\/author\/adrianoeduardoivanavitor\/\"}}]}<\/script>\n<!-- \/ Yoast SEO plugin. -->","yoast_head_json":{"title":"Adriano Sousa Costa, Eduardo Fontes, Ivana David e Vitor Bueno Cardoso, Author at Meu site jur\u00eddico","robots":{"index":"index","follow":"follow","max-snippet":"max-snippet:-1","max-image-preview":"max-image-preview:large","max-video-preview":"max-video-preview:-1"},"canonical":"https:\/\/meusitejuridico.editorajuspodivm.com.br\/author\/adrianoeduardoivanavitor\/","og_locale":"pt_BR","og_type":"profile","og_title":"Adriano Sousa Costa, Eduardo Fontes, Ivana David e Vitor Bueno Cardoso, Author at Meu site jur\u00eddico","og_url":"https:\/\/meusitejuridico.editorajuspodivm.com.br\/author\/adrianoeduardoivanavitor\/","og_site_name":"Meu site jur\u00eddico","og_image":[{"url":"https:\/\/meusitejuridico.editorajuspodivm.com.br\/s.meusitejuridico\/2022\/03\/cropped-b14a6d84-msj.png","type":"","width":"","height":""}],"twitter_card":"summary_large_image","schema":{"@context":"https:\/\/schema.org","@graph":[{"@type":"ProfilePage","@id":"https:\/\/meusitejuridico.editorajuspodivm.com.br\/author\/adrianoeduardoivanavitor\/","url":"https:\/\/meusitejuridico.editorajuspodivm.com.br\/author\/adrianoeduardoivanavitor\/","name":"Adriano Sousa Costa, Eduardo Fontes, Ivana David e Vitor Bueno Cardoso, Author at Meu site jur\u00eddico","isPartOf":{"@id":"https:\/\/cdn.meusitejuridico.com.br\/#website"},"breadcrumb":{"@id":"https:\/\/meusitejuridico.editorajuspodivm.com.br\/author\/adrianoeduardoivanavitor\/#breadcrumb"},"inLanguage":"pt-BR","potentialAction":[{"@type":"ReadAction","target":["https:\/\/meusitejuridico.editorajuspodivm.com.br\/author\/adrianoeduardoivanavitor\/"]}]},{"@type":"BreadcrumbList","@id":"https:\/\/meusitejuridico.editorajuspodivm.com.br\/author\/adrianoeduardoivanavitor\/#breadcrumb","itemListElement":[{"@type":"ListItem","position":1,"name":"In\u00edcio","item":"https:\/\/cdn.meusitejuridico.com.br\/"},{"@type":"ListItem","position":2,"name":"Arquivos para Adriano Sousa Costa, Eduardo Fontes, Ivana David e Vitor Bueno Cardoso"}]},{"@type":"WebSite","@id":"https:\/\/cdn.meusitejuridico.com.br\/#website","url":"https:\/\/cdn.meusitejuridico.com.br\/","name":"Meu site jur\u00eddico","description":"Meu site jur\u00eddico","publisher":{"@id":"https:\/\/cdn.meusitejuridico.com.br\/#organization"},"potentialAction":[{"@type":"SearchAction","target":{"@type":"EntryPoint","urlTemplate":"https:\/\/cdn.meusitejuridico.com.br\/?s={search_term_string}"},"query-input":{"@type":"PropertyValueSpecification","valueRequired":true,"valueName":"search_term_string"}}],"inLanguage":"pt-BR"},{"@type":"Organization","@id":"https:\/\/cdn.meusitejuridico.com.br\/#organization","name":"Meu site jur\u00eddico","url":"https:\/\/cdn.meusitejuridico.com.br\/","logo":{"@type":"ImageObject","inLanguage":"pt-BR","@id":"https:\/\/cdn.meusitejuridico.com.br\/#\/schema\/logo\/image\/","url":"https:\/\/cdn.meusitejuridico.com.br\/s.meusitejuridico\/2022\/03\/cropped-baeec2a3-msj-02-01-01.png","contentUrl":"https:\/\/cdn.meusitejuridico.com.br\/s.meusitejuridico\/2022\/03\/cropped-baeec2a3-msj-02-01-01.png","width":349,"height":243,"caption":"Meu site jur\u00eddico"},"image":{"@id":"https:\/\/cdn.meusitejuridico.com.br\/#\/schema\/logo\/image\/"}},{"@type":"Person","@id":"https:\/\/cdn.meusitejuridico.com.br\/#\/schema\/person\/7a812924663228f462efff14f11f327b","name":"Adriano Sousa Costa, Eduardo Fontes, Ivana David e Vitor Bueno Cardoso","image":{"@type":"ImageObject","inLanguage":"pt-BR","@id":"https:\/\/cdn.meusitejuridico.com.br\/#\/schema\/person\/image\/","url":"https:\/\/cdn.meusitejuridico.com.br\/s.meusitejuridico\/2022\/03\/cropped-b14a6d84-msj-150x150.png","contentUrl":"https:\/\/cdn.meusitejuridico.com.br\/s.meusitejuridico\/2022\/03\/cropped-b14a6d84-msj-150x150.png","caption":"Adriano Sousa Costa, Eduardo Fontes, Ivana David e Vitor Bueno Cardoso"},"description":"Adriano Sousa Costa \u00e9 Delegado de Pol\u00edcia Civil de Goi\u00e1s, autor pela Juspodivm e Impetus, professor da p\u00f3s-gradua\u00e7\u00e3o, membro da Academia Goiana de Direito, doutorando em Ci\u00eancia Pol\u00edtica pela Universidade de Bras\u00edlia (UnB) e mestre em Ci\u00eancia Pol\u00edtica pela Universidade Federal de Goi\u00e1s (UFG). ____________________________________________________________________ Eduardo Fontes \u00e9 Delegado de Pol\u00edcia Federal, ex-superintendente da Pol\u00edcia Federal no estado de Amazonas, autor de obras jur\u00eddicas pela Juspodivm, professor de ci\u00eancias criminais, professor da Academia Nacional de Pol\u00edcia, especialista em Seguran\u00e7a P\u00fablica e Direitos Humanos pelo Minist\u00e9rio da Justi\u00e7a, mestrando em Ci\u00eancias Jur\u00eddicas e Pol\u00edticas pela Universidade Portucalense, coordenador do Iberojur no Brasil, aprovado nos concursos de procurador do Estado de S\u00e3o Paulo e delegado de Pol\u00edcia Civil no Paran\u00e1. ____________________________________________________________________ Ivana David \u00e9 desembargadora do Tribunal de Justi\u00e7a do Estado de S\u00e3o Paulo, professora convidada do curso de Direito Digital - Investiga\u00e7\u00e3o de Crimes Digital do Insper\/Executiva, da Ebradi e do Instituto NewLaw e coordenadora do curso de p\u00f3s-gradua\u00e7\u00e3o em Direito Digital do MeuCurso. ____________________________________________________________________ Vitor Bueno Cardoso \u00e9 Delegado de Pol\u00edcia Federal, bacharel em Direito e p\u00f3s-graduado em Escrivania Policial e em Seguran\u00e7a P\u00fablica.","mainEntityOfPage":{"@id":"https:\/\/meusitejuridico.editorajuspodivm.com.br\/author\/adrianoeduardoivanavitor\/"}}]}},"elementor_introduction":"","_links":{"self":[{"href":"https:\/\/cdn.meusitejuridico.com.br\/api\/wp\/v2\/users\/227","targetHints":{"allow":["GET"]}}],"collection":[{"href":"https:\/\/cdn.meusitejuridico.com.br\/api\/wp\/v2\/users"}]}}